{"id":401239,"date":"2026-03-07T07:52:23","date_gmt":"2026-03-07T10:52:23","guid":{"rendered":"https:\/\/portaltela.pt\/noticias\/2026\/03\/07\/morreu-o-general-antonio-martins-barrento-figura-militar-portuguesa\/"},"modified":"2026-03-07T07:52:23","modified_gmt":"2026-03-07T10:52:23","slug":"morreu-o-general-antonio-martins-barrento-figura-militar-portuguesa","status":"publish","type":"post","link":"https:\/\/portaltela.pt\/noticias\/politica\/2026\/03\/07\/morreu-o-general-antonio-martins-barrento-figura-militar-portuguesa\/","title":{"rendered":"Morreu o general Ant\u00f3nio Martins Barrento, figura militar portuguesa"},"content":{"rendered":"<p>O general Ant\u00f3nio Martins Barrento, antigo chefe do Ex\u00e9rcito, morreu este s\u00e1bado aos 87 anos. A not\u00edcia foi confirmada pelo Correio da Manh\u00e3, junto de fonte ligada ao ramo das For\u00e7as Armadas.<\/p>\n<p>Barrento liderou o Estado-Maior do Ex\u00e9rcito entre mar\u00e7o de 1998 e mar\u00e7o de 2001, marcando uma carreira de 45 anos no servi\u00e7o militar. Natural de Estremoz, dedicou praticamente metade da vida \u00e0 institui\u00e7\u00e3o.<\/p>\n<p>O falecidoiza\u00e7\u00e3o ocorre em momento ainda sem indica\u00e7\u00e3o de causa oficial. As circunst\u00e2ncias do \u00f3bito ainda n\u00e3o foram detalhadas pelas autoridades militares nem familiares.<\/p>\n<p>Fotografia associada ao relato mostra o general Ant\u00f3nio Martins Barrento; a legenda indica a origem n\u00e3o especificada da imagem. A informa\u00e7\u00e3o \u00e9 baseada em fontes oficiais do Ex\u00e9rcito.<\/p>\n","protected":false},"excerpt":{"rendered":"<ul>\n<li>Morreu este s\u00e1bado o general Ant\u00f3nio Martins Barrento, antigo chefe do Ex\u00e9rcito, aos 87 anos.<\/li>\n<li>Natural de Estremoz, Barrento liderou o Estado-Major do Ex\u00e9rcito entre mar\u00e7o de 1998 e mar\u00e7o de 2001.<\/li>\n<li>A not\u00edcia foi confirmada pelo Correio da Manh\u00e3 junto de uma fonte ligada \u00e0s For\u00e7as Armadas.<\/li>\n<li>A carreira militar de Barrento estendeu-se por quarenta e cinco anos.<\/li>\n<\/ul>\n","protected":false},"author":2,"featured_media":401244,"comment_status":"closed","ping_status":"closed","sticky":false,"template":"","format":"standard","meta":{"footnotes":""},"categories":[1,5],"tags":[4646,2336,1098,1779,299],"class_list":["post-401239","post","type-post","status-publish","format-standard","has-post-thumbnail","hentry","category-noticias","category-politica","tag-a-academia-militar","tag-defesa-nacional","tag-estremoz","tag-forcas-armadas","tag-historia"],"yoast_head":"<!-- This site is optimized with the Yoast SEO plugin v27.2 - https:\/\/yoast.com\/product\/yoast-seo-wordpress\/ -->\n<title>Morreu o general Ant\u00f3nio Martins Barrento, figura militar portuguesa - Portal Tela Portugal<\/title>\n<meta name=\"robots\" content=\"index, follow, max-snippet:-1, max-image-preview:large, max-video-preview:-1\" \/>\n<meta property=\"og:locale\" content=\"pt_PT\" \/>\n<meta property=\"og:type\" content=\"article\" \/>\n<meta property=\"og:title\" content=\"Morreu o general Ant\u00f3nio Martins Barrento, figura militar portuguesa - Portal Tela Portugal\" \/>\n<meta property=\"og:description\" content=\"Morreu este s\u00e1bado o general Ant\u00f3nio Martins Barrento, antigo chefe do Ex\u00e9rcito, aos 87 anos. Natural de Estremoz, Barrento liderou o Estado-Major do Ex\u00e9rcito entre mar\u00e7o de 1998 e mar\u00e7o de 2001. A not\u00edcia foi confirmada pelo Correio da Manh\u00e3 junto de uma fonte ligada \u00e0s For\u00e7as Armadas. A carreira militar de Barrento estendeu-se por quarenta e cinco anos.\" \/>\n<meta property=\"og:url\" content=\"https:\/\/portaltela.pt\/noticias\/2026\/03\/07\/morreu-o-general-antonio-martins-barrento-figura-militar-portuguesa\/\" \/>\n<meta property=\"og:site_name\" content=\"Portal Tela Portugal\" \/>\n<meta property=\"article:published_time\" content=\"2026-03-07T10:52:23+00:00\" \/>\n<meta name=\"author\" content=\"Telinha\" \/>\n<meta name=\"twitter:card\" content=\"summary_large_image\" \/>\n<meta name=\"twitter:label1\" content=\"Escrito por\" \/>\n\t<meta name=\"twitter:data1\" content=\"Telinha\" \/>\n\t<meta name=\"twitter:label2\" content=\"Tempo estimado de leitura\" \/>\n\t<meta name=\"twitter:data2\" content=\"1 minuto\" \/>\n<script type=\"application\/ld+json\" class=\"yoast-schema-graph\">{\"@context\":\"https:\/\/schema.org\",\"@graph\":[{\"@type\":\"Article\",\"@id\":\"https:\/\/portaltela.pt\/noticias\/2026\/03\/07\/morreu-o-general-antonio-martins-barrento-figura-militar-portuguesa\/#article\",\"isPartOf\":{\"@id\":\"https:\/\/portaltela.pt\/noticias\/2026\/03\/07\/morreu-o-general-antonio-martins-barrento-figura-militar-portuguesa\/\"},\"author\":{\"name\":\"Telinha\",\"@id\":\"https:\/\/portaltela.pt\/#\/schema\/person\/c4278d4a6028830caff9ee44b42d32ed\"},\"headline\":\"Morreu o general Ant\u00f3nio Martins Barrento, figura militar portuguesa\",\"datePublished\":\"2026-03-07T10:52:23+00:00\",\"mainEntityOfPage\":{\"@id\":\"https:\/\/portaltela.pt\/noticias\/2026\/03\/07\/morreu-o-general-antonio-martins-barrento-figura-militar-portuguesa\/\"},\"wordCount\":139,\"image\":{\"@id\":\"https:\/\/portaltela.pt\/noticias\/2026\/03\/07\/morreu-o-general-antonio-martins-barrento-figura-militar-portuguesa\/#primaryimage\"},\"thumbnailUrl\":\"https:\/\/portaltela.pt\/s.01k8rhncp4jt1\/2026\/03\/img_1500x1000uu2026-03-07-10-51-30-2270938-im-639084775031082514.jpg\",\"keywords\":[\"A Academia Militar\",\"Defesa Nacional\",\"Estremoz\",\"For\u00e7as Armadas\",\"hist\u00f3ria\"],\"articleSection\":[\"Not\u00edcias\",\"Pol\u00edtica\"],\"inLanguage\":\"pt-PT\"},{\"@type\":\"WebPage\",\"@id\":\"https:\/\/portaltela.pt\/noticias\/2026\/03\/07\/morreu-o-general-antonio-martins-barrento-figura-militar-portuguesa\/\",\"url\":\"https:\/\/portaltela.pt\/noticias\/2026\/03\/07\/morreu-o-general-antonio-martins-barrento-figura-militar-portuguesa\/\",\"name\":\"Morreu o general Ant\u00f3nio Martins Barrento, figura militar portuguesa - Portal Tela Portugal\",\"isPartOf\":{\"@id\":\"https:\/\/portaltela.pt\/#website\"},\"primaryImageOfPage\":{\"@id\":\"https:\/\/portaltela.pt\/noticias\/2026\/03\/07\/morreu-o-general-antonio-martins-barrento-figura-militar-portuguesa\/#primaryimage\"},\"image\":{\"@id\":\"https:\/\/portaltela.pt\/noticias\/2026\/03\/07\/morreu-o-general-antonio-martins-barrento-figura-militar-portuguesa\/#primaryimage\"},\"thumbnailUrl\":\"https:\/\/portaltela.pt\/s.01k8rhncp4jt1\/2026\/03\/img_1500x1000uu2026-03-07-10-51-30-2270938-im-639084775031082514.jpg\",\"datePublished\":\"2026-03-07T10:52:23+00:00\",\"author\":{\"@id\":\"https:\/\/portaltela.pt\/#\/schema\/person\/c4278d4a6028830caff9ee44b42d32ed\"},\"breadcrumb\":{\"@id\":\"https:\/\/portaltela.pt\/noticias\/2026\/03\/07\/morreu-o-general-antonio-martins-barrento-figura-militar-portuguesa\/#breadcrumb\"},\"inLanguage\":\"pt-PT\",\"potentialAction\":[{\"@type\":\"ReadAction\",\"target\":[\"https:\/\/portaltela.pt\/noticias\/2026\/03\/07\/morreu-o-general-antonio-martins-barrento-figura-militar-portuguesa\/\"]}]},{\"@type\":\"ImageObject\",\"inLanguage\":\"pt-PT\",\"@id\":\"https:\/\/portaltela.pt\/noticias\/2026\/03\/07\/morreu-o-general-antonio-martins-barrento-figura-militar-portuguesa\/#primaryimage\",\"url\":\"https:\/\/portaltela.pt\/s.01k8rhncp4jt1\/2026\/03\/img_1500x1000uu2026-03-07-10-51-30-2270938-im-639084775031082514.jpg\",\"contentUrl\":\"https:\/\/portaltela.pt\/s.01k8rhncp4jt1\/2026\/03\/img_1500x1000uu2026-03-07-10-51-30-2270938-im-639084775031082514.jpg\",\"width\":796,\"height\":448,\"caption\":\"General Ant\u00f3nio Martins Barrento, antigo chefe do Ex\u00e9rcito\"},{\"@type\":\"BreadcrumbList\",\"@id\":\"https:\/\/portaltela.pt\/noticias\/2026\/03\/07\/morreu-o-general-antonio-martins-barrento-figura-militar-portuguesa\/#breadcrumb\",\"itemListElement\":[{\"@type\":\"ListItem\",\"position\":1,\"name\":\"In\u00edcio\",\"item\":\"https:\/\/portaltela.pt\/\"},{\"@type\":\"ListItem\",\"position\":2,\"name\":\"Morreu o general Ant\u00f3nio Martins Barrento, figura militar portuguesa\"}]},{\"@type\":\"WebSite\",\"@id\":\"https:\/\/portaltela.pt\/#website\",\"url\":\"https:\/\/portaltela.pt\/\",\"name\":\"Portal Tela Portugal\",\"description\":\"\",\"potentialAction\":[{\"@type\":\"SearchAction\",\"target\":{\"@type\":\"EntryPoint\",\"urlTemplate\":\"https:\/\/portaltela.pt\/?s={search_term_string}\"},\"query-input\":{\"@type\":\"PropertyValueSpecification\",\"valueRequired\":true,\"valueName\":\"search_term_string\"}}],\"inLanguage\":\"pt-PT\"},{\"@type\":\"Person\",\"@id\":\"https:\/\/portaltela.pt\/#\/schema\/person\/c4278d4a6028830caff9ee44b42d32ed\",\"name\":\"Telinha\",\"image\":{\"@type\":\"ImageObject\",\"inLanguage\":\"pt-PT\",\"@id\":\"https:\/\/portaltela.pt\/s.01k8rhncp4jt1\/2025\/11\/talking-bot-125x125.png\",\"url\":\"https:\/\/portaltela.pt\/s.01k8rhncp4jt1\/2025\/11\/talking-bot-125x125.png\",\"contentUrl\":\"https:\/\/portaltela.pt\/s.01k8rhncp4jt1\/2025\/11\/talking-bot-125x125.png\",\"caption\":\"Telinha\"},\"sameAs\":[\"https:\/\/portaltela.pt\/\"],\"url\":\"https:\/\/portaltela.pt\/por\/367410592786\/\"}]}<\/script>\n<!-- \/ Yoast SEO plugin. -->","yoast_head_json":{"title":"Morreu o general Ant\u00f3nio Martins Barrento, figura militar portuguesa - Portal Tela Portugal","robots":{"index":"index","follow":"follow","max-snippet":"max-snippet:-1","max-image-preview":"max-image-preview:large","max-video-preview":"max-video-preview:-1"},"og_locale":"pt_PT","og_type":"article","og_title":"Morreu o general Ant\u00f3nio Martins Barrento, figura militar portuguesa - Portal Tela Portugal","og_description":"Morreu este s\u00e1bado o general Ant\u00f3nio Martins Barrento, antigo chefe do Ex\u00e9rcito, aos 87 anos. Natural de Estremoz, Barrento liderou o Estado-Major do Ex\u00e9rcito entre mar\u00e7o de 1998 e mar\u00e7o de 2001. A not\u00edcia foi confirmada pelo Correio da Manh\u00e3 junto de uma fonte ligada \u00e0s For\u00e7as Armadas. A carreira militar de Barrento estendeu-se por quarenta e cinco anos.","og_url":"https:\/\/portaltela.pt\/noticias\/2026\/03\/07\/morreu-o-general-antonio-martins-barrento-figura-militar-portuguesa\/","og_site_name":"Portal Tela Portugal","article_published_time":"2026-03-07T10:52:23+00:00","author":"Telinha","twitter_card":"summary_large_image","twitter_misc":{"Escrito por":"Telinha","Tempo estimado de leitura":"1 minuto"},"schema":{"@context":"https:\/\/schema.org","@graph":[{"@type":"Article","@id":"https:\/\/portaltela.pt\/noticias\/2026\/03\/07\/morreu-o-general-antonio-martins-barrento-figura-militar-portuguesa\/#article","isPartOf":{"@id":"https:\/\/portaltela.pt\/noticias\/2026\/03\/07\/morreu-o-general-antonio-martins-barrento-figura-militar-portuguesa\/"},"author":{"name":"Telinha","@id":"https:\/\/portaltela.pt\/#\/schema\/person\/c4278d4a6028830caff9ee44b42d32ed"},"headline":"Morreu o general Ant\u00f3nio Martins Barrento, figura militar portuguesa","datePublished":"2026-03-07T10:52:23+00:00","mainEntityOfPage":{"@id":"https:\/\/portaltela.pt\/noticias\/2026\/03\/07\/morreu-o-general-antonio-martins-barrento-figura-militar-portuguesa\/"},"wordCount":139,"image":{"@id":"https:\/\/portaltela.pt\/noticias\/2026\/03\/07\/morreu-o-general-antonio-martins-barrento-figura-militar-portuguesa\/#primaryimage"},"thumbnailUrl":"https:\/\/portaltela.pt\/s.01k8rhncp4jt1\/2026\/03\/img_1500x1000uu2026-03-07-10-51-30-2270938-im-639084775031082514.jpg","keywords":["A Academia Militar","Defesa Nacional","Estremoz","For\u00e7as Armadas","hist\u00f3ria"],"articleSection":["Not\u00edcias","Pol\u00edtica"],"inLanguage":"pt-PT"},{"@type":"WebPage","@id":"https:\/\/portaltela.pt\/noticias\/2026\/03\/07\/morreu-o-general-antonio-martins-barrento-figura-militar-portuguesa\/","url":"https:\/\/portaltela.pt\/noticias\/2026\/03\/07\/morreu-o-general-antonio-martins-barrento-figura-militar-portuguesa\/","name":"Morreu o general Ant\u00f3nio Martins Barrento, figura militar portuguesa - Portal Tela Portugal","isPartOf":{"@id":"https:\/\/portaltela.pt\/#website"},"primaryImageOfPage":{"@id":"https:\/\/portaltela.pt\/noticias\/2026\/03\/07\/morreu-o-general-antonio-martins-barrento-figura-militar-portuguesa\/#primaryimage"},"image":{"@id":"https:\/\/portaltela.pt\/noticias\/2026\/03\/07\/morreu-o-general-antonio-martins-barrento-figura-militar-portuguesa\/#primaryimage"},"thumbnailUrl":"https:\/\/portaltela.pt\/s.01k8rhncp4jt1\/2026\/03\/img_1500x1000uu2026-03-07-10-51-30-2270938-im-639084775031082514.jpg","datePublished":"2026-03-07T10:52:23+00:00","author":{"@id":"https:\/\/portaltela.pt\/#\/schema\/person\/c4278d4a6028830caff9ee44b42d32ed"},"breadcrumb":{"@id":"https:\/\/portaltela.pt\/noticias\/2026\/03\/07\/morreu-o-general-antonio-martins-barrento-figura-militar-portuguesa\/#breadcrumb"},"inLanguage":"pt-PT","potentialAction":[{"@type":"ReadAction","target":["https:\/\/portaltela.pt\/noticias\/2026\/03\/07\/morreu-o-general-antonio-martins-barrento-figura-militar-portuguesa\/"]}]},{"@type":"ImageObject","inLanguage":"pt-PT","@id":"https:\/\/portaltela.pt\/noticias\/2026\/03\/07\/morreu-o-general-antonio-martins-barrento-figura-militar-portuguesa\/#primaryimage","url":"https:\/\/portaltela.pt\/s.01k8rhncp4jt1\/2026\/03\/img_1500x1000uu2026-03-07-10-51-30-2270938-im-639084775031082514.jpg","contentUrl":"https:\/\/portaltela.pt\/s.01k8rhncp4jt1\/2026\/03\/img_1500x1000uu2026-03-07-10-51-30-2270938-im-639084775031082514.jpg","width":796,"height":448,"caption":"General Ant\u00f3nio Martins Barrento, antigo chefe do Ex\u00e9rcito"},{"@type":"BreadcrumbList","@id":"https:\/\/portaltela.pt\/noticias\/2026\/03\/07\/morreu-o-general-antonio-martins-barrento-figura-militar-portuguesa\/#breadcrumb","itemListElement":[{"@type":"ListItem","position":1,"name":"In\u00edcio","item":"https:\/\/portaltela.pt\/"},{"@type":"ListItem","position":2,"name":"Morreu o general Ant\u00f3nio Martins Barrento, figura militar portuguesa"}]},{"@type":"WebSite","@id":"https:\/\/portaltela.pt\/#website","url":"https:\/\/portaltela.pt\/","name":"Portal Tela Portugal","description":"","potentialAction":[{"@type":"SearchAction","target":{"@type":"EntryPoint","urlTemplate":"https:\/\/portaltela.pt\/?s={search_term_string}"},"query-input":{"@type":"PropertyValueSpecification","valueRequired":true,"valueName":"search_term_string"}}],"inLanguage":"pt-PT"},{"@type":"Person","@id":"https:\/\/portaltela.pt\/#\/schema\/person\/c4278d4a6028830caff9ee44b42d32ed","name":"Telinha","image":{"@type":"ImageObject","inLanguage":"pt-PT","@id":"https:\/\/portaltela.pt\/s.01k8rhncp4jt1\/2025\/11\/talking-bot-125x125.png","url":"https:\/\/portaltela.pt\/s.01k8rhncp4jt1\/2025\/11\/talking-bot-125x125.png","contentUrl":"https:\/\/portaltela.pt\/s.01k8rhncp4jt1\/2025\/11\/talking-bot-125x125.png","caption":"Telinha"},"sameAs":["https:\/\/portaltela.pt\/"],"url":"https:\/\/portaltela.pt\/por\/367410592786\/"}]}},"_links":{"self":[{"href":"https:\/\/portaltela.pt\/api\/wp\/v2\/posts\/401239","targetHints":{"allow":["GET"]}}],"collection":[{"href":"https:\/\/portaltela.pt\/api\/wp\/v2\/posts"}],"about":[{"href":"https:\/\/portaltela.pt\/api\/wp\/v2\/types\/post"}],"author":[{"embeddable":true,"href":"https:\/\/portaltela.pt\/api\/wp\/v2\/users\/2"}],"replies":[{"embeddable":true,"href":"https:\/\/portaltela.pt\/api\/wp\/v2\/comments?post=401239"}],"version-history":[{"count":0,"href":"https:\/\/portaltela.pt\/api\/wp\/v2\/posts\/401239\/revisions"}],"wp:featuredmedia":[{"embeddable":true,"href":"https:\/\/portaltela.pt\/api\/wp\/v2\/media\/401244"}],"wp:attachment":[{"href":"https:\/\/portaltela.pt\/api\/wp\/v2\/media?parent=401239"}],"wp:term":[{"taxonomy":"category","embeddable":true,"href":"https:\/\/portaltela.pt\/api\/wp\/v2\/categories?post=401239"},{"taxonomy":"post_tag","embeddable":true,"href":"https:\/\/portaltela.pt\/api\/wp\/v2\/tags?post=401239"}],"curies":[{"name":"wp","href":"https:\/\/api.w.org\/{rel}","templated":true}]}}