{"id":401233,"date":"2026-03-07T07:47:00","date_gmt":"2026-03-07T10:47:00","guid":{"rendered":"https:\/\/portaltela.pt\/noticias\/2026\/03\/07\/como-reduzir-o-excesso-de-pensamentos-dizem-especialistas\/"},"modified":"2026-03-07T07:47:00","modified_gmt":"2026-03-07T10:47:00","slug":"como-reduzir-o-excesso-de-pensamentos-dizem-especialistas","status":"publish","type":"post","link":"https:\/\/portaltela.pt\/saude\/2026\/03\/07\/como-reduzir-o-excesso-de-pensamentos-dizem-especialistas\/","title":{"rendered":"Como reduzir o excesso de pensamentos, dizem especialistas"},"content":{"rendered":"<p>Especialistas em sa\u00fade mental explicam que muitas pessoas enfrentam pensamentos repetitivos e ansiedade. O fen\u00f3meno, conhecido como excesso de pensamento, pode ser t\u00e3o fatigante quanto o esfor\u00e7o f\u00edsico extremo.<\/p>\n<p>As autoridades de sa\u00fade ressaltam que existem estrat\u00e9gias simples para acalmar a mente. Estas medidas visam reduzir a rumina\u00e7\u00e3o e promover o bem-estar mental no dia a dia.<\/p>\n<h3>T\u00e9cnicas para parar de pensar de mais<\/h3>\n<p>Mindfulness e medita\u00e7\u00e3o ajudam a manter o foco no presente e a diminuir a rumina\u00e7\u00e3o.<\/p>\n<p>Estabelecer limites de tempo para pensar reserva momentos espec\u00edficos para reflex\u00e3o sobre quest\u00f5es importantes.<\/p>\n<p>Atividades f\u00edsicas libertam tens\u00f5es e melhoram o humor.<\/p>\n<p>Escrever os pensamentos no papel pode aliviar a carga mental.<\/p>\n<p>Desafiar pensamentos negativos questiona a sua validade e utilidade.<\/p>\n<p>Para lidar com pensamentos obsessivos, especialistas sugerem distra\u00e7\u00e3o saud\u00e1vel como hobbies, leitura ou socializa\u00e7\u00e3o, evitando ciclos repetitivos.<\/p>\n<p>Quando a mente fica presa em padr\u00f5es, estas estrat\u00e9gias podem facilitar a mudan\u00e7a de foco e reduzir a intensidade dos pensamentos.<\/p>\n<p>Se os pensamentos de mais se tornarem incapacitantes ou causarem sofrimento, \u00e9 aconselh\u00e1vel procurar apoio psicol\u00f3gico. A terapia cognitivo-comportamental \u00e9 citada como uma op\u00e7\u00e3o eficaz.<\/p>\n<p>Para informa\u00e7\u00f5es adicionais, procure um profissional de sa\u00fade mental.<\/p>\n","protected":false},"excerpt":{"rendered":"<ul>\n<li>Especialistas dizem que a ansiedade e o excesso de pensamentos podem ser combatidos com t\u00e9cnicas simples para acalmar a mente e promover o bem-estar mental.<\/li>\n<li>T\u00e9cnicas sugeridas: mindfulness e medita\u00e7\u00e3o para reduzir a rumina\u00e7\u00e3o; estabelecer limites de tempo para pensar; atividade f\u00edsica para aliviar tens\u00f5es; escrever os pensamentos no papel; questionar a validade dos pensamentos negativos.<\/li>\n<li>Para pensamentos obsessivos, \u00e9 recomendado recorrer a distra\u00e7\u00f5es saud\u00e1veis como hobbies, leitura ou atividades sociais.<\/li>\n<li>Se os pensamentos de mais se tornarem incapacitantes ou causarem sofrimento intenso, \u00e9 importante procurar apoio psicol\u00f3gico; terapias como a cognitivo-comportamental podem ser eficazes.<\/li>\n<li>Em caso de necessidade, procure informa\u00e7\u00f5es junto de um profissional de sa\u00fade mental.<\/li>\n<\/ul>\n","protected":false},"author":2,"featured_media":401234,"comment_status":"closed","ping_status":"closed","sticky":false,"template":"","format":"standard","meta":{"footnotes":""},"categories":[1,6745],"tags":[5764,195,2249,172,55,6772],"class_list":["post-401233","post","type-post","status-publish","format-standard","has-post-thumbnail","hentry","category-noticias","category-saude","tag-assistencia-de-saude","tag-informacao","tag-psicologia","tag-saude","tag-saude-mental","tag-terapia-cognitivo-comportamental"],"yoast_head":"<!-- This site is optimized with the Yoast SEO plugin v27.2 - https:\/\/yoast.com\/product\/yoast-seo-wordpress\/ -->\n<title>Como reduzir o excesso de pensamentos, dizem especialistas - Portal Tela Portugal<\/title>\n<meta name=\"robots\" content=\"index, follow, max-snippet:-1, max-image-preview:large, max-video-preview:-1\" \/>\n<meta property=\"og:locale\" content=\"pt_PT\" \/>\n<meta property=\"og:type\" content=\"article\" \/>\n<meta property=\"og:title\" content=\"Como reduzir o excesso de pensamentos, dizem especialistas - Portal Tela Portugal\" \/>\n<meta property=\"og:description\" content=\"Especialistas dizem que a ansiedade e o excesso de pensamentos podem ser combatidos com t\u00e9cnicas simples para acalmar a mente e promover o bem-estar mental. T\u00e9cnicas sugeridas: mindfulness e medita\u00e7\u00e3o para reduzir a rumina\u00e7\u00e3o; estabelecer limites de tempo para pensar; atividade f\u00edsica para aliviar tens\u00f5es; escrever os pensamentos no papel; questionar a validade dos pensamentos negativos. Para pensamentos obsessivos, \u00e9 recomendado recorrer a distra\u00e7\u00f5es saud\u00e1veis como hobbies, leitura ou atividades sociais. Se os pensamentos de mais se tornarem incapacitantes ou causarem sofrimento intenso, \u00e9 importante procurar apoio psicol\u00f3gico; terapias como a cognitivo-comportamental podem ser eficazes. Em caso de necessidade, procure informa\u00e7\u00f5es junto de um profissional de sa\u00fade mental.\" \/>\n<meta property=\"og:url\" content=\"https:\/\/portaltela.pt\/noticias\/2026\/03\/07\/como-reduzir-o-excesso-de-pensamentos-dizem-especialistas\/\" \/>\n<meta property=\"og:site_name\" content=\"Portal Tela Portugal\" \/>\n<meta property=\"article:published_time\" content=\"2026-03-07T10:47:00+00:00\" \/>\n<meta name=\"author\" content=\"Telinha\" \/>\n<meta name=\"twitter:card\" content=\"summary_large_image\" \/>\n<meta name=\"twitter:label1\" content=\"Escrito por\" \/>\n\t<meta name=\"twitter:data1\" content=\"Telinha\" \/>\n\t<meta name=\"twitter:label2\" content=\"Tempo estimado de leitura\" \/>\n\t<meta name=\"twitter:data2\" content=\"1 minuto\" \/>\n<script type=\"application\/ld+json\" class=\"yoast-schema-graph\">{\"@context\":\"https:\/\/schema.org\",\"@graph\":[{\"@type\":\"Article\",\"@id\":\"https:\/\/portaltela.pt\/noticias\/2026\/03\/07\/como-reduzir-o-excesso-de-pensamentos-dizem-especialistas\/#article\",\"isPartOf\":{\"@id\":\"https:\/\/portaltela.pt\/noticias\/2026\/03\/07\/como-reduzir-o-excesso-de-pensamentos-dizem-especialistas\/\"},\"author\":{\"name\":\"Telinha\",\"@id\":\"https:\/\/portaltela.pt\/#\/schema\/person\/c4278d4a6028830caff9ee44b42d32ed\"},\"headline\":\"Como reduzir o excesso de pensamentos, dizem especialistas\",\"datePublished\":\"2026-03-07T10:47:00+00:00\",\"mainEntityOfPage\":{\"@id\":\"https:\/\/portaltela.pt\/noticias\/2026\/03\/07\/como-reduzir-o-excesso-de-pensamentos-dizem-especialistas\/\"},\"wordCount\":225,\"image\":{\"@id\":\"https:\/\/portaltela.pt\/noticias\/2026\/03\/07\/como-reduzir-o-excesso-de-pensamentos-dizem-especialistas\/#primaryimage\"},\"thumbnailUrl\":\"https:\/\/portaltela.pt\/s.01k8rhncp4jt1\/2026\/03\/2072258.jpg\",\"keywords\":[\"assist\u00eancia de sa\u00fade\",\"informa\u00e7\u00e3o\",\"psicologia\",\"sa\u00fade\",\"sa\u00fade mental\",\"terapia cognitivo-comportamental\"],\"articleSection\":[\"Not\u00edcias\",\"Sa\u00fade\"],\"inLanguage\":\"pt-PT\"},{\"@type\":\"WebPage\",\"@id\":\"https:\/\/portaltela.pt\/noticias\/2026\/03\/07\/como-reduzir-o-excesso-de-pensamentos-dizem-especialistas\/\",\"url\":\"https:\/\/portaltela.pt\/noticias\/2026\/03\/07\/como-reduzir-o-excesso-de-pensamentos-dizem-especialistas\/\",\"name\":\"Como reduzir o excesso de pensamentos, dizem especialistas - Portal Tela Portugal\",\"isPartOf\":{\"@id\":\"https:\/\/portaltela.pt\/#website\"},\"primaryImageOfPage\":{\"@id\":\"https:\/\/portaltela.pt\/noticias\/2026\/03\/07\/como-reduzir-o-excesso-de-pensamentos-dizem-especialistas\/#primaryimage\"},\"image\":{\"@id\":\"https:\/\/portaltela.pt\/noticias\/2026\/03\/07\/como-reduzir-o-excesso-de-pensamentos-dizem-especialistas\/#primaryimage\"},\"thumbnailUrl\":\"https:\/\/portaltela.pt\/s.01k8rhncp4jt1\/2026\/03\/2072258.jpg\",\"datePublished\":\"2026-03-07T10:47:00+00:00\",\"author\":{\"@id\":\"https:\/\/portaltela.pt\/#\/schema\/person\/c4278d4a6028830caff9ee44b42d32ed\"},\"breadcrumb\":{\"@id\":\"https:\/\/portaltela.pt\/noticias\/2026\/03\/07\/como-reduzir-o-excesso-de-pensamentos-dizem-especialistas\/#breadcrumb\"},\"inLanguage\":\"pt-PT\",\"potentialAction\":[{\"@type\":\"ReadAction\",\"target\":[\"https:\/\/portaltela.pt\/noticias\/2026\/03\/07\/como-reduzir-o-excesso-de-pensamentos-dizem-especialistas\/\"]}]},{\"@type\":\"ImageObject\",\"inLanguage\":\"pt-PT\",\"@id\":\"https:\/\/portaltela.pt\/noticias\/2026\/03\/07\/como-reduzir-o-excesso-de-pensamentos-dizem-especialistas\/#primaryimage\",\"url\":\"https:\/\/portaltela.pt\/s.01k8rhncp4jt1\/2026\/03\/2072258.jpg\",\"contentUrl\":\"https:\/\/portaltela.pt\/s.01k8rhncp4jt1\/2026\/03\/2072258.jpg\",\"width\":796,\"height\":448,\"caption\":\"Photo\"},{\"@type\":\"BreadcrumbList\",\"@id\":\"https:\/\/portaltela.pt\/noticias\/2026\/03\/07\/como-reduzir-o-excesso-de-pensamentos-dizem-especialistas\/#breadcrumb\",\"itemListElement\":[{\"@type\":\"ListItem\",\"position\":1,\"name\":\"In\u00edcio\",\"item\":\"https:\/\/portaltela.pt\/\"},{\"@type\":\"ListItem\",\"position\":2,\"name\":\"Como reduzir o excesso de pensamentos, dizem especialistas\"}]},{\"@type\":\"WebSite\",\"@id\":\"https:\/\/portaltela.pt\/#website\",\"url\":\"https:\/\/portaltela.pt\/\",\"name\":\"Portal Tela Portugal\",\"description\":\"\",\"potentialAction\":[{\"@type\":\"SearchAction\",\"target\":{\"@type\":\"EntryPoint\",\"urlTemplate\":\"https:\/\/portaltela.pt\/?s={search_term_string}\"},\"query-input\":{\"@type\":\"PropertyValueSpecification\",\"valueRequired\":true,\"valueName\":\"search_term_string\"}}],\"inLanguage\":\"pt-PT\"},{\"@type\":\"Person\",\"@id\":\"https:\/\/portaltela.pt\/#\/schema\/person\/c4278d4a6028830caff9ee44b42d32ed\",\"name\":\"Telinha\",\"image\":{\"@type\":\"ImageObject\",\"inLanguage\":\"pt-PT\",\"@id\":\"https:\/\/portaltela.pt\/s.01k8rhncp4jt1\/2025\/11\/talking-bot-125x125.png\",\"url\":\"https:\/\/portaltela.pt\/s.01k8rhncp4jt1\/2025\/11\/talking-bot-125x125.png\",\"contentUrl\":\"https:\/\/portaltela.pt\/s.01k8rhncp4jt1\/2025\/11\/talking-bot-125x125.png\",\"caption\":\"Telinha\"},\"sameAs\":[\"https:\/\/portaltela.pt\/\"],\"url\":\"https:\/\/portaltela.pt\/por\/367410592786\/\"}]}<\/script>\n<!-- \/ Yoast SEO plugin. -->","yoast_head_json":{"title":"Como reduzir o excesso de pensamentos, dizem especialistas - Portal Tela Portugal","robots":{"index":"index","follow":"follow","max-snippet":"max-snippet:-1","max-image-preview":"max-image-preview:large","max-video-preview":"max-video-preview:-1"},"og_locale":"pt_PT","og_type":"article","og_title":"Como reduzir o excesso de pensamentos, dizem especialistas - Portal Tela Portugal","og_description":"Especialistas dizem que a ansiedade e o excesso de pensamentos podem ser combatidos com t\u00e9cnicas simples para acalmar a mente e promover o bem-estar mental. T\u00e9cnicas sugeridas: mindfulness e medita\u00e7\u00e3o para reduzir a rumina\u00e7\u00e3o; estabelecer limites de tempo para pensar; atividade f\u00edsica para aliviar tens\u00f5es; escrever os pensamentos no papel; questionar a validade dos pensamentos negativos. Para pensamentos obsessivos, \u00e9 recomendado recorrer a distra\u00e7\u00f5es saud\u00e1veis como hobbies, leitura ou atividades sociais. Se os pensamentos de mais se tornarem incapacitantes ou causarem sofrimento intenso, \u00e9 importante procurar apoio psicol\u00f3gico; terapias como a cognitivo-comportamental podem ser eficazes. Em caso de necessidade, procure informa\u00e7\u00f5es junto de um profissional de sa\u00fade mental.","og_url":"https:\/\/portaltela.pt\/noticias\/2026\/03\/07\/como-reduzir-o-excesso-de-pensamentos-dizem-especialistas\/","og_site_name":"Portal Tela Portugal","article_published_time":"2026-03-07T10:47:00+00:00","author":"Telinha","twitter_card":"summary_large_image","twitter_misc":{"Escrito por":"Telinha","Tempo estimado de leitura":"1 minuto"},"schema":{"@context":"https:\/\/schema.org","@graph":[{"@type":"Article","@id":"https:\/\/portaltela.pt\/noticias\/2026\/03\/07\/como-reduzir-o-excesso-de-pensamentos-dizem-especialistas\/#article","isPartOf":{"@id":"https:\/\/portaltela.pt\/noticias\/2026\/03\/07\/como-reduzir-o-excesso-de-pensamentos-dizem-especialistas\/"},"author":{"name":"Telinha","@id":"https:\/\/portaltela.pt\/#\/schema\/person\/c4278d4a6028830caff9ee44b42d32ed"},"headline":"Como reduzir o excesso de pensamentos, dizem especialistas","datePublished":"2026-03-07T10:47:00+00:00","mainEntityOfPage":{"@id":"https:\/\/portaltela.pt\/noticias\/2026\/03\/07\/como-reduzir-o-excesso-de-pensamentos-dizem-especialistas\/"},"wordCount":225,"image":{"@id":"https:\/\/portaltela.pt\/noticias\/2026\/03\/07\/como-reduzir-o-excesso-de-pensamentos-dizem-especialistas\/#primaryimage"},"thumbnailUrl":"https:\/\/portaltela.pt\/s.01k8rhncp4jt1\/2026\/03\/2072258.jpg","keywords":["assist\u00eancia de sa\u00fade","informa\u00e7\u00e3o","psicologia","sa\u00fade","sa\u00fade mental","terapia cognitivo-comportamental"],"articleSection":["Not\u00edcias","Sa\u00fade"],"inLanguage":"pt-PT"},{"@type":"WebPage","@id":"https:\/\/portaltela.pt\/noticias\/2026\/03\/07\/como-reduzir-o-excesso-de-pensamentos-dizem-especialistas\/","url":"https:\/\/portaltela.pt\/noticias\/2026\/03\/07\/como-reduzir-o-excesso-de-pensamentos-dizem-especialistas\/","name":"Como reduzir o excesso de pensamentos, dizem especialistas - Portal Tela Portugal","isPartOf":{"@id":"https:\/\/portaltela.pt\/#website"},"primaryImageOfPage":{"@id":"https:\/\/portaltela.pt\/noticias\/2026\/03\/07\/como-reduzir-o-excesso-de-pensamentos-dizem-especialistas\/#primaryimage"},"image":{"@id":"https:\/\/portaltela.pt\/noticias\/2026\/03\/07\/como-reduzir-o-excesso-de-pensamentos-dizem-especialistas\/#primaryimage"},"thumbnailUrl":"https:\/\/portaltela.pt\/s.01k8rhncp4jt1\/2026\/03\/2072258.jpg","datePublished":"2026-03-07T10:47:00+00:00","author":{"@id":"https:\/\/portaltela.pt\/#\/schema\/person\/c4278d4a6028830caff9ee44b42d32ed"},"breadcrumb":{"@id":"https:\/\/portaltela.pt\/noticias\/2026\/03\/07\/como-reduzir-o-excesso-de-pensamentos-dizem-especialistas\/#breadcrumb"},"inLanguage":"pt-PT","potentialAction":[{"@type":"ReadAction","target":["https:\/\/portaltela.pt\/noticias\/2026\/03\/07\/como-reduzir-o-excesso-de-pensamentos-dizem-especialistas\/"]}]},{"@type":"ImageObject","inLanguage":"pt-PT","@id":"https:\/\/portaltela.pt\/noticias\/2026\/03\/07\/como-reduzir-o-excesso-de-pensamentos-dizem-especialistas\/#primaryimage","url":"https:\/\/portaltela.pt\/s.01k8rhncp4jt1\/2026\/03\/2072258.jpg","contentUrl":"https:\/\/portaltela.pt\/s.01k8rhncp4jt1\/2026\/03\/2072258.jpg","width":796,"height":448,"caption":"Photo"},{"@type":"BreadcrumbList","@id":"https:\/\/portaltela.pt\/noticias\/2026\/03\/07\/como-reduzir-o-excesso-de-pensamentos-dizem-especialistas\/#breadcrumb","itemListElement":[{"@type":"ListItem","position":1,"name":"In\u00edcio","item":"https:\/\/portaltela.pt\/"},{"@type":"ListItem","position":2,"name":"Como reduzir o excesso de pensamentos, dizem especialistas"}]},{"@type":"WebSite","@id":"https:\/\/portaltela.pt\/#website","url":"https:\/\/portaltela.pt\/","name":"Portal Tela Portugal","description":"","potentialAction":[{"@type":"SearchAction","target":{"@type":"EntryPoint","urlTemplate":"https:\/\/portaltela.pt\/?s={search_term_string}"},"query-input":{"@type":"PropertyValueSpecification","valueRequired":true,"valueName":"search_term_string"}}],"inLanguage":"pt-PT"},{"@type":"Person","@id":"https:\/\/portaltela.pt\/#\/schema\/person\/c4278d4a6028830caff9ee44b42d32ed","name":"Telinha","image":{"@type":"ImageObject","inLanguage":"pt-PT","@id":"https:\/\/portaltela.pt\/s.01k8rhncp4jt1\/2025\/11\/talking-bot-125x125.png","url":"https:\/\/portaltela.pt\/s.01k8rhncp4jt1\/2025\/11\/talking-bot-125x125.png","contentUrl":"https:\/\/portaltela.pt\/s.01k8rhncp4jt1\/2025\/11\/talking-bot-125x125.png","caption":"Telinha"},"sameAs":["https:\/\/portaltela.pt\/"],"url":"https:\/\/portaltela.pt\/por\/367410592786\/"}]}},"_links":{"self":[{"href":"https:\/\/portaltela.pt\/api\/wp\/v2\/posts\/401233","targetHints":{"allow":["GET"]}}],"collection":[{"href":"https:\/\/portaltela.pt\/api\/wp\/v2\/posts"}],"about":[{"href":"https:\/\/portaltela.pt\/api\/wp\/v2\/types\/post"}],"author":[{"embeddable":true,"href":"https:\/\/portaltela.pt\/api\/wp\/v2\/users\/2"}],"replies":[{"embeddable":true,"href":"https:\/\/portaltela.pt\/api\/wp\/v2\/comments?post=401233"}],"version-history":[{"count":0,"href":"https:\/\/portaltela.pt\/api\/wp\/v2\/posts\/401233\/revisions"}],"wp:featuredmedia":[{"embeddable":true,"href":"https:\/\/portaltela.pt\/api\/wp\/v2\/media\/401234"}],"wp:attachment":[{"href":"https:\/\/portaltela.pt\/api\/wp\/v2\/media?parent=401233"}],"wp:term":[{"taxonomy":"category","embeddable":true,"href":"https:\/\/portaltela.pt\/api\/wp\/v2\/categories?post=401233"},{"taxonomy":"post_tag","embeddable":true,"href":"https:\/\/portaltela.pt\/api\/wp\/v2\/tags?post=401233"}],"curies":[{"name":"wp","href":"https:\/\/api.w.org\/{rel}","templated":true}]}}