{"id":401225,"date":"2026-03-07T07:40:00","date_gmt":"2026-03-07T10:40:00","guid":{"rendered":"https:\/\/portaltela.pt\/noticias\/2026\/03\/07\/homem-indiciado-por-pornografia-de-menores-detido-no-aeroporto-de-lisboa\/"},"modified":"2026-03-07T07:40:00","modified_gmt":"2026-03-07T10:40:00","slug":"homem-indiciado-por-pornografia-de-menores-detido-no-aeroporto-de-lisboa","status":"publish","type":"post","link":"https:\/\/portaltela.pt\/noticias\/internacional\/2026\/03\/07\/homem-indiciado-por-pornografia-de-menores-detido-no-aeroporto-de-lisboa\/","title":{"rendered":"Homem Indiciado por Pornografia de Menores Detido no Aeroporto de Lisboa"},"content":{"rendered":"<p>Um homem de 28 anos foi detido no aeroporto de Lisboa pela Pol\u00edcia Judici\u00e1ria (PJ), por fortes ind\u00edcios de pornografia de menores. A a\u00e7\u00e3o ocorreu na quinta-feira, no \u00e2mbito de uma investiga\u00e7\u00e3o dirigida pelo Minist\u00e9rio P\u00fablico, com a participa\u00e7\u00e3o da Unidade Nacional de Combate ao Cibercrime e \u00e0 Criminalidade Tecnol\u00f3gica (UNC3T).<\/p>\n<p>O suspeito, cidad\u00e3o estrangeiro, foi intercetado no controlo de fronteira quando se preparava para entrar em Portugal. Na posse do detido foram encontrados ficheiros compat\u00edveis com conte\u00fados de abuso e explora\u00e7\u00e3o sexual de menores, o que motivou a deten\u00e7\u00e3o em flagrante delito.<\/p>\n<p>O homem foi ouvido pela primeira vez em interrogat\u00f3rio judicial e ficou sujeito a termo de identidade e resid\u00eancia. A investiga\u00e7\u00e3o continua em curso, com a PJ a coordenar as dilig\u00eancias sob a orienta\u00e7\u00e3o do Minist\u00e9rio P\u00fablico.<\/p>\n<h3>Em curso a investiga\u00e7\u00e3o<\/h3>\n<p>A PJ confirmou que a opera\u00e7\u00e3o envolveu a UNC3T e mant\u00e9m o arguido sob vigil\u00e2ncia policial enquanto prossegue a apura\u00e7\u00e3o dos factos. N\u00e3o foram avan\u00e7ados detalhes adicionais sobre a identidade ou a nacionalidade do detido.<\/p>\n","protected":false},"excerpt":{"rendered":"<ul>\n<li>A Pol\u00edcia Judici\u00e1ria deteve no aeroporto de Lisboa um homem estrangeiro de 28 anos fortemente indiciado pela pr\u00e1tica de pornografia de menores.<\/li>\n<li>A deten\u00e7\u00e3o ocorreu na quinta-feira, no controlo de fronteira, quando o suspeito se preparava para entrar em Portugal.<\/li>\n<li>A opera\u00e7\u00e3o envolveu a Unidade Nacional de Combate ao Cibercrime e \u00e0 Criminalidade Tecnol\u00f3gica (UNC3T) e ocorreu em flagrante.<\/li>\n<li>Na posse do detido foram encontrados ficheiros compat\u00edveis com conte\u00fados de abuso e explora\u00e7\u00e3o sexual de crian\u00e7as.<\/li>\n<li>O homem foi presente a primeiro interrogat\u00f3rio judicial e ficou sujeito a termo de identidade e resid\u00eancia.<\/li>\n<\/ul>\n","protected":false},"author":2,"featured_media":401229,"comment_status":"closed","ping_status":"closed","sticky":false,"template":"","format":"standard","meta":{"footnotes":""},"categories":[4,1],"tags":[1724,147,6210,215,1802,1432],"class_list":["post-401225","post","type-post","status-publish","format-standard","has-post-thumbnail","hentry","category-internacional","category-noticias","tag-cibercrime","tag-crime","tag-crimes-contra-menores","tag-investigacao","tag-policia-judiciaria","tag-pornografia-de-menores"],"yoast_head":"<!-- This site is optimized with the Yoast SEO plugin v27.2 - https:\/\/yoast.com\/product\/yoast-seo-wordpress\/ -->\n<title>Homem Indiciado por Pornografia de Menores Detido no Aeroporto de Lisboa - Portal Tela Portugal<\/title>\n<meta name=\"robots\" content=\"index, follow, max-snippet:-1, max-image-preview:large, max-video-preview:-1\" \/>\n<meta property=\"og:locale\" content=\"pt_PT\" \/>\n<meta property=\"og:type\" content=\"article\" \/>\n<meta property=\"og:title\" content=\"Homem Indiciado por Pornografia de Menores Detido no Aeroporto de Lisboa - Portal Tela Portugal\" \/>\n<meta property=\"og:description\" content=\"A Pol\u00edcia Judici\u00e1ria deteve no aeroporto de Lisboa um homem estrangeiro de 28 anos fortemente indiciado pela pr\u00e1tica de pornografia de menores. A deten\u00e7\u00e3o ocorreu na quinta-feira, no controlo de fronteira, quando o suspeito se preparava para entrar em Portugal. A opera\u00e7\u00e3o envolveu a Unidade Nacional de Combate ao Cibercrime e \u00e0 Criminalidade Tecnol\u00f3gica (UNC3T) e ocorreu em flagrante. Na posse do detido foram encontrados ficheiros compat\u00edveis com conte\u00fados de abuso e explora\u00e7\u00e3o sexual de crian\u00e7as. O homem foi presente a primeiro interrogat\u00f3rio judicial e ficou sujeito a termo de identidade e resid\u00eancia.\" \/>\n<meta property=\"og:url\" content=\"https:\/\/portaltela.pt\/noticias\/2026\/03\/07\/homem-indiciado-por-pornografia-de-menores-detido-no-aeroporto-de-lisboa\/\" \/>\n<meta property=\"og:site_name\" content=\"Portal Tela Portugal\" \/>\n<meta property=\"article:published_time\" content=\"2026-03-07T10:40:00+00:00\" \/>\n<meta name=\"author\" content=\"Telinha\" \/>\n<meta name=\"twitter:card\" content=\"summary_large_image\" \/>\n<meta name=\"twitter:label1\" content=\"Escrito por\" \/>\n\t<meta name=\"twitter:data1\" content=\"Telinha\" \/>\n\t<meta name=\"twitter:label2\" content=\"Tempo estimado de leitura\" \/>\n\t<meta name=\"twitter:data2\" content=\"1 minuto\" \/>\n<script type=\"application\/ld+json\" class=\"yoast-schema-graph\">{\"@context\":\"https:\/\/schema.org\",\"@graph\":[{\"@type\":\"Article\",\"@id\":\"https:\/\/portaltela.pt\/noticias\/2026\/03\/07\/homem-indiciado-por-pornografia-de-menores-detido-no-aeroporto-de-lisboa\/#article\",\"isPartOf\":{\"@id\":\"https:\/\/portaltela.pt\/noticias\/2026\/03\/07\/homem-indiciado-por-pornografia-de-menores-detido-no-aeroporto-de-lisboa\/\"},\"author\":{\"name\":\"Telinha\",\"@id\":\"https:\/\/portaltela.pt\/#\/schema\/person\/c4278d4a6028830caff9ee44b42d32ed\"},\"headline\":\"Homem Indiciado por Pornografia de Menores Detido no Aeroporto de Lisboa\",\"datePublished\":\"2026-03-07T10:40:00+00:00\",\"mainEntityOfPage\":{\"@id\":\"https:\/\/portaltela.pt\/noticias\/2026\/03\/07\/homem-indiciado-por-pornografia-de-menores-detido-no-aeroporto-de-lisboa\/\"},\"wordCount\":208,\"image\":{\"@id\":\"https:\/\/portaltela.pt\/noticias\/2026\/03\/07\/homem-indiciado-por-pornografia-de-menores-detido-no-aeroporto-de-lisboa\/#primaryimage\"},\"thumbnailUrl\":\"https:\/\/portaltela.pt\/s.01k8rhncp4jt1\/2026\/03\/image-443.jpg\",\"keywords\":[\"cibercrime\",\"crime\",\"crimes contra menores\",\"investiga\u00e7\u00e3o\",\"Pol\u00edcia Judici\u00e1ria\",\"pornografia de menores\"],\"articleSection\":[\"Internacional\",\"Not\u00edcias\"],\"inLanguage\":\"pt-PT\"},{\"@type\":\"WebPage\",\"@id\":\"https:\/\/portaltela.pt\/noticias\/2026\/03\/07\/homem-indiciado-por-pornografia-de-menores-detido-no-aeroporto-de-lisboa\/\",\"url\":\"https:\/\/portaltela.pt\/noticias\/2026\/03\/07\/homem-indiciado-por-pornografia-de-menores-detido-no-aeroporto-de-lisboa\/\",\"name\":\"Homem Indiciado por Pornografia de Menores Detido no Aeroporto de Lisboa - Portal Tela Portugal\",\"isPartOf\":{\"@id\":\"https:\/\/portaltela.pt\/#website\"},\"primaryImageOfPage\":{\"@id\":\"https:\/\/portaltela.pt\/noticias\/2026\/03\/07\/homem-indiciado-por-pornografia-de-menores-detido-no-aeroporto-de-lisboa\/#primaryimage\"},\"image\":{\"@id\":\"https:\/\/portaltela.pt\/noticias\/2026\/03\/07\/homem-indiciado-por-pornografia-de-menores-detido-no-aeroporto-de-lisboa\/#primaryimage\"},\"thumbnailUrl\":\"https:\/\/portaltela.pt\/s.01k8rhncp4jt1\/2026\/03\/image-443.jpg\",\"datePublished\":\"2026-03-07T10:40:00+00:00\",\"author\":{\"@id\":\"https:\/\/portaltela.pt\/#\/schema\/person\/c4278d4a6028830caff9ee44b42d32ed\"},\"breadcrumb\":{\"@id\":\"https:\/\/portaltela.pt\/noticias\/2026\/03\/07\/homem-indiciado-por-pornografia-de-menores-detido-no-aeroporto-de-lisboa\/#breadcrumb\"},\"inLanguage\":\"pt-PT\",\"potentialAction\":[{\"@type\":\"ReadAction\",\"target\":[\"https:\/\/portaltela.pt\/noticias\/2026\/03\/07\/homem-indiciado-por-pornografia-de-menores-detido-no-aeroporto-de-lisboa\/\"]}]},{\"@type\":\"ImageObject\",\"inLanguage\":\"pt-PT\",\"@id\":\"https:\/\/portaltela.pt\/noticias\/2026\/03\/07\/homem-indiciado-por-pornografia-de-menores-detido-no-aeroporto-de-lisboa\/#primaryimage\",\"url\":\"https:\/\/portaltela.pt\/s.01k8rhncp4jt1\/2026\/03\/image-443.jpg\",\"contentUrl\":\"https:\/\/portaltela.pt\/s.01k8rhncp4jt1\/2026\/03\/image-443.jpg\",\"width\":796,\"height\":448,\"caption\":\"PJ deteve homem de 28 anos \\\"fortemente indiciado\\\" pela pr\u00e1tica do crime de pornografia de menores\"},{\"@type\":\"BreadcrumbList\",\"@id\":\"https:\/\/portaltela.pt\/noticias\/2026\/03\/07\/homem-indiciado-por-pornografia-de-menores-detido-no-aeroporto-de-lisboa\/#breadcrumb\",\"itemListElement\":[{\"@type\":\"ListItem\",\"position\":1,\"name\":\"In\u00edcio\",\"item\":\"https:\/\/portaltela.pt\/\"},{\"@type\":\"ListItem\",\"position\":2,\"name\":\"Homem Indiciado por Pornografia de Menores Detido no Aeroporto de Lisboa\"}]},{\"@type\":\"WebSite\",\"@id\":\"https:\/\/portaltela.pt\/#website\",\"url\":\"https:\/\/portaltela.pt\/\",\"name\":\"Portal Tela Portugal\",\"description\":\"\",\"potentialAction\":[{\"@type\":\"SearchAction\",\"target\":{\"@type\":\"EntryPoint\",\"urlTemplate\":\"https:\/\/portaltela.pt\/?s={search_term_string}\"},\"query-input\":{\"@type\":\"PropertyValueSpecification\",\"valueRequired\":true,\"valueName\":\"search_term_string\"}}],\"inLanguage\":\"pt-PT\"},{\"@type\":\"Person\",\"@id\":\"https:\/\/portaltela.pt\/#\/schema\/person\/c4278d4a6028830caff9ee44b42d32ed\",\"name\":\"Telinha\",\"image\":{\"@type\":\"ImageObject\",\"inLanguage\":\"pt-PT\",\"@id\":\"https:\/\/portaltela.pt\/s.01k8rhncp4jt1\/2025\/11\/talking-bot-125x125.png\",\"url\":\"https:\/\/portaltela.pt\/s.01k8rhncp4jt1\/2025\/11\/talking-bot-125x125.png\",\"contentUrl\":\"https:\/\/portaltela.pt\/s.01k8rhncp4jt1\/2025\/11\/talking-bot-125x125.png\",\"caption\":\"Telinha\"},\"sameAs\":[\"https:\/\/portaltela.pt\/\"],\"url\":\"https:\/\/portaltela.pt\/por\/367410592786\/\"}]}<\/script>\n<!-- \/ Yoast SEO plugin. -->","yoast_head_json":{"title":"Homem Indiciado por Pornografia de Menores Detido no Aeroporto de Lisboa - Portal Tela Portugal","robots":{"index":"index","follow":"follow","max-snippet":"max-snippet:-1","max-image-preview":"max-image-preview:large","max-video-preview":"max-video-preview:-1"},"og_locale":"pt_PT","og_type":"article","og_title":"Homem Indiciado por Pornografia de Menores Detido no Aeroporto de Lisboa - Portal Tela Portugal","og_description":"A Pol\u00edcia Judici\u00e1ria deteve no aeroporto de Lisboa um homem estrangeiro de 28 anos fortemente indiciado pela pr\u00e1tica de pornografia de menores. A deten\u00e7\u00e3o ocorreu na quinta-feira, no controlo de fronteira, quando o suspeito se preparava para entrar em Portugal. A opera\u00e7\u00e3o envolveu a Unidade Nacional de Combate ao Cibercrime e \u00e0 Criminalidade Tecnol\u00f3gica (UNC3T) e ocorreu em flagrante. Na posse do detido foram encontrados ficheiros compat\u00edveis com conte\u00fados de abuso e explora\u00e7\u00e3o sexual de crian\u00e7as. O homem foi presente a primeiro interrogat\u00f3rio judicial e ficou sujeito a termo de identidade e resid\u00eancia.","og_url":"https:\/\/portaltela.pt\/noticias\/2026\/03\/07\/homem-indiciado-por-pornografia-de-menores-detido-no-aeroporto-de-lisboa\/","og_site_name":"Portal Tela Portugal","article_published_time":"2026-03-07T10:40:00+00:00","author":"Telinha","twitter_card":"summary_large_image","twitter_misc":{"Escrito por":"Telinha","Tempo estimado de leitura":"1 minuto"},"schema":{"@context":"https:\/\/schema.org","@graph":[{"@type":"Article","@id":"https:\/\/portaltela.pt\/noticias\/2026\/03\/07\/homem-indiciado-por-pornografia-de-menores-detido-no-aeroporto-de-lisboa\/#article","isPartOf":{"@id":"https:\/\/portaltela.pt\/noticias\/2026\/03\/07\/homem-indiciado-por-pornografia-de-menores-detido-no-aeroporto-de-lisboa\/"},"author":{"name":"Telinha","@id":"https:\/\/portaltela.pt\/#\/schema\/person\/c4278d4a6028830caff9ee44b42d32ed"},"headline":"Homem Indiciado por Pornografia de Menores Detido no Aeroporto de Lisboa","datePublished":"2026-03-07T10:40:00+00:00","mainEntityOfPage":{"@id":"https:\/\/portaltela.pt\/noticias\/2026\/03\/07\/homem-indiciado-por-pornografia-de-menores-detido-no-aeroporto-de-lisboa\/"},"wordCount":208,"image":{"@id":"https:\/\/portaltela.pt\/noticias\/2026\/03\/07\/homem-indiciado-por-pornografia-de-menores-detido-no-aeroporto-de-lisboa\/#primaryimage"},"thumbnailUrl":"https:\/\/portaltela.pt\/s.01k8rhncp4jt1\/2026\/03\/image-443.jpg","keywords":["cibercrime","crime","crimes contra menores","investiga\u00e7\u00e3o","Pol\u00edcia Judici\u00e1ria","pornografia de menores"],"articleSection":["Internacional","Not\u00edcias"],"inLanguage":"pt-PT"},{"@type":"WebPage","@id":"https:\/\/portaltela.pt\/noticias\/2026\/03\/07\/homem-indiciado-por-pornografia-de-menores-detido-no-aeroporto-de-lisboa\/","url":"https:\/\/portaltela.pt\/noticias\/2026\/03\/07\/homem-indiciado-por-pornografia-de-menores-detido-no-aeroporto-de-lisboa\/","name":"Homem Indiciado por Pornografia de Menores Detido no Aeroporto de Lisboa - Portal Tela Portugal","isPartOf":{"@id":"https:\/\/portaltela.pt\/#website"},"primaryImageOfPage":{"@id":"https:\/\/portaltela.pt\/noticias\/2026\/03\/07\/homem-indiciado-por-pornografia-de-menores-detido-no-aeroporto-de-lisboa\/#primaryimage"},"image":{"@id":"https:\/\/portaltela.pt\/noticias\/2026\/03\/07\/homem-indiciado-por-pornografia-de-menores-detido-no-aeroporto-de-lisboa\/#primaryimage"},"thumbnailUrl":"https:\/\/portaltela.pt\/s.01k8rhncp4jt1\/2026\/03\/image-443.jpg","datePublished":"2026-03-07T10:40:00+00:00","author":{"@id":"https:\/\/portaltela.pt\/#\/schema\/person\/c4278d4a6028830caff9ee44b42d32ed"},"breadcrumb":{"@id":"https:\/\/portaltela.pt\/noticias\/2026\/03\/07\/homem-indiciado-por-pornografia-de-menores-detido-no-aeroporto-de-lisboa\/#breadcrumb"},"inLanguage":"pt-PT","potentialAction":[{"@type":"ReadAction","target":["https:\/\/portaltela.pt\/noticias\/2026\/03\/07\/homem-indiciado-por-pornografia-de-menores-detido-no-aeroporto-de-lisboa\/"]}]},{"@type":"ImageObject","inLanguage":"pt-PT","@id":"https:\/\/portaltela.pt\/noticias\/2026\/03\/07\/homem-indiciado-por-pornografia-de-menores-detido-no-aeroporto-de-lisboa\/#primaryimage","url":"https:\/\/portaltela.pt\/s.01k8rhncp4jt1\/2026\/03\/image-443.jpg","contentUrl":"https:\/\/portaltela.pt\/s.01k8rhncp4jt1\/2026\/03\/image-443.jpg","width":796,"height":448,"caption":"PJ deteve homem de 28 anos \"fortemente indiciado\" pela pr\u00e1tica do crime de pornografia de menores"},{"@type":"BreadcrumbList","@id":"https:\/\/portaltela.pt\/noticias\/2026\/03\/07\/homem-indiciado-por-pornografia-de-menores-detido-no-aeroporto-de-lisboa\/#breadcrumb","itemListElement":[{"@type":"ListItem","position":1,"name":"In\u00edcio","item":"https:\/\/portaltela.pt\/"},{"@type":"ListItem","position":2,"name":"Homem Indiciado por Pornografia de Menores Detido no Aeroporto de Lisboa"}]},{"@type":"WebSite","@id":"https:\/\/portaltela.pt\/#website","url":"https:\/\/portaltela.pt\/","name":"Portal Tela Portugal","description":"","potentialAction":[{"@type":"SearchAction","target":{"@type":"EntryPoint","urlTemplate":"https:\/\/portaltela.pt\/?s={search_term_string}"},"query-input":{"@type":"PropertyValueSpecification","valueRequired":true,"valueName":"search_term_string"}}],"inLanguage":"pt-PT"},{"@type":"Person","@id":"https:\/\/portaltela.pt\/#\/schema\/person\/c4278d4a6028830caff9ee44b42d32ed","name":"Telinha","image":{"@type":"ImageObject","inLanguage":"pt-PT","@id":"https:\/\/portaltela.pt\/s.01k8rhncp4jt1\/2025\/11\/talking-bot-125x125.png","url":"https:\/\/portaltela.pt\/s.01k8rhncp4jt1\/2025\/11\/talking-bot-125x125.png","contentUrl":"https:\/\/portaltela.pt\/s.01k8rhncp4jt1\/2025\/11\/talking-bot-125x125.png","caption":"Telinha"},"sameAs":["https:\/\/portaltela.pt\/"],"url":"https:\/\/portaltela.pt\/por\/367410592786\/"}]}},"_links":{"self":[{"href":"https:\/\/portaltela.pt\/api\/wp\/v2\/posts\/401225","targetHints":{"allow":["GET"]}}],"collection":[{"href":"https:\/\/portaltela.pt\/api\/wp\/v2\/posts"}],"about":[{"href":"https:\/\/portaltela.pt\/api\/wp\/v2\/types\/post"}],"author":[{"embeddable":true,"href":"https:\/\/portaltela.pt\/api\/wp\/v2\/users\/2"}],"replies":[{"embeddable":true,"href":"https:\/\/portaltela.pt\/api\/wp\/v2\/comments?post=401225"}],"version-history":[{"count":0,"href":"https:\/\/portaltela.pt\/api\/wp\/v2\/posts\/401225\/revisions"}],"wp:featuredmedia":[{"embeddable":true,"href":"https:\/\/portaltela.pt\/api\/wp\/v2\/media\/401229"}],"wp:attachment":[{"href":"https:\/\/portaltela.pt\/api\/wp\/v2\/media?parent=401225"}],"wp:term":[{"taxonomy":"category","embeddable":true,"href":"https:\/\/portaltela.pt\/api\/wp\/v2\/categories?post=401225"},{"taxonomy":"post_tag","embeddable":true,"href":"https:\/\/portaltela.pt\/api\/wp\/v2\/tags?post=401225"}],"curies":[{"name":"wp","href":"https:\/\/api.w.org\/{rel}","templated":true}]}}