{"id":401220,"date":"2026-03-07T07:22:00","date_gmt":"2026-03-07T10:22:00","guid":{"rendered":"https:\/\/portaltela.pt\/noticias\/2026\/03\/07\/camara-de-vila-do-conde-avanca-milhoes-por-mau-tempo-e-busca-apoio-do-estado\/"},"modified":"2026-03-07T07:22:00","modified_gmt":"2026-03-07T10:22:00","slug":"camara-de-vila-do-conde-avanca-milhoes-por-mau-tempo-e-busca-apoio-do-estado","status":"publish","type":"post","link":"https:\/\/portaltela.pt\/noticias\/2026\/03\/07\/camara-de-vila-do-conde-avanca-milhoes-por-mau-tempo-e-busca-apoio-do-estado\/","title":{"rendered":"C\u00e2mara de Vila do Conde avan\u00e7a milh\u00f5es por mau tempo e busca apoio do Estado"},"content":{"rendered":"<p>A C\u00e2mara Municipal de Vila do Conde aponta preju\u00edzos superiores a 4 milh\u00f5es de euros causados pelas tempestades deste inverno. Mesmo sem garantias de apoio do Governo, j\u00e1 foram lan\u00e7adas interven\u00e7\u00f5es no valor de 2 milh\u00f5es de euros para mitigar os danos.<\/p>\n<p>A autarquia acusa a administra\u00e7\u00e3o central de n\u00e3o executar as obras de sua responsabilidade e de continuar a encontrar entraves. A Ag\u00eancia Portuguesa do Ambiente (APA) tem levantado problemas que atrasam ou condicionam os trabalhos em curso.<\/p>\n<p>Em Vila Ch\u00e3, as obras em curso continuam a ser o foco das interven\u00e7\u00f5es municipais, com o objetivo de reduzir os impactos das intemp\u00e9ries na comunidade e na infraestrutura local. A autarquia refor\u00e7a a necessidade de financiamento estatal para evitar novos constrangimentos.<\/p>\n<h3>Apoio do Estado em an\u00e1lise<\/h3>\n<p>As \u00e1reas afetadas abrangem v\u00e1rias zonas do concelho, onde as cheias, deslizamentos e estragos em infraestruturas p\u00fablicas exigem respostas r\u00e1pidas. O Governo ainda n\u00e3o confirmou o montante ou as condi\u00e7\u00f5es de apoio \u00e0s autarquias.<\/p>\n<p>Os respons\u00e1veis municipais destacam que a falta de interven\u00e7\u00e3o central pode comprometer a capacidade de recupera\u00e7\u00e3o r\u00e1pida das comunidades afetadas. O tema permanece em acompanhamento entre a C\u00e2mara e entidades centrais competentes.<\/p>\n","protected":false},"excerpt":{"rendered":"<ul>\n<li>A C\u00e2mara de Vila do Conde estima em mais de quatro milh\u00f5es de euros os preju\u00edzos provocados pelas tempestades deste inverno.<\/li>\n<li>Sem garantias de apoio do Governo, j\u00e1 avan\u00e7ou interven\u00e7\u00f5es no valor de dois milh\u00f5es de euros.<\/li>\n<li>A autarquia afirma que a administra\u00e7\u00e3o central n\u00e3o executa obras de sua compet\u00eancia e que continua a colocar entraves.<\/li>\n<li>A Ag\u00eancia Portuguesa do Ambiente (APA) tem levantado problemas aos projetos, segundo a c\u00e2mara.<\/li>\n<li>O munic\u00edpio pede apoio financeiro e uma solu\u00e7\u00e3o r\u00e1pida para as interven\u00e7\u00f5es afetadas pelas tempestades.<\/li>\n<\/ul>\n","protected":false},"author":2,"featured_media":401221,"comment_status":"closed","ping_status":"closed","sticky":false,"template":"","format":"standard","meta":{"footnotes":""},"categories":[1],"tags":[168,3701,3735,34,6770,1546],"class_list":["post-401220","post","type-post","status-publish","format-standard","has-post-thumbnail","hentry","category-noticias","tag-administracao-publica","tag-cheias","tag-deslizamentos","tag-governo","tag-vila-cha","tag-vila-do-conde"],"yoast_head":"<!-- This site is optimized with the Yoast SEO plugin v27.2 - https:\/\/yoast.com\/product\/yoast-seo-wordpress\/ -->\n<title>C\u00e2mara de Vila do Conde avan\u00e7a milh\u00f5es por mau tempo e busca apoio do Estado - Portal Tela Portugal<\/title>\n<meta name=\"robots\" content=\"index, follow, max-snippet:-1, max-image-preview:large, max-video-preview:-1\" \/>\n<meta property=\"og:locale\" content=\"pt_PT\" \/>\n<meta property=\"og:type\" content=\"article\" \/>\n<meta property=\"og:title\" content=\"C\u00e2mara de Vila do Conde avan\u00e7a milh\u00f5es por mau tempo e busca apoio do Estado - Portal Tela Portugal\" \/>\n<meta property=\"og:description\" content=\"A C\u00e2mara de Vila do Conde estima em mais de quatro milh\u00f5es de euros os preju\u00edzos provocados pelas tempestades deste inverno. Sem garantias de apoio do Governo, j\u00e1 avan\u00e7ou interven\u00e7\u00f5es no valor de dois milh\u00f5es de euros. A autarquia afirma que a administra\u00e7\u00e3o central n\u00e3o executa obras de sua compet\u00eancia e que continua a colocar entraves. A Ag\u00eancia Portuguesa do Ambiente (APA) tem levantado problemas aos projetos, segundo a c\u00e2mara. O munic\u00edpio pede apoio financeiro e uma solu\u00e7\u00e3o r\u00e1pida para as interven\u00e7\u00f5es afetadas pelas tempestades.\" \/>\n<meta property=\"og:url\" content=\"https:\/\/portaltela.pt\/noticias\/2026\/03\/07\/camara-de-vila-do-conde-avanca-milhoes-por-mau-tempo-e-busca-apoio-do-estado\/\" \/>\n<meta property=\"og:site_name\" content=\"Portal Tela Portugal\" \/>\n<meta property=\"article:published_time\" content=\"2026-03-07T10:22:00+00:00\" \/>\n<meta name=\"author\" content=\"Telinha\" \/>\n<meta name=\"twitter:card\" content=\"summary_large_image\" \/>\n<meta name=\"twitter:label1\" content=\"Escrito por\" \/>\n\t<meta name=\"twitter:data1\" content=\"Telinha\" \/>\n\t<meta name=\"twitter:label2\" content=\"Tempo estimado de leitura\" \/>\n\t<meta name=\"twitter:data2\" content=\"1 minuto\" \/>\n<script type=\"application\/ld+json\" class=\"yoast-schema-graph\">{\"@context\":\"https:\/\/schema.org\",\"@graph\":[{\"@type\":\"Article\",\"@id\":\"https:\/\/portaltela.pt\/noticias\/2026\/03\/07\/camara-de-vila-do-conde-avanca-milhoes-por-mau-tempo-e-busca-apoio-do-estado\/#article\",\"isPartOf\":{\"@id\":\"https:\/\/portaltela.pt\/noticias\/2026\/03\/07\/camara-de-vila-do-conde-avanca-milhoes-por-mau-tempo-e-busca-apoio-do-estado\/\"},\"author\":{\"name\":\"Telinha\",\"@id\":\"https:\/\/portaltela.pt\/#\/schema\/person\/c4278d4a6028830caff9ee44b42d32ed\"},\"headline\":\"C\u00e2mara de Vila do Conde avan\u00e7a milh\u00f5es por mau tempo e busca apoio do Estado\",\"datePublished\":\"2026-03-07T10:22:00+00:00\",\"mainEntityOfPage\":{\"@id\":\"https:\/\/portaltela.pt\/noticias\/2026\/03\/07\/camara-de-vila-do-conde-avanca-milhoes-por-mau-tempo-e-busca-apoio-do-estado\/\"},\"wordCount\":231,\"image\":{\"@id\":\"https:\/\/portaltela.pt\/noticias\/2026\/03\/07\/camara-de-vila-do-conde-avanca-milhoes-por-mau-tempo-e-busca-apoio-do-estado\/#primaryimage\"},\"thumbnailUrl\":\"https:\/\/portaltela.pt\/s.01k8rhncp4jt1\/2026\/03\/image-442.jpg\",\"keywords\":[\"administra\u00e7\u00e3o p\u00fablica\",\"cheias\",\"deslizamentos\",\"governo\",\"Vila Ch\u00e3\",\"Vila do Conde\"],\"articleSection\":[\"Not\u00edcias\"],\"inLanguage\":\"pt-PT\"},{\"@type\":\"WebPage\",\"@id\":\"https:\/\/portaltela.pt\/noticias\/2026\/03\/07\/camara-de-vila-do-conde-avanca-milhoes-por-mau-tempo-e-busca-apoio-do-estado\/\",\"url\":\"https:\/\/portaltela.pt\/noticias\/2026\/03\/07\/camara-de-vila-do-conde-avanca-milhoes-por-mau-tempo-e-busca-apoio-do-estado\/\",\"name\":\"C\u00e2mara de Vila do Conde avan\u00e7a milh\u00f5es por mau tempo e busca apoio do Estado - Portal Tela Portugal\",\"isPartOf\":{\"@id\":\"https:\/\/portaltela.pt\/#website\"},\"primaryImageOfPage\":{\"@id\":\"https:\/\/portaltela.pt\/noticias\/2026\/03\/07\/camara-de-vila-do-conde-avanca-milhoes-por-mau-tempo-e-busca-apoio-do-estado\/#primaryimage\"},\"image\":{\"@id\":\"https:\/\/portaltela.pt\/noticias\/2026\/03\/07\/camara-de-vila-do-conde-avanca-milhoes-por-mau-tempo-e-busca-apoio-do-estado\/#primaryimage\"},\"thumbnailUrl\":\"https:\/\/portaltela.pt\/s.01k8rhncp4jt1\/2026\/03\/image-442.jpg\",\"datePublished\":\"2026-03-07T10:22:00+00:00\",\"author\":{\"@id\":\"https:\/\/portaltela.pt\/#\/schema\/person\/c4278d4a6028830caff9ee44b42d32ed\"},\"breadcrumb\":{\"@id\":\"https:\/\/portaltela.pt\/noticias\/2026\/03\/07\/camara-de-vila-do-conde-avanca-milhoes-por-mau-tempo-e-busca-apoio-do-estado\/#breadcrumb\"},\"inLanguage\":\"pt-PT\",\"potentialAction\":[{\"@type\":\"ReadAction\",\"target\":[\"https:\/\/portaltela.pt\/noticias\/2026\/03\/07\/camara-de-vila-do-conde-avanca-milhoes-por-mau-tempo-e-busca-apoio-do-estado\/\"]}]},{\"@type\":\"ImageObject\",\"inLanguage\":\"pt-PT\",\"@id\":\"https:\/\/portaltela.pt\/noticias\/2026\/03\/07\/camara-de-vila-do-conde-avanca-milhoes-por-mau-tempo-e-busca-apoio-do-estado\/#primaryimage\",\"url\":\"https:\/\/portaltela.pt\/s.01k8rhncp4jt1\/2026\/03\/image-442.jpg\",\"contentUrl\":\"https:\/\/portaltela.pt\/s.01k8rhncp4jt1\/2026\/03\/image-442.jpg\",\"width\":796,\"height\":448,\"caption\":\"Interven\u00e7\u00e3o da C\u00e2mara de Vila do Conde em Vila Ch\u00e3\"},{\"@type\":\"BreadcrumbList\",\"@id\":\"https:\/\/portaltela.pt\/noticias\/2026\/03\/07\/camara-de-vila-do-conde-avanca-milhoes-por-mau-tempo-e-busca-apoio-do-estado\/#breadcrumb\",\"itemListElement\":[{\"@type\":\"ListItem\",\"position\":1,\"name\":\"In\u00edcio\",\"item\":\"https:\/\/portaltela.pt\/\"},{\"@type\":\"ListItem\",\"position\":2,\"name\":\"C\u00e2mara de Vila do Conde avan\u00e7a milh\u00f5es por mau tempo e busca apoio do Estado\"}]},{\"@type\":\"WebSite\",\"@id\":\"https:\/\/portaltela.pt\/#website\",\"url\":\"https:\/\/portaltela.pt\/\",\"name\":\"Portal Tela Portugal\",\"description\":\"\",\"potentialAction\":[{\"@type\":\"SearchAction\",\"target\":{\"@type\":\"EntryPoint\",\"urlTemplate\":\"https:\/\/portaltela.pt\/?s={search_term_string}\"},\"query-input\":{\"@type\":\"PropertyValueSpecification\",\"valueRequired\":true,\"valueName\":\"search_term_string\"}}],\"inLanguage\":\"pt-PT\"},{\"@type\":\"Person\",\"@id\":\"https:\/\/portaltela.pt\/#\/schema\/person\/c4278d4a6028830caff9ee44b42d32ed\",\"name\":\"Telinha\",\"image\":{\"@type\":\"ImageObject\",\"inLanguage\":\"pt-PT\",\"@id\":\"https:\/\/portaltela.pt\/s.01k8rhncp4jt1\/2025\/11\/talking-bot-125x125.png\",\"url\":\"https:\/\/portaltela.pt\/s.01k8rhncp4jt1\/2025\/11\/talking-bot-125x125.png\",\"contentUrl\":\"https:\/\/portaltela.pt\/s.01k8rhncp4jt1\/2025\/11\/talking-bot-125x125.png\",\"caption\":\"Telinha\"},\"sameAs\":[\"https:\/\/portaltela.pt\/\"],\"url\":\"https:\/\/portaltela.pt\/por\/367410592786\/\"}]}<\/script>\n<!-- \/ Yoast SEO plugin. -->","yoast_head_json":{"title":"C\u00e2mara de Vila do Conde avan\u00e7a milh\u00f5es por mau tempo e busca apoio do Estado - Portal Tela Portugal","robots":{"index":"index","follow":"follow","max-snippet":"max-snippet:-1","max-image-preview":"max-image-preview:large","max-video-preview":"max-video-preview:-1"},"og_locale":"pt_PT","og_type":"article","og_title":"C\u00e2mara de Vila do Conde avan\u00e7a milh\u00f5es por mau tempo e busca apoio do Estado - Portal Tela Portugal","og_description":"A C\u00e2mara de Vila do Conde estima em mais de quatro milh\u00f5es de euros os preju\u00edzos provocados pelas tempestades deste inverno. Sem garantias de apoio do Governo, j\u00e1 avan\u00e7ou interven\u00e7\u00f5es no valor de dois milh\u00f5es de euros. A autarquia afirma que a administra\u00e7\u00e3o central n\u00e3o executa obras de sua compet\u00eancia e que continua a colocar entraves. A Ag\u00eancia Portuguesa do Ambiente (APA) tem levantado problemas aos projetos, segundo a c\u00e2mara. O munic\u00edpio pede apoio financeiro e uma solu\u00e7\u00e3o r\u00e1pida para as interven\u00e7\u00f5es afetadas pelas tempestades.","og_url":"https:\/\/portaltela.pt\/noticias\/2026\/03\/07\/camara-de-vila-do-conde-avanca-milhoes-por-mau-tempo-e-busca-apoio-do-estado\/","og_site_name":"Portal Tela Portugal","article_published_time":"2026-03-07T10:22:00+00:00","author":"Telinha","twitter_card":"summary_large_image","twitter_misc":{"Escrito por":"Telinha","Tempo estimado de leitura":"1 minuto"},"schema":{"@context":"https:\/\/schema.org","@graph":[{"@type":"Article","@id":"https:\/\/portaltela.pt\/noticias\/2026\/03\/07\/camara-de-vila-do-conde-avanca-milhoes-por-mau-tempo-e-busca-apoio-do-estado\/#article","isPartOf":{"@id":"https:\/\/portaltela.pt\/noticias\/2026\/03\/07\/camara-de-vila-do-conde-avanca-milhoes-por-mau-tempo-e-busca-apoio-do-estado\/"},"author":{"name":"Telinha","@id":"https:\/\/portaltela.pt\/#\/schema\/person\/c4278d4a6028830caff9ee44b42d32ed"},"headline":"C\u00e2mara de Vila do Conde avan\u00e7a milh\u00f5es por mau tempo e busca apoio do Estado","datePublished":"2026-03-07T10:22:00+00:00","mainEntityOfPage":{"@id":"https:\/\/portaltela.pt\/noticias\/2026\/03\/07\/camara-de-vila-do-conde-avanca-milhoes-por-mau-tempo-e-busca-apoio-do-estado\/"},"wordCount":231,"image":{"@id":"https:\/\/portaltela.pt\/noticias\/2026\/03\/07\/camara-de-vila-do-conde-avanca-milhoes-por-mau-tempo-e-busca-apoio-do-estado\/#primaryimage"},"thumbnailUrl":"https:\/\/portaltela.pt\/s.01k8rhncp4jt1\/2026\/03\/image-442.jpg","keywords":["administra\u00e7\u00e3o p\u00fablica","cheias","deslizamentos","governo","Vila Ch\u00e3","Vila do Conde"],"articleSection":["Not\u00edcias"],"inLanguage":"pt-PT"},{"@type":"WebPage","@id":"https:\/\/portaltela.pt\/noticias\/2026\/03\/07\/camara-de-vila-do-conde-avanca-milhoes-por-mau-tempo-e-busca-apoio-do-estado\/","url":"https:\/\/portaltela.pt\/noticias\/2026\/03\/07\/camara-de-vila-do-conde-avanca-milhoes-por-mau-tempo-e-busca-apoio-do-estado\/","name":"C\u00e2mara de Vila do Conde avan\u00e7a milh\u00f5es por mau tempo e busca apoio do Estado - Portal Tela Portugal","isPartOf":{"@id":"https:\/\/portaltela.pt\/#website"},"primaryImageOfPage":{"@id":"https:\/\/portaltela.pt\/noticias\/2026\/03\/07\/camara-de-vila-do-conde-avanca-milhoes-por-mau-tempo-e-busca-apoio-do-estado\/#primaryimage"},"image":{"@id":"https:\/\/portaltela.pt\/noticias\/2026\/03\/07\/camara-de-vila-do-conde-avanca-milhoes-por-mau-tempo-e-busca-apoio-do-estado\/#primaryimage"},"thumbnailUrl":"https:\/\/portaltela.pt\/s.01k8rhncp4jt1\/2026\/03\/image-442.jpg","datePublished":"2026-03-07T10:22:00+00:00","author":{"@id":"https:\/\/portaltela.pt\/#\/schema\/person\/c4278d4a6028830caff9ee44b42d32ed"},"breadcrumb":{"@id":"https:\/\/portaltela.pt\/noticias\/2026\/03\/07\/camara-de-vila-do-conde-avanca-milhoes-por-mau-tempo-e-busca-apoio-do-estado\/#breadcrumb"},"inLanguage":"pt-PT","potentialAction":[{"@type":"ReadAction","target":["https:\/\/portaltela.pt\/noticias\/2026\/03\/07\/camara-de-vila-do-conde-avanca-milhoes-por-mau-tempo-e-busca-apoio-do-estado\/"]}]},{"@type":"ImageObject","inLanguage":"pt-PT","@id":"https:\/\/portaltela.pt\/noticias\/2026\/03\/07\/camara-de-vila-do-conde-avanca-milhoes-por-mau-tempo-e-busca-apoio-do-estado\/#primaryimage","url":"https:\/\/portaltela.pt\/s.01k8rhncp4jt1\/2026\/03\/image-442.jpg","contentUrl":"https:\/\/portaltela.pt\/s.01k8rhncp4jt1\/2026\/03\/image-442.jpg","width":796,"height":448,"caption":"Interven\u00e7\u00e3o da C\u00e2mara de Vila do Conde em Vila Ch\u00e3"},{"@type":"BreadcrumbList","@id":"https:\/\/portaltela.pt\/noticias\/2026\/03\/07\/camara-de-vila-do-conde-avanca-milhoes-por-mau-tempo-e-busca-apoio-do-estado\/#breadcrumb","itemListElement":[{"@type":"ListItem","position":1,"name":"In\u00edcio","item":"https:\/\/portaltela.pt\/"},{"@type":"ListItem","position":2,"name":"C\u00e2mara de Vila do Conde avan\u00e7a milh\u00f5es por mau tempo e busca apoio do Estado"}]},{"@type":"WebSite","@id":"https:\/\/portaltela.pt\/#website","url":"https:\/\/portaltela.pt\/","name":"Portal Tela Portugal","description":"","potentialAction":[{"@type":"SearchAction","target":{"@type":"EntryPoint","urlTemplate":"https:\/\/portaltela.pt\/?s={search_term_string}"},"query-input":{"@type":"PropertyValueSpecification","valueRequired":true,"valueName":"search_term_string"}}],"inLanguage":"pt-PT"},{"@type":"Person","@id":"https:\/\/portaltela.pt\/#\/schema\/person\/c4278d4a6028830caff9ee44b42d32ed","name":"Telinha","image":{"@type":"ImageObject","inLanguage":"pt-PT","@id":"https:\/\/portaltela.pt\/s.01k8rhncp4jt1\/2025\/11\/talking-bot-125x125.png","url":"https:\/\/portaltela.pt\/s.01k8rhncp4jt1\/2025\/11\/talking-bot-125x125.png","contentUrl":"https:\/\/portaltela.pt\/s.01k8rhncp4jt1\/2025\/11\/talking-bot-125x125.png","caption":"Telinha"},"sameAs":["https:\/\/portaltela.pt\/"],"url":"https:\/\/portaltela.pt\/por\/367410592786\/"}]}},"_links":{"self":[{"href":"https:\/\/portaltela.pt\/api\/wp\/v2\/posts\/401220","targetHints":{"allow":["GET"]}}],"collection":[{"href":"https:\/\/portaltela.pt\/api\/wp\/v2\/posts"}],"about":[{"href":"https:\/\/portaltela.pt\/api\/wp\/v2\/types\/post"}],"author":[{"embeddable":true,"href":"https:\/\/portaltela.pt\/api\/wp\/v2\/users\/2"}],"replies":[{"embeddable":true,"href":"https:\/\/portaltela.pt\/api\/wp\/v2\/comments?post=401220"}],"version-history":[{"count":0,"href":"https:\/\/portaltela.pt\/api\/wp\/v2\/posts\/401220\/revisions"}],"wp:featuredmedia":[{"embeddable":true,"href":"https:\/\/portaltela.pt\/api\/wp\/v2\/media\/401221"}],"wp:attachment":[{"href":"https:\/\/portaltela.pt\/api\/wp\/v2\/media?parent=401220"}],"wp:term":[{"taxonomy":"category","embeddable":true,"href":"https:\/\/portaltela.pt\/api\/wp\/v2\/categories?post=401220"},{"taxonomy":"post_tag","embeddable":true,"href":"https:\/\/portaltela.pt\/api\/wp\/v2\/tags?post=401220"}],"curies":[{"name":"wp","href":"https:\/\/api.w.org\/{rel}","templated":true}]}}