{"id":401203,"date":"2026-03-06T23:40:00","date_gmt":"2026-03-07T02:40:00","guid":{"rendered":"https:\/\/portaltela.pt\/noticias\/2026\/03\/06\/israel-bombardeia-teera-no-oitavo-dia-de-conflito\/"},"modified":"2026-03-06T23:40:00","modified_gmt":"2026-03-07T02:40:00","slug":"israel-bombardeia-teera-no-oitavo-dia-de-conflito","status":"publish","type":"post","link":"https:\/\/portaltela.pt\/noticias\/internacional\/2026\/03\/06\/israel-bombardeia-teera-no-oitavo-dia-de-conflito\/","title":{"rendered":"Israel bombardeia Teer\u00e3 no oitavo dia de conflito"},"content":{"rendered":"<p>O jornal relata um alegado ataque de Israel a Teer\u00e3o, descrito como o oitavo dia de confronto em curso. A informa\u00e7\u00e3o circula com base no t\u00edtulo divulgado pela fonte, sem detalhes adicionais no conte\u00fado aberto.<\/p>\n<p>De acordo com o material dispon\u00edvel, n\u00e3o h\u00e1 confirma\u00e7\u00e3o independente nem dados sobre danos, v\u00edtimas ou consequ\u00eancias do suposto bombardeio. O texto completo permanece acess\u00edvel apenas a subscritores.<\/p>\n<p>A imagem associada ao tema acompanha a not\u00edcia, mas n\u00e3o h\u00e1 informa\u00e7\u00f5es adicionais verific\u00e1veis no conte\u00fado p\u00fablico. A fonte citada \u00e9 a ag\u00eancia Lusa.<\/p>\n","protected":false},"excerpt":{"rendered":"<ul>\n<li>Israel bombardeou Teer\u00e3 no oitavo dia da guerra.<\/li>\n<li>O resumo n\u00e3o apresenta detalhes adicionais no texto fornecido.<\/li>\n<li>A not\u00edcia indica um ataque realizado em Teer\u00e3 durante o oitavo dia do conflito.<\/li>\n<li>A imagem associada ao conte\u00fado sugere o tema do ataque.<\/li>\n<\/ul>\n","protected":false},"author":2,"featured_media":401204,"comment_status":"closed","ping_status":"closed","sticky":false,"template":"","format":"standard","meta":{"footnotes":""},"categories":[4,1],"tags":[6465,254,2198,62,3708,4084],"class_list":["post-401203","post","type-post","status-publish","format-standard","has-post-thumbnail","hentry","category-internacional","category-noticias","tag-bombardeamentos","tag-conflito","tag-conflitos-internacionais","tag-guerra","tag-israel","tag-teerao"],"yoast_head":"<!-- This site is optimized with the Yoast SEO plugin v27.2 - https:\/\/yoast.com\/product\/yoast-seo-wordpress\/ -->\n<title>Israel bombardeia Teer\u00e3 no oitavo dia de conflito - Portal Tela Portugal<\/title>\n<meta name=\"robots\" content=\"index, follow, max-snippet:-1, max-image-preview:large, max-video-preview:-1\" \/>\n<meta property=\"og:locale\" content=\"pt_PT\" \/>\n<meta property=\"og:type\" content=\"article\" \/>\n<meta property=\"og:title\" content=\"Israel bombardeia Teer\u00e3 no oitavo dia de conflito - Portal Tela Portugal\" \/>\n<meta property=\"og:description\" content=\"Israel bombardeou Teer\u00e3 no oitavo dia da guerra. O resumo n\u00e3o apresenta detalhes adicionais no texto fornecido. A not\u00edcia indica um ataque realizado em Teer\u00e3 durante o oitavo dia do conflito. A imagem associada ao conte\u00fado sugere o tema do ataque.\" \/>\n<meta property=\"og:url\" content=\"https:\/\/portaltela.pt\/noticias\/2026\/03\/06\/israel-bombardeia-teera-no-oitavo-dia-de-conflito\/\" \/>\n<meta property=\"og:site_name\" content=\"Portal Tela Portugal\" \/>\n<meta property=\"article:published_time\" content=\"2026-03-07T02:40:00+00:00\" \/>\n<meta name=\"author\" content=\"Telinha\" \/>\n<meta name=\"twitter:card\" content=\"summary_large_image\" \/>\n<meta name=\"twitter:label1\" content=\"Escrito por\" \/>\n\t<meta name=\"twitter:data1\" content=\"Telinha\" \/>\n\t<meta name=\"twitter:label2\" content=\"Tempo estimado de leitura\" \/>\n\t<meta name=\"twitter:data2\" content=\"1 minuto\" \/>\n<script type=\"application\/ld+json\" class=\"yoast-schema-graph\">{\"@context\":\"https:\/\/schema.org\",\"@graph\":[{\"@type\":\"Article\",\"@id\":\"https:\/\/portaltela.pt\/noticias\/2026\/03\/06\/israel-bombardeia-teera-no-oitavo-dia-de-conflito\/#article\",\"isPartOf\":{\"@id\":\"https:\/\/portaltela.pt\/noticias\/2026\/03\/06\/israel-bombardeia-teera-no-oitavo-dia-de-conflito\/\"},\"author\":{\"name\":\"Telinha\",\"@id\":\"https:\/\/portaltela.pt\/#\/schema\/person\/c4278d4a6028830caff9ee44b42d32ed\"},\"headline\":\"Israel bombardeia Teer\u00e3 no oitavo dia de conflito\",\"datePublished\":\"2026-03-07T02:40:00+00:00\",\"mainEntityOfPage\":{\"@id\":\"https:\/\/portaltela.pt\/noticias\/2026\/03\/06\/israel-bombardeia-teera-no-oitavo-dia-de-conflito\/\"},\"wordCount\":111,\"image\":{\"@id\":\"https:\/\/portaltela.pt\/noticias\/2026\/03\/06\/israel-bombardeia-teera-no-oitavo-dia-de-conflito\/#primaryimage\"},\"thumbnailUrl\":\"https:\/\/portaltela.pt\/s.01k8rhncp4jt1\/2026\/03\/CACHE_780X1200_ANALOG_WATERMARKED_46668919_8501484724573-1.jpg\",\"keywords\":[\"bombardeamentos\",\"conflito\",\"conflitos internacionais\",\"guerra\",\"Israel\",\"Teer\u00e3o\"],\"articleSection\":[\"Internacional\",\"Not\u00edcias\"],\"inLanguage\":\"pt-PT\"},{\"@type\":\"WebPage\",\"@id\":\"https:\/\/portaltela.pt\/noticias\/2026\/03\/06\/israel-bombardeia-teera-no-oitavo-dia-de-conflito\/\",\"url\":\"https:\/\/portaltela.pt\/noticias\/2026\/03\/06\/israel-bombardeia-teera-no-oitavo-dia-de-conflito\/\",\"name\":\"Israel bombardeia Teer\u00e3 no oitavo dia de conflito - Portal Tela Portugal\",\"isPartOf\":{\"@id\":\"https:\/\/portaltela.pt\/#website\"},\"primaryImageOfPage\":{\"@id\":\"https:\/\/portaltela.pt\/noticias\/2026\/03\/06\/israel-bombardeia-teera-no-oitavo-dia-de-conflito\/#primaryimage\"},\"image\":{\"@id\":\"https:\/\/portaltela.pt\/noticias\/2026\/03\/06\/israel-bombardeia-teera-no-oitavo-dia-de-conflito\/#primaryimage\"},\"thumbnailUrl\":\"https:\/\/portaltela.pt\/s.01k8rhncp4jt1\/2026\/03\/CACHE_780X1200_ANALOG_WATERMARKED_46668919_8501484724573-1.jpg\",\"datePublished\":\"2026-03-07T02:40:00+00:00\",\"author\":{\"@id\":\"https:\/\/portaltela.pt\/#\/schema\/person\/c4278d4a6028830caff9ee44b42d32ed\"},\"breadcrumb\":{\"@id\":\"https:\/\/portaltela.pt\/noticias\/2026\/03\/06\/israel-bombardeia-teera-no-oitavo-dia-de-conflito\/#breadcrumb\"},\"inLanguage\":\"pt-PT\",\"potentialAction\":[{\"@type\":\"ReadAction\",\"target\":[\"https:\/\/portaltela.pt\/noticias\/2026\/03\/06\/israel-bombardeia-teera-no-oitavo-dia-de-conflito\/\"]}]},{\"@type\":\"ImageObject\",\"inLanguage\":\"pt-PT\",\"@id\":\"https:\/\/portaltela.pt\/noticias\/2026\/03\/06\/israel-bombardeia-teera-no-oitavo-dia-de-conflito\/#primaryimage\",\"url\":\"https:\/\/portaltela.pt\/s.01k8rhncp4jt1\/2026\/03\/CACHE_780X1200_ANALOG_WATERMARKED_46668919_8501484724573-1.jpg\",\"contentUrl\":\"https:\/\/portaltela.pt\/s.01k8rhncp4jt1\/2026\/03\/CACHE_780X1200_ANALOG_WATERMARKED_46668919_8501484724573-1.jpg\",\"width\":768,\"height\":530,\"caption\":\"Israel bombardeia Teer\u00e3o no oitavo dia da guerra\"},{\"@type\":\"BreadcrumbList\",\"@id\":\"https:\/\/portaltela.pt\/noticias\/2026\/03\/06\/israel-bombardeia-teera-no-oitavo-dia-de-conflito\/#breadcrumb\",\"itemListElement\":[{\"@type\":\"ListItem\",\"position\":1,\"name\":\"In\u00edcio\",\"item\":\"https:\/\/portaltela.pt\/\"},{\"@type\":\"ListItem\",\"position\":2,\"name\":\"Israel bombardeia Teer\u00e3 no oitavo dia de conflito\"}]},{\"@type\":\"WebSite\",\"@id\":\"https:\/\/portaltela.pt\/#website\",\"url\":\"https:\/\/portaltela.pt\/\",\"name\":\"Portal Tela Portugal\",\"description\":\"\",\"potentialAction\":[{\"@type\":\"SearchAction\",\"target\":{\"@type\":\"EntryPoint\",\"urlTemplate\":\"https:\/\/portaltela.pt\/?s={search_term_string}\"},\"query-input\":{\"@type\":\"PropertyValueSpecification\",\"valueRequired\":true,\"valueName\":\"search_term_string\"}}],\"inLanguage\":\"pt-PT\"},{\"@type\":\"Person\",\"@id\":\"https:\/\/portaltela.pt\/#\/schema\/person\/c4278d4a6028830caff9ee44b42d32ed\",\"name\":\"Telinha\",\"image\":{\"@type\":\"ImageObject\",\"inLanguage\":\"pt-PT\",\"@id\":\"https:\/\/portaltela.pt\/s.01k8rhncp4jt1\/2025\/11\/talking-bot-125x125.png\",\"url\":\"https:\/\/portaltela.pt\/s.01k8rhncp4jt1\/2025\/11\/talking-bot-125x125.png\",\"contentUrl\":\"https:\/\/portaltela.pt\/s.01k8rhncp4jt1\/2025\/11\/talking-bot-125x125.png\",\"caption\":\"Telinha\"},\"sameAs\":[\"https:\/\/portaltela.pt\/\"],\"url\":\"https:\/\/portaltela.pt\/por\/367410592786\/\"}]}<\/script>\n<!-- \/ Yoast SEO plugin. -->","yoast_head_json":{"title":"Israel bombardeia Teer\u00e3 no oitavo dia de conflito - Portal Tela Portugal","robots":{"index":"index","follow":"follow","max-snippet":"max-snippet:-1","max-image-preview":"max-image-preview:large","max-video-preview":"max-video-preview:-1"},"og_locale":"pt_PT","og_type":"article","og_title":"Israel bombardeia Teer\u00e3 no oitavo dia de conflito - Portal Tela Portugal","og_description":"Israel bombardeou Teer\u00e3 no oitavo dia da guerra. O resumo n\u00e3o apresenta detalhes adicionais no texto fornecido. A not\u00edcia indica um ataque realizado em Teer\u00e3 durante o oitavo dia do conflito. A imagem associada ao conte\u00fado sugere o tema do ataque.","og_url":"https:\/\/portaltela.pt\/noticias\/2026\/03\/06\/israel-bombardeia-teera-no-oitavo-dia-de-conflito\/","og_site_name":"Portal Tela Portugal","article_published_time":"2026-03-07T02:40:00+00:00","author":"Telinha","twitter_card":"summary_large_image","twitter_misc":{"Escrito por":"Telinha","Tempo estimado de leitura":"1 minuto"},"schema":{"@context":"https:\/\/schema.org","@graph":[{"@type":"Article","@id":"https:\/\/portaltela.pt\/noticias\/2026\/03\/06\/israel-bombardeia-teera-no-oitavo-dia-de-conflito\/#article","isPartOf":{"@id":"https:\/\/portaltela.pt\/noticias\/2026\/03\/06\/israel-bombardeia-teera-no-oitavo-dia-de-conflito\/"},"author":{"name":"Telinha","@id":"https:\/\/portaltela.pt\/#\/schema\/person\/c4278d4a6028830caff9ee44b42d32ed"},"headline":"Israel bombardeia Teer\u00e3 no oitavo dia de conflito","datePublished":"2026-03-07T02:40:00+00:00","mainEntityOfPage":{"@id":"https:\/\/portaltela.pt\/noticias\/2026\/03\/06\/israel-bombardeia-teera-no-oitavo-dia-de-conflito\/"},"wordCount":111,"image":{"@id":"https:\/\/portaltela.pt\/noticias\/2026\/03\/06\/israel-bombardeia-teera-no-oitavo-dia-de-conflito\/#primaryimage"},"thumbnailUrl":"https:\/\/portaltela.pt\/s.01k8rhncp4jt1\/2026\/03\/CACHE_780X1200_ANALOG_WATERMARKED_46668919_8501484724573-1.jpg","keywords":["bombardeamentos","conflito","conflitos internacionais","guerra","Israel","Teer\u00e3o"],"articleSection":["Internacional","Not\u00edcias"],"inLanguage":"pt-PT"},{"@type":"WebPage","@id":"https:\/\/portaltela.pt\/noticias\/2026\/03\/06\/israel-bombardeia-teera-no-oitavo-dia-de-conflito\/","url":"https:\/\/portaltela.pt\/noticias\/2026\/03\/06\/israel-bombardeia-teera-no-oitavo-dia-de-conflito\/","name":"Israel bombardeia Teer\u00e3 no oitavo dia de conflito - Portal Tela Portugal","isPartOf":{"@id":"https:\/\/portaltela.pt\/#website"},"primaryImageOfPage":{"@id":"https:\/\/portaltela.pt\/noticias\/2026\/03\/06\/israel-bombardeia-teera-no-oitavo-dia-de-conflito\/#primaryimage"},"image":{"@id":"https:\/\/portaltela.pt\/noticias\/2026\/03\/06\/israel-bombardeia-teera-no-oitavo-dia-de-conflito\/#primaryimage"},"thumbnailUrl":"https:\/\/portaltela.pt\/s.01k8rhncp4jt1\/2026\/03\/CACHE_780X1200_ANALOG_WATERMARKED_46668919_8501484724573-1.jpg","datePublished":"2026-03-07T02:40:00+00:00","author":{"@id":"https:\/\/portaltela.pt\/#\/schema\/person\/c4278d4a6028830caff9ee44b42d32ed"},"breadcrumb":{"@id":"https:\/\/portaltela.pt\/noticias\/2026\/03\/06\/israel-bombardeia-teera-no-oitavo-dia-de-conflito\/#breadcrumb"},"inLanguage":"pt-PT","potentialAction":[{"@type":"ReadAction","target":["https:\/\/portaltela.pt\/noticias\/2026\/03\/06\/israel-bombardeia-teera-no-oitavo-dia-de-conflito\/"]}]},{"@type":"ImageObject","inLanguage":"pt-PT","@id":"https:\/\/portaltela.pt\/noticias\/2026\/03\/06\/israel-bombardeia-teera-no-oitavo-dia-de-conflito\/#primaryimage","url":"https:\/\/portaltela.pt\/s.01k8rhncp4jt1\/2026\/03\/CACHE_780X1200_ANALOG_WATERMARKED_46668919_8501484724573-1.jpg","contentUrl":"https:\/\/portaltela.pt\/s.01k8rhncp4jt1\/2026\/03\/CACHE_780X1200_ANALOG_WATERMARKED_46668919_8501484724573-1.jpg","width":768,"height":530,"caption":"Israel bombardeia Teer\u00e3o no oitavo dia da guerra"},{"@type":"BreadcrumbList","@id":"https:\/\/portaltela.pt\/noticias\/2026\/03\/06\/israel-bombardeia-teera-no-oitavo-dia-de-conflito\/#breadcrumb","itemListElement":[{"@type":"ListItem","position":1,"name":"In\u00edcio","item":"https:\/\/portaltela.pt\/"},{"@type":"ListItem","position":2,"name":"Israel bombardeia Teer\u00e3 no oitavo dia de conflito"}]},{"@type":"WebSite","@id":"https:\/\/portaltela.pt\/#website","url":"https:\/\/portaltela.pt\/","name":"Portal Tela Portugal","description":"","potentialAction":[{"@type":"SearchAction","target":{"@type":"EntryPoint","urlTemplate":"https:\/\/portaltela.pt\/?s={search_term_string}"},"query-input":{"@type":"PropertyValueSpecification","valueRequired":true,"valueName":"search_term_string"}}],"inLanguage":"pt-PT"},{"@type":"Person","@id":"https:\/\/portaltela.pt\/#\/schema\/person\/c4278d4a6028830caff9ee44b42d32ed","name":"Telinha","image":{"@type":"ImageObject","inLanguage":"pt-PT","@id":"https:\/\/portaltela.pt\/s.01k8rhncp4jt1\/2025\/11\/talking-bot-125x125.png","url":"https:\/\/portaltela.pt\/s.01k8rhncp4jt1\/2025\/11\/talking-bot-125x125.png","contentUrl":"https:\/\/portaltela.pt\/s.01k8rhncp4jt1\/2025\/11\/talking-bot-125x125.png","caption":"Telinha"},"sameAs":["https:\/\/portaltela.pt\/"],"url":"https:\/\/portaltela.pt\/por\/367410592786\/"}]}},"_links":{"self":[{"href":"https:\/\/portaltela.pt\/api\/wp\/v2\/posts\/401203","targetHints":{"allow":["GET"]}}],"collection":[{"href":"https:\/\/portaltela.pt\/api\/wp\/v2\/posts"}],"about":[{"href":"https:\/\/portaltela.pt\/api\/wp\/v2\/types\/post"}],"author":[{"embeddable":true,"href":"https:\/\/portaltela.pt\/api\/wp\/v2\/users\/2"}],"replies":[{"embeddable":true,"href":"https:\/\/portaltela.pt\/api\/wp\/v2\/comments?post=401203"}],"version-history":[{"count":0,"href":"https:\/\/portaltela.pt\/api\/wp\/v2\/posts\/401203\/revisions"}],"wp:featuredmedia":[{"embeddable":true,"href":"https:\/\/portaltela.pt\/api\/wp\/v2\/media\/401204"}],"wp:attachment":[{"href":"https:\/\/portaltela.pt\/api\/wp\/v2\/media?parent=401203"}],"wp:term":[{"taxonomy":"category","embeddable":true,"href":"https:\/\/portaltela.pt\/api\/wp\/v2\/categories?post=401203"},{"taxonomy":"post_tag","embeddable":true,"href":"https:\/\/portaltela.pt\/api\/wp\/v2\/tags?post=401203"}],"curies":[{"name":"wp","href":"https:\/\/api.w.org\/{rel}","templated":true}]}}