{"id":401200,"date":"2026-03-07T06:58:38","date_gmt":"2026-03-07T09:58:38","guid":{"rendered":"https:\/\/portaltela.pt\/noticias\/2026\/03\/07\/ineditos-de-pessoa-e-javier-marias-marcam-estreias-literarias-de-marco\/"},"modified":"2026-03-07T06:58:38","modified_gmt":"2026-03-07T09:58:38","slug":"ineditos-de-pessoa-e-javier-marias-marcam-estreias-literarias-de-marco","status":"publish","type":"post","link":"https:\/\/portaltela.pt\/noticias\/internacional\/2026\/03\/07\/ineditos-de-pessoa-e-javier-marias-marcam-estreias-literarias-de-marco\/","title":{"rendered":"In\u00e9ditos de Pessoa e Javier Mar\u00edas marcam estreias liter\u00e1rias de mar\u00e7o"},"content":{"rendered":"<p>Duas signas internacionais dominam as novidades editoriais de mar\u00e7o: Iris Wollf, escritora alem\u00e3 nascida na Rom\u00e9nia, chega a Portugal pela primeira vez com Clareiras. David \u00dacles estreia com A pen\u00ednsula das casas vazias, romance premiado sobre a Guerra Civil Espanhola, permanecendo relevante ap\u00f3s dois anos desde a sua publica\u00e7\u00e3o.<\/p>\n<p>A Dom Quixote apresenta ainda Triunfo do triunfo e outros contos escolhidos, de Lu\u00edsa Costa Gomes, reunindo contos dispersos. Carla Louro estreia com Entra-se na casa pelo p\u00e1tio, ap\u00f3s vencer o Pr\u00e9mio de Poesia Nuno J\u00fadice. Anne Serre prop\u00f5e Um chap\u00e9u de leopardo, finalista do Booker 2025.<\/p>\n<h3>Destaques internacionais e teatro<\/h3>\n<p>Davide Enia lan\u00e7a Autorretrato. Instru\u00e7\u00f5es para Sobreviver \u00e0 m\u00e1fia, que mistura mem\u00f3ria pessoal com a experi\u00eancia siciliana. John Banville, vencedor do Booker, publica Entardecer em Veneza, na Dom Quixote. Erri de Luca assina Endireitar a economia e Imposs\u00edvel, que unem narrativa e reflex\u00e3o social.<\/p>\n<h3>Autores lus\u00f3fonos e perspectivas contempor\u00e2neas<\/h3>\n<p>Morgane Delaunay revela Retornados, an\u00e1lise de fen\u00f3menos marcantes da hist\u00f3ria portuguesa recente. Wolfram Eilenberger encerra a trilogia sobre fil\u00f3sofos do s\u00e9culo XX com Espir\u00edtos do presente. Anthony Gottlieb estreia a biografia Ludwig Wittgenstein, considerada a mais completa sobre o pensador.<\/p>\n<h3>Reedi\u00e7\u00f5es e novas vozes<\/h3>\n<p>Alfaguara reexp\u00f5e Alba de C\u00e9spedes em Nas palavras dela, explorando amor e liberdade feminina na It\u00e1lia fascista, e Elizabeth Strout lan\u00e7a Os irm\u00e3os Burgess, sobre fam\u00edlia e perd\u00e3o. Javier Mar\u00edas estreia Portugal com Negras costas do tempo, romance que questiona fronteiras entre realidade e fic\u00e7\u00e3o, numa publica\u00e7\u00e3o in\u00e9dita no pa\u00eds.<\/p>\n<p>Katie Kitamura apresenta Audi\u00e7\u00e3o, finalista do Booker, centrado em identidade e rela\u00e7\u00f5es humanas. Vera Iaconelli, na Companhia das Letras, publica An\u00e1lise. Notas do div\u00e3, que investiga o papel da terapeuta no consult\u00f3rio.<\/p>\n<h3>Continuidade de t\u00edtulos e renova\u00e7\u00e3o<\/h3>\n<p>La\u00e7os de fam\u00edlia, de Clarice Lispector, chega numa edi\u00e7\u00e3o que re\u00fane treze contos sobre crises existenciais. Ana Cl\u00e1udia Santos assina A morsa \u2014 Contos de inoc\u00eancia e viol\u00eancia, explorando mem\u00f3rias afetivas. Cavalo de Ferro traz C\u00e9sar Aira com A prova, sobre punk e liberdade.<\/p>\n<p>Georges Simenon reaparece com O C\u00edrculo dos Mah\u00e9, romance psicol\u00f3gico. Clara Us\u00f3n abre a Elsinore com As feras, retratando a ETA e a Espanha dos anos 1980. Penguin Cl\u00e1ssicos publica textos in\u00e9ditos de Pessoa em Uma hist\u00f3ria da literatura portuguesa.<\/p>\n<h3>Contexto editorial<\/h3>\n<p>Olympe de Gouges assina Declara\u00e7\u00e3o dos Direitos da Mulher e da Cidad\u00e3, uma resposta hist\u00f3rica a exclus\u00f5es. Guerra e Paz aposta em Ano zero, de Jo\u00e3o C\u00e9u e Silva, e no di\u00e1logo entre Jos\u00e9 Barata-Moura e Jos\u00e9 Jorge Letria, sobre filosofia e cultura. Gradiva traz Hochschild e George Steiner, al\u00e9m de novas obras de Oyinkan Braithwaite e Sidarta Ribeiro.<\/p>\n","protected":false},"excerpt":{"rendered":"<ul>\n<li>Em mar\u00e7o, a Dom Quixote destaca novidades internacionais: Iris Wollf estreia em Portugal com Clareiras, e David \u00dacles publica A pen\u00ednsula das casas vazias, romance premiado sobre a guerra civil espanhola.<\/li>\n<li>A edi\u00e7\u00e3o em Portugal da Leya traz Triunfo do triunfo e outros contos escolhidos, de Lu\u00edsa Costa Gomes, reunindo contos dispersos; Carla Louro estreia com Entra-se na casa pelo p\u00e1tio, vencedora do Pr\u00e9mio de Poesia Nuno J\u00fadice; e Um chap\u00e9u de leopardo, de Anne Serre, finalista do Booker 2025.<\/li>\n<li>Na Dom Quixote consta ainda Autorretrato. Instru\u00e7\u00f5es para Sobreviver \u00e0 m\u00e1fia, de Davide Enia, que \u00e9 tamb\u00e9m uma pe\u00e7a de teatro; John Banville publica Entardecer em Veneza; Erri de Luca chega com Imposs\u00edvel e Endireitar a economia.<\/li>\n<li>Javier Mar\u00edas estreia-se em Portugal com Negras costas do tempo; Katie Kitamura lan\u00e7a Audi\u00e7\u00e3o, finalista do Booker; Vera Iaconelli apresenta An\u00e1lise. Notas do div\u00e3 pela Companhia das Letras.<\/li>\n<li>Outras novidades relevantes incluem Alba de C\u00e9spedes Nas palavras dela; Elizabeth Strout Os irm\u00e3os Burgess; e t\u00edtulos complementares de Clarice Lispector, Ana Cl\u00e1udia Santos e Georges Simenon em v\u00e1rias editoras.<\/li>\n<\/ul>\n","protected":false},"author":2,"featured_media":401201,"comment_status":"closed","ping_status":"closed","sticky":false,"template":"","format":"standard","meta":{"footnotes":""},"categories":[4,1],"tags":[6657,145,2404,106,130,1014],"class_list":["post-401200","post","type-post","status-publish","format-standard","has-post-thumbnail","hentry","category-internacional","category-noticias","tag-autores","tag-cultura","tag-edicao","tag-literatura","tag-livros","tag-portugal"],"yoast_head":"<!-- This site is optimized with the Yoast SEO plugin v27.2 - https:\/\/yoast.com\/product\/yoast-seo-wordpress\/ -->\n<title>In\u00e9ditos de Pessoa e Javier Mar\u00edas marcam estreias liter\u00e1rias de mar\u00e7o - Portal Tela Portugal<\/title>\n<meta name=\"robots\" content=\"index, follow, max-snippet:-1, max-image-preview:large, max-video-preview:-1\" \/>\n<meta property=\"og:locale\" content=\"pt_PT\" \/>\n<meta property=\"og:type\" content=\"article\" \/>\n<meta property=\"og:title\" content=\"In\u00e9ditos de Pessoa e Javier Mar\u00edas marcam estreias liter\u00e1rias de mar\u00e7o - Portal Tela Portugal\" \/>\n<meta property=\"og:description\" content=\"Em mar\u00e7o, a Dom Quixote destaca novidades internacionais: Iris Wollf estreia em Portugal com Clareiras, e David \u00dacles publica A pen\u00ednsula das casas vazias, romance premiado sobre a guerra civil espanhola. A edi\u00e7\u00e3o em Portugal da Leya traz Triunfo do triunfo e outros contos escolhidos, de Lu\u00edsa Costa Gomes, reunindo contos dispersos; Carla Louro estreia com Entra-se na casa pelo p\u00e1tio, vencedora do Pr\u00e9mio de Poesia Nuno J\u00fadice; e Um chap\u00e9u de leopardo, de Anne Serre, finalista do Booker 2025. Na Dom Quixote consta ainda Autorretrato. Instru\u00e7\u00f5es para Sobreviver \u00e0 m\u00e1fia, de Davide Enia, que \u00e9 tamb\u00e9m uma pe\u00e7a de teatro; John Banville publica Entardecer em Veneza; Erri de Luca chega com Imposs\u00edvel e Endireitar a economia. Javier Mar\u00edas estreia-se em Portugal com Negras costas do tempo; Katie Kitamura lan\u00e7a Audi\u00e7\u00e3o, finalista do Booker; Vera Iaconelli apresenta An\u00e1lise. Notas do div\u00e3 pela Companhia das Letras. Outras novidades relevantes incluem Alba de C\u00e9spedes Nas palavras dela; Elizabeth Strout Os irm\u00e3os Burgess; e t\u00edtulos complementares de Clarice Lispector, Ana Cl\u00e1udia Santos e Georges Simenon em v\u00e1rias editoras.\" \/>\n<meta property=\"og:url\" content=\"https:\/\/portaltela.pt\/noticias\/2026\/03\/07\/ineditos-de-pessoa-e-javier-marias-marcam-estreias-literarias-de-marco\/\" \/>\n<meta property=\"og:site_name\" content=\"Portal Tela Portugal\" \/>\n<meta property=\"article:published_time\" content=\"2026-03-07T09:58:38+00:00\" \/>\n<meta name=\"author\" content=\"Telinha\" \/>\n<meta name=\"twitter:card\" content=\"summary_large_image\" \/>\n<meta name=\"twitter:label1\" content=\"Escrito por\" \/>\n\t<meta name=\"twitter:data1\" content=\"Telinha\" \/>\n\t<meta name=\"twitter:label2\" content=\"Tempo estimado de leitura\" \/>\n\t<meta name=\"twitter:data2\" content=\"2 minutos\" \/>\n<script type=\"application\/ld+json\" class=\"yoast-schema-graph\">{\"@context\":\"https:\/\/schema.org\",\"@graph\":[{\"@type\":\"Article\",\"@id\":\"https:\/\/portaltela.pt\/noticias\/2026\/03\/07\/ineditos-de-pessoa-e-javier-marias-marcam-estreias-literarias-de-marco\/#article\",\"isPartOf\":{\"@id\":\"https:\/\/portaltela.pt\/noticias\/2026\/03\/07\/ineditos-de-pessoa-e-javier-marias-marcam-estreias-literarias-de-marco\/\"},\"author\":{\"name\":\"Telinha\",\"@id\":\"https:\/\/portaltela.pt\/#\/schema\/person\/c4278d4a6028830caff9ee44b42d32ed\"},\"headline\":\"In\u00e9ditos de Pessoa e Javier Mar\u00edas marcam estreias liter\u00e1rias de mar\u00e7o\",\"datePublished\":\"2026-03-07T09:58:38+00:00\",\"mainEntityOfPage\":{\"@id\":\"https:\/\/portaltela.pt\/noticias\/2026\/03\/07\/ineditos-de-pessoa-e-javier-marias-marcam-estreias-literarias-de-marco\/\"},\"wordCount\":504,\"image\":{\"@id\":\"https:\/\/portaltela.pt\/noticias\/2026\/03\/07\/ineditos-de-pessoa-e-javier-marias-marcam-estreias-literarias-de-marco\/#primaryimage\"},\"thumbnailUrl\":\"https:\/\/portaltela.pt\/s.01k8rhncp4jt1\/2026\/03\/img_1500x1000uu2021-05-28-01-23-57-1044588.jpg\",\"keywords\":[\"autores\",\"cultura\",\"Edi\u00e7\u00e3o\",\"literatura\",\"livros\",\"Portugal\"],\"articleSection\":[\"Internacional\",\"Not\u00edcias\"],\"inLanguage\":\"pt-PT\"},{\"@type\":\"WebPage\",\"@id\":\"https:\/\/portaltela.pt\/noticias\/2026\/03\/07\/ineditos-de-pessoa-e-javier-marias-marcam-estreias-literarias-de-marco\/\",\"url\":\"https:\/\/portaltela.pt\/noticias\/2026\/03\/07\/ineditos-de-pessoa-e-javier-marias-marcam-estreias-literarias-de-marco\/\",\"name\":\"In\u00e9ditos de Pessoa e Javier Mar\u00edas marcam estreias liter\u00e1rias de mar\u00e7o - Portal Tela Portugal\",\"isPartOf\":{\"@id\":\"https:\/\/portaltela.pt\/#website\"},\"primaryImageOfPage\":{\"@id\":\"https:\/\/portaltela.pt\/noticias\/2026\/03\/07\/ineditos-de-pessoa-e-javier-marias-marcam-estreias-literarias-de-marco\/#primaryimage\"},\"image\":{\"@id\":\"https:\/\/portaltela.pt\/noticias\/2026\/03\/07\/ineditos-de-pessoa-e-javier-marias-marcam-estreias-literarias-de-marco\/#primaryimage\"},\"thumbnailUrl\":\"https:\/\/portaltela.pt\/s.01k8rhncp4jt1\/2026\/03\/img_1500x1000uu2021-05-28-01-23-57-1044588.jpg\",\"datePublished\":\"2026-03-07T09:58:38+00:00\",\"author\":{\"@id\":\"https:\/\/portaltela.pt\/#\/schema\/person\/c4278d4a6028830caff9ee44b42d32ed\"},\"breadcrumb\":{\"@id\":\"https:\/\/portaltela.pt\/noticias\/2026\/03\/07\/ineditos-de-pessoa-e-javier-marias-marcam-estreias-literarias-de-marco\/#breadcrumb\"},\"inLanguage\":\"pt-PT\",\"potentialAction\":[{\"@type\":\"ReadAction\",\"target\":[\"https:\/\/portaltela.pt\/noticias\/2026\/03\/07\/ineditos-de-pessoa-e-javier-marias-marcam-estreias-literarias-de-marco\/\"]}]},{\"@type\":\"ImageObject\",\"inLanguage\":\"pt-PT\",\"@id\":\"https:\/\/portaltela.pt\/noticias\/2026\/03\/07\/ineditos-de-pessoa-e-javier-marias-marcam-estreias-literarias-de-marco\/#primaryimage\",\"url\":\"https:\/\/portaltela.pt\/s.01k8rhncp4jt1\/2026\/03\/img_1500x1000uu2021-05-28-01-23-57-1044588.jpg\",\"contentUrl\":\"https:\/\/portaltela.pt\/s.01k8rhncp4jt1\/2026\/03\/img_1500x1000uu2021-05-28-01-23-57-1044588.jpg\",\"width\":796,\"height\":448,\"caption\":\"In\u00e9ditos de Pessoa e Javier Mar\u00edas, autores premiados e estreias nos novos livros de mar\u00e7o\"},{\"@type\":\"BreadcrumbList\",\"@id\":\"https:\/\/portaltela.pt\/noticias\/2026\/03\/07\/ineditos-de-pessoa-e-javier-marias-marcam-estreias-literarias-de-marco\/#breadcrumb\",\"itemListElement\":[{\"@type\":\"ListItem\",\"position\":1,\"name\":\"In\u00edcio\",\"item\":\"https:\/\/portaltela.pt\/\"},{\"@type\":\"ListItem\",\"position\":2,\"name\":\"In\u00e9ditos de Pessoa e Javier Mar\u00edas marcam estreias liter\u00e1rias de mar\u00e7o\"}]},{\"@type\":\"WebSite\",\"@id\":\"https:\/\/portaltela.pt\/#website\",\"url\":\"https:\/\/portaltela.pt\/\",\"name\":\"Portal Tela Portugal\",\"description\":\"\",\"potentialAction\":[{\"@type\":\"SearchAction\",\"target\":{\"@type\":\"EntryPoint\",\"urlTemplate\":\"https:\/\/portaltela.pt\/?s={search_term_string}\"},\"query-input\":{\"@type\":\"PropertyValueSpecification\",\"valueRequired\":true,\"valueName\":\"search_term_string\"}}],\"inLanguage\":\"pt-PT\"},{\"@type\":\"Person\",\"@id\":\"https:\/\/portaltela.pt\/#\/schema\/person\/c4278d4a6028830caff9ee44b42d32ed\",\"name\":\"Telinha\",\"image\":{\"@type\":\"ImageObject\",\"inLanguage\":\"pt-PT\",\"@id\":\"https:\/\/portaltela.pt\/s.01k8rhncp4jt1\/2025\/11\/talking-bot-125x125.png\",\"url\":\"https:\/\/portaltela.pt\/s.01k8rhncp4jt1\/2025\/11\/talking-bot-125x125.png\",\"contentUrl\":\"https:\/\/portaltela.pt\/s.01k8rhncp4jt1\/2025\/11\/talking-bot-125x125.png\",\"caption\":\"Telinha\"},\"sameAs\":[\"https:\/\/portaltela.pt\/\"],\"url\":\"https:\/\/portaltela.pt\/por\/367410592786\/\"}]}<\/script>\n<!-- \/ Yoast SEO plugin. -->","yoast_head_json":{"title":"In\u00e9ditos de Pessoa e Javier Mar\u00edas marcam estreias liter\u00e1rias de mar\u00e7o - Portal Tela Portugal","robots":{"index":"index","follow":"follow","max-snippet":"max-snippet:-1","max-image-preview":"max-image-preview:large","max-video-preview":"max-video-preview:-1"},"og_locale":"pt_PT","og_type":"article","og_title":"In\u00e9ditos de Pessoa e Javier Mar\u00edas marcam estreias liter\u00e1rias de mar\u00e7o - Portal Tela Portugal","og_description":"Em mar\u00e7o, a Dom Quixote destaca novidades internacionais: Iris Wollf estreia em Portugal com Clareiras, e David \u00dacles publica A pen\u00ednsula das casas vazias, romance premiado sobre a guerra civil espanhola. A edi\u00e7\u00e3o em Portugal da Leya traz Triunfo do triunfo e outros contos escolhidos, de Lu\u00edsa Costa Gomes, reunindo contos dispersos; Carla Louro estreia com Entra-se na casa pelo p\u00e1tio, vencedora do Pr\u00e9mio de Poesia Nuno J\u00fadice; e Um chap\u00e9u de leopardo, de Anne Serre, finalista do Booker 2025. Na Dom Quixote consta ainda Autorretrato. Instru\u00e7\u00f5es para Sobreviver \u00e0 m\u00e1fia, de Davide Enia, que \u00e9 tamb\u00e9m uma pe\u00e7a de teatro; John Banville publica Entardecer em Veneza; Erri de Luca chega com Imposs\u00edvel e Endireitar a economia. Javier Mar\u00edas estreia-se em Portugal com Negras costas do tempo; Katie Kitamura lan\u00e7a Audi\u00e7\u00e3o, finalista do Booker; Vera Iaconelli apresenta An\u00e1lise. Notas do div\u00e3 pela Companhia das Letras. Outras novidades relevantes incluem Alba de C\u00e9spedes Nas palavras dela; Elizabeth Strout Os irm\u00e3os Burgess; e t\u00edtulos complementares de Clarice Lispector, Ana Cl\u00e1udia Santos e Georges Simenon em v\u00e1rias editoras.","og_url":"https:\/\/portaltela.pt\/noticias\/2026\/03\/07\/ineditos-de-pessoa-e-javier-marias-marcam-estreias-literarias-de-marco\/","og_site_name":"Portal Tela Portugal","article_published_time":"2026-03-07T09:58:38+00:00","author":"Telinha","twitter_card":"summary_large_image","twitter_misc":{"Escrito por":"Telinha","Tempo estimado de leitura":"2 minutos"},"schema":{"@context":"https:\/\/schema.org","@graph":[{"@type":"Article","@id":"https:\/\/portaltela.pt\/noticias\/2026\/03\/07\/ineditos-de-pessoa-e-javier-marias-marcam-estreias-literarias-de-marco\/#article","isPartOf":{"@id":"https:\/\/portaltela.pt\/noticias\/2026\/03\/07\/ineditos-de-pessoa-e-javier-marias-marcam-estreias-literarias-de-marco\/"},"author":{"name":"Telinha","@id":"https:\/\/portaltela.pt\/#\/schema\/person\/c4278d4a6028830caff9ee44b42d32ed"},"headline":"In\u00e9ditos de Pessoa e Javier Mar\u00edas marcam estreias liter\u00e1rias de mar\u00e7o","datePublished":"2026-03-07T09:58:38+00:00","mainEntityOfPage":{"@id":"https:\/\/portaltela.pt\/noticias\/2026\/03\/07\/ineditos-de-pessoa-e-javier-marias-marcam-estreias-literarias-de-marco\/"},"wordCount":504,"image":{"@id":"https:\/\/portaltela.pt\/noticias\/2026\/03\/07\/ineditos-de-pessoa-e-javier-marias-marcam-estreias-literarias-de-marco\/#primaryimage"},"thumbnailUrl":"https:\/\/portaltela.pt\/s.01k8rhncp4jt1\/2026\/03\/img_1500x1000uu2021-05-28-01-23-57-1044588.jpg","keywords":["autores","cultura","Edi\u00e7\u00e3o","literatura","livros","Portugal"],"articleSection":["Internacional","Not\u00edcias"],"inLanguage":"pt-PT"},{"@type":"WebPage","@id":"https:\/\/portaltela.pt\/noticias\/2026\/03\/07\/ineditos-de-pessoa-e-javier-marias-marcam-estreias-literarias-de-marco\/","url":"https:\/\/portaltela.pt\/noticias\/2026\/03\/07\/ineditos-de-pessoa-e-javier-marias-marcam-estreias-literarias-de-marco\/","name":"In\u00e9ditos de Pessoa e Javier Mar\u00edas marcam estreias liter\u00e1rias de mar\u00e7o - Portal Tela Portugal","isPartOf":{"@id":"https:\/\/portaltela.pt\/#website"},"primaryImageOfPage":{"@id":"https:\/\/portaltela.pt\/noticias\/2026\/03\/07\/ineditos-de-pessoa-e-javier-marias-marcam-estreias-literarias-de-marco\/#primaryimage"},"image":{"@id":"https:\/\/portaltela.pt\/noticias\/2026\/03\/07\/ineditos-de-pessoa-e-javier-marias-marcam-estreias-literarias-de-marco\/#primaryimage"},"thumbnailUrl":"https:\/\/portaltela.pt\/s.01k8rhncp4jt1\/2026\/03\/img_1500x1000uu2021-05-28-01-23-57-1044588.jpg","datePublished":"2026-03-07T09:58:38+00:00","author":{"@id":"https:\/\/portaltela.pt\/#\/schema\/person\/c4278d4a6028830caff9ee44b42d32ed"},"breadcrumb":{"@id":"https:\/\/portaltela.pt\/noticias\/2026\/03\/07\/ineditos-de-pessoa-e-javier-marias-marcam-estreias-literarias-de-marco\/#breadcrumb"},"inLanguage":"pt-PT","potentialAction":[{"@type":"ReadAction","target":["https:\/\/portaltela.pt\/noticias\/2026\/03\/07\/ineditos-de-pessoa-e-javier-marias-marcam-estreias-literarias-de-marco\/"]}]},{"@type":"ImageObject","inLanguage":"pt-PT","@id":"https:\/\/portaltela.pt\/noticias\/2026\/03\/07\/ineditos-de-pessoa-e-javier-marias-marcam-estreias-literarias-de-marco\/#primaryimage","url":"https:\/\/portaltela.pt\/s.01k8rhncp4jt1\/2026\/03\/img_1500x1000uu2021-05-28-01-23-57-1044588.jpg","contentUrl":"https:\/\/portaltela.pt\/s.01k8rhncp4jt1\/2026\/03\/img_1500x1000uu2021-05-28-01-23-57-1044588.jpg","width":796,"height":448,"caption":"In\u00e9ditos de Pessoa e Javier Mar\u00edas, autores premiados e estreias nos novos livros de mar\u00e7o"},{"@type":"BreadcrumbList","@id":"https:\/\/portaltela.pt\/noticias\/2026\/03\/07\/ineditos-de-pessoa-e-javier-marias-marcam-estreias-literarias-de-marco\/#breadcrumb","itemListElement":[{"@type":"ListItem","position":1,"name":"In\u00edcio","item":"https:\/\/portaltela.pt\/"},{"@type":"ListItem","position":2,"name":"In\u00e9ditos de Pessoa e Javier Mar\u00edas marcam estreias liter\u00e1rias de mar\u00e7o"}]},{"@type":"WebSite","@id":"https:\/\/portaltela.pt\/#website","url":"https:\/\/portaltela.pt\/","name":"Portal Tela Portugal","description":"","potentialAction":[{"@type":"SearchAction","target":{"@type":"EntryPoint","urlTemplate":"https:\/\/portaltela.pt\/?s={search_term_string}"},"query-input":{"@type":"PropertyValueSpecification","valueRequired":true,"valueName":"search_term_string"}}],"inLanguage":"pt-PT"},{"@type":"Person","@id":"https:\/\/portaltela.pt\/#\/schema\/person\/c4278d4a6028830caff9ee44b42d32ed","name":"Telinha","image":{"@type":"ImageObject","inLanguage":"pt-PT","@id":"https:\/\/portaltela.pt\/s.01k8rhncp4jt1\/2025\/11\/talking-bot-125x125.png","url":"https:\/\/portaltela.pt\/s.01k8rhncp4jt1\/2025\/11\/talking-bot-125x125.png","contentUrl":"https:\/\/portaltela.pt\/s.01k8rhncp4jt1\/2025\/11\/talking-bot-125x125.png","caption":"Telinha"},"sameAs":["https:\/\/portaltela.pt\/"],"url":"https:\/\/portaltela.pt\/por\/367410592786\/"}]}},"_links":{"self":[{"href":"https:\/\/portaltela.pt\/api\/wp\/v2\/posts\/401200","targetHints":{"allow":["GET"]}}],"collection":[{"href":"https:\/\/portaltela.pt\/api\/wp\/v2\/posts"}],"about":[{"href":"https:\/\/portaltela.pt\/api\/wp\/v2\/types\/post"}],"author":[{"embeddable":true,"href":"https:\/\/portaltela.pt\/api\/wp\/v2\/users\/2"}],"replies":[{"embeddable":true,"href":"https:\/\/portaltela.pt\/api\/wp\/v2\/comments?post=401200"}],"version-history":[{"count":0,"href":"https:\/\/portaltela.pt\/api\/wp\/v2\/posts\/401200\/revisions"}],"wp:featuredmedia":[{"embeddable":true,"href":"https:\/\/portaltela.pt\/api\/wp\/v2\/media\/401201"}],"wp:attachment":[{"href":"https:\/\/portaltela.pt\/api\/wp\/v2\/media?parent=401200"}],"wp:term":[{"taxonomy":"category","embeddable":true,"href":"https:\/\/portaltela.pt\/api\/wp\/v2\/categories?post=401200"},{"taxonomy":"post_tag","embeddable":true,"href":"https:\/\/portaltela.pt\/api\/wp\/v2\/tags?post=401200"}],"curies":[{"name":"wp","href":"https:\/\/api.w.org\/{rel}","templated":true}]}}