{"id":401184,"date":"2026-03-07T06:42:00","date_gmt":"2026-03-07T09:42:00","guid":{"rendered":"https:\/\/portaltela.pt\/noticias\/2026\/03\/07\/turista-dubai-relata-fim-de-semana-de-terror-e-ansiedade-pela-volta-a-portugal\/"},"modified":"2026-03-07T06:42:00","modified_gmt":"2026-03-07T09:42:00","slug":"turista-dubai-relata-fim-de-semana-de-terror-e-ansiedade-pela-volta-a-portugal","status":"publish","type":"post","link":"https:\/\/portaltela.pt\/noticias\/2026\/03\/07\/turista-dubai-relata-fim-de-semana-de-terror-e-ansiedade-pela-volta-a-portugal\/","title":{"rendered":"Turista Dubai relata fim de semana de terror e ansiedade pela volta a Portugal"},"content":{"rendered":"<p>Uma turista portuguesa em Dubai revelou \u00e0 CMTV um fim-de-semana vivido entre o que descreve como momentos de p\u00e2nico e a ansiedade associada ao regresso a Portugal. A cronologia apresentada centrou-se em acontecimentos ocorridos durante a estadia na cidade.<\/p>\n<p>Segundo o relato transmitido pelos sonhos de um jornal, os epis\u00f3dios de tens\u00e3o ter\u00e3o acontecido em ambiente urbano, com impactos no bem-estar emocional da viajante. A fonte descreveu que a ansiedade aumentou ao aproximar-se o regresso ao pa\u00eds de origem, sem detalhar fatores espec\u00edficos que motivassem o sentimento.<\/p>\n<p>A entrevista, publicada pela CMTV, situa os eventos entre o fim de semana em Dubai e o planeamento da viagem de retorno. O objetivo do depoimento foi partilhar a viv\u00eancia pessoal durante o epis\u00f3dio, sem indicar responsabilidades ou causas externas dos incidentes relatados.<\/p>\n<p>N\u00e3o foram fornecidos dados adicionais sobre identidades, locais precisos nem datas exatas dentro do per\u00edodo descrito. O portal limita-se a reportar o relato da turista, sem emitir ju\u00edzos de valor ou conclus\u00f5es.<\/p>\n","protected":false},"excerpt":{"rendered":"<ul>\n<li>Uma turista descreve um fim-de-semana de terror no Dubai.<\/li>\n<li>Ela tamb\u00e9m, afirma sentir ansiedade quanto ao regresso a Portugal.<\/li>\n<li>A descri\u00e7\u00e3o foi feita \u00e0 CMTV, com relatos de momentos de p\u00e2nico ap\u00f3s ataques.<\/li>\n<li>A not\u00edcia foi publicada em 07 de mar\u00e7o de 2026, \u00e0s 09:42.<\/li>\n<li>O testemunho envolve a experi\u00eancia da turista durante o fim-de-semana no Dubai.<\/li>\n<\/ul>\n","protected":false},"author":2,"featured_media":401191,"comment_status":"closed","ping_status":"closed","sticky":false,"template":"","format":"standard","meta":{"footnotes":""},"categories":[1],"tags":[3350,6014,1014,55,169,71],"class_list":["post-401184","post","type-post","status-publish","format-standard","has-post-thumbnail","hentry","category-noticias","tag-ansiedade","tag-noticias-internacionais","tag-portugal","tag-saude-mental","tag-turismo","tag-viagens"],"yoast_head":"<!-- This site is optimized with the Yoast SEO plugin v27.2 - https:\/\/yoast.com\/product\/yoast-seo-wordpress\/ -->\n<title>Turista Dubai relata fim de semana de terror e ansiedade pela volta a Portugal - Portal Tela Portugal<\/title>\n<meta name=\"robots\" content=\"index, follow, max-snippet:-1, max-image-preview:large, max-video-preview:-1\" \/>\n<meta property=\"og:locale\" content=\"pt_PT\" \/>\n<meta property=\"og:type\" content=\"article\" \/>\n<meta property=\"og:title\" content=\"Turista Dubai relata fim de semana de terror e ansiedade pela volta a Portugal - Portal Tela Portugal\" \/>\n<meta property=\"og:description\" content=\"Uma turista descreve um fim-de-semana de terror no Dubai. Ela tamb\u00e9m, afirma sentir ansiedade quanto ao regresso a Portugal. A descri\u00e7\u00e3o foi feita \u00e0 CMTV, com relatos de momentos de p\u00e2nico ap\u00f3s ataques. A not\u00edcia foi publicada em 07 de mar\u00e7o de 2026, \u00e0s 09:42. O testemunho envolve a experi\u00eancia da turista durante o fim-de-semana no Dubai.\" \/>\n<meta property=\"og:url\" content=\"https:\/\/portaltela.pt\/noticias\/2026\/03\/07\/turista-dubai-relata-fim-de-semana-de-terror-e-ansiedade-pela-volta-a-portugal\/\" \/>\n<meta property=\"og:site_name\" content=\"Portal Tela Portugal\" \/>\n<meta property=\"article:published_time\" content=\"2026-03-07T09:42:00+00:00\" \/>\n<meta name=\"author\" content=\"Telinha\" \/>\n<meta name=\"twitter:card\" content=\"summary_large_image\" \/>\n<meta name=\"twitter:label1\" content=\"Escrito por\" \/>\n\t<meta name=\"twitter:data1\" content=\"Telinha\" \/>\n\t<meta name=\"twitter:label2\" content=\"Tempo estimado de leitura\" \/>\n\t<meta name=\"twitter:data2\" content=\"1 minuto\" \/>\n<script type=\"application\/ld+json\" class=\"yoast-schema-graph\">{\"@context\":\"https:\/\/schema.org\",\"@graph\":[{\"@type\":\"Article\",\"@id\":\"https:\/\/portaltela.pt\/noticias\/2026\/03\/07\/turista-dubai-relata-fim-de-semana-de-terror-e-ansiedade-pela-volta-a-portugal\/#article\",\"isPartOf\":{\"@id\":\"https:\/\/portaltela.pt\/noticias\/2026\/03\/07\/turista-dubai-relata-fim-de-semana-de-terror-e-ansiedade-pela-volta-a-portugal\/\"},\"author\":{\"name\":\"Telinha\",\"@id\":\"https:\/\/portaltela.pt\/#\/schema\/person\/c4278d4a6028830caff9ee44b42d32ed\"},\"headline\":\"Turista Dubai relata fim de semana de terror e ansiedade pela volta a Portugal\",\"datePublished\":\"2026-03-07T09:42:00+00:00\",\"mainEntityOfPage\":{\"@id\":\"https:\/\/portaltela.pt\/noticias\/2026\/03\/07\/turista-dubai-relata-fim-de-semana-de-terror-e-ansiedade-pela-volta-a-portugal\/\"},\"wordCount\":187,\"image\":{\"@id\":\"https:\/\/portaltela.pt\/noticias\/2026\/03\/07\/turista-dubai-relata-fim-de-semana-de-terror-e-ansiedade-pela-volta-a-portugal\/#primaryimage\"},\"thumbnailUrl\":\"https:\/\/portaltela.pt\/s.01k8rhncp4jt1\/2026\/03\/img_1280x722uu2026-03-07-09-39-53-2270936.jpg\",\"keywords\":[\"ansiedade\",\"not\u00edcias internacionais\",\"Portugal\",\"sa\u00fade mental\",\"turismo\",\"viagens\"],\"articleSection\":[\"Not\u00edcias\"],\"inLanguage\":\"pt-PT\"},{\"@type\":\"WebPage\",\"@id\":\"https:\/\/portaltela.pt\/noticias\/2026\/03\/07\/turista-dubai-relata-fim-de-semana-de-terror-e-ansiedade-pela-volta-a-portugal\/\",\"url\":\"https:\/\/portaltela.pt\/noticias\/2026\/03\/07\/turista-dubai-relata-fim-de-semana-de-terror-e-ansiedade-pela-volta-a-portugal\/\",\"name\":\"Turista Dubai relata fim de semana de terror e ansiedade pela volta a Portugal - Portal Tela Portugal\",\"isPartOf\":{\"@id\":\"https:\/\/portaltela.pt\/#website\"},\"primaryImageOfPage\":{\"@id\":\"https:\/\/portaltela.pt\/noticias\/2026\/03\/07\/turista-dubai-relata-fim-de-semana-de-terror-e-ansiedade-pela-volta-a-portugal\/#primaryimage\"},\"image\":{\"@id\":\"https:\/\/portaltela.pt\/noticias\/2026\/03\/07\/turista-dubai-relata-fim-de-semana-de-terror-e-ansiedade-pela-volta-a-portugal\/#primaryimage\"},\"thumbnailUrl\":\"https:\/\/portaltela.pt\/s.01k8rhncp4jt1\/2026\/03\/img_1280x722uu2026-03-07-09-39-53-2270936.jpg\",\"datePublished\":\"2026-03-07T09:42:00+00:00\",\"author\":{\"@id\":\"https:\/\/portaltela.pt\/#\/schema\/person\/c4278d4a6028830caff9ee44b42d32ed\"},\"breadcrumb\":{\"@id\":\"https:\/\/portaltela.pt\/noticias\/2026\/03\/07\/turista-dubai-relata-fim-de-semana-de-terror-e-ansiedade-pela-volta-a-portugal\/#breadcrumb\"},\"inLanguage\":\"pt-PT\",\"potentialAction\":[{\"@type\":\"ReadAction\",\"target\":[\"https:\/\/portaltela.pt\/noticias\/2026\/03\/07\/turista-dubai-relata-fim-de-semana-de-terror-e-ansiedade-pela-volta-a-portugal\/\"]}]},{\"@type\":\"ImageObject\",\"inLanguage\":\"pt-PT\",\"@id\":\"https:\/\/portaltela.pt\/noticias\/2026\/03\/07\/turista-dubai-relata-fim-de-semana-de-terror-e-ansiedade-pela-volta-a-portugal\/#primaryimage\",\"url\":\"https:\/\/portaltela.pt\/s.01k8rhncp4jt1\/2026\/03\/img_1280x722uu2026-03-07-09-39-53-2270936.jpg\",\"contentUrl\":\"https:\/\/portaltela.pt\/s.01k8rhncp4jt1\/2026\/03\/img_1280x722uu2026-03-07-09-39-53-2270936.jpg\",\"width\":796,\"height\":448,\"caption\":\"Photo\"},{\"@type\":\"BreadcrumbList\",\"@id\":\"https:\/\/portaltela.pt\/noticias\/2026\/03\/07\/turista-dubai-relata-fim-de-semana-de-terror-e-ansiedade-pela-volta-a-portugal\/#breadcrumb\",\"itemListElement\":[{\"@type\":\"ListItem\",\"position\":1,\"name\":\"In\u00edcio\",\"item\":\"https:\/\/portaltela.pt\/\"},{\"@type\":\"ListItem\",\"position\":2,\"name\":\"Turista Dubai relata fim de semana de terror e ansiedade pela volta a Portugal\"}]},{\"@type\":\"WebSite\",\"@id\":\"https:\/\/portaltela.pt\/#website\",\"url\":\"https:\/\/portaltela.pt\/\",\"name\":\"Portal Tela Portugal\",\"description\":\"\",\"potentialAction\":[{\"@type\":\"SearchAction\",\"target\":{\"@type\":\"EntryPoint\",\"urlTemplate\":\"https:\/\/portaltela.pt\/?s={search_term_string}\"},\"query-input\":{\"@type\":\"PropertyValueSpecification\",\"valueRequired\":true,\"valueName\":\"search_term_string\"}}],\"inLanguage\":\"pt-PT\"},{\"@type\":\"Person\",\"@id\":\"https:\/\/portaltela.pt\/#\/schema\/person\/c4278d4a6028830caff9ee44b42d32ed\",\"name\":\"Telinha\",\"image\":{\"@type\":\"ImageObject\",\"inLanguage\":\"pt-PT\",\"@id\":\"https:\/\/portaltela.pt\/s.01k8rhncp4jt1\/2025\/11\/talking-bot-125x125.png\",\"url\":\"https:\/\/portaltela.pt\/s.01k8rhncp4jt1\/2025\/11\/talking-bot-125x125.png\",\"contentUrl\":\"https:\/\/portaltela.pt\/s.01k8rhncp4jt1\/2025\/11\/talking-bot-125x125.png\",\"caption\":\"Telinha\"},\"sameAs\":[\"https:\/\/portaltela.pt\/\"],\"url\":\"https:\/\/portaltela.pt\/por\/367410592786\/\"}]}<\/script>\n<!-- \/ Yoast SEO plugin. -->","yoast_head_json":{"title":"Turista Dubai relata fim de semana de terror e ansiedade pela volta a Portugal - Portal Tela Portugal","robots":{"index":"index","follow":"follow","max-snippet":"max-snippet:-1","max-image-preview":"max-image-preview:large","max-video-preview":"max-video-preview:-1"},"og_locale":"pt_PT","og_type":"article","og_title":"Turista Dubai relata fim de semana de terror e ansiedade pela volta a Portugal - Portal Tela Portugal","og_description":"Uma turista descreve um fim-de-semana de terror no Dubai. Ela tamb\u00e9m, afirma sentir ansiedade quanto ao regresso a Portugal. A descri\u00e7\u00e3o foi feita \u00e0 CMTV, com relatos de momentos de p\u00e2nico ap\u00f3s ataques. A not\u00edcia foi publicada em 07 de mar\u00e7o de 2026, \u00e0s 09:42. O testemunho envolve a experi\u00eancia da turista durante o fim-de-semana no Dubai.","og_url":"https:\/\/portaltela.pt\/noticias\/2026\/03\/07\/turista-dubai-relata-fim-de-semana-de-terror-e-ansiedade-pela-volta-a-portugal\/","og_site_name":"Portal Tela Portugal","article_published_time":"2026-03-07T09:42:00+00:00","author":"Telinha","twitter_card":"summary_large_image","twitter_misc":{"Escrito por":"Telinha","Tempo estimado de leitura":"1 minuto"},"schema":{"@context":"https:\/\/schema.org","@graph":[{"@type":"Article","@id":"https:\/\/portaltela.pt\/noticias\/2026\/03\/07\/turista-dubai-relata-fim-de-semana-de-terror-e-ansiedade-pela-volta-a-portugal\/#article","isPartOf":{"@id":"https:\/\/portaltela.pt\/noticias\/2026\/03\/07\/turista-dubai-relata-fim-de-semana-de-terror-e-ansiedade-pela-volta-a-portugal\/"},"author":{"name":"Telinha","@id":"https:\/\/portaltela.pt\/#\/schema\/person\/c4278d4a6028830caff9ee44b42d32ed"},"headline":"Turista Dubai relata fim de semana de terror e ansiedade pela volta a Portugal","datePublished":"2026-03-07T09:42:00+00:00","mainEntityOfPage":{"@id":"https:\/\/portaltela.pt\/noticias\/2026\/03\/07\/turista-dubai-relata-fim-de-semana-de-terror-e-ansiedade-pela-volta-a-portugal\/"},"wordCount":187,"image":{"@id":"https:\/\/portaltela.pt\/noticias\/2026\/03\/07\/turista-dubai-relata-fim-de-semana-de-terror-e-ansiedade-pela-volta-a-portugal\/#primaryimage"},"thumbnailUrl":"https:\/\/portaltela.pt\/s.01k8rhncp4jt1\/2026\/03\/img_1280x722uu2026-03-07-09-39-53-2270936.jpg","keywords":["ansiedade","not\u00edcias internacionais","Portugal","sa\u00fade mental","turismo","viagens"],"articleSection":["Not\u00edcias"],"inLanguage":"pt-PT"},{"@type":"WebPage","@id":"https:\/\/portaltela.pt\/noticias\/2026\/03\/07\/turista-dubai-relata-fim-de-semana-de-terror-e-ansiedade-pela-volta-a-portugal\/","url":"https:\/\/portaltela.pt\/noticias\/2026\/03\/07\/turista-dubai-relata-fim-de-semana-de-terror-e-ansiedade-pela-volta-a-portugal\/","name":"Turista Dubai relata fim de semana de terror e ansiedade pela volta a Portugal - Portal Tela Portugal","isPartOf":{"@id":"https:\/\/portaltela.pt\/#website"},"primaryImageOfPage":{"@id":"https:\/\/portaltela.pt\/noticias\/2026\/03\/07\/turista-dubai-relata-fim-de-semana-de-terror-e-ansiedade-pela-volta-a-portugal\/#primaryimage"},"image":{"@id":"https:\/\/portaltela.pt\/noticias\/2026\/03\/07\/turista-dubai-relata-fim-de-semana-de-terror-e-ansiedade-pela-volta-a-portugal\/#primaryimage"},"thumbnailUrl":"https:\/\/portaltela.pt\/s.01k8rhncp4jt1\/2026\/03\/img_1280x722uu2026-03-07-09-39-53-2270936.jpg","datePublished":"2026-03-07T09:42:00+00:00","author":{"@id":"https:\/\/portaltela.pt\/#\/schema\/person\/c4278d4a6028830caff9ee44b42d32ed"},"breadcrumb":{"@id":"https:\/\/portaltela.pt\/noticias\/2026\/03\/07\/turista-dubai-relata-fim-de-semana-de-terror-e-ansiedade-pela-volta-a-portugal\/#breadcrumb"},"inLanguage":"pt-PT","potentialAction":[{"@type":"ReadAction","target":["https:\/\/portaltela.pt\/noticias\/2026\/03\/07\/turista-dubai-relata-fim-de-semana-de-terror-e-ansiedade-pela-volta-a-portugal\/"]}]},{"@type":"ImageObject","inLanguage":"pt-PT","@id":"https:\/\/portaltela.pt\/noticias\/2026\/03\/07\/turista-dubai-relata-fim-de-semana-de-terror-e-ansiedade-pela-volta-a-portugal\/#primaryimage","url":"https:\/\/portaltela.pt\/s.01k8rhncp4jt1\/2026\/03\/img_1280x722uu2026-03-07-09-39-53-2270936.jpg","contentUrl":"https:\/\/portaltela.pt\/s.01k8rhncp4jt1\/2026\/03\/img_1280x722uu2026-03-07-09-39-53-2270936.jpg","width":796,"height":448,"caption":"Photo"},{"@type":"BreadcrumbList","@id":"https:\/\/portaltela.pt\/noticias\/2026\/03\/07\/turista-dubai-relata-fim-de-semana-de-terror-e-ansiedade-pela-volta-a-portugal\/#breadcrumb","itemListElement":[{"@type":"ListItem","position":1,"name":"In\u00edcio","item":"https:\/\/portaltela.pt\/"},{"@type":"ListItem","position":2,"name":"Turista Dubai relata fim de semana de terror e ansiedade pela volta a Portugal"}]},{"@type":"WebSite","@id":"https:\/\/portaltela.pt\/#website","url":"https:\/\/portaltela.pt\/","name":"Portal Tela Portugal","description":"","potentialAction":[{"@type":"SearchAction","target":{"@type":"EntryPoint","urlTemplate":"https:\/\/portaltela.pt\/?s={search_term_string}"},"query-input":{"@type":"PropertyValueSpecification","valueRequired":true,"valueName":"search_term_string"}}],"inLanguage":"pt-PT"},{"@type":"Person","@id":"https:\/\/portaltela.pt\/#\/schema\/person\/c4278d4a6028830caff9ee44b42d32ed","name":"Telinha","image":{"@type":"ImageObject","inLanguage":"pt-PT","@id":"https:\/\/portaltela.pt\/s.01k8rhncp4jt1\/2025\/11\/talking-bot-125x125.png","url":"https:\/\/portaltela.pt\/s.01k8rhncp4jt1\/2025\/11\/talking-bot-125x125.png","contentUrl":"https:\/\/portaltela.pt\/s.01k8rhncp4jt1\/2025\/11\/talking-bot-125x125.png","caption":"Telinha"},"sameAs":["https:\/\/portaltela.pt\/"],"url":"https:\/\/portaltela.pt\/por\/367410592786\/"}]}},"_links":{"self":[{"href":"https:\/\/portaltela.pt\/api\/wp\/v2\/posts\/401184","targetHints":{"allow":["GET"]}}],"collection":[{"href":"https:\/\/portaltela.pt\/api\/wp\/v2\/posts"}],"about":[{"href":"https:\/\/portaltela.pt\/api\/wp\/v2\/types\/post"}],"author":[{"embeddable":true,"href":"https:\/\/portaltela.pt\/api\/wp\/v2\/users\/2"}],"replies":[{"embeddable":true,"href":"https:\/\/portaltela.pt\/api\/wp\/v2\/comments?post=401184"}],"version-history":[{"count":0,"href":"https:\/\/portaltela.pt\/api\/wp\/v2\/posts\/401184\/revisions"}],"wp:featuredmedia":[{"embeddable":true,"href":"https:\/\/portaltela.pt\/api\/wp\/v2\/media\/401191"}],"wp:attachment":[{"href":"https:\/\/portaltela.pt\/api\/wp\/v2\/media?parent=401184"}],"wp:term":[{"taxonomy":"category","embeddable":true,"href":"https:\/\/portaltela.pt\/api\/wp\/v2\/categories?post=401184"},{"taxonomy":"post_tag","embeddable":true,"href":"https:\/\/portaltela.pt\/api\/wp\/v2\/tags?post=401184"}],"curies":[{"name":"wp","href":"https:\/\/api.w.org\/{rel}","templated":true}]}}