{"id":401180,"date":"2026-03-07T06:46:47","date_gmt":"2026-03-07T09:46:47","guid":{"rendered":"https:\/\/portaltela.pt\/noticias\/2026\/03\/07\/marcelo-rebelo-de-sousa-em-agenda-oficial\/"},"modified":"2026-03-07T06:46:47","modified_gmt":"2026-03-07T09:46:47","slug":"marcelo-rebelo-de-sousa-em-agenda-oficial","status":"publish","type":"post","link":"https:\/\/portaltela.pt\/noticias\/politica\/2026\/03\/07\/marcelo-rebelo-de-sousa-em-agenda-oficial\/","title":{"rendered":"Marcelo Rebelo de Sousa em agenda oficial"},"content":{"rendered":"<p>Marcelo Rebelo de Sousa, atual Presidente da Rep\u00fablica, foi eleito em 2016 e recandidado em 2021. O mandato tem sido marcado pela proximidade com o povo e, ao mesmo tempo, por dissolu\u00e7\u00f5es do Parlamento que bateram recordes.<\/p>\n<p>Ao longo de uma d\u00e9cada em Bel\u00e9m, o Presidente realizou 176 desloca\u00e7\u00f5es oficiais, com foco na Europa, na lusofonia e nas comunidades portuguesas no estrangeiro. A diplomacia presidencial tem sido uma linha orientadora do seu mandato.<\/p>\n<p>Entre os temas em que o chefe de Estado interveio, destacam-se veto em \u00e1reas controversas como morte medicamente assistida e barrigas de aluguer. A Lei da Nacionalidade ficou por resolver pelo Governo em exerc\u00edcio.<\/p>\n<p>Marcelo Rebelo de Sousa distribuiu 2494 condecora\u00e7\u00f5es, privilegiando trabalhadores, atletas e outras figuras relevantes, em compara\u00e7\u00e3o com outros chefes de Estado. O gesto corporativo procurou valorizar contributos nacionais.<\/p>\n<h3>Rumo diplom\u00e1tico<\/h3>\n<p>Durante a d\u00e9cada, o registo externo evidenciou visitas a 60 pa\u00edses, com uma presen\u00e7a marcada em foros europeus e em a\u00e7\u00f5es de coopera\u00e7\u00e3o. A estrat\u00e9gia esteve centrada na promo\u00e7\u00e3o de interesses nacionais e na projec\u00e7\u00e3o internacional de Portugal.<\/p>\n<h3>Reconhecimento e legado<\/h3>\n<p>O Presidente tornou-se uma figura associada a momentos de comunica\u00e7\u00e3o direta com os cidad\u00e3os, incluindo presenciais selfies que marcaram a cultura de comunica\u00e7\u00e3o institucional. A avalia\u00e7\u00e3o p\u00fablica tende a variar consoadamente entre apoio popular e cr\u00edticas pol\u00edticas.<\/p>\n<h3>Controv\u00e9rsias e revis\u00f5es constitucionais<\/h3>\n<p>Entre mensagens pol\u00edticas e decis\u00f5es institucionais, o mandato \u00e9 lembrado por alguns epis\u00f3dios de controv\u00e9rsia jur\u00eddica. Especialistas discutem impactos de decis\u00f5es constitucionais e a rela\u00e7\u00e3o entre o poder executivo e o papel da Presid\u00eancia.<\/p>\n","protected":false},"excerpt":{"rendered":"<ul>\n<li>O Presidente da Rep\u00fablica, Marcelo Rebelo de Sousa, foi eleito em 2016 e reeleito em 2021, mantendo-se no cargo.<\/li>\n<li>Em dez anos de mandato, realizou 176 viagens, com foco na diplomacia europeia, na lusofonia e nas comunidades portuguesas.<\/li>\n<li>Entre os vetos, n\u00e3o revelou posi\u00e7\u00e3o sobre a morte medicamente assistida; travou a lei das barrigas de aluguer; a Lei da Nacionalidade fica para resolver pelo Governo.<\/li>\n<li>Condecorou 2.494 pessoas, destacando trabalhadores e atletas, com menos distin\u00e7\u00f5es do que alguns presidentes socialistas.<\/li>\n<li>\u00c9 lembrado pela sua proximidade e informalidade, bem como pela dissolu\u00e7\u00e3o do Parlamento em v\u00e1rias ocasi\u00f5es.<\/li>\n<\/ul>\n","protected":false},"author":2,"featured_media":401185,"comment_status":"closed","ping_status":"closed","sticky":false,"template":"","format":"standard","meta":{"footnotes":""},"categories":[1,5],"tags":[4263,256,29,3278,1014,30],"class_list":["post-401180","post","type-post","status-publish","format-standard","has-post-thumbnail","hentry","category-noticias","category-politica","tag-condecoracoes-honorificas","tag-cooperacao-internacional","tag-diplomacia","tag-marcelo","tag-portugal","tag-presidente"],"yoast_head":"<!-- This site is optimized with the Yoast SEO plugin v27.2 - https:\/\/yoast.com\/product\/yoast-seo-wordpress\/ -->\n<title>Marcelo Rebelo de Sousa em agenda oficial - Portal Tela Portugal<\/title>\n<meta name=\"robots\" content=\"index, follow, max-snippet:-1, max-image-preview:large, max-video-preview:-1\" \/>\n<meta property=\"og:locale\" content=\"pt_PT\" \/>\n<meta property=\"og:type\" content=\"article\" \/>\n<meta property=\"og:title\" content=\"Marcelo Rebelo de Sousa em agenda oficial - Portal Tela Portugal\" \/>\n<meta property=\"og:description\" content=\"O Presidente da Rep\u00fablica, Marcelo Rebelo de Sousa, foi eleito em 2016 e reeleito em 2021, mantendo-se no cargo. Em dez anos de mandato, realizou 176 viagens, com foco na diplomacia europeia, na lusofonia e nas comunidades portuguesas. Entre os vetos, n\u00e3o revelou posi\u00e7\u00e3o sobre a morte medicamente assistida; travou a lei das barrigas de aluguer; a Lei da Nacionalidade fica para resolver pelo Governo. Condecorou 2.494 pessoas, destacando trabalhadores e atletas, com menos distin\u00e7\u00f5es do que alguns presidentes socialistas. \u00c9 lembrado pela sua proximidade e informalidade, bem como pela dissolu\u00e7\u00e3o do Parlamento em v\u00e1rias ocasi\u00f5es.\" \/>\n<meta property=\"og:url\" content=\"https:\/\/portaltela.pt\/noticias\/2026\/03\/07\/marcelo-rebelo-de-sousa-em-agenda-oficial\/\" \/>\n<meta property=\"og:site_name\" content=\"Portal Tela Portugal\" \/>\n<meta property=\"article:published_time\" content=\"2026-03-07T09:46:47+00:00\" \/>\n<meta name=\"author\" content=\"Telinha\" \/>\n<meta name=\"twitter:card\" content=\"summary_large_image\" \/>\n<meta name=\"twitter:label1\" content=\"Escrito por\" \/>\n\t<meta name=\"twitter:data1\" content=\"Telinha\" \/>\n\t<meta name=\"twitter:label2\" content=\"Tempo estimado de leitura\" \/>\n\t<meta name=\"twitter:data2\" content=\"1 minuto\" \/>\n<script type=\"application\/ld+json\" class=\"yoast-schema-graph\">{\"@context\":\"https:\/\/schema.org\",\"@graph\":[{\"@type\":\"Article\",\"@id\":\"https:\/\/portaltela.pt\/noticias\/2026\/03\/07\/marcelo-rebelo-de-sousa-em-agenda-oficial\/#article\",\"isPartOf\":{\"@id\":\"https:\/\/portaltela.pt\/noticias\/2026\/03\/07\/marcelo-rebelo-de-sousa-em-agenda-oficial\/\"},\"author\":{\"name\":\"Telinha\",\"@id\":\"https:\/\/portaltela.pt\/#\/schema\/person\/c4278d4a6028830caff9ee44b42d32ed\"},\"headline\":\"Marcelo Rebelo de Sousa em agenda oficial\",\"datePublished\":\"2026-03-07T09:46:47+00:00\",\"mainEntityOfPage\":{\"@id\":\"https:\/\/portaltela.pt\/noticias\/2026\/03\/07\/marcelo-rebelo-de-sousa-em-agenda-oficial\/\"},\"wordCount\":288,\"image\":{\"@id\":\"https:\/\/portaltela.pt\/noticias\/2026\/03\/07\/marcelo-rebelo-de-sousa-em-agenda-oficial\/#primaryimage\"},\"thumbnailUrl\":\"https:\/\/portaltela.pt\/s.01k8rhncp4jt1\/2026\/03\/2072406-1.jpg\",\"keywords\":[\"condecora\u00e7\u00f5es honor\u00edficas\",\"coopera\u00e7\u00e3o internacional\",\"diplomacia\",\"Marcelo\",\"Portugal\",\"presidente\"],\"articleSection\":[\"Not\u00edcias\",\"Pol\u00edtica\"],\"inLanguage\":\"pt-PT\"},{\"@type\":\"WebPage\",\"@id\":\"https:\/\/portaltela.pt\/noticias\/2026\/03\/07\/marcelo-rebelo-de-sousa-em-agenda-oficial\/\",\"url\":\"https:\/\/portaltela.pt\/noticias\/2026\/03\/07\/marcelo-rebelo-de-sousa-em-agenda-oficial\/\",\"name\":\"Marcelo Rebelo de Sousa em agenda oficial - Portal Tela Portugal\",\"isPartOf\":{\"@id\":\"https:\/\/portaltela.pt\/#website\"},\"primaryImageOfPage\":{\"@id\":\"https:\/\/portaltela.pt\/noticias\/2026\/03\/07\/marcelo-rebelo-de-sousa-em-agenda-oficial\/#primaryimage\"},\"image\":{\"@id\":\"https:\/\/portaltela.pt\/noticias\/2026\/03\/07\/marcelo-rebelo-de-sousa-em-agenda-oficial\/#primaryimage\"},\"thumbnailUrl\":\"https:\/\/portaltela.pt\/s.01k8rhncp4jt1\/2026\/03\/2072406-1.jpg\",\"datePublished\":\"2026-03-07T09:46:47+00:00\",\"author\":{\"@id\":\"https:\/\/portaltela.pt\/#\/schema\/person\/c4278d4a6028830caff9ee44b42d32ed\"},\"breadcrumb\":{\"@id\":\"https:\/\/portaltela.pt\/noticias\/2026\/03\/07\/marcelo-rebelo-de-sousa-em-agenda-oficial\/#breadcrumb\"},\"inLanguage\":\"pt-PT\",\"potentialAction\":[{\"@type\":\"ReadAction\",\"target\":[\"https:\/\/portaltela.pt\/noticias\/2026\/03\/07\/marcelo-rebelo-de-sousa-em-agenda-oficial\/\"]}]},{\"@type\":\"ImageObject\",\"inLanguage\":\"pt-PT\",\"@id\":\"https:\/\/portaltela.pt\/noticias\/2026\/03\/07\/marcelo-rebelo-de-sousa-em-agenda-oficial\/#primaryimage\",\"url\":\"https:\/\/portaltela.pt\/s.01k8rhncp4jt1\/2026\/03\/2072406-1.jpg\",\"contentUrl\":\"https:\/\/portaltela.pt\/s.01k8rhncp4jt1\/2026\/03\/2072406-1.jpg\",\"width\":796,\"height\":448,\"caption\":\"Photo\"},{\"@type\":\"BreadcrumbList\",\"@id\":\"https:\/\/portaltela.pt\/noticias\/2026\/03\/07\/marcelo-rebelo-de-sousa-em-agenda-oficial\/#breadcrumb\",\"itemListElement\":[{\"@type\":\"ListItem\",\"position\":1,\"name\":\"In\u00edcio\",\"item\":\"https:\/\/portaltela.pt\/\"},{\"@type\":\"ListItem\",\"position\":2,\"name\":\"Marcelo Rebelo de Sousa em agenda oficial\"}]},{\"@type\":\"WebSite\",\"@id\":\"https:\/\/portaltela.pt\/#website\",\"url\":\"https:\/\/portaltela.pt\/\",\"name\":\"Portal Tela Portugal\",\"description\":\"\",\"potentialAction\":[{\"@type\":\"SearchAction\",\"target\":{\"@type\":\"EntryPoint\",\"urlTemplate\":\"https:\/\/portaltela.pt\/?s={search_term_string}\"},\"query-input\":{\"@type\":\"PropertyValueSpecification\",\"valueRequired\":true,\"valueName\":\"search_term_string\"}}],\"inLanguage\":\"pt-PT\"},{\"@type\":\"Person\",\"@id\":\"https:\/\/portaltela.pt\/#\/schema\/person\/c4278d4a6028830caff9ee44b42d32ed\",\"name\":\"Telinha\",\"image\":{\"@type\":\"ImageObject\",\"inLanguage\":\"pt-PT\",\"@id\":\"https:\/\/portaltela.pt\/s.01k8rhncp4jt1\/2025\/11\/talking-bot-125x125.png\",\"url\":\"https:\/\/portaltela.pt\/s.01k8rhncp4jt1\/2025\/11\/talking-bot-125x125.png\",\"contentUrl\":\"https:\/\/portaltela.pt\/s.01k8rhncp4jt1\/2025\/11\/talking-bot-125x125.png\",\"caption\":\"Telinha\"},\"sameAs\":[\"https:\/\/portaltela.pt\/\"],\"url\":\"https:\/\/portaltela.pt\/por\/367410592786\/\"}]}<\/script>\n<!-- \/ Yoast SEO plugin. -->","yoast_head_json":{"title":"Marcelo Rebelo de Sousa em agenda oficial - Portal Tela Portugal","robots":{"index":"index","follow":"follow","max-snippet":"max-snippet:-1","max-image-preview":"max-image-preview:large","max-video-preview":"max-video-preview:-1"},"og_locale":"pt_PT","og_type":"article","og_title":"Marcelo Rebelo de Sousa em agenda oficial - Portal Tela Portugal","og_description":"O Presidente da Rep\u00fablica, Marcelo Rebelo de Sousa, foi eleito em 2016 e reeleito em 2021, mantendo-se no cargo. Em dez anos de mandato, realizou 176 viagens, com foco na diplomacia europeia, na lusofonia e nas comunidades portuguesas. Entre os vetos, n\u00e3o revelou posi\u00e7\u00e3o sobre a morte medicamente assistida; travou a lei das barrigas de aluguer; a Lei da Nacionalidade fica para resolver pelo Governo. Condecorou 2.494 pessoas, destacando trabalhadores e atletas, com menos distin\u00e7\u00f5es do que alguns presidentes socialistas. \u00c9 lembrado pela sua proximidade e informalidade, bem como pela dissolu\u00e7\u00e3o do Parlamento em v\u00e1rias ocasi\u00f5es.","og_url":"https:\/\/portaltela.pt\/noticias\/2026\/03\/07\/marcelo-rebelo-de-sousa-em-agenda-oficial\/","og_site_name":"Portal Tela Portugal","article_published_time":"2026-03-07T09:46:47+00:00","author":"Telinha","twitter_card":"summary_large_image","twitter_misc":{"Escrito por":"Telinha","Tempo estimado de leitura":"1 minuto"},"schema":{"@context":"https:\/\/schema.org","@graph":[{"@type":"Article","@id":"https:\/\/portaltela.pt\/noticias\/2026\/03\/07\/marcelo-rebelo-de-sousa-em-agenda-oficial\/#article","isPartOf":{"@id":"https:\/\/portaltela.pt\/noticias\/2026\/03\/07\/marcelo-rebelo-de-sousa-em-agenda-oficial\/"},"author":{"name":"Telinha","@id":"https:\/\/portaltela.pt\/#\/schema\/person\/c4278d4a6028830caff9ee44b42d32ed"},"headline":"Marcelo Rebelo de Sousa em agenda oficial","datePublished":"2026-03-07T09:46:47+00:00","mainEntityOfPage":{"@id":"https:\/\/portaltela.pt\/noticias\/2026\/03\/07\/marcelo-rebelo-de-sousa-em-agenda-oficial\/"},"wordCount":288,"image":{"@id":"https:\/\/portaltela.pt\/noticias\/2026\/03\/07\/marcelo-rebelo-de-sousa-em-agenda-oficial\/#primaryimage"},"thumbnailUrl":"https:\/\/portaltela.pt\/s.01k8rhncp4jt1\/2026\/03\/2072406-1.jpg","keywords":["condecora\u00e7\u00f5es honor\u00edficas","coopera\u00e7\u00e3o internacional","diplomacia","Marcelo","Portugal","presidente"],"articleSection":["Not\u00edcias","Pol\u00edtica"],"inLanguage":"pt-PT"},{"@type":"WebPage","@id":"https:\/\/portaltela.pt\/noticias\/2026\/03\/07\/marcelo-rebelo-de-sousa-em-agenda-oficial\/","url":"https:\/\/portaltela.pt\/noticias\/2026\/03\/07\/marcelo-rebelo-de-sousa-em-agenda-oficial\/","name":"Marcelo Rebelo de Sousa em agenda oficial - Portal Tela Portugal","isPartOf":{"@id":"https:\/\/portaltela.pt\/#website"},"primaryImageOfPage":{"@id":"https:\/\/portaltela.pt\/noticias\/2026\/03\/07\/marcelo-rebelo-de-sousa-em-agenda-oficial\/#primaryimage"},"image":{"@id":"https:\/\/portaltela.pt\/noticias\/2026\/03\/07\/marcelo-rebelo-de-sousa-em-agenda-oficial\/#primaryimage"},"thumbnailUrl":"https:\/\/portaltela.pt\/s.01k8rhncp4jt1\/2026\/03\/2072406-1.jpg","datePublished":"2026-03-07T09:46:47+00:00","author":{"@id":"https:\/\/portaltela.pt\/#\/schema\/person\/c4278d4a6028830caff9ee44b42d32ed"},"breadcrumb":{"@id":"https:\/\/portaltela.pt\/noticias\/2026\/03\/07\/marcelo-rebelo-de-sousa-em-agenda-oficial\/#breadcrumb"},"inLanguage":"pt-PT","potentialAction":[{"@type":"ReadAction","target":["https:\/\/portaltela.pt\/noticias\/2026\/03\/07\/marcelo-rebelo-de-sousa-em-agenda-oficial\/"]}]},{"@type":"ImageObject","inLanguage":"pt-PT","@id":"https:\/\/portaltela.pt\/noticias\/2026\/03\/07\/marcelo-rebelo-de-sousa-em-agenda-oficial\/#primaryimage","url":"https:\/\/portaltela.pt\/s.01k8rhncp4jt1\/2026\/03\/2072406-1.jpg","contentUrl":"https:\/\/portaltela.pt\/s.01k8rhncp4jt1\/2026\/03\/2072406-1.jpg","width":796,"height":448,"caption":"Photo"},{"@type":"BreadcrumbList","@id":"https:\/\/portaltela.pt\/noticias\/2026\/03\/07\/marcelo-rebelo-de-sousa-em-agenda-oficial\/#breadcrumb","itemListElement":[{"@type":"ListItem","position":1,"name":"In\u00edcio","item":"https:\/\/portaltela.pt\/"},{"@type":"ListItem","position":2,"name":"Marcelo Rebelo de Sousa em agenda oficial"}]},{"@type":"WebSite","@id":"https:\/\/portaltela.pt\/#website","url":"https:\/\/portaltela.pt\/","name":"Portal Tela Portugal","description":"","potentialAction":[{"@type":"SearchAction","target":{"@type":"EntryPoint","urlTemplate":"https:\/\/portaltela.pt\/?s={search_term_string}"},"query-input":{"@type":"PropertyValueSpecification","valueRequired":true,"valueName":"search_term_string"}}],"inLanguage":"pt-PT"},{"@type":"Person","@id":"https:\/\/portaltela.pt\/#\/schema\/person\/c4278d4a6028830caff9ee44b42d32ed","name":"Telinha","image":{"@type":"ImageObject","inLanguage":"pt-PT","@id":"https:\/\/portaltela.pt\/s.01k8rhncp4jt1\/2025\/11\/talking-bot-125x125.png","url":"https:\/\/portaltela.pt\/s.01k8rhncp4jt1\/2025\/11\/talking-bot-125x125.png","contentUrl":"https:\/\/portaltela.pt\/s.01k8rhncp4jt1\/2025\/11\/talking-bot-125x125.png","caption":"Telinha"},"sameAs":["https:\/\/portaltela.pt\/"],"url":"https:\/\/portaltela.pt\/por\/367410592786\/"}]}},"_links":{"self":[{"href":"https:\/\/portaltela.pt\/api\/wp\/v2\/posts\/401180","targetHints":{"allow":["GET"]}}],"collection":[{"href":"https:\/\/portaltela.pt\/api\/wp\/v2\/posts"}],"about":[{"href":"https:\/\/portaltela.pt\/api\/wp\/v2\/types\/post"}],"author":[{"embeddable":true,"href":"https:\/\/portaltela.pt\/api\/wp\/v2\/users\/2"}],"replies":[{"embeddable":true,"href":"https:\/\/portaltela.pt\/api\/wp\/v2\/comments?post=401180"}],"version-history":[{"count":0,"href":"https:\/\/portaltela.pt\/api\/wp\/v2\/posts\/401180\/revisions"}],"wp:featuredmedia":[{"embeddable":true,"href":"https:\/\/portaltela.pt\/api\/wp\/v2\/media\/401185"}],"wp:attachment":[{"href":"https:\/\/portaltela.pt\/api\/wp\/v2\/media?parent=401180"}],"wp:term":[{"taxonomy":"category","embeddable":true,"href":"https:\/\/portaltela.pt\/api\/wp\/v2\/categories?post=401180"},{"taxonomy":"post_tag","embeddable":true,"href":"https:\/\/portaltela.pt\/api\/wp\/v2\/tags?post=401180"}],"curies":[{"name":"wp","href":"https:\/\/api.w.org\/{rel}","templated":true}]}}