{"id":401137,"date":"2026-03-07T05:48:00","date_gmt":"2026-03-07T08:48:00","guid":{"rendered":"https:\/\/portaltela.pt\/noticias\/2026\/03\/07\/alisson-marca-na-vitoria-do-napoli-e-faz-manchete-em-italia\/"},"modified":"2026-03-07T05:48:00","modified_gmt":"2026-03-07T08:48:00","slug":"alisson-marca-na-vitoria-do-napoli-e-faz-manchete-em-italia","status":"publish","type":"post","link":"https:\/\/portaltela.pt\/desporto\/futebol\/2026\/03\/07\/alisson-marca-na-vitoria-do-napoli-e-faz-manchete-em-italia\/","title":{"rendered":"Alisson marca na vit\u00f3ria do Napoli e faz manchete em It\u00e1lia"},"content":{"rendered":"<p>Alisson Santos, extremo emprestado pelo Sporting, foi titular e marcou no Est\u00e1dio Diego Armando Maradona, na vit\u00f3ria do Napoli sobre o Torino por 2-1. O golo de fora de \u00e1rea chegou aos 7 minutos, abrindo o caminho para a vit\u00f3ria.<\/p>\n<p>A capa deste s\u00e1bado do Tuttosport destaca o momento do brasileiro, com a express\u00e3o Santos, no para\u00edso, destacando a estreia dele a marcar no est\u00e1dio napolitano.<\/p>\n<p>Alisson soma j\u00e1 tr\u00eas jogos como titular consecutivos, depois do empate 2-2 com a Roma, e tem ganho espa\u00e7o no plantel. O treinador Antonio Conte disse que o jogador est\u00e1 a entrar no ritmo e pediu que n\u00e3o tenha medo de atacar, aproveitando a velocidade que oferece.<\/p>\n<h3>Conte elogia evolu\u00e7\u00e3o de Alisson<\/h3>\n<p>Conte afirmou ainda que trabalha para que Alisson participe mais ativamente das zonas de campo onde funciona melhor, incentivando o drible e a progress\u00e3o com a bola.<\/p>\n","protected":false},"excerpt":{"rendered":"<ul>\n<li>Alisson Santos, extremo emprestado pelo Sporting, foi titular no Napoli e marcou aos sete minutos na vit\u00f3ria 2-1 contra o Torino.<\/li>\n<li>O jogo decorreu no Est\u00e1dio Diego Armando Maradona, onde o brasileiro estreia-se a facturar pela equipa napolitana.<\/li>\n<li>A imprensa j\u00e1 o coloca na capa, com o jornal Tuttosport a destacar \u201cSantos, no para\u00edso\u201d.<\/li>\n<li>Alisson soma a terceira titularidade consecutiva sob o comando de Antonio Conte, ap\u00f3s o empate com a Roma.<\/li>\n<li>Conte elogiou o jogador, destacando que est\u00e1 a entrar no ritmo, com velocidade, e pediu para n\u00e3o ter medo de avan\u00e7ar e driblar.<\/li>\n<\/ul>\n","protected":false},"author":2,"featured_media":401141,"comment_status":"closed","ping_status":"closed","sticky":false,"template":"","format":"standard","meta":{"footnotes":""},"categories":[21,24],"tags":[32,3338,1857,4815,6258],"class_list":["post-401137","post","type-post","status-publish","format-standard","has-post-thumbnail","hentry","category-desporto","category-futebol","tag-futebol","tag-futebol-internacional","tag-italia","tag-roma","tag-torino"],"yoast_head":"<!-- This site is optimized with the Yoast SEO plugin v27.2 - https:\/\/yoast.com\/product\/yoast-seo-wordpress\/ -->\n<title>Alisson marca na vit\u00f3ria do Napoli e faz manchete em It\u00e1lia - Portal Tela Portugal<\/title>\n<meta name=\"robots\" content=\"index, follow, max-snippet:-1, max-image-preview:large, max-video-preview:-1\" \/>\n<meta property=\"og:locale\" content=\"pt_PT\" \/>\n<meta property=\"og:type\" content=\"article\" \/>\n<meta property=\"og:title\" content=\"Alisson marca na vit\u00f3ria do Napoli e faz manchete em It\u00e1lia - Portal Tela Portugal\" \/>\n<meta property=\"og:description\" content=\"Alisson Santos, extremo emprestado pelo Sporting, foi titular no Napoli e marcou aos sete minutos na vit\u00f3ria 2-1 contra o Torino. O jogo decorreu no Est\u00e1dio Diego Armando Maradona, onde o brasileiro estreia-se a facturar pela equipa napolitana. A imprensa j\u00e1 o coloca na capa, com o jornal Tuttosport a destacar \u201cSantos, no para\u00edso\u201d. Alisson soma a terceira titularidade consecutiva sob o comando de Antonio Conte, ap\u00f3s o empate com a Roma. Conte elogiou o jogador, destacando que est\u00e1 a entrar no ritmo, com velocidade, e pediu para n\u00e3o ter medo de avan\u00e7ar e driblar.\" \/>\n<meta property=\"og:url\" content=\"https:\/\/portaltela.pt\/noticias\/2026\/03\/07\/alisson-marca-na-vitoria-do-napoli-e-faz-manchete-em-italia\/\" \/>\n<meta property=\"og:site_name\" content=\"Portal Tela Portugal\" \/>\n<meta property=\"article:published_time\" content=\"2026-03-07T08:48:00+00:00\" \/>\n<meta name=\"author\" content=\"Telinha\" \/>\n<meta name=\"twitter:card\" content=\"summary_large_image\" \/>\n<meta name=\"twitter:label1\" content=\"Escrito por\" \/>\n\t<meta name=\"twitter:data1\" content=\"Telinha\" \/>\n\t<meta name=\"twitter:label2\" content=\"Tempo estimado de leitura\" \/>\n\t<meta name=\"twitter:data2\" content=\"1 minuto\" \/>\n<script type=\"application\/ld+json\" class=\"yoast-schema-graph\">{\"@context\":\"https:\/\/schema.org\",\"@graph\":[{\"@type\":\"Article\",\"@id\":\"https:\/\/portaltela.pt\/noticias\/2026\/03\/07\/alisson-marca-na-vitoria-do-napoli-e-faz-manchete-em-italia\/#article\",\"isPartOf\":{\"@id\":\"https:\/\/portaltela.pt\/noticias\/2026\/03\/07\/alisson-marca-na-vitoria-do-napoli-e-faz-manchete-em-italia\/\"},\"author\":{\"name\":\"Telinha\",\"@id\":\"https:\/\/portaltela.pt\/#\/schema\/person\/c4278d4a6028830caff9ee44b42d32ed\"},\"headline\":\"Alisson marca na vit\u00f3ria do Napoli e faz manchete em It\u00e1lia\",\"datePublished\":\"2026-03-07T08:48:00+00:00\",\"mainEntityOfPage\":{\"@id\":\"https:\/\/portaltela.pt\/noticias\/2026\/03\/07\/alisson-marca-na-vitoria-do-napoli-e-faz-manchete-em-italia\/\"},\"wordCount\":169,\"image\":{\"@id\":\"https:\/\/portaltela.pt\/noticias\/2026\/03\/07\/alisson-marca-na-vitoria-do-napoli-e-faz-manchete-em-italia\/#primaryimage\"},\"thumbnailUrl\":\"https:\/\/portaltela.pt\/s.01k8rhncp4jt1\/2026\/03\/img_920x518uu2026-03-07-08-47-07-2425388.jpg\",\"keywords\":[\"futebol\",\"futebol internacional\",\"It\u00e1lia\",\"Roma\",\"Torino\"],\"articleSection\":[\"Desporto\",\"Futebol\"],\"inLanguage\":\"pt-PT\"},{\"@type\":\"WebPage\",\"@id\":\"https:\/\/portaltela.pt\/noticias\/2026\/03\/07\/alisson-marca-na-vitoria-do-napoli-e-faz-manchete-em-italia\/\",\"url\":\"https:\/\/portaltela.pt\/noticias\/2026\/03\/07\/alisson-marca-na-vitoria-do-napoli-e-faz-manchete-em-italia\/\",\"name\":\"Alisson marca na vit\u00f3ria do Napoli e faz manchete em It\u00e1lia - Portal Tela Portugal\",\"isPartOf\":{\"@id\":\"https:\/\/portaltela.pt\/#website\"},\"primaryImageOfPage\":{\"@id\":\"https:\/\/portaltela.pt\/noticias\/2026\/03\/07\/alisson-marca-na-vitoria-do-napoli-e-faz-manchete-em-italia\/#primaryimage\"},\"image\":{\"@id\":\"https:\/\/portaltela.pt\/noticias\/2026\/03\/07\/alisson-marca-na-vitoria-do-napoli-e-faz-manchete-em-italia\/#primaryimage\"},\"thumbnailUrl\":\"https:\/\/portaltela.pt\/s.01k8rhncp4jt1\/2026\/03\/img_920x518uu2026-03-07-08-47-07-2425388.jpg\",\"datePublished\":\"2026-03-07T08:48:00+00:00\",\"author\":{\"@id\":\"https:\/\/portaltela.pt\/#\/schema\/person\/c4278d4a6028830caff9ee44b42d32ed\"},\"breadcrumb\":{\"@id\":\"https:\/\/portaltela.pt\/noticias\/2026\/03\/07\/alisson-marca-na-vitoria-do-napoli-e-faz-manchete-em-italia\/#breadcrumb\"},\"inLanguage\":\"pt-PT\",\"potentialAction\":[{\"@type\":\"ReadAction\",\"target\":[\"https:\/\/portaltela.pt\/noticias\/2026\/03\/07\/alisson-marca-na-vitoria-do-napoli-e-faz-manchete-em-italia\/\"]}]},{\"@type\":\"ImageObject\",\"inLanguage\":\"pt-PT\",\"@id\":\"https:\/\/portaltela.pt\/noticias\/2026\/03\/07\/alisson-marca-na-vitoria-do-napoli-e-faz-manchete-em-italia\/#primaryimage\",\"url\":\"https:\/\/portaltela.pt\/s.01k8rhncp4jt1\/2026\/03\/img_920x518uu2026-03-07-08-47-07-2425388.jpg\",\"contentUrl\":\"https:\/\/portaltela.pt\/s.01k8rhncp4jt1\/2026\/03\/img_920x518uu2026-03-07-08-47-07-2425388.jpg\",\"width\":796,\"height\":448,\"caption\":\"Alisson celebra golo contra o Torino\"},{\"@type\":\"BreadcrumbList\",\"@id\":\"https:\/\/portaltela.pt\/noticias\/2026\/03\/07\/alisson-marca-na-vitoria-do-napoli-e-faz-manchete-em-italia\/#breadcrumb\",\"itemListElement\":[{\"@type\":\"ListItem\",\"position\":1,\"name\":\"In\u00edcio\",\"item\":\"https:\/\/portaltela.pt\/\"},{\"@type\":\"ListItem\",\"position\":2,\"name\":\"Alisson marca na vit\u00f3ria do Napoli e faz manchete em It\u00e1lia\"}]},{\"@type\":\"WebSite\",\"@id\":\"https:\/\/portaltela.pt\/#website\",\"url\":\"https:\/\/portaltela.pt\/\",\"name\":\"Portal Tela Portugal\",\"description\":\"\",\"potentialAction\":[{\"@type\":\"SearchAction\",\"target\":{\"@type\":\"EntryPoint\",\"urlTemplate\":\"https:\/\/portaltela.pt\/?s={search_term_string}\"},\"query-input\":{\"@type\":\"PropertyValueSpecification\",\"valueRequired\":true,\"valueName\":\"search_term_string\"}}],\"inLanguage\":\"pt-PT\"},{\"@type\":\"Person\",\"@id\":\"https:\/\/portaltela.pt\/#\/schema\/person\/c4278d4a6028830caff9ee44b42d32ed\",\"name\":\"Telinha\",\"image\":{\"@type\":\"ImageObject\",\"inLanguage\":\"pt-PT\",\"@id\":\"https:\/\/portaltela.pt\/s.01k8rhncp4jt1\/2025\/11\/talking-bot-125x125.png\",\"url\":\"https:\/\/portaltela.pt\/s.01k8rhncp4jt1\/2025\/11\/talking-bot-125x125.png\",\"contentUrl\":\"https:\/\/portaltela.pt\/s.01k8rhncp4jt1\/2025\/11\/talking-bot-125x125.png\",\"caption\":\"Telinha\"},\"sameAs\":[\"https:\/\/portaltela.pt\/\"],\"url\":\"https:\/\/portaltela.pt\/por\/367410592786\/\"}]}<\/script>\n<!-- \/ Yoast SEO plugin. -->","yoast_head_json":{"title":"Alisson marca na vit\u00f3ria do Napoli e faz manchete em It\u00e1lia - Portal Tela Portugal","robots":{"index":"index","follow":"follow","max-snippet":"max-snippet:-1","max-image-preview":"max-image-preview:large","max-video-preview":"max-video-preview:-1"},"og_locale":"pt_PT","og_type":"article","og_title":"Alisson marca na vit\u00f3ria do Napoli e faz manchete em It\u00e1lia - Portal Tela Portugal","og_description":"Alisson Santos, extremo emprestado pelo Sporting, foi titular no Napoli e marcou aos sete minutos na vit\u00f3ria 2-1 contra o Torino. O jogo decorreu no Est\u00e1dio Diego Armando Maradona, onde o brasileiro estreia-se a facturar pela equipa napolitana. A imprensa j\u00e1 o coloca na capa, com o jornal Tuttosport a destacar \u201cSantos, no para\u00edso\u201d. Alisson soma a terceira titularidade consecutiva sob o comando de Antonio Conte, ap\u00f3s o empate com a Roma. Conte elogiou o jogador, destacando que est\u00e1 a entrar no ritmo, com velocidade, e pediu para n\u00e3o ter medo de avan\u00e7ar e driblar.","og_url":"https:\/\/portaltela.pt\/noticias\/2026\/03\/07\/alisson-marca-na-vitoria-do-napoli-e-faz-manchete-em-italia\/","og_site_name":"Portal Tela Portugal","article_published_time":"2026-03-07T08:48:00+00:00","author":"Telinha","twitter_card":"summary_large_image","twitter_misc":{"Escrito por":"Telinha","Tempo estimado de leitura":"1 minuto"},"schema":{"@context":"https:\/\/schema.org","@graph":[{"@type":"Article","@id":"https:\/\/portaltela.pt\/noticias\/2026\/03\/07\/alisson-marca-na-vitoria-do-napoli-e-faz-manchete-em-italia\/#article","isPartOf":{"@id":"https:\/\/portaltela.pt\/noticias\/2026\/03\/07\/alisson-marca-na-vitoria-do-napoli-e-faz-manchete-em-italia\/"},"author":{"name":"Telinha","@id":"https:\/\/portaltela.pt\/#\/schema\/person\/c4278d4a6028830caff9ee44b42d32ed"},"headline":"Alisson marca na vit\u00f3ria do Napoli e faz manchete em It\u00e1lia","datePublished":"2026-03-07T08:48:00+00:00","mainEntityOfPage":{"@id":"https:\/\/portaltela.pt\/noticias\/2026\/03\/07\/alisson-marca-na-vitoria-do-napoli-e-faz-manchete-em-italia\/"},"wordCount":169,"image":{"@id":"https:\/\/portaltela.pt\/noticias\/2026\/03\/07\/alisson-marca-na-vitoria-do-napoli-e-faz-manchete-em-italia\/#primaryimage"},"thumbnailUrl":"https:\/\/portaltela.pt\/s.01k8rhncp4jt1\/2026\/03\/img_920x518uu2026-03-07-08-47-07-2425388.jpg","keywords":["futebol","futebol internacional","It\u00e1lia","Roma","Torino"],"articleSection":["Desporto","Futebol"],"inLanguage":"pt-PT"},{"@type":"WebPage","@id":"https:\/\/portaltela.pt\/noticias\/2026\/03\/07\/alisson-marca-na-vitoria-do-napoli-e-faz-manchete-em-italia\/","url":"https:\/\/portaltela.pt\/noticias\/2026\/03\/07\/alisson-marca-na-vitoria-do-napoli-e-faz-manchete-em-italia\/","name":"Alisson marca na vit\u00f3ria do Napoli e faz manchete em It\u00e1lia - Portal Tela Portugal","isPartOf":{"@id":"https:\/\/portaltela.pt\/#website"},"primaryImageOfPage":{"@id":"https:\/\/portaltela.pt\/noticias\/2026\/03\/07\/alisson-marca-na-vitoria-do-napoli-e-faz-manchete-em-italia\/#primaryimage"},"image":{"@id":"https:\/\/portaltela.pt\/noticias\/2026\/03\/07\/alisson-marca-na-vitoria-do-napoli-e-faz-manchete-em-italia\/#primaryimage"},"thumbnailUrl":"https:\/\/portaltela.pt\/s.01k8rhncp4jt1\/2026\/03\/img_920x518uu2026-03-07-08-47-07-2425388.jpg","datePublished":"2026-03-07T08:48:00+00:00","author":{"@id":"https:\/\/portaltela.pt\/#\/schema\/person\/c4278d4a6028830caff9ee44b42d32ed"},"breadcrumb":{"@id":"https:\/\/portaltela.pt\/noticias\/2026\/03\/07\/alisson-marca-na-vitoria-do-napoli-e-faz-manchete-em-italia\/#breadcrumb"},"inLanguage":"pt-PT","potentialAction":[{"@type":"ReadAction","target":["https:\/\/portaltela.pt\/noticias\/2026\/03\/07\/alisson-marca-na-vitoria-do-napoli-e-faz-manchete-em-italia\/"]}]},{"@type":"ImageObject","inLanguage":"pt-PT","@id":"https:\/\/portaltela.pt\/noticias\/2026\/03\/07\/alisson-marca-na-vitoria-do-napoli-e-faz-manchete-em-italia\/#primaryimage","url":"https:\/\/portaltela.pt\/s.01k8rhncp4jt1\/2026\/03\/img_920x518uu2026-03-07-08-47-07-2425388.jpg","contentUrl":"https:\/\/portaltela.pt\/s.01k8rhncp4jt1\/2026\/03\/img_920x518uu2026-03-07-08-47-07-2425388.jpg","width":796,"height":448,"caption":"Alisson celebra golo contra o Torino"},{"@type":"BreadcrumbList","@id":"https:\/\/portaltela.pt\/noticias\/2026\/03\/07\/alisson-marca-na-vitoria-do-napoli-e-faz-manchete-em-italia\/#breadcrumb","itemListElement":[{"@type":"ListItem","position":1,"name":"In\u00edcio","item":"https:\/\/portaltela.pt\/"},{"@type":"ListItem","position":2,"name":"Alisson marca na vit\u00f3ria do Napoli e faz manchete em It\u00e1lia"}]},{"@type":"WebSite","@id":"https:\/\/portaltela.pt\/#website","url":"https:\/\/portaltela.pt\/","name":"Portal Tela Portugal","description":"","potentialAction":[{"@type":"SearchAction","target":{"@type":"EntryPoint","urlTemplate":"https:\/\/portaltela.pt\/?s={search_term_string}"},"query-input":{"@type":"PropertyValueSpecification","valueRequired":true,"valueName":"search_term_string"}}],"inLanguage":"pt-PT"},{"@type":"Person","@id":"https:\/\/portaltela.pt\/#\/schema\/person\/c4278d4a6028830caff9ee44b42d32ed","name":"Telinha","image":{"@type":"ImageObject","inLanguage":"pt-PT","@id":"https:\/\/portaltela.pt\/s.01k8rhncp4jt1\/2025\/11\/talking-bot-125x125.png","url":"https:\/\/portaltela.pt\/s.01k8rhncp4jt1\/2025\/11\/talking-bot-125x125.png","contentUrl":"https:\/\/portaltela.pt\/s.01k8rhncp4jt1\/2025\/11\/talking-bot-125x125.png","caption":"Telinha"},"sameAs":["https:\/\/portaltela.pt\/"],"url":"https:\/\/portaltela.pt\/por\/367410592786\/"}]}},"_links":{"self":[{"href":"https:\/\/portaltela.pt\/api\/wp\/v2\/posts\/401137","targetHints":{"allow":["GET"]}}],"collection":[{"href":"https:\/\/portaltela.pt\/api\/wp\/v2\/posts"}],"about":[{"href":"https:\/\/portaltela.pt\/api\/wp\/v2\/types\/post"}],"author":[{"embeddable":true,"href":"https:\/\/portaltela.pt\/api\/wp\/v2\/users\/2"}],"replies":[{"embeddable":true,"href":"https:\/\/portaltela.pt\/api\/wp\/v2\/comments?post=401137"}],"version-history":[{"count":0,"href":"https:\/\/portaltela.pt\/api\/wp\/v2\/posts\/401137\/revisions"}],"wp:featuredmedia":[{"embeddable":true,"href":"https:\/\/portaltela.pt\/api\/wp\/v2\/media\/401141"}],"wp:attachment":[{"href":"https:\/\/portaltela.pt\/api\/wp\/v2\/media?parent=401137"}],"wp:term":[{"taxonomy":"category","embeddable":true,"href":"https:\/\/portaltela.pt\/api\/wp\/v2\/categories?post=401137"},{"taxonomy":"post_tag","embeddable":true,"href":"https:\/\/portaltela.pt\/api\/wp\/v2\/tags?post=401137"}],"curies":[{"name":"wp","href":"https:\/\/api.w.org\/{rel}","templated":true}]}}