{"id":401134,"date":"2026-03-07T05:44:00","date_gmt":"2026-03-07T08:44:00","guid":{"rendered":"https:\/\/portaltela.pt\/noticias\/2026\/03\/07\/estrada-entre-barcelos-e-esposende-e-descrita-como-autoestrada-pelos-condutores\/"},"modified":"2026-03-07T05:44:00","modified_gmt":"2026-03-07T08:44:00","slug":"estrada-entre-barcelos-e-esposende-e-descrita-como-autoestrada-pelos-condutores","status":"publish","type":"post","link":"https:\/\/portaltela.pt\/noticias\/2026\/03\/07\/estrada-entre-barcelos-e-esposende-e-descrita-como-autoestrada-pelos-condutores\/","title":{"rendered":"Estrada entre Barcelos e Esposende \u00e9 descrita como autoestrada pelos condutores"},"content":{"rendered":"<p>A Estrada Nacional 103-1, que atravessa a freguesia de Perelhal e liga Barcelos a Esposende, \u00e9 apontada como uma das vias mais perigosas do concelho. Relatos de atropelamentos e acidentes abundam numa via com habita\u00e7\u00f5es, com\u00e9rcio e tr\u00e1fego intenso.<\/p>\n<p>Moradores, comerciantes e a junta de freguesia criticam o excesso de velocidade, a aus\u00eancia de passeios e a ilumina\u00e7\u00e3o insuficiente das passadeiras. O problema \u00e9 visto como uma autentica preocupa\u00e7\u00e3o de seguran\u00e7a p\u00fablica.<\/p>\n<h3>Local e contexto<\/h3>\n<p>Ao longo da EN 103-1, o risco persiste devido \u00e0 coexist\u00eancia de tr\u00e1fego motorizado e estruturas residenciais, sem infraestruturas pedonais adequadas em v\u00e1rios trechos. Barcelos regista, dentro do distrito de Braga, n\u00fameros elevados de atropelamentos graves.<\/p>\n<h3>Desdobramentos para a comunidade<\/h3>\n<p>A falta de medidas de melhoria aponta para impactos no quotidiano, nomeadamente na mobilidade de residentes, comerciantes e visitantes. Ao longo da via, n\u00e3o h\u00e1 garantias de passagem segura para pedestres em zonas de passagem entre casa, loja e servi\u00e7o p\u00fablico.<\/p>\n<h3>Perspetiva institucional<\/h3>\n<p>Fontes locais reiteram a necessidade de interven\u00e7\u00f5es para reduzir velocidades, criar passeios cont\u00ednuos e melhorar a ilumina\u00e7\u00e3o vi\u00e1ria. N\u00e3o foram anunciadas a\u00e7\u00f5es oficiais no momento, mas a audi\u00eancia p\u00fablica tem vindo a exigir respostas r\u00e1pidas.<\/p>\n","protected":false},"excerpt":{"rendered":"<ul>\n<li>A Estrada Nacional 103-1, que liga Barcelos a Esposende e passa pela freguesia de Perelhal, \u00e9 apontada como uma das vias mais perigosas do concelho.<\/li>\n<li>Ao longo da EN 103-1 proliferam relatos de atropelamentos e acidentes, em via onde coexistem habita\u00e7\u00f5es, com\u00e9rcio e tr\u00e1fego intenso.<\/li>\n<li>Moradores, comerciantes e a junta local criticam o excesso de velocidade, a aus\u00eancia de passeios e a ilumina\u00e7\u00e3o insuficiente das passadeiras.<\/li>\n<li>Barcelos \u00e9 um dos concelhos do distrito de Braga com mais atropelamentos graves registados.<\/li>\n<li>As queixas refletem a necessidade de melhorias de seguran\u00e7a na EN 103-1 para sinalizar e separar o tr\u00e1fego de pe\u00f5es e ve\u00edculos.<\/li>\n<\/ul>\n","protected":false},"author":2,"featured_media":401135,"comment_status":"closed","ping_status":"closed","sticky":false,"template":"","format":"standard","meta":{"footnotes":""},"categories":[1],"tags":[1027,1545,1083,2110,2761,2891],"class_list":["post-401134","post","type-post","status-publish","format-standard","has-post-thumbnail","hentry","category-noticias","tag-barcelos","tag-esposende","tag-estradas","tag-mobilidade","tag-seguranca-rodoviaria","tag-via-publica"],"yoast_head":"<!-- This site is optimized with the Yoast SEO plugin v27.2 - https:\/\/yoast.com\/product\/yoast-seo-wordpress\/ -->\n<title>Estrada entre Barcelos e Esposende \u00e9 descrita como autoestrada pelos condutores - Portal Tela Portugal<\/title>\n<meta name=\"robots\" content=\"index, follow, max-snippet:-1, max-image-preview:large, max-video-preview:-1\" \/>\n<meta property=\"og:locale\" content=\"pt_PT\" \/>\n<meta property=\"og:type\" content=\"article\" \/>\n<meta property=\"og:title\" content=\"Estrada entre Barcelos e Esposende \u00e9 descrita como autoestrada pelos condutores - Portal Tela Portugal\" \/>\n<meta property=\"og:description\" content=\"A Estrada Nacional 103-1, que liga Barcelos a Esposende e passa pela freguesia de Perelhal, \u00e9 apontada como uma das vias mais perigosas do concelho. Ao longo da EN 103-1 proliferam relatos de atropelamentos e acidentes, em via onde coexistem habita\u00e7\u00f5es, com\u00e9rcio e tr\u00e1fego intenso. Moradores, comerciantes e a junta local criticam o excesso de velocidade, a aus\u00eancia de passeios e a ilumina\u00e7\u00e3o insuficiente das passadeiras. Barcelos \u00e9 um dos concelhos do distrito de Braga com mais atropelamentos graves registados. As queixas refletem a necessidade de melhorias de seguran\u00e7a na EN 103-1 para sinalizar e separar o tr\u00e1fego de pe\u00f5es e ve\u00edculos.\" \/>\n<meta property=\"og:url\" content=\"https:\/\/portaltela.pt\/noticias\/2026\/03\/07\/estrada-entre-barcelos-e-esposende-e-descrita-como-autoestrada-pelos-condutores\/\" \/>\n<meta property=\"og:site_name\" content=\"Portal Tela Portugal\" \/>\n<meta property=\"article:published_time\" content=\"2026-03-07T08:44:00+00:00\" \/>\n<meta name=\"author\" content=\"Telinha\" \/>\n<meta name=\"twitter:card\" content=\"summary_large_image\" \/>\n<meta name=\"twitter:label1\" content=\"Escrito por\" \/>\n\t<meta name=\"twitter:data1\" content=\"Telinha\" \/>\n\t<meta name=\"twitter:label2\" content=\"Tempo estimado de leitura\" \/>\n\t<meta name=\"twitter:data2\" content=\"1 minuto\" \/>\n<script type=\"application\/ld+json\" class=\"yoast-schema-graph\">{\"@context\":\"https:\/\/schema.org\",\"@graph\":[{\"@type\":\"Article\",\"@id\":\"https:\/\/portaltela.pt\/noticias\/2026\/03\/07\/estrada-entre-barcelos-e-esposende-e-descrita-como-autoestrada-pelos-condutores\/#article\",\"isPartOf\":{\"@id\":\"https:\/\/portaltela.pt\/noticias\/2026\/03\/07\/estrada-entre-barcelos-e-esposende-e-descrita-como-autoestrada-pelos-condutores\/\"},\"author\":{\"name\":\"Telinha\",\"@id\":\"https:\/\/portaltela.pt\/#\/schema\/person\/c4278d4a6028830caff9ee44b42d32ed\"},\"headline\":\"Estrada entre Barcelos e Esposende \u00e9 descrita como autoestrada pelos condutores\",\"datePublished\":\"2026-03-07T08:44:00+00:00\",\"mainEntityOfPage\":{\"@id\":\"https:\/\/portaltela.pt\/noticias\/2026\/03\/07\/estrada-entre-barcelos-e-esposende-e-descrita-como-autoestrada-pelos-condutores\/\"},\"wordCount\":224,\"image\":{\"@id\":\"https:\/\/portaltela.pt\/noticias\/2026\/03\/07\/estrada-entre-barcelos-e-esposende-e-descrita-como-autoestrada-pelos-condutores\/#primaryimage\"},\"thumbnailUrl\":\"https:\/\/portaltela.pt\/s.01k8rhncp4jt1\/2026\/03\/fc7deee2-d80a-4d58-a9e2-9430a146dfdf_1200x675.jpg\",\"keywords\":[\"Barcelos\",\"Esposende\",\"estradas\",\"mobilidade\",\"seguran\u00e7a rodovi\u00e1ria\",\"via p\u00fablica\"],\"articleSection\":[\"Not\u00edcias\"],\"inLanguage\":\"pt-PT\"},{\"@type\":\"WebPage\",\"@id\":\"https:\/\/portaltela.pt\/noticias\/2026\/03\/07\/estrada-entre-barcelos-e-esposende-e-descrita-como-autoestrada-pelos-condutores\/\",\"url\":\"https:\/\/portaltela.pt\/noticias\/2026\/03\/07\/estrada-entre-barcelos-e-esposende-e-descrita-como-autoestrada-pelos-condutores\/\",\"name\":\"Estrada entre Barcelos e Esposende \u00e9 descrita como autoestrada pelos condutores - Portal Tela Portugal\",\"isPartOf\":{\"@id\":\"https:\/\/portaltela.pt\/#website\"},\"primaryImageOfPage\":{\"@id\":\"https:\/\/portaltela.pt\/noticias\/2026\/03\/07\/estrada-entre-barcelos-e-esposende-e-descrita-como-autoestrada-pelos-condutores\/#primaryimage\"},\"image\":{\"@id\":\"https:\/\/portaltela.pt\/noticias\/2026\/03\/07\/estrada-entre-barcelos-e-esposende-e-descrita-como-autoestrada-pelos-condutores\/#primaryimage\"},\"thumbnailUrl\":\"https:\/\/portaltela.pt\/s.01k8rhncp4jt1\/2026\/03\/fc7deee2-d80a-4d58-a9e2-9430a146dfdf_1200x675.jpg\",\"datePublished\":\"2026-03-07T08:44:00+00:00\",\"author\":{\"@id\":\"https:\/\/portaltela.pt\/#\/schema\/person\/c4278d4a6028830caff9ee44b42d32ed\"},\"breadcrumb\":{\"@id\":\"https:\/\/portaltela.pt\/noticias\/2026\/03\/07\/estrada-entre-barcelos-e-esposende-e-descrita-como-autoestrada-pelos-condutores\/#breadcrumb\"},\"inLanguage\":\"pt-PT\",\"potentialAction\":[{\"@type\":\"ReadAction\",\"target\":[\"https:\/\/portaltela.pt\/noticias\/2026\/03\/07\/estrada-entre-barcelos-e-esposende-e-descrita-como-autoestrada-pelos-condutores\/\"]}]},{\"@type\":\"ImageObject\",\"inLanguage\":\"pt-PT\",\"@id\":\"https:\/\/portaltela.pt\/noticias\/2026\/03\/07\/estrada-entre-barcelos-e-esposende-e-descrita-como-autoestrada-pelos-condutores\/#primaryimage\",\"url\":\"https:\/\/portaltela.pt\/s.01k8rhncp4jt1\/2026\/03\/fc7deee2-d80a-4d58-a9e2-9430a146dfdf_1200x675.jpg\",\"contentUrl\":\"https:\/\/portaltela.pt\/s.01k8rhncp4jt1\/2026\/03\/fc7deee2-d80a-4d58-a9e2-9430a146dfdf_1200x675.jpg\",\"width\":796,\"height\":448,\"caption\":\"H\u00e1 v\u00e1rias zonasda EN 103-1, entre Barcelos e Esposende, que n\u00e3o t\u00eam passeios\"},{\"@type\":\"BreadcrumbList\",\"@id\":\"https:\/\/portaltela.pt\/noticias\/2026\/03\/07\/estrada-entre-barcelos-e-esposende-e-descrita-como-autoestrada-pelos-condutores\/#breadcrumb\",\"itemListElement\":[{\"@type\":\"ListItem\",\"position\":1,\"name\":\"In\u00edcio\",\"item\":\"https:\/\/portaltela.pt\/\"},{\"@type\":\"ListItem\",\"position\":2,\"name\":\"Estrada entre Barcelos e Esposende \u00e9 descrita como autoestrada pelos condutores\"}]},{\"@type\":\"WebSite\",\"@id\":\"https:\/\/portaltela.pt\/#website\",\"url\":\"https:\/\/portaltela.pt\/\",\"name\":\"Portal Tela Portugal\",\"description\":\"\",\"potentialAction\":[{\"@type\":\"SearchAction\",\"target\":{\"@type\":\"EntryPoint\",\"urlTemplate\":\"https:\/\/portaltela.pt\/?s={search_term_string}\"},\"query-input\":{\"@type\":\"PropertyValueSpecification\",\"valueRequired\":true,\"valueName\":\"search_term_string\"}}],\"inLanguage\":\"pt-PT\"},{\"@type\":\"Person\",\"@id\":\"https:\/\/portaltela.pt\/#\/schema\/person\/c4278d4a6028830caff9ee44b42d32ed\",\"name\":\"Telinha\",\"image\":{\"@type\":\"ImageObject\",\"inLanguage\":\"pt-PT\",\"@id\":\"https:\/\/portaltela.pt\/s.01k8rhncp4jt1\/2025\/11\/talking-bot-125x125.png\",\"url\":\"https:\/\/portaltela.pt\/s.01k8rhncp4jt1\/2025\/11\/talking-bot-125x125.png\",\"contentUrl\":\"https:\/\/portaltela.pt\/s.01k8rhncp4jt1\/2025\/11\/talking-bot-125x125.png\",\"caption\":\"Telinha\"},\"sameAs\":[\"https:\/\/portaltela.pt\/\"],\"url\":\"https:\/\/portaltela.pt\/por\/367410592786\/\"}]}<\/script>\n<!-- \/ Yoast SEO plugin. -->","yoast_head_json":{"title":"Estrada entre Barcelos e Esposende \u00e9 descrita como autoestrada pelos condutores - Portal Tela Portugal","robots":{"index":"index","follow":"follow","max-snippet":"max-snippet:-1","max-image-preview":"max-image-preview:large","max-video-preview":"max-video-preview:-1"},"og_locale":"pt_PT","og_type":"article","og_title":"Estrada entre Barcelos e Esposende \u00e9 descrita como autoestrada pelos condutores - Portal Tela Portugal","og_description":"A Estrada Nacional 103-1, que liga Barcelos a Esposende e passa pela freguesia de Perelhal, \u00e9 apontada como uma das vias mais perigosas do concelho. Ao longo da EN 103-1 proliferam relatos de atropelamentos e acidentes, em via onde coexistem habita\u00e7\u00f5es, com\u00e9rcio e tr\u00e1fego intenso. Moradores, comerciantes e a junta local criticam o excesso de velocidade, a aus\u00eancia de passeios e a ilumina\u00e7\u00e3o insuficiente das passadeiras. Barcelos \u00e9 um dos concelhos do distrito de Braga com mais atropelamentos graves registados. As queixas refletem a necessidade de melhorias de seguran\u00e7a na EN 103-1 para sinalizar e separar o tr\u00e1fego de pe\u00f5es e ve\u00edculos.","og_url":"https:\/\/portaltela.pt\/noticias\/2026\/03\/07\/estrada-entre-barcelos-e-esposende-e-descrita-como-autoestrada-pelos-condutores\/","og_site_name":"Portal Tela Portugal","article_published_time":"2026-03-07T08:44:00+00:00","author":"Telinha","twitter_card":"summary_large_image","twitter_misc":{"Escrito por":"Telinha","Tempo estimado de leitura":"1 minuto"},"schema":{"@context":"https:\/\/schema.org","@graph":[{"@type":"Article","@id":"https:\/\/portaltela.pt\/noticias\/2026\/03\/07\/estrada-entre-barcelos-e-esposende-e-descrita-como-autoestrada-pelos-condutores\/#article","isPartOf":{"@id":"https:\/\/portaltela.pt\/noticias\/2026\/03\/07\/estrada-entre-barcelos-e-esposende-e-descrita-como-autoestrada-pelos-condutores\/"},"author":{"name":"Telinha","@id":"https:\/\/portaltela.pt\/#\/schema\/person\/c4278d4a6028830caff9ee44b42d32ed"},"headline":"Estrada entre Barcelos e Esposende \u00e9 descrita como autoestrada pelos condutores","datePublished":"2026-03-07T08:44:00+00:00","mainEntityOfPage":{"@id":"https:\/\/portaltela.pt\/noticias\/2026\/03\/07\/estrada-entre-barcelos-e-esposende-e-descrita-como-autoestrada-pelos-condutores\/"},"wordCount":224,"image":{"@id":"https:\/\/portaltela.pt\/noticias\/2026\/03\/07\/estrada-entre-barcelos-e-esposende-e-descrita-como-autoestrada-pelos-condutores\/#primaryimage"},"thumbnailUrl":"https:\/\/portaltela.pt\/s.01k8rhncp4jt1\/2026\/03\/fc7deee2-d80a-4d58-a9e2-9430a146dfdf_1200x675.jpg","keywords":["Barcelos","Esposende","estradas","mobilidade","seguran\u00e7a rodovi\u00e1ria","via p\u00fablica"],"articleSection":["Not\u00edcias"],"inLanguage":"pt-PT"},{"@type":"WebPage","@id":"https:\/\/portaltela.pt\/noticias\/2026\/03\/07\/estrada-entre-barcelos-e-esposende-e-descrita-como-autoestrada-pelos-condutores\/","url":"https:\/\/portaltela.pt\/noticias\/2026\/03\/07\/estrada-entre-barcelos-e-esposende-e-descrita-como-autoestrada-pelos-condutores\/","name":"Estrada entre Barcelos e Esposende \u00e9 descrita como autoestrada pelos condutores - Portal Tela Portugal","isPartOf":{"@id":"https:\/\/portaltela.pt\/#website"},"primaryImageOfPage":{"@id":"https:\/\/portaltela.pt\/noticias\/2026\/03\/07\/estrada-entre-barcelos-e-esposende-e-descrita-como-autoestrada-pelos-condutores\/#primaryimage"},"image":{"@id":"https:\/\/portaltela.pt\/noticias\/2026\/03\/07\/estrada-entre-barcelos-e-esposende-e-descrita-como-autoestrada-pelos-condutores\/#primaryimage"},"thumbnailUrl":"https:\/\/portaltela.pt\/s.01k8rhncp4jt1\/2026\/03\/fc7deee2-d80a-4d58-a9e2-9430a146dfdf_1200x675.jpg","datePublished":"2026-03-07T08:44:00+00:00","author":{"@id":"https:\/\/portaltela.pt\/#\/schema\/person\/c4278d4a6028830caff9ee44b42d32ed"},"breadcrumb":{"@id":"https:\/\/portaltela.pt\/noticias\/2026\/03\/07\/estrada-entre-barcelos-e-esposende-e-descrita-como-autoestrada-pelos-condutores\/#breadcrumb"},"inLanguage":"pt-PT","potentialAction":[{"@type":"ReadAction","target":["https:\/\/portaltela.pt\/noticias\/2026\/03\/07\/estrada-entre-barcelos-e-esposende-e-descrita-como-autoestrada-pelos-condutores\/"]}]},{"@type":"ImageObject","inLanguage":"pt-PT","@id":"https:\/\/portaltela.pt\/noticias\/2026\/03\/07\/estrada-entre-barcelos-e-esposende-e-descrita-como-autoestrada-pelos-condutores\/#primaryimage","url":"https:\/\/portaltela.pt\/s.01k8rhncp4jt1\/2026\/03\/fc7deee2-d80a-4d58-a9e2-9430a146dfdf_1200x675.jpg","contentUrl":"https:\/\/portaltela.pt\/s.01k8rhncp4jt1\/2026\/03\/fc7deee2-d80a-4d58-a9e2-9430a146dfdf_1200x675.jpg","width":796,"height":448,"caption":"H\u00e1 v\u00e1rias zonasda EN 103-1, entre Barcelos e Esposende, que n\u00e3o t\u00eam passeios"},{"@type":"BreadcrumbList","@id":"https:\/\/portaltela.pt\/noticias\/2026\/03\/07\/estrada-entre-barcelos-e-esposende-e-descrita-como-autoestrada-pelos-condutores\/#breadcrumb","itemListElement":[{"@type":"ListItem","position":1,"name":"In\u00edcio","item":"https:\/\/portaltela.pt\/"},{"@type":"ListItem","position":2,"name":"Estrada entre Barcelos e Esposende \u00e9 descrita como autoestrada pelos condutores"}]},{"@type":"WebSite","@id":"https:\/\/portaltela.pt\/#website","url":"https:\/\/portaltela.pt\/","name":"Portal Tela Portugal","description":"","potentialAction":[{"@type":"SearchAction","target":{"@type":"EntryPoint","urlTemplate":"https:\/\/portaltela.pt\/?s={search_term_string}"},"query-input":{"@type":"PropertyValueSpecification","valueRequired":true,"valueName":"search_term_string"}}],"inLanguage":"pt-PT"},{"@type":"Person","@id":"https:\/\/portaltela.pt\/#\/schema\/person\/c4278d4a6028830caff9ee44b42d32ed","name":"Telinha","image":{"@type":"ImageObject","inLanguage":"pt-PT","@id":"https:\/\/portaltela.pt\/s.01k8rhncp4jt1\/2025\/11\/talking-bot-125x125.png","url":"https:\/\/portaltela.pt\/s.01k8rhncp4jt1\/2025\/11\/talking-bot-125x125.png","contentUrl":"https:\/\/portaltela.pt\/s.01k8rhncp4jt1\/2025\/11\/talking-bot-125x125.png","caption":"Telinha"},"sameAs":["https:\/\/portaltela.pt\/"],"url":"https:\/\/portaltela.pt\/por\/367410592786\/"}]}},"_links":{"self":[{"href":"https:\/\/portaltela.pt\/api\/wp\/v2\/posts\/401134","targetHints":{"allow":["GET"]}}],"collection":[{"href":"https:\/\/portaltela.pt\/api\/wp\/v2\/posts"}],"about":[{"href":"https:\/\/portaltela.pt\/api\/wp\/v2\/types\/post"}],"author":[{"embeddable":true,"href":"https:\/\/portaltela.pt\/api\/wp\/v2\/users\/2"}],"replies":[{"embeddable":true,"href":"https:\/\/portaltela.pt\/api\/wp\/v2\/comments?post=401134"}],"version-history":[{"count":0,"href":"https:\/\/portaltela.pt\/api\/wp\/v2\/posts\/401134\/revisions"}],"wp:featuredmedia":[{"embeddable":true,"href":"https:\/\/portaltela.pt\/api\/wp\/v2\/media\/401135"}],"wp:attachment":[{"href":"https:\/\/portaltela.pt\/api\/wp\/v2\/media?parent=401134"}],"wp:term":[{"taxonomy":"category","embeddable":true,"href":"https:\/\/portaltela.pt\/api\/wp\/v2\/categories?post=401134"},{"taxonomy":"post_tag","embeddable":true,"href":"https:\/\/portaltela.pt\/api\/wp\/v2\/tags?post=401134"}],"curies":[{"name":"wp","href":"https:\/\/api.w.org\/{rel}","templated":true}]}}