{"id":401129,"date":"2026-03-07T05:44:00","date_gmt":"2026-03-07T08:44:00","guid":{"rendered":"https:\/\/portaltela.pt\/noticias\/2026\/03\/07\/abandono-no-vale-do-tejo-forca-agricultores-a-manter-o-territorio-com-remendos\/"},"modified":"2026-03-07T05:44:00","modified_gmt":"2026-03-07T08:44:00","slug":"abandono-no-vale-do-tejo-forca-agricultores-a-manter-o-territorio-com-remendos","status":"publish","type":"post","link":"https:\/\/portaltela.pt\/meio-ambiente\/2026\/03\/07\/abandono-no-vale-do-tejo-forca-agricultores-a-manter-o-territorio-com-remendos\/","title":{"rendered":"Abandono no Vale do Tejo for\u00e7a agricultores a manter o territ\u00f3rio com remendos"},"content":{"rendered":"<p>Entre a Azambuja e Santar\u00e9m multiplicam-se estruturas remendadas \u00e0 pressa, sustentadas por estacas improvisadas e pelo esfor\u00e7o dos agricultores. As cheias deste inverno evidenciam falhas de manuten\u00e7\u00e3o de diques, valadas, estradas e portas de \u00e1gua no Vale do Tejo.<\/p>\n<p>Na estrada de acesso ao Pal\u00e1cio da Rainha, na Azambuja, a via cedeu e o tr\u00e2nsito ficou cortado. O desn\u00edvel \u00e9 cortado por uma corrente de \u00e1gua que avan\u00e7a e recua conforme a mar\u00e9, afetando terras de cultura de inverno j\u00e1 instaladas.<\/p>\n<p>A \u00e1gua, ainda alta, invade margens expostas e agrava terrenos onde se pretende plantar tomate, cultura dominante da regi\u00e3o, nas pr\u00f3ximas semanas. O agricultor Edgar Sousa aponta que a estrada precisava de manuten\u00e7\u00e3o h\u00e1 muito tempo.<\/p>\n<p>A tarefa de preparar terreno para o tomate, que pode render at\u00e9 10 mil euros por hectare, tornou-se impratic\u00e1vel face ao estado atual. A solu\u00e7\u00e3o n\u00e3o passa por remendos, diz o t\u00e9cnico agr\u00edcola.<\/p>\n<h3>Contexto<\/h3>\n<p>Lu\u00eds Neves, presidente da Associa\u00e7\u00e3o de Agricultores do Ribatejo, descreve o cen\u00e1rio como estrutural, n\u00e3o apenas pontual. Cheias mostram falhas acumuladas na rede de drenagem, margens e taludes do territ\u00f3rio.<\/p>\n<p>O dirigente alerta que, sem uma interven\u00e7\u00e3o de fundo, novas cheias destruir\u00e3o estruturas dispersas pela regi\u00e3o, desde o Tejo ao Mondego. O diagn\u00f3stico aponta desinvestimento persistente na manuten\u00e7\u00e3o.<\/p>\n<p>A associa\u00e7\u00e3o tem defendido uma gest\u00e3o coordenada do territ\u00f3rio, similar \u00e0 de outros regadios coletivos. A ideia passa pela cria\u00e7\u00e3o de uma entidade gestora capaz de assegurar drenagens e infraestruturas agr\u00edcolas.<\/p>\n<h3>Proposta de solu\u00e7\u00e3o<\/h3>\n<p>Neves defende uma plataforma de entendimento entre propriet\u00e1rios, arrendat\u00e1rios, juntas e autoridades para terminar com o recurso a remendos. O objetivo \u00e9 manter o vale do Tejo com infraestrutura adequada e resposta integrada \u00e0 escala territorial.<\/p>\n<p>O presidente recorda que o territ\u00f3rio \u00e9 relevante para a alimenta\u00e7\u00e3o, emprego e economia regional, mas tem sido esquecido em interven\u00e7\u00f5es estruturais. A aposta \u00e9 por uma gest\u00e3o s\u00f3lida que reduza fragilidades face a epis\u00f3dios extremos.<\/p>\n","protected":false},"excerpt":{"rendered":"<ul>\n<li>Cheias deste inverno evidenciaram falhas estruturais no Vale do Tejo, com diques, valadas e estradas a ceder ao primeiro embate.<\/li>\n<li>Entre Azambuja e Santar\u00e9m multiplicam-se remendos de fortuna, sustentados por estacas improvisadas, incluindo a estrada de acesso ao Pal\u00e1cio da Rainha, que ficou cortada.<\/li>\n<li>A prepara\u00e7\u00e3o de terreno para o tomate, cultura dominante na regi\u00e3o, ficou invi\u00e1vel devido ao solo alagado e \u00e0 instabilidade da terra.<\/li>\n<li>Agricultores e o presidente da Associa\u00e7\u00e3o de Agricultores do Ribatejo dizem que o problema \u00e9 estrutural e n\u00e3o se resolve com remendos; pedem interven\u00e7\u00e3o de fundo e uma gest\u00e3o coordenada do territ\u00f3rio.<\/li>\n<li>Proposta central: criar uma entidade gestora do territ\u00f3rio, semelhante a outros regadios coletivos, para assegurar drenagens, margens e infraestruturas agr\u00edcolas de forma est\u00e1vel.<\/li>\n<\/ul>\n","protected":false},"author":2,"featured_media":401133,"comment_status":"closed","ping_status":"closed","sticky":false,"template":"","format":"standard","meta":{"footnotes":""},"categories":[6725],"tags":[6336,179,1133,3701,898,6199],"class_list":["post-401129","post","type-post","status-publish","format-standard","has-post-thumbnail","hentry","category-meio-ambiente","tag-a-agua","tag-agricultura","tag-azambuja","tag-cheias","tag-santarem","tag-vale-do-tejo"],"yoast_head":"<!-- This site is optimized with the Yoast SEO plugin v27.2 - https:\/\/yoast.com\/product\/yoast-seo-wordpress\/ -->\n<title>Abandono no Vale do Tejo for\u00e7a agricultores a manter o territ\u00f3rio com remendos - Portal Tela Portugal<\/title>\n<meta name=\"robots\" content=\"index, follow, max-snippet:-1, max-image-preview:large, max-video-preview:-1\" \/>\n<meta property=\"og:locale\" content=\"pt_PT\" \/>\n<meta property=\"og:type\" content=\"article\" \/>\n<meta property=\"og:title\" content=\"Abandono no Vale do Tejo for\u00e7a agricultores a manter o territ\u00f3rio com remendos - Portal Tela Portugal\" \/>\n<meta property=\"og:description\" content=\"Cheias deste inverno evidenciaram falhas estruturais no Vale do Tejo, com diques, valadas e estradas a ceder ao primeiro embate. Entre Azambuja e Santar\u00e9m multiplicam-se remendos de fortuna, sustentados por estacas improvisadas, incluindo a estrada de acesso ao Pal\u00e1cio da Rainha, que ficou cortada. A prepara\u00e7\u00e3o de terreno para o tomate, cultura dominante na regi\u00e3o, ficou invi\u00e1vel devido ao solo alagado e \u00e0 instabilidade da terra. Agricultores e o presidente da Associa\u00e7\u00e3o de Agricultores do Ribatejo dizem que o problema \u00e9 estrutural e n\u00e3o se resolve com remendos; pedem interven\u00e7\u00e3o de fundo e uma gest\u00e3o coordenada do territ\u00f3rio. Proposta central: criar uma entidade gestora do territ\u00f3rio, semelhante a outros regadios coletivos, para assegurar drenagens, margens e infraestruturas agr\u00edcolas de forma est\u00e1vel.\" \/>\n<meta property=\"og:url\" content=\"https:\/\/portaltela.pt\/noticias\/2026\/03\/07\/abandono-no-vale-do-tejo-forca-agricultores-a-manter-o-territorio-com-remendos\/\" \/>\n<meta property=\"og:site_name\" content=\"Portal Tela Portugal\" \/>\n<meta property=\"article:published_time\" content=\"2026-03-07T08:44:00+00:00\" \/>\n<meta name=\"author\" content=\"Telinha\" \/>\n<meta name=\"twitter:card\" content=\"summary_large_image\" \/>\n<meta name=\"twitter:label1\" content=\"Escrito por\" \/>\n\t<meta name=\"twitter:data1\" content=\"Telinha\" \/>\n\t<meta name=\"twitter:label2\" content=\"Tempo estimado de leitura\" \/>\n\t<meta name=\"twitter:data2\" content=\"2 minutos\" \/>\n<script type=\"application\/ld+json\" class=\"yoast-schema-graph\">{\"@context\":\"https:\/\/schema.org\",\"@graph\":[{\"@type\":\"Article\",\"@id\":\"https:\/\/portaltela.pt\/noticias\/2026\/03\/07\/abandono-no-vale-do-tejo-forca-agricultores-a-manter-o-territorio-com-remendos\/#article\",\"isPartOf\":{\"@id\":\"https:\/\/portaltela.pt\/noticias\/2026\/03\/07\/abandono-no-vale-do-tejo-forca-agricultores-a-manter-o-territorio-com-remendos\/\"},\"author\":{\"name\":\"Telinha\",\"@id\":\"https:\/\/portaltela.pt\/#\/schema\/person\/c4278d4a6028830caff9ee44b42d32ed\"},\"headline\":\"Abandono no Vale do Tejo for\u00e7a agricultores a manter o territ\u00f3rio com remendos\",\"datePublished\":\"2026-03-07T08:44:00+00:00\",\"mainEntityOfPage\":{\"@id\":\"https:\/\/portaltela.pt\/noticias\/2026\/03\/07\/abandono-no-vale-do-tejo-forca-agricultores-a-manter-o-territorio-com-remendos\/\"},\"wordCount\":361,\"image\":{\"@id\":\"https:\/\/portaltela.pt\/noticias\/2026\/03\/07\/abandono-no-vale-do-tejo-forca-agricultores-a-manter-o-territorio-com-remendos\/#primaryimage\"},\"thumbnailUrl\":\"https:\/\/portaltela.pt\/s.01k8rhncp4jt1\/2026\/03\/img_1280x721uu2026-03-07-08-44-05-2270932.jpg\",\"keywords\":[\"a \u00e1gua\",\"agricultura\",\"Azambuja\",\"cheias\",\"Santar\u00e9m\",\"Vale do Tejo\"],\"articleSection\":[\"Meio Ambiente\"],\"inLanguage\":\"pt-PT\"},{\"@type\":\"WebPage\",\"@id\":\"https:\/\/portaltela.pt\/noticias\/2026\/03\/07\/abandono-no-vale-do-tejo-forca-agricultores-a-manter-o-territorio-com-remendos\/\",\"url\":\"https:\/\/portaltela.pt\/noticias\/2026\/03\/07\/abandono-no-vale-do-tejo-forca-agricultores-a-manter-o-territorio-com-remendos\/\",\"name\":\"Abandono no Vale do Tejo for\u00e7a agricultores a manter o territ\u00f3rio com remendos - Portal Tela Portugal\",\"isPartOf\":{\"@id\":\"https:\/\/portaltela.pt\/#website\"},\"primaryImageOfPage\":{\"@id\":\"https:\/\/portaltela.pt\/noticias\/2026\/03\/07\/abandono-no-vale-do-tejo-forca-agricultores-a-manter-o-territorio-com-remendos\/#primaryimage\"},\"image\":{\"@id\":\"https:\/\/portaltela.pt\/noticias\/2026\/03\/07\/abandono-no-vale-do-tejo-forca-agricultores-a-manter-o-territorio-com-remendos\/#primaryimage\"},\"thumbnailUrl\":\"https:\/\/portaltela.pt\/s.01k8rhncp4jt1\/2026\/03\/img_1280x721uu2026-03-07-08-44-05-2270932.jpg\",\"datePublished\":\"2026-03-07T08:44:00+00:00\",\"author\":{\"@id\":\"https:\/\/portaltela.pt\/#\/schema\/person\/c4278d4a6028830caff9ee44b42d32ed\"},\"breadcrumb\":{\"@id\":\"https:\/\/portaltela.pt\/noticias\/2026\/03\/07\/abandono-no-vale-do-tejo-forca-agricultores-a-manter-o-territorio-com-remendos\/#breadcrumb\"},\"inLanguage\":\"pt-PT\",\"potentialAction\":[{\"@type\":\"ReadAction\",\"target\":[\"https:\/\/portaltela.pt\/noticias\/2026\/03\/07\/abandono-no-vale-do-tejo-forca-agricultores-a-manter-o-territorio-com-remendos\/\"]}]},{\"@type\":\"ImageObject\",\"inLanguage\":\"pt-PT\",\"@id\":\"https:\/\/portaltela.pt\/noticias\/2026\/03\/07\/abandono-no-vale-do-tejo-forca-agricultores-a-manter-o-territorio-com-remendos\/#primaryimage\",\"url\":\"https:\/\/portaltela.pt\/s.01k8rhncp4jt1\/2026\/03\/img_1280x721uu2026-03-07-08-44-05-2270932.jpg\",\"contentUrl\":\"https:\/\/portaltela.pt\/s.01k8rhncp4jt1\/2026\/03\/img_1280x721uu2026-03-07-08-44-05-2270932.jpg\",\"width\":796,\"height\":448,\"caption\":\"Abandono no Vale do Tejo obriga agricultores a manter o territ\u00f3rio com remendos\"},{\"@type\":\"BreadcrumbList\",\"@id\":\"https:\/\/portaltela.pt\/noticias\/2026\/03\/07\/abandono-no-vale-do-tejo-forca-agricultores-a-manter-o-territorio-com-remendos\/#breadcrumb\",\"itemListElement\":[{\"@type\":\"ListItem\",\"position\":1,\"name\":\"In\u00edcio\",\"item\":\"https:\/\/portaltela.pt\/\"},{\"@type\":\"ListItem\",\"position\":2,\"name\":\"Abandono no Vale do Tejo for\u00e7a agricultores a manter o territ\u00f3rio com remendos\"}]},{\"@type\":\"WebSite\",\"@id\":\"https:\/\/portaltela.pt\/#website\",\"url\":\"https:\/\/portaltela.pt\/\",\"name\":\"Portal Tela Portugal\",\"description\":\"\",\"potentialAction\":[{\"@type\":\"SearchAction\",\"target\":{\"@type\":\"EntryPoint\",\"urlTemplate\":\"https:\/\/portaltela.pt\/?s={search_term_string}\"},\"query-input\":{\"@type\":\"PropertyValueSpecification\",\"valueRequired\":true,\"valueName\":\"search_term_string\"}}],\"inLanguage\":\"pt-PT\"},{\"@type\":\"Person\",\"@id\":\"https:\/\/portaltela.pt\/#\/schema\/person\/c4278d4a6028830caff9ee44b42d32ed\",\"name\":\"Telinha\",\"image\":{\"@type\":\"ImageObject\",\"inLanguage\":\"pt-PT\",\"@id\":\"https:\/\/portaltela.pt\/s.01k8rhncp4jt1\/2025\/11\/talking-bot-125x125.png\",\"url\":\"https:\/\/portaltela.pt\/s.01k8rhncp4jt1\/2025\/11\/talking-bot-125x125.png\",\"contentUrl\":\"https:\/\/portaltela.pt\/s.01k8rhncp4jt1\/2025\/11\/talking-bot-125x125.png\",\"caption\":\"Telinha\"},\"sameAs\":[\"https:\/\/portaltela.pt\/\"],\"url\":\"https:\/\/portaltela.pt\/por\/367410592786\/\"}]}<\/script>\n<!-- \/ Yoast SEO plugin. -->","yoast_head_json":{"title":"Abandono no Vale do Tejo for\u00e7a agricultores a manter o territ\u00f3rio com remendos - Portal Tela Portugal","robots":{"index":"index","follow":"follow","max-snippet":"max-snippet:-1","max-image-preview":"max-image-preview:large","max-video-preview":"max-video-preview:-1"},"og_locale":"pt_PT","og_type":"article","og_title":"Abandono no Vale do Tejo for\u00e7a agricultores a manter o territ\u00f3rio com remendos - Portal Tela Portugal","og_description":"Cheias deste inverno evidenciaram falhas estruturais no Vale do Tejo, com diques, valadas e estradas a ceder ao primeiro embate. Entre Azambuja e Santar\u00e9m multiplicam-se remendos de fortuna, sustentados por estacas improvisadas, incluindo a estrada de acesso ao Pal\u00e1cio da Rainha, que ficou cortada. A prepara\u00e7\u00e3o de terreno para o tomate, cultura dominante na regi\u00e3o, ficou invi\u00e1vel devido ao solo alagado e \u00e0 instabilidade da terra. Agricultores e o presidente da Associa\u00e7\u00e3o de Agricultores do Ribatejo dizem que o problema \u00e9 estrutural e n\u00e3o se resolve com remendos; pedem interven\u00e7\u00e3o de fundo e uma gest\u00e3o coordenada do territ\u00f3rio. Proposta central: criar uma entidade gestora do territ\u00f3rio, semelhante a outros regadios coletivos, para assegurar drenagens, margens e infraestruturas agr\u00edcolas de forma est\u00e1vel.","og_url":"https:\/\/portaltela.pt\/noticias\/2026\/03\/07\/abandono-no-vale-do-tejo-forca-agricultores-a-manter-o-territorio-com-remendos\/","og_site_name":"Portal Tela Portugal","article_published_time":"2026-03-07T08:44:00+00:00","author":"Telinha","twitter_card":"summary_large_image","twitter_misc":{"Escrito por":"Telinha","Tempo estimado de leitura":"2 minutos"},"schema":{"@context":"https:\/\/schema.org","@graph":[{"@type":"Article","@id":"https:\/\/portaltela.pt\/noticias\/2026\/03\/07\/abandono-no-vale-do-tejo-forca-agricultores-a-manter-o-territorio-com-remendos\/#article","isPartOf":{"@id":"https:\/\/portaltela.pt\/noticias\/2026\/03\/07\/abandono-no-vale-do-tejo-forca-agricultores-a-manter-o-territorio-com-remendos\/"},"author":{"name":"Telinha","@id":"https:\/\/portaltela.pt\/#\/schema\/person\/c4278d4a6028830caff9ee44b42d32ed"},"headline":"Abandono no Vale do Tejo for\u00e7a agricultores a manter o territ\u00f3rio com remendos","datePublished":"2026-03-07T08:44:00+00:00","mainEntityOfPage":{"@id":"https:\/\/portaltela.pt\/noticias\/2026\/03\/07\/abandono-no-vale-do-tejo-forca-agricultores-a-manter-o-territorio-com-remendos\/"},"wordCount":361,"image":{"@id":"https:\/\/portaltela.pt\/noticias\/2026\/03\/07\/abandono-no-vale-do-tejo-forca-agricultores-a-manter-o-territorio-com-remendos\/#primaryimage"},"thumbnailUrl":"https:\/\/portaltela.pt\/s.01k8rhncp4jt1\/2026\/03\/img_1280x721uu2026-03-07-08-44-05-2270932.jpg","keywords":["a \u00e1gua","agricultura","Azambuja","cheias","Santar\u00e9m","Vale do Tejo"],"articleSection":["Meio Ambiente"],"inLanguage":"pt-PT"},{"@type":"WebPage","@id":"https:\/\/portaltela.pt\/noticias\/2026\/03\/07\/abandono-no-vale-do-tejo-forca-agricultores-a-manter-o-territorio-com-remendos\/","url":"https:\/\/portaltela.pt\/noticias\/2026\/03\/07\/abandono-no-vale-do-tejo-forca-agricultores-a-manter-o-territorio-com-remendos\/","name":"Abandono no Vale do Tejo for\u00e7a agricultores a manter o territ\u00f3rio com remendos - Portal Tela Portugal","isPartOf":{"@id":"https:\/\/portaltela.pt\/#website"},"primaryImageOfPage":{"@id":"https:\/\/portaltela.pt\/noticias\/2026\/03\/07\/abandono-no-vale-do-tejo-forca-agricultores-a-manter-o-territorio-com-remendos\/#primaryimage"},"image":{"@id":"https:\/\/portaltela.pt\/noticias\/2026\/03\/07\/abandono-no-vale-do-tejo-forca-agricultores-a-manter-o-territorio-com-remendos\/#primaryimage"},"thumbnailUrl":"https:\/\/portaltela.pt\/s.01k8rhncp4jt1\/2026\/03\/img_1280x721uu2026-03-07-08-44-05-2270932.jpg","datePublished":"2026-03-07T08:44:00+00:00","author":{"@id":"https:\/\/portaltela.pt\/#\/schema\/person\/c4278d4a6028830caff9ee44b42d32ed"},"breadcrumb":{"@id":"https:\/\/portaltela.pt\/noticias\/2026\/03\/07\/abandono-no-vale-do-tejo-forca-agricultores-a-manter-o-territorio-com-remendos\/#breadcrumb"},"inLanguage":"pt-PT","potentialAction":[{"@type":"ReadAction","target":["https:\/\/portaltela.pt\/noticias\/2026\/03\/07\/abandono-no-vale-do-tejo-forca-agricultores-a-manter-o-territorio-com-remendos\/"]}]},{"@type":"ImageObject","inLanguage":"pt-PT","@id":"https:\/\/portaltela.pt\/noticias\/2026\/03\/07\/abandono-no-vale-do-tejo-forca-agricultores-a-manter-o-territorio-com-remendos\/#primaryimage","url":"https:\/\/portaltela.pt\/s.01k8rhncp4jt1\/2026\/03\/img_1280x721uu2026-03-07-08-44-05-2270932.jpg","contentUrl":"https:\/\/portaltela.pt\/s.01k8rhncp4jt1\/2026\/03\/img_1280x721uu2026-03-07-08-44-05-2270932.jpg","width":796,"height":448,"caption":"Abandono no Vale do Tejo obriga agricultores a manter o territ\u00f3rio com remendos"},{"@type":"BreadcrumbList","@id":"https:\/\/portaltela.pt\/noticias\/2026\/03\/07\/abandono-no-vale-do-tejo-forca-agricultores-a-manter-o-territorio-com-remendos\/#breadcrumb","itemListElement":[{"@type":"ListItem","position":1,"name":"In\u00edcio","item":"https:\/\/portaltela.pt\/"},{"@type":"ListItem","position":2,"name":"Abandono no Vale do Tejo for\u00e7a agricultores a manter o territ\u00f3rio com remendos"}]},{"@type":"WebSite","@id":"https:\/\/portaltela.pt\/#website","url":"https:\/\/portaltela.pt\/","name":"Portal Tela Portugal","description":"","potentialAction":[{"@type":"SearchAction","target":{"@type":"EntryPoint","urlTemplate":"https:\/\/portaltela.pt\/?s={search_term_string}"},"query-input":{"@type":"PropertyValueSpecification","valueRequired":true,"valueName":"search_term_string"}}],"inLanguage":"pt-PT"},{"@type":"Person","@id":"https:\/\/portaltela.pt\/#\/schema\/person\/c4278d4a6028830caff9ee44b42d32ed","name":"Telinha","image":{"@type":"ImageObject","inLanguage":"pt-PT","@id":"https:\/\/portaltela.pt\/s.01k8rhncp4jt1\/2025\/11\/talking-bot-125x125.png","url":"https:\/\/portaltela.pt\/s.01k8rhncp4jt1\/2025\/11\/talking-bot-125x125.png","contentUrl":"https:\/\/portaltela.pt\/s.01k8rhncp4jt1\/2025\/11\/talking-bot-125x125.png","caption":"Telinha"},"sameAs":["https:\/\/portaltela.pt\/"],"url":"https:\/\/portaltela.pt\/por\/367410592786\/"}]}},"_links":{"self":[{"href":"https:\/\/portaltela.pt\/api\/wp\/v2\/posts\/401129","targetHints":{"allow":["GET"]}}],"collection":[{"href":"https:\/\/portaltela.pt\/api\/wp\/v2\/posts"}],"about":[{"href":"https:\/\/portaltela.pt\/api\/wp\/v2\/types\/post"}],"author":[{"embeddable":true,"href":"https:\/\/portaltela.pt\/api\/wp\/v2\/users\/2"}],"replies":[{"embeddable":true,"href":"https:\/\/portaltela.pt\/api\/wp\/v2\/comments?post=401129"}],"version-history":[{"count":0,"href":"https:\/\/portaltela.pt\/api\/wp\/v2\/posts\/401129\/revisions"}],"wp:featuredmedia":[{"embeddable":true,"href":"https:\/\/portaltela.pt\/api\/wp\/v2\/media\/401133"}],"wp:attachment":[{"href":"https:\/\/portaltela.pt\/api\/wp\/v2\/media?parent=401129"}],"wp:term":[{"taxonomy":"category","embeddable":true,"href":"https:\/\/portaltela.pt\/api\/wp\/v2\/categories?post=401129"},{"taxonomy":"post_tag","embeddable":true,"href":"https:\/\/portaltela.pt\/api\/wp\/v2\/tags?post=401129"}],"curies":[{"name":"wp","href":"https:\/\/api.w.org\/{rel}","templated":true}]}}