{"id":401125,"date":"2026-03-07T05:40:51","date_gmt":"2026-03-07T08:40:51","guid":{"rendered":"https:\/\/portaltela.pt\/noticias\/2026\/03\/07\/autarca-da-azambuja-alerta-para-degradacao-das-infraestruturas-agricolas\/"},"modified":"2026-03-07T05:40:51","modified_gmt":"2026-03-07T08:40:51","slug":"autarca-da-azambuja-alerta-para-degradacao-das-infraestruturas-agricolas","status":"publish","type":"post","link":"https:\/\/portaltela.pt\/meio-ambiente\/2026\/03\/07\/autarca-da-azambuja-alerta-para-degradacao-das-infraestruturas-agricolas\/","title":{"rendered":"Autarca da Azambuja alerta para degrada\u00e7\u00e3o das infraestruturas agr\u00edcolas"},"content":{"rendered":"<p>O presidente da C\u00e2mara da Azambuja alertou para a gravidade das infraestruturas agr\u00edcolas no Vale da Azambuja, danificadas pelo mau tempo. A recupera\u00e7\u00e3o exige financiamento nacional, n\u00e3o pode ser suportada apenas pelos munic\u00edpios.<\/p>\n<p>As primeiras sondagens indicam rombos nos taludes, valas de rega, portas de \u00e1gua e estradas municipais, consequ\u00eancia de tempestades. Um caso cr\u00edtico ocorreu na estrada de acesso ao Pal\u00e1cio da Azambuja, onde cerca de 30 metros da vala se perderam.<\/p>\n<p>Os campos ficam alagados, escoam e voltam a encher, dificultando o arranque das sementeiras. Tomate e milho, culturas-chave da regi\u00e3o, ficam em risco devido aos estragos nas infraestruturas h\u00eddricas.<\/p>\n<p>Aplica\u00e7\u00f5es de emerg\u00eancia j\u00e1 foram autorizadas pela Ag\u00eancia Portuguesa do Ambiente APA para a interven\u00e7\u00e3o na estrada afetada. O munic\u00edpio prev\u00ea iniciar a repara\u00e7\u00e3o na segunda-feira, recorrendo a regime excecional de calamidade at\u00e9 500 mil euros.<\/p>\n<p>O autarca afirmou que o problema resulta tamb\u00e9m de abandono de infraestruturas hidr\u00e1ulicas ao longo do Vale. Diques, taludes e valas necessitam de manuten\u00e7\u00e3o para evitar efeitos devastadores em eventos extremos.<\/p>\n<p>As c\u00e2maras n\u00e3o disp\u00f5em de meios financeiros ou t\u00e9cnicos suficientes para responder ao volume de danos. Em alguns casos, os propriet\u00e1rios ter\u00e3o de defender \u00e1reas com a\u00e7\u00f5es coordenadas de investimento nacional, disse.<\/p>\n<p>Agricultores do Ribatejo defendem que o Vale do Tejo sofre h\u00e1 d\u00e9cadas com falta de manuten\u00e7\u00e3o. Pontes degradadas, caminhos rurais dif\u00edceis e portas de \u00e1gua danificadas refor\u00e7am a vulnerabilidade a cheias.<\/p>\n<p>A APA, presidida por Jos\u00e9 Pimenta Manchado, classifica as cheias como fen\u00f4meno excecional. A institui\u00e7\u00e3o est\u00e1 a levantar os danos nacionais e a planear interven\u00e7\u00f5es de emerg\u00eancia, com avalia\u00e7\u00e3o em v\u00e1rias bacias hidrogr\u00e1ficas.<\/p>\n<p>No caso da Azambuja, a APA confirmou financiamento da interven\u00e7\u00e3o de emerg\u00eancia acordada para a estrada do Pal\u00e1cio, com o munic\u00edpio. A obra deve iniciar sob supervis\u00e3o t\u00e9cnica da ag\u00eancia.<\/p>\n<p>O respons\u00e1vel destacou que o sistema hidr\u00e1ulico respondeu de forma eficaz, apesar de uma cheia persistente que durou tr\u00eas semanas. Caudais espanh\u00f3is tamb\u00e9m deram origem a valores altos, mas evitaram inunda\u00e7\u00f5es graves em zonas sens\u00edveis.<\/p>\n<p>A APA prev\u00ea necessidade de muito investimento para recuperar infraestruturas e refor\u00e7ar a resili\u00eancia. A ag\u00eancia j\u00e1 tem financiamento para atuar nas \u00e1reas de compet\u00eancia, trabalhando em articula\u00e7\u00e3o com munic\u00edpios e associa\u00e7\u00f5es de agricultores.<\/p>\n","protected":false},"excerpt":{"rendered":"<ul>\n<li>O presidente da C\u00e2mara da Azambuja alertou para a gravidade das infraestruturas agr\u00edcolas no Vale da Azambuja, danificadas pelo mau tempo, dizendo que a recupera\u00e7\u00e3o exige investimento nacional e n\u00e3o pode ficar apenas nos munic\u00edpios.<\/li>\n<li>A tempestade provocou rombos nos taludes e valas que asseguram a rega, bem como danos em portas de \u00e1gua e estradas municipais; o caso mais grave ocorreu na estrada de acesso ao Pal\u00e1cio, onde cerca de 30 metros da vala adjacente ficaram destru\u00eddos.<\/li>\n<li>Os campos ficaram alagados, com escoamento que atrasa a prepara\u00e7\u00e3o das sementeiras, afetando culturas como tomate e milho.<\/li>\n<li>A Ag\u00eancia Portuguesa do Ambiente autorizou a interven\u00e7\u00e3o de emerg\u00eancia na estrada afetada e vai financiar a obra; o munic\u00edpio usa o regime excecional para calamidades, com ajustes diretos at\u00e9 500 mil euros.<\/li>\n<li>A APA afirma que as cheias foram um fen\u00f3meno excecional, com interven\u00e7\u00f5es em curso em v\u00e1rias bacias hidrogr\u00e1ficas; reconhece a necessidade de muito investimento para recuperar infraestruturas e refor\u00e7ar a resili\u00eancia, atuando em articula\u00e7\u00e3o com munic\u00edpios e associa\u00e7\u00f5es de agricultores.<\/li>\n<\/ul>\n","protected":false},"author":2,"featured_media":401128,"comment_status":"closed","ping_status":"closed","sticky":false,"template":"","format":"standard","meta":{"footnotes":""},"categories":[6725],"tags":[179,1090,4085,1133,4687,6199],"class_list":["post-401125","post","type-post","status-publish","format-standard","has-post-thumbnail","hentry","category-meio-ambiente","tag-agricultura","tag-agua","tag-apa","tag-azambuja","tag-calamidade-publica","tag-vale-do-tejo"],"yoast_head":"<!-- This site is optimized with the Yoast SEO plugin v27.2 - https:\/\/yoast.com\/product\/yoast-seo-wordpress\/ -->\n<title>Autarca da Azambuja alerta para degrada\u00e7\u00e3o das infraestruturas agr\u00edcolas - Portal Tela Portugal<\/title>\n<meta name=\"robots\" content=\"index, follow, max-snippet:-1, max-image-preview:large, max-video-preview:-1\" \/>\n<meta property=\"og:locale\" content=\"pt_PT\" \/>\n<meta property=\"og:type\" content=\"article\" \/>\n<meta property=\"og:title\" content=\"Autarca da Azambuja alerta para degrada\u00e7\u00e3o das infraestruturas agr\u00edcolas - Portal Tela Portugal\" \/>\n<meta property=\"og:description\" content=\"O presidente da C\u00e2mara da Azambuja alertou para a gravidade das infraestruturas agr\u00edcolas no Vale da Azambuja, danificadas pelo mau tempo, dizendo que a recupera\u00e7\u00e3o exige investimento nacional e n\u00e3o pode ficar apenas nos munic\u00edpios. A tempestade provocou rombos nos taludes e valas que asseguram a rega, bem como danos em portas de \u00e1gua e estradas municipais; o caso mais grave ocorreu na estrada de acesso ao Pal\u00e1cio, onde cerca de 30 metros da vala adjacente ficaram destru\u00eddos. Os campos ficaram alagados, com escoamento que atrasa a prepara\u00e7\u00e3o das sementeiras, afetando culturas como tomate e milho. A Ag\u00eancia Portuguesa do Ambiente autorizou a interven\u00e7\u00e3o de emerg\u00eancia na estrada afetada e vai financiar a obra; o munic\u00edpio usa o regime excecional para calamidades, com ajustes diretos at\u00e9 500 mil euros. A APA afirma que as cheias foram um fen\u00f3meno excecional, com interven\u00e7\u00f5es em curso em v\u00e1rias bacias hidrogr\u00e1ficas; reconhece a necessidade de muito investimento para recuperar infraestruturas e refor\u00e7ar a resili\u00eancia, atuando em articula\u00e7\u00e3o com munic\u00edpios e associa\u00e7\u00f5es de agricultores.\" \/>\n<meta property=\"og:url\" content=\"https:\/\/portaltela.pt\/noticias\/2026\/03\/07\/autarca-da-azambuja-alerta-para-degradacao-das-infraestruturas-agricolas\/\" \/>\n<meta property=\"og:site_name\" content=\"Portal Tela Portugal\" \/>\n<meta property=\"article:published_time\" content=\"2026-03-07T08:40:51+00:00\" \/>\n<meta name=\"author\" content=\"Telinha\" \/>\n<meta name=\"twitter:card\" content=\"summary_large_image\" \/>\n<meta name=\"twitter:label1\" content=\"Escrito por\" \/>\n\t<meta name=\"twitter:data1\" content=\"Telinha\" \/>\n\t<meta name=\"twitter:label2\" content=\"Tempo estimado de leitura\" \/>\n\t<meta name=\"twitter:data2\" content=\"2 minutos\" \/>\n<script type=\"application\/ld+json\" class=\"yoast-schema-graph\">{\"@context\":\"https:\/\/schema.org\",\"@graph\":[{\"@type\":\"Article\",\"@id\":\"https:\/\/portaltela.pt\/noticias\/2026\/03\/07\/autarca-da-azambuja-alerta-para-degradacao-das-infraestruturas-agricolas\/#article\",\"isPartOf\":{\"@id\":\"https:\/\/portaltela.pt\/noticias\/2026\/03\/07\/autarca-da-azambuja-alerta-para-degradacao-das-infraestruturas-agricolas\/\"},\"author\":{\"name\":\"Telinha\",\"@id\":\"https:\/\/portaltela.pt\/#\/schema\/person\/c4278d4a6028830caff9ee44b42d32ed\"},\"headline\":\"Autarca da Azambuja alerta para degrada\u00e7\u00e3o das infraestruturas agr\u00edcolas\",\"datePublished\":\"2026-03-07T08:40:51+00:00\",\"mainEntityOfPage\":{\"@id\":\"https:\/\/portaltela.pt\/noticias\/2026\/03\/07\/autarca-da-azambuja-alerta-para-degradacao-das-infraestruturas-agricolas\/\"},\"wordCount\":431,\"image\":{\"@id\":\"https:\/\/portaltela.pt\/noticias\/2026\/03\/07\/autarca-da-azambuja-alerta-para-degradacao-das-infraestruturas-agricolas\/#primaryimage\"},\"thumbnailUrl\":\"https:\/\/portaltela.pt\/s.01k8rhncp4jt1\/2026\/03\/img_1280x721uu2026-02-05-22-24-52-2265143.jpg\",\"keywords\":[\"agricultura\",\"\u00e1gua\",\"APA\",\"Azambuja\",\"calamidade p\u00fablica\",\"Vale do Tejo\"],\"articleSection\":[\"Meio Ambiente\"],\"inLanguage\":\"pt-PT\"},{\"@type\":\"WebPage\",\"@id\":\"https:\/\/portaltela.pt\/noticias\/2026\/03\/07\/autarca-da-azambuja-alerta-para-degradacao-das-infraestruturas-agricolas\/\",\"url\":\"https:\/\/portaltela.pt\/noticias\/2026\/03\/07\/autarca-da-azambuja-alerta-para-degradacao-das-infraestruturas-agricolas\/\",\"name\":\"Autarca da Azambuja alerta para degrada\u00e7\u00e3o das infraestruturas agr\u00edcolas - Portal Tela Portugal\",\"isPartOf\":{\"@id\":\"https:\/\/portaltela.pt\/#website\"},\"primaryImageOfPage\":{\"@id\":\"https:\/\/portaltela.pt\/noticias\/2026\/03\/07\/autarca-da-azambuja-alerta-para-degradacao-das-infraestruturas-agricolas\/#primaryimage\"},\"image\":{\"@id\":\"https:\/\/portaltela.pt\/noticias\/2026\/03\/07\/autarca-da-azambuja-alerta-para-degradacao-das-infraestruturas-agricolas\/#primaryimage\"},\"thumbnailUrl\":\"https:\/\/portaltela.pt\/s.01k8rhncp4jt1\/2026\/03\/img_1280x721uu2026-02-05-22-24-52-2265143.jpg\",\"datePublished\":\"2026-03-07T08:40:51+00:00\",\"author\":{\"@id\":\"https:\/\/portaltela.pt\/#\/schema\/person\/c4278d4a6028830caff9ee44b42d32ed\"},\"breadcrumb\":{\"@id\":\"https:\/\/portaltela.pt\/noticias\/2026\/03\/07\/autarca-da-azambuja-alerta-para-degradacao-das-infraestruturas-agricolas\/#breadcrumb\"},\"inLanguage\":\"pt-PT\",\"potentialAction\":[{\"@type\":\"ReadAction\",\"target\":[\"https:\/\/portaltela.pt\/noticias\/2026\/03\/07\/autarca-da-azambuja-alerta-para-degradacao-das-infraestruturas-agricolas\/\"]}]},{\"@type\":\"ImageObject\",\"inLanguage\":\"pt-PT\",\"@id\":\"https:\/\/portaltela.pt\/noticias\/2026\/03\/07\/autarca-da-azambuja-alerta-para-degradacao-das-infraestruturas-agricolas\/#primaryimage\",\"url\":\"https:\/\/portaltela.pt\/s.01k8rhncp4jt1\/2026\/03\/img_1280x721uu2026-02-05-22-24-52-2265143.jpg\",\"contentUrl\":\"https:\/\/portaltela.pt\/s.01k8rhncp4jt1\/2026\/03\/img_1280x721uu2026-02-05-22-24-52-2265143.jpg\",\"width\":796,\"height\":448,\"caption\":\"Autarca da Azambuja alerta para degrada\u00e7\u00e3o das infraestruturas agr\u00edcolas\"},{\"@type\":\"BreadcrumbList\",\"@id\":\"https:\/\/portaltela.pt\/noticias\/2026\/03\/07\/autarca-da-azambuja-alerta-para-degradacao-das-infraestruturas-agricolas\/#breadcrumb\",\"itemListElement\":[{\"@type\":\"ListItem\",\"position\":1,\"name\":\"In\u00edcio\",\"item\":\"https:\/\/portaltela.pt\/\"},{\"@type\":\"ListItem\",\"position\":2,\"name\":\"Autarca da Azambuja alerta para degrada\u00e7\u00e3o das infraestruturas agr\u00edcolas\"}]},{\"@type\":\"WebSite\",\"@id\":\"https:\/\/portaltela.pt\/#website\",\"url\":\"https:\/\/portaltela.pt\/\",\"name\":\"Portal Tela Portugal\",\"description\":\"\",\"potentialAction\":[{\"@type\":\"SearchAction\",\"target\":{\"@type\":\"EntryPoint\",\"urlTemplate\":\"https:\/\/portaltela.pt\/?s={search_term_string}\"},\"query-input\":{\"@type\":\"PropertyValueSpecification\",\"valueRequired\":true,\"valueName\":\"search_term_string\"}}],\"inLanguage\":\"pt-PT\"},{\"@type\":\"Person\",\"@id\":\"https:\/\/portaltela.pt\/#\/schema\/person\/c4278d4a6028830caff9ee44b42d32ed\",\"name\":\"Telinha\",\"image\":{\"@type\":\"ImageObject\",\"inLanguage\":\"pt-PT\",\"@id\":\"https:\/\/portaltela.pt\/s.01k8rhncp4jt1\/2025\/11\/talking-bot-125x125.png\",\"url\":\"https:\/\/portaltela.pt\/s.01k8rhncp4jt1\/2025\/11\/talking-bot-125x125.png\",\"contentUrl\":\"https:\/\/portaltela.pt\/s.01k8rhncp4jt1\/2025\/11\/talking-bot-125x125.png\",\"caption\":\"Telinha\"},\"sameAs\":[\"https:\/\/portaltela.pt\/\"],\"url\":\"https:\/\/portaltela.pt\/por\/367410592786\/\"}]}<\/script>\n<!-- \/ Yoast SEO plugin. -->","yoast_head_json":{"title":"Autarca da Azambuja alerta para degrada\u00e7\u00e3o das infraestruturas agr\u00edcolas - Portal Tela Portugal","robots":{"index":"index","follow":"follow","max-snippet":"max-snippet:-1","max-image-preview":"max-image-preview:large","max-video-preview":"max-video-preview:-1"},"og_locale":"pt_PT","og_type":"article","og_title":"Autarca da Azambuja alerta para degrada\u00e7\u00e3o das infraestruturas agr\u00edcolas - Portal Tela Portugal","og_description":"O presidente da C\u00e2mara da Azambuja alertou para a gravidade das infraestruturas agr\u00edcolas no Vale da Azambuja, danificadas pelo mau tempo, dizendo que a recupera\u00e7\u00e3o exige investimento nacional e n\u00e3o pode ficar apenas nos munic\u00edpios. A tempestade provocou rombos nos taludes e valas que asseguram a rega, bem como danos em portas de \u00e1gua e estradas municipais; o caso mais grave ocorreu na estrada de acesso ao Pal\u00e1cio, onde cerca de 30 metros da vala adjacente ficaram destru\u00eddos. Os campos ficaram alagados, com escoamento que atrasa a prepara\u00e7\u00e3o das sementeiras, afetando culturas como tomate e milho. A Ag\u00eancia Portuguesa do Ambiente autorizou a interven\u00e7\u00e3o de emerg\u00eancia na estrada afetada e vai financiar a obra; o munic\u00edpio usa o regime excecional para calamidades, com ajustes diretos at\u00e9 500 mil euros. A APA afirma que as cheias foram um fen\u00f3meno excecional, com interven\u00e7\u00f5es em curso em v\u00e1rias bacias hidrogr\u00e1ficas; reconhece a necessidade de muito investimento para recuperar infraestruturas e refor\u00e7ar a resili\u00eancia, atuando em articula\u00e7\u00e3o com munic\u00edpios e associa\u00e7\u00f5es de agricultores.","og_url":"https:\/\/portaltela.pt\/noticias\/2026\/03\/07\/autarca-da-azambuja-alerta-para-degradacao-das-infraestruturas-agricolas\/","og_site_name":"Portal Tela Portugal","article_published_time":"2026-03-07T08:40:51+00:00","author":"Telinha","twitter_card":"summary_large_image","twitter_misc":{"Escrito por":"Telinha","Tempo estimado de leitura":"2 minutos"},"schema":{"@context":"https:\/\/schema.org","@graph":[{"@type":"Article","@id":"https:\/\/portaltela.pt\/noticias\/2026\/03\/07\/autarca-da-azambuja-alerta-para-degradacao-das-infraestruturas-agricolas\/#article","isPartOf":{"@id":"https:\/\/portaltela.pt\/noticias\/2026\/03\/07\/autarca-da-azambuja-alerta-para-degradacao-das-infraestruturas-agricolas\/"},"author":{"name":"Telinha","@id":"https:\/\/portaltela.pt\/#\/schema\/person\/c4278d4a6028830caff9ee44b42d32ed"},"headline":"Autarca da Azambuja alerta para degrada\u00e7\u00e3o das infraestruturas agr\u00edcolas","datePublished":"2026-03-07T08:40:51+00:00","mainEntityOfPage":{"@id":"https:\/\/portaltela.pt\/noticias\/2026\/03\/07\/autarca-da-azambuja-alerta-para-degradacao-das-infraestruturas-agricolas\/"},"wordCount":431,"image":{"@id":"https:\/\/portaltela.pt\/noticias\/2026\/03\/07\/autarca-da-azambuja-alerta-para-degradacao-das-infraestruturas-agricolas\/#primaryimage"},"thumbnailUrl":"https:\/\/portaltela.pt\/s.01k8rhncp4jt1\/2026\/03\/img_1280x721uu2026-02-05-22-24-52-2265143.jpg","keywords":["agricultura","\u00e1gua","APA","Azambuja","calamidade p\u00fablica","Vale do Tejo"],"articleSection":["Meio Ambiente"],"inLanguage":"pt-PT"},{"@type":"WebPage","@id":"https:\/\/portaltela.pt\/noticias\/2026\/03\/07\/autarca-da-azambuja-alerta-para-degradacao-das-infraestruturas-agricolas\/","url":"https:\/\/portaltela.pt\/noticias\/2026\/03\/07\/autarca-da-azambuja-alerta-para-degradacao-das-infraestruturas-agricolas\/","name":"Autarca da Azambuja alerta para degrada\u00e7\u00e3o das infraestruturas agr\u00edcolas - Portal Tela Portugal","isPartOf":{"@id":"https:\/\/portaltela.pt\/#website"},"primaryImageOfPage":{"@id":"https:\/\/portaltela.pt\/noticias\/2026\/03\/07\/autarca-da-azambuja-alerta-para-degradacao-das-infraestruturas-agricolas\/#primaryimage"},"image":{"@id":"https:\/\/portaltela.pt\/noticias\/2026\/03\/07\/autarca-da-azambuja-alerta-para-degradacao-das-infraestruturas-agricolas\/#primaryimage"},"thumbnailUrl":"https:\/\/portaltela.pt\/s.01k8rhncp4jt1\/2026\/03\/img_1280x721uu2026-02-05-22-24-52-2265143.jpg","datePublished":"2026-03-07T08:40:51+00:00","author":{"@id":"https:\/\/portaltela.pt\/#\/schema\/person\/c4278d4a6028830caff9ee44b42d32ed"},"breadcrumb":{"@id":"https:\/\/portaltela.pt\/noticias\/2026\/03\/07\/autarca-da-azambuja-alerta-para-degradacao-das-infraestruturas-agricolas\/#breadcrumb"},"inLanguage":"pt-PT","potentialAction":[{"@type":"ReadAction","target":["https:\/\/portaltela.pt\/noticias\/2026\/03\/07\/autarca-da-azambuja-alerta-para-degradacao-das-infraestruturas-agricolas\/"]}]},{"@type":"ImageObject","inLanguage":"pt-PT","@id":"https:\/\/portaltela.pt\/noticias\/2026\/03\/07\/autarca-da-azambuja-alerta-para-degradacao-das-infraestruturas-agricolas\/#primaryimage","url":"https:\/\/portaltela.pt\/s.01k8rhncp4jt1\/2026\/03\/img_1280x721uu2026-02-05-22-24-52-2265143.jpg","contentUrl":"https:\/\/portaltela.pt\/s.01k8rhncp4jt1\/2026\/03\/img_1280x721uu2026-02-05-22-24-52-2265143.jpg","width":796,"height":448,"caption":"Autarca da Azambuja alerta para degrada\u00e7\u00e3o das infraestruturas agr\u00edcolas"},{"@type":"BreadcrumbList","@id":"https:\/\/portaltela.pt\/noticias\/2026\/03\/07\/autarca-da-azambuja-alerta-para-degradacao-das-infraestruturas-agricolas\/#breadcrumb","itemListElement":[{"@type":"ListItem","position":1,"name":"In\u00edcio","item":"https:\/\/portaltela.pt\/"},{"@type":"ListItem","position":2,"name":"Autarca da Azambuja alerta para degrada\u00e7\u00e3o das infraestruturas agr\u00edcolas"}]},{"@type":"WebSite","@id":"https:\/\/portaltela.pt\/#website","url":"https:\/\/portaltela.pt\/","name":"Portal Tela Portugal","description":"","potentialAction":[{"@type":"SearchAction","target":{"@type":"EntryPoint","urlTemplate":"https:\/\/portaltela.pt\/?s={search_term_string}"},"query-input":{"@type":"PropertyValueSpecification","valueRequired":true,"valueName":"search_term_string"}}],"inLanguage":"pt-PT"},{"@type":"Person","@id":"https:\/\/portaltela.pt\/#\/schema\/person\/c4278d4a6028830caff9ee44b42d32ed","name":"Telinha","image":{"@type":"ImageObject","inLanguage":"pt-PT","@id":"https:\/\/portaltela.pt\/s.01k8rhncp4jt1\/2025\/11\/talking-bot-125x125.png","url":"https:\/\/portaltela.pt\/s.01k8rhncp4jt1\/2025\/11\/talking-bot-125x125.png","contentUrl":"https:\/\/portaltela.pt\/s.01k8rhncp4jt1\/2025\/11\/talking-bot-125x125.png","caption":"Telinha"},"sameAs":["https:\/\/portaltela.pt\/"],"url":"https:\/\/portaltela.pt\/por\/367410592786\/"}]}},"_links":{"self":[{"href":"https:\/\/portaltela.pt\/api\/wp\/v2\/posts\/401125","targetHints":{"allow":["GET"]}}],"collection":[{"href":"https:\/\/portaltela.pt\/api\/wp\/v2\/posts"}],"about":[{"href":"https:\/\/portaltela.pt\/api\/wp\/v2\/types\/post"}],"author":[{"embeddable":true,"href":"https:\/\/portaltela.pt\/api\/wp\/v2\/users\/2"}],"replies":[{"embeddable":true,"href":"https:\/\/portaltela.pt\/api\/wp\/v2\/comments?post=401125"}],"version-history":[{"count":0,"href":"https:\/\/portaltela.pt\/api\/wp\/v2\/posts\/401125\/revisions"}],"wp:featuredmedia":[{"embeddable":true,"href":"https:\/\/portaltela.pt\/api\/wp\/v2\/media\/401128"}],"wp:attachment":[{"href":"https:\/\/portaltela.pt\/api\/wp\/v2\/media?parent=401125"}],"wp:term":[{"taxonomy":"category","embeddable":true,"href":"https:\/\/portaltela.pt\/api\/wp\/v2\/categories?post=401125"},{"taxonomy":"post_tag","embeddable":true,"href":"https:\/\/portaltela.pt\/api\/wp\/v2\/tags?post=401125"}],"curies":[{"name":"wp","href":"https:\/\/api.w.org\/{rel}","templated":true}]}}