{"id":401117,"date":"2026-03-07T05:22:18","date_gmt":"2026-03-07T08:22:18","guid":{"rendered":"https:\/\/portaltela.pt\/noticias\/2026\/03\/07\/familiares-de-presos-politicos-venezuelanos-pedem-visita-de-delcy-rodriguez\/"},"modified":"2026-03-07T05:22:18","modified_gmt":"2026-03-07T08:22:18","slug":"familiares-de-presos-politicos-venezuelanos-pedem-visita-de-delcy-rodriguez","status":"publish","type":"post","link":"https:\/\/portaltela.pt\/noticias\/internacional\/2026\/03\/07\/familiares-de-presos-politicos-venezuelanos-pedem-visita-de-delcy-rodriguez\/","title":{"rendered":"Familiares de presos pol\u00edticos venezuelanos pedem visita de Delcy Rodr\u00edguez"},"content":{"rendered":"<p>Foi apresentada uma solicita\u00e7\u00e3o para que a presidente interina da Venezuela, Delcy Rodr\u00edguez, e a encarregada de neg\u00f3cios dos EUA, Laura Dogu, visitem a pris\u00e3o de Caracas onde permanecem familiares de presos pol\u00edticos. O pedido foi feito na sexta-feira por familiares que acompanham detidos em \u00e1reas da capital.<\/p>\n<p>Entre os requerentes est\u00e1 Narwin Gil, irm\u00e3 de um preso pol\u00edtico, que pediu a visita de Rodr\u00edguez ao comando policial de Caracas, conhecido como Zona 7, onde muitos detidos aguardam liberta\u00e7\u00e3o. O grupo pretende estabelecer um di\u00e1logo com a governante, sem condi\u00e7\u00f5es.<\/p>\n<p>A demanda surge no contexto de uma Lei de Amnistia aprovada em fevereiro, que deveria facilitar liberta\u00e7\u00f5es, mas ainda deixa muitos presos sob cust\u00f3dia. Familiares dizem que as liberta\u00e7\u00f5es n\u00e3o se materializaram e alertam para o atraso no cumprimento da lei.<\/p>\n<p>Narwin Gil mencionou ainda que Delcy Rodr\u00edguez \u00e9 presen\u00e7a constante em atividades p\u00fablicas, e questionou o que pretende comunicar aos familiares, destacando a proximidade do Dia Internacional da Mulher. O pedido aponta para a necessidade de acesso a informa\u00e7\u00f5es e transpar\u00eancia sobre o andamento das liberta\u00e7\u00f5es.<\/p>\n","protected":false},"excerpt":{"rendered":"<ul>\n<li>Familiares de presos pol\u00edticos pedem \u00e0 presidente interina Delcy Rodr\u00edguez e \u00e0 encarregada de neg\u00f3cios dos EUA, Laura Dogu, que visitem a pris\u00e3o de Caracas onde est\u00e3o os seus entes queridos.<\/li>\n<li>O pedido ocorre junto ao complexo policial de Zona 7, onde permanecem detidos muitos presos \u00e0 espera de liberta\u00e7\u00e3o.<\/li>\n<li>A exig\u00eancia surge num contexto de aprova\u00e7\u00e3o da Lei de Amnistia em fevereiro, ainda sem liberta\u00e7\u00e3o para muitos detidos.<\/li>\n<li>Narwin Gil, irm\u00e3 de um preso, disse que os familiares desejam um di\u00e1logo cordial com Rodr\u00edguez, destacando a proximidade do Dia Internacional da Mulher.<\/li>\n<\/ul>\n","protected":false},"author":2,"featured_media":401119,"comment_status":"closed","ping_status":"closed","sticky":false,"template":"","format":"standard","meta":{"footnotes":""},"categories":[4,1],"tags":[2633,803,2832,5088,4343,2758],"class_list":["post-401117","post","type-post","status-publish","format-standard","has-post-thumbnail","hentry","category-internacional","category-noticias","tag-direitos-humanos","tag-justica","tag-politica","tag-presos","tag-prisoes","tag-venezuela"],"yoast_head":"<!-- This site is optimized with the Yoast SEO plugin v27.2 - https:\/\/yoast.com\/product\/yoast-seo-wordpress\/ -->\n<title>Familiares de presos pol\u00edticos venezuelanos pedem visita de Delcy Rodr\u00edguez - Portal Tela Portugal<\/title>\n<meta name=\"robots\" content=\"index, follow, max-snippet:-1, max-image-preview:large, max-video-preview:-1\" \/>\n<meta property=\"og:locale\" content=\"pt_PT\" \/>\n<meta property=\"og:type\" content=\"article\" \/>\n<meta property=\"og:title\" content=\"Familiares de presos pol\u00edticos venezuelanos pedem visita de Delcy Rodr\u00edguez - Portal Tela Portugal\" \/>\n<meta property=\"og:description\" content=\"Familiares de presos pol\u00edticos pedem \u00e0 presidente interina Delcy Rodr\u00edguez e \u00e0 encarregada de neg\u00f3cios dos EUA, Laura Dogu, que visitem a pris\u00e3o de Caracas onde est\u00e3o os seus entes queridos. O pedido ocorre junto ao complexo policial de Zona 7, onde permanecem detidos muitos presos \u00e0 espera de liberta\u00e7\u00e3o. A exig\u00eancia surge num contexto de aprova\u00e7\u00e3o da Lei de Amnistia em fevereiro, ainda sem liberta\u00e7\u00e3o para muitos detidos. Narwin Gil, irm\u00e3 de um preso, disse que os familiares desejam um di\u00e1logo cordial com Rodr\u00edguez, destacando a proximidade do Dia Internacional da Mulher.\" \/>\n<meta property=\"og:url\" content=\"https:\/\/portaltela.pt\/noticias\/2026\/03\/07\/familiares-de-presos-politicos-venezuelanos-pedem-visita-de-delcy-rodriguez\/\" \/>\n<meta property=\"og:site_name\" content=\"Portal Tela Portugal\" \/>\n<meta property=\"article:published_time\" content=\"2026-03-07T08:22:18+00:00\" \/>\n<meta name=\"author\" content=\"Telinha\" \/>\n<meta name=\"twitter:card\" content=\"summary_large_image\" \/>\n<meta name=\"twitter:label1\" content=\"Escrito por\" \/>\n\t<meta name=\"twitter:data1\" content=\"Telinha\" \/>\n\t<meta name=\"twitter:label2\" content=\"Tempo estimado de leitura\" \/>\n\t<meta name=\"twitter:data2\" content=\"1 minuto\" \/>\n<script type=\"application\/ld+json\" class=\"yoast-schema-graph\">{\"@context\":\"https:\/\/schema.org\",\"@graph\":[{\"@type\":\"Article\",\"@id\":\"https:\/\/portaltela.pt\/noticias\/2026\/03\/07\/familiares-de-presos-politicos-venezuelanos-pedem-visita-de-delcy-rodriguez\/#article\",\"isPartOf\":{\"@id\":\"https:\/\/portaltela.pt\/noticias\/2026\/03\/07\/familiares-de-presos-politicos-venezuelanos-pedem-visita-de-delcy-rodriguez\/\"},\"author\":{\"name\":\"Telinha\",\"@id\":\"https:\/\/portaltela.pt\/#\/schema\/person\/c4278d4a6028830caff9ee44b42d32ed\"},\"headline\":\"Familiares de presos pol\u00edticos venezuelanos pedem visita de Delcy Rodr\u00edguez\",\"datePublished\":\"2026-03-07T08:22:18+00:00\",\"mainEntityOfPage\":{\"@id\":\"https:\/\/portaltela.pt\/noticias\/2026\/03\/07\/familiares-de-presos-politicos-venezuelanos-pedem-visita-de-delcy-rodriguez\/\"},\"wordCount\":207,\"image\":{\"@id\":\"https:\/\/portaltela.pt\/noticias\/2026\/03\/07\/familiares-de-presos-politicos-venezuelanos-pedem-visita-de-delcy-rodriguez\/#primaryimage\"},\"thumbnailUrl\":\"https:\/\/portaltela.pt\/s.01k8rhncp4jt1\/2026\/03\/img_1500x1000uu2026-01-09-19-24-38-2259117.jpg\",\"keywords\":[\"direitos humanos\",\"justi\u00e7a\",\"pol\u00edtica\",\"presos\",\"pris\u00f5es\",\"Venezuela\"],\"articleSection\":[\"Internacional\",\"Not\u00edcias\"],\"inLanguage\":\"pt-PT\"},{\"@type\":\"WebPage\",\"@id\":\"https:\/\/portaltela.pt\/noticias\/2026\/03\/07\/familiares-de-presos-politicos-venezuelanos-pedem-visita-de-delcy-rodriguez\/\",\"url\":\"https:\/\/portaltela.pt\/noticias\/2026\/03\/07\/familiares-de-presos-politicos-venezuelanos-pedem-visita-de-delcy-rodriguez\/\",\"name\":\"Familiares de presos pol\u00edticos venezuelanos pedem visita de Delcy Rodr\u00edguez - Portal Tela Portugal\",\"isPartOf\":{\"@id\":\"https:\/\/portaltela.pt\/#website\"},\"primaryImageOfPage\":{\"@id\":\"https:\/\/portaltela.pt\/noticias\/2026\/03\/07\/familiares-de-presos-politicos-venezuelanos-pedem-visita-de-delcy-rodriguez\/#primaryimage\"},\"image\":{\"@id\":\"https:\/\/portaltela.pt\/noticias\/2026\/03\/07\/familiares-de-presos-politicos-venezuelanos-pedem-visita-de-delcy-rodriguez\/#primaryimage\"},\"thumbnailUrl\":\"https:\/\/portaltela.pt\/s.01k8rhncp4jt1\/2026\/03\/img_1500x1000uu2026-01-09-19-24-38-2259117.jpg\",\"datePublished\":\"2026-03-07T08:22:18+00:00\",\"author\":{\"@id\":\"https:\/\/portaltela.pt\/#\/schema\/person\/c4278d4a6028830caff9ee44b42d32ed\"},\"breadcrumb\":{\"@id\":\"https:\/\/portaltela.pt\/noticias\/2026\/03\/07\/familiares-de-presos-politicos-venezuelanos-pedem-visita-de-delcy-rodriguez\/#breadcrumb\"},\"inLanguage\":\"pt-PT\",\"potentialAction\":[{\"@type\":\"ReadAction\",\"target\":[\"https:\/\/portaltela.pt\/noticias\/2026\/03\/07\/familiares-de-presos-politicos-venezuelanos-pedem-visita-de-delcy-rodriguez\/\"]}]},{\"@type\":\"ImageObject\",\"inLanguage\":\"pt-PT\",\"@id\":\"https:\/\/portaltela.pt\/noticias\/2026\/03\/07\/familiares-de-presos-politicos-venezuelanos-pedem-visita-de-delcy-rodriguez\/#primaryimage\",\"url\":\"https:\/\/portaltela.pt\/s.01k8rhncp4jt1\/2026\/03\/img_1500x1000uu2026-01-09-19-24-38-2259117.jpg\",\"contentUrl\":\"https:\/\/portaltela.pt\/s.01k8rhncp4jt1\/2026\/03\/img_1500x1000uu2026-01-09-19-24-38-2259117.jpg\",\"width\":796,\"height\":448,\"caption\":\"Venezuelanos pedem liberta\u00e7\u00e3o dos presos pol\u00edticos\"},{\"@type\":\"BreadcrumbList\",\"@id\":\"https:\/\/portaltela.pt\/noticias\/2026\/03\/07\/familiares-de-presos-politicos-venezuelanos-pedem-visita-de-delcy-rodriguez\/#breadcrumb\",\"itemListElement\":[{\"@type\":\"ListItem\",\"position\":1,\"name\":\"In\u00edcio\",\"item\":\"https:\/\/portaltela.pt\/\"},{\"@type\":\"ListItem\",\"position\":2,\"name\":\"Familiares de presos pol\u00edticos venezuelanos pedem visita de Delcy Rodr\u00edguez\"}]},{\"@type\":\"WebSite\",\"@id\":\"https:\/\/portaltela.pt\/#website\",\"url\":\"https:\/\/portaltela.pt\/\",\"name\":\"Portal Tela Portugal\",\"description\":\"\",\"potentialAction\":[{\"@type\":\"SearchAction\",\"target\":{\"@type\":\"EntryPoint\",\"urlTemplate\":\"https:\/\/portaltela.pt\/?s={search_term_string}\"},\"query-input\":{\"@type\":\"PropertyValueSpecification\",\"valueRequired\":true,\"valueName\":\"search_term_string\"}}],\"inLanguage\":\"pt-PT\"},{\"@type\":\"Person\",\"@id\":\"https:\/\/portaltela.pt\/#\/schema\/person\/c4278d4a6028830caff9ee44b42d32ed\",\"name\":\"Telinha\",\"image\":{\"@type\":\"ImageObject\",\"inLanguage\":\"pt-PT\",\"@id\":\"https:\/\/portaltela.pt\/s.01k8rhncp4jt1\/2025\/11\/talking-bot-125x125.png\",\"url\":\"https:\/\/portaltela.pt\/s.01k8rhncp4jt1\/2025\/11\/talking-bot-125x125.png\",\"contentUrl\":\"https:\/\/portaltela.pt\/s.01k8rhncp4jt1\/2025\/11\/talking-bot-125x125.png\",\"caption\":\"Telinha\"},\"sameAs\":[\"https:\/\/portaltela.pt\/\"],\"url\":\"https:\/\/portaltela.pt\/por\/367410592786\/\"}]}<\/script>\n<!-- \/ Yoast SEO plugin. -->","yoast_head_json":{"title":"Familiares de presos pol\u00edticos venezuelanos pedem visita de Delcy Rodr\u00edguez - Portal Tela Portugal","robots":{"index":"index","follow":"follow","max-snippet":"max-snippet:-1","max-image-preview":"max-image-preview:large","max-video-preview":"max-video-preview:-1"},"og_locale":"pt_PT","og_type":"article","og_title":"Familiares de presos pol\u00edticos venezuelanos pedem visita de Delcy Rodr\u00edguez - Portal Tela Portugal","og_description":"Familiares de presos pol\u00edticos pedem \u00e0 presidente interina Delcy Rodr\u00edguez e \u00e0 encarregada de neg\u00f3cios dos EUA, Laura Dogu, que visitem a pris\u00e3o de Caracas onde est\u00e3o os seus entes queridos. O pedido ocorre junto ao complexo policial de Zona 7, onde permanecem detidos muitos presos \u00e0 espera de liberta\u00e7\u00e3o. A exig\u00eancia surge num contexto de aprova\u00e7\u00e3o da Lei de Amnistia em fevereiro, ainda sem liberta\u00e7\u00e3o para muitos detidos. Narwin Gil, irm\u00e3 de um preso, disse que os familiares desejam um di\u00e1logo cordial com Rodr\u00edguez, destacando a proximidade do Dia Internacional da Mulher.","og_url":"https:\/\/portaltela.pt\/noticias\/2026\/03\/07\/familiares-de-presos-politicos-venezuelanos-pedem-visita-de-delcy-rodriguez\/","og_site_name":"Portal Tela Portugal","article_published_time":"2026-03-07T08:22:18+00:00","author":"Telinha","twitter_card":"summary_large_image","twitter_misc":{"Escrito por":"Telinha","Tempo estimado de leitura":"1 minuto"},"schema":{"@context":"https:\/\/schema.org","@graph":[{"@type":"Article","@id":"https:\/\/portaltela.pt\/noticias\/2026\/03\/07\/familiares-de-presos-politicos-venezuelanos-pedem-visita-de-delcy-rodriguez\/#article","isPartOf":{"@id":"https:\/\/portaltela.pt\/noticias\/2026\/03\/07\/familiares-de-presos-politicos-venezuelanos-pedem-visita-de-delcy-rodriguez\/"},"author":{"name":"Telinha","@id":"https:\/\/portaltela.pt\/#\/schema\/person\/c4278d4a6028830caff9ee44b42d32ed"},"headline":"Familiares de presos pol\u00edticos venezuelanos pedem visita de Delcy Rodr\u00edguez","datePublished":"2026-03-07T08:22:18+00:00","mainEntityOfPage":{"@id":"https:\/\/portaltela.pt\/noticias\/2026\/03\/07\/familiares-de-presos-politicos-venezuelanos-pedem-visita-de-delcy-rodriguez\/"},"wordCount":207,"image":{"@id":"https:\/\/portaltela.pt\/noticias\/2026\/03\/07\/familiares-de-presos-politicos-venezuelanos-pedem-visita-de-delcy-rodriguez\/#primaryimage"},"thumbnailUrl":"https:\/\/portaltela.pt\/s.01k8rhncp4jt1\/2026\/03\/img_1500x1000uu2026-01-09-19-24-38-2259117.jpg","keywords":["direitos humanos","justi\u00e7a","pol\u00edtica","presos","pris\u00f5es","Venezuela"],"articleSection":["Internacional","Not\u00edcias"],"inLanguage":"pt-PT"},{"@type":"WebPage","@id":"https:\/\/portaltela.pt\/noticias\/2026\/03\/07\/familiares-de-presos-politicos-venezuelanos-pedem-visita-de-delcy-rodriguez\/","url":"https:\/\/portaltela.pt\/noticias\/2026\/03\/07\/familiares-de-presos-politicos-venezuelanos-pedem-visita-de-delcy-rodriguez\/","name":"Familiares de presos pol\u00edticos venezuelanos pedem visita de Delcy Rodr\u00edguez - Portal Tela Portugal","isPartOf":{"@id":"https:\/\/portaltela.pt\/#website"},"primaryImageOfPage":{"@id":"https:\/\/portaltela.pt\/noticias\/2026\/03\/07\/familiares-de-presos-politicos-venezuelanos-pedem-visita-de-delcy-rodriguez\/#primaryimage"},"image":{"@id":"https:\/\/portaltela.pt\/noticias\/2026\/03\/07\/familiares-de-presos-politicos-venezuelanos-pedem-visita-de-delcy-rodriguez\/#primaryimage"},"thumbnailUrl":"https:\/\/portaltela.pt\/s.01k8rhncp4jt1\/2026\/03\/img_1500x1000uu2026-01-09-19-24-38-2259117.jpg","datePublished":"2026-03-07T08:22:18+00:00","author":{"@id":"https:\/\/portaltela.pt\/#\/schema\/person\/c4278d4a6028830caff9ee44b42d32ed"},"breadcrumb":{"@id":"https:\/\/portaltela.pt\/noticias\/2026\/03\/07\/familiares-de-presos-politicos-venezuelanos-pedem-visita-de-delcy-rodriguez\/#breadcrumb"},"inLanguage":"pt-PT","potentialAction":[{"@type":"ReadAction","target":["https:\/\/portaltela.pt\/noticias\/2026\/03\/07\/familiares-de-presos-politicos-venezuelanos-pedem-visita-de-delcy-rodriguez\/"]}]},{"@type":"ImageObject","inLanguage":"pt-PT","@id":"https:\/\/portaltela.pt\/noticias\/2026\/03\/07\/familiares-de-presos-politicos-venezuelanos-pedem-visita-de-delcy-rodriguez\/#primaryimage","url":"https:\/\/portaltela.pt\/s.01k8rhncp4jt1\/2026\/03\/img_1500x1000uu2026-01-09-19-24-38-2259117.jpg","contentUrl":"https:\/\/portaltela.pt\/s.01k8rhncp4jt1\/2026\/03\/img_1500x1000uu2026-01-09-19-24-38-2259117.jpg","width":796,"height":448,"caption":"Venezuelanos pedem liberta\u00e7\u00e3o dos presos pol\u00edticos"},{"@type":"BreadcrumbList","@id":"https:\/\/portaltela.pt\/noticias\/2026\/03\/07\/familiares-de-presos-politicos-venezuelanos-pedem-visita-de-delcy-rodriguez\/#breadcrumb","itemListElement":[{"@type":"ListItem","position":1,"name":"In\u00edcio","item":"https:\/\/portaltela.pt\/"},{"@type":"ListItem","position":2,"name":"Familiares de presos pol\u00edticos venezuelanos pedem visita de Delcy Rodr\u00edguez"}]},{"@type":"WebSite","@id":"https:\/\/portaltela.pt\/#website","url":"https:\/\/portaltela.pt\/","name":"Portal Tela Portugal","description":"","potentialAction":[{"@type":"SearchAction","target":{"@type":"EntryPoint","urlTemplate":"https:\/\/portaltela.pt\/?s={search_term_string}"},"query-input":{"@type":"PropertyValueSpecification","valueRequired":true,"valueName":"search_term_string"}}],"inLanguage":"pt-PT"},{"@type":"Person","@id":"https:\/\/portaltela.pt\/#\/schema\/person\/c4278d4a6028830caff9ee44b42d32ed","name":"Telinha","image":{"@type":"ImageObject","inLanguage":"pt-PT","@id":"https:\/\/portaltela.pt\/s.01k8rhncp4jt1\/2025\/11\/talking-bot-125x125.png","url":"https:\/\/portaltela.pt\/s.01k8rhncp4jt1\/2025\/11\/talking-bot-125x125.png","contentUrl":"https:\/\/portaltela.pt\/s.01k8rhncp4jt1\/2025\/11\/talking-bot-125x125.png","caption":"Telinha"},"sameAs":["https:\/\/portaltela.pt\/"],"url":"https:\/\/portaltela.pt\/por\/367410592786\/"}]}},"_links":{"self":[{"href":"https:\/\/portaltela.pt\/api\/wp\/v2\/posts\/401117","targetHints":{"allow":["GET"]}}],"collection":[{"href":"https:\/\/portaltela.pt\/api\/wp\/v2\/posts"}],"about":[{"href":"https:\/\/portaltela.pt\/api\/wp\/v2\/types\/post"}],"author":[{"embeddable":true,"href":"https:\/\/portaltela.pt\/api\/wp\/v2\/users\/2"}],"replies":[{"embeddable":true,"href":"https:\/\/portaltela.pt\/api\/wp\/v2\/comments?post=401117"}],"version-history":[{"count":0,"href":"https:\/\/portaltela.pt\/api\/wp\/v2\/posts\/401117\/revisions"}],"wp:featuredmedia":[{"embeddable":true,"href":"https:\/\/portaltela.pt\/api\/wp\/v2\/media\/401119"}],"wp:attachment":[{"href":"https:\/\/portaltela.pt\/api\/wp\/v2\/media?parent=401117"}],"wp:term":[{"taxonomy":"category","embeddable":true,"href":"https:\/\/portaltela.pt\/api\/wp\/v2\/categories?post=401117"},{"taxonomy":"post_tag","embeddable":true,"href":"https:\/\/portaltela.pt\/api\/wp\/v2\/tags?post=401117"}],"curies":[{"name":"wp","href":"https:\/\/api.w.org\/{rel}","templated":true}]}}