{"id":401090,"date":"2026-03-06T21:15:00","date_gmt":"2026-03-07T00:15:00","guid":{"rendered":"https:\/\/portaltela.pt\/noticias\/2026\/03\/06\/cenas-de-advogados-em-julgamento-revelam-atuacao-dos-profissionais\/"},"modified":"2026-03-06T21:15:00","modified_gmt":"2026-03-07T00:15:00","slug":"cenas-de-advogados-em-julgamento-revelam-atuacao-dos-profissionais","status":"publish","type":"post","link":"https:\/\/portaltela.pt\/noticias\/politica\/2026\/03\/06\/cenas-de-advogados-em-julgamento-revelam-atuacao-dos-profissionais\/","title":{"rendered":"Cenas de advogados em julgamento revelam atua\u00e7\u00e3o dos profissionais"},"content":{"rendered":"<p>Os advogados s\u00e3o parte essencial do funcionamento dos tribunais, assegurando o devido processo e a aplica\u00e7\u00e3o da justi\u00e7a. A evolu\u00e7\u00e3o tecnol\u00f3gica promete mais efici\u00eancia, mas depende da atua\u00e7\u00e3o dos profissionais para enfrentar o trabalho intelectual. Nesta pe\u00e7a, destacam-se duas situa\u00e7\u00f5es recentes em que o trabalho dos advogados foi objeto de aprecia\u00e7\u00e3o pelo poder judici\u00e1rio.<\/p>\n<p>Apreciados pelos tribunais, os casos ilustram como a pr\u00e1tica jur\u00eddica continua a sustentar decis\u00f5es fundamentadas, mesmo com o avan\u00e7o de ferramentas digitais. Em cada processo, a clareza de argumentos, a verifica\u00e7\u00e3o de fatos e a observ\u00e2ncia de normas processuais mostraram-se determinantes para o desfecho, segundo relatos oficiais.<\/p>\n<h3>Casos recentes<\/h3>\n<p>Em um processo de complexidade t\u00e9cnica elevada, a atua\u00e7\u00e3o de uma equipa de advogados destacou-se pela organiza\u00e7\u00e3o das pe\u00e7as e pela fundamenta\u00e7\u00e3o jur\u00eddica s\u00f3lida, recebendo reconhecimento formal do tribunal. A pr\u00e1tica evidenciou a import\u00e2ncia da prepara\u00e7\u00e3o documental e da leitura criteriosa de precedentes.<\/p>\n<p>Outro caso envolveu a defesa de uma parte em fase de instru\u00e7\u00e3o, com foco na legisla\u00e7\u00e3o aplic\u00e1vel e na pertin\u00eancia de requerimentos probat\u00f3rios. O tribunal valorizou a estrat\u00e9gia de apresenta\u00e7\u00e3o dos argumentos, bem como a condu\u00e7\u00e3o eficiente dos prazos processuais.<\/p>\n","protected":false},"excerpt":{"rendered":"<ul>\n<li>Uma advogada afirma que a inform\u00e1tica e as novas tecnologias prometem efici\u00eancia, mas apenas para quem n\u00e3o se deixa substituir no trabalho intelectual.<\/li>\n<li>Os advogados s\u00e3o apresentados como parte essencial do funcionamento dos tribunais e da justi\u00e7a.<\/li>\n<li>O texto utiliza a express\u00e3o \u201cduas \u00e1rvores\u201d para descrever dois casos recentes em que o trabalho dos advogados foi objeto de aprecia\u00e7\u00e3o pelos tribunais.<\/li>\n<\/ul>\n","protected":false},"author":2,"featured_media":401091,"comment_status":"closed","ping_status":"closed","sticky":false,"template":"","format":"standard","meta":{"footnotes":""},"categories":[1,5],"tags":[6618,6337,5450,803,3667,6208],"class_list":["post-401090","post","type-post","status-publish","format-standard","has-post-thumbnail","hentry","category-noticias","category-politica","tag-advogados","tag-direito","tag-jurisdicao-internacional","tag-justica","tag-processos","tag-tribunais"],"yoast_head":"<!-- This site is optimized with the Yoast SEO plugin v27.2 - https:\/\/yoast.com\/product\/yoast-seo-wordpress\/ -->\n<title>Cenas de advogados em julgamento revelam atua\u00e7\u00e3o dos profissionais - Portal Tela Portugal<\/title>\n<meta name=\"robots\" content=\"index, follow, max-snippet:-1, max-image-preview:large, max-video-preview:-1\" \/>\n<meta property=\"og:locale\" content=\"pt_PT\" \/>\n<meta property=\"og:type\" content=\"article\" \/>\n<meta property=\"og:title\" content=\"Cenas de advogados em julgamento revelam atua\u00e7\u00e3o dos profissionais - Portal Tela Portugal\" \/>\n<meta property=\"og:description\" content=\"Uma advogada afirma que a inform\u00e1tica e as novas tecnologias prometem efici\u00eancia, mas apenas para quem n\u00e3o se deixa substituir no trabalho intelectual. Os advogados s\u00e3o apresentados como parte essencial do funcionamento dos tribunais e da justi\u00e7a. O texto utiliza a express\u00e3o \u201cduas \u00e1rvores\u201d para descrever dois casos recentes em que o trabalho dos advogados foi objeto de aprecia\u00e7\u00e3o pelos tribunais.\" \/>\n<meta property=\"og:url\" content=\"https:\/\/portaltela.pt\/noticias\/2026\/03\/06\/cenas-de-advogados-em-julgamento-revelam-atuacao-dos-profissionais\/\" \/>\n<meta property=\"og:site_name\" content=\"Portal Tela Portugal\" \/>\n<meta property=\"article:published_time\" content=\"2026-03-07T00:15:00+00:00\" \/>\n<meta name=\"author\" content=\"Telinha\" \/>\n<meta name=\"twitter:card\" content=\"summary_large_image\" \/>\n<meta name=\"twitter:label1\" content=\"Escrito por\" \/>\n\t<meta name=\"twitter:data1\" content=\"Telinha\" \/>\n\t<meta name=\"twitter:label2\" content=\"Tempo estimado de leitura\" \/>\n\t<meta name=\"twitter:data2\" content=\"1 minuto\" \/>\n<script type=\"application\/ld+json\" class=\"yoast-schema-graph\">{\"@context\":\"https:\/\/schema.org\",\"@graph\":[{\"@type\":\"Article\",\"@id\":\"https:\/\/portaltela.pt\/noticias\/2026\/03\/06\/cenas-de-advogados-em-julgamento-revelam-atuacao-dos-profissionais\/#article\",\"isPartOf\":{\"@id\":\"https:\/\/portaltela.pt\/noticias\/2026\/03\/06\/cenas-de-advogados-em-julgamento-revelam-atuacao-dos-profissionais\/\"},\"author\":{\"name\":\"Telinha\",\"@id\":\"https:\/\/portaltela.pt\/#\/schema\/person\/c4278d4a6028830caff9ee44b42d32ed\"},\"headline\":\"Cenas de advogados em julgamento revelam atua\u00e7\u00e3o dos profissionais\",\"datePublished\":\"2026-03-07T00:15:00+00:00\",\"mainEntityOfPage\":{\"@id\":\"https:\/\/portaltela.pt\/noticias\/2026\/03\/06\/cenas-de-advogados-em-julgamento-revelam-atuacao-dos-profissionais\/\"},\"wordCount\":231,\"image\":{\"@id\":\"https:\/\/portaltela.pt\/noticias\/2026\/03\/06\/cenas-de-advogados-em-julgamento-revelam-atuacao-dos-profissionais\/#primaryimage\"},\"thumbnailUrl\":\"https:\/\/portaltela.pt\/s.01k8rhncp4jt1\/2026\/03\/1739384.jpg\",\"keywords\":[\"Advogados\",\"direito\",\"jurisdi\u00e7\u00e3o internacional\",\"justi\u00e7a\",\"processos\",\"Tribunais\"],\"articleSection\":[\"Not\u00edcias\",\"Pol\u00edtica\"],\"inLanguage\":\"pt-PT\"},{\"@type\":\"WebPage\",\"@id\":\"https:\/\/portaltela.pt\/noticias\/2026\/03\/06\/cenas-de-advogados-em-julgamento-revelam-atuacao-dos-profissionais\/\",\"url\":\"https:\/\/portaltela.pt\/noticias\/2026\/03\/06\/cenas-de-advogados-em-julgamento-revelam-atuacao-dos-profissionais\/\",\"name\":\"Cenas de advogados em julgamento revelam atua\u00e7\u00e3o dos profissionais - Portal Tela Portugal\",\"isPartOf\":{\"@id\":\"https:\/\/portaltela.pt\/#website\"},\"primaryImageOfPage\":{\"@id\":\"https:\/\/portaltela.pt\/noticias\/2026\/03\/06\/cenas-de-advogados-em-julgamento-revelam-atuacao-dos-profissionais\/#primaryimage\"},\"image\":{\"@id\":\"https:\/\/portaltela.pt\/noticias\/2026\/03\/06\/cenas-de-advogados-em-julgamento-revelam-atuacao-dos-profissionais\/#primaryimage\"},\"thumbnailUrl\":\"https:\/\/portaltela.pt\/s.01k8rhncp4jt1\/2026\/03\/1739384.jpg\",\"datePublished\":\"2026-03-07T00:15:00+00:00\",\"author\":{\"@id\":\"https:\/\/portaltela.pt\/#\/schema\/person\/c4278d4a6028830caff9ee44b42d32ed\"},\"breadcrumb\":{\"@id\":\"https:\/\/portaltela.pt\/noticias\/2026\/03\/06\/cenas-de-advogados-em-julgamento-revelam-atuacao-dos-profissionais\/#breadcrumb\"},\"inLanguage\":\"pt-PT\",\"potentialAction\":[{\"@type\":\"ReadAction\",\"target\":[\"https:\/\/portaltela.pt\/noticias\/2026\/03\/06\/cenas-de-advogados-em-julgamento-revelam-atuacao-dos-profissionais\/\"]}]},{\"@type\":\"ImageObject\",\"inLanguage\":\"pt-PT\",\"@id\":\"https:\/\/portaltela.pt\/noticias\/2026\/03\/06\/cenas-de-advogados-em-julgamento-revelam-atuacao-dos-profissionais\/#primaryimage\",\"url\":\"https:\/\/portaltela.pt\/s.01k8rhncp4jt1\/2026\/03\/1739384.jpg\",\"contentUrl\":\"https:\/\/portaltela.pt\/s.01k8rhncp4jt1\/2026\/03\/1739384.jpg\",\"width\":796,\"height\":448,\"caption\":\"Photo\"},{\"@type\":\"BreadcrumbList\",\"@id\":\"https:\/\/portaltela.pt\/noticias\/2026\/03\/06\/cenas-de-advogados-em-julgamento-revelam-atuacao-dos-profissionais\/#breadcrumb\",\"itemListElement\":[{\"@type\":\"ListItem\",\"position\":1,\"name\":\"In\u00edcio\",\"item\":\"https:\/\/portaltela.pt\/\"},{\"@type\":\"ListItem\",\"position\":2,\"name\":\"Cenas de advogados em julgamento revelam atua\u00e7\u00e3o dos profissionais\"}]},{\"@type\":\"WebSite\",\"@id\":\"https:\/\/portaltela.pt\/#website\",\"url\":\"https:\/\/portaltela.pt\/\",\"name\":\"Portal Tela Portugal\",\"description\":\"\",\"potentialAction\":[{\"@type\":\"SearchAction\",\"target\":{\"@type\":\"EntryPoint\",\"urlTemplate\":\"https:\/\/portaltela.pt\/?s={search_term_string}\"},\"query-input\":{\"@type\":\"PropertyValueSpecification\",\"valueRequired\":true,\"valueName\":\"search_term_string\"}}],\"inLanguage\":\"pt-PT\"},{\"@type\":\"Person\",\"@id\":\"https:\/\/portaltela.pt\/#\/schema\/person\/c4278d4a6028830caff9ee44b42d32ed\",\"name\":\"Telinha\",\"image\":{\"@type\":\"ImageObject\",\"inLanguage\":\"pt-PT\",\"@id\":\"https:\/\/portaltela.pt\/s.01k8rhncp4jt1\/2025\/11\/talking-bot-125x125.png\",\"url\":\"https:\/\/portaltela.pt\/s.01k8rhncp4jt1\/2025\/11\/talking-bot-125x125.png\",\"contentUrl\":\"https:\/\/portaltela.pt\/s.01k8rhncp4jt1\/2025\/11\/talking-bot-125x125.png\",\"caption\":\"Telinha\"},\"sameAs\":[\"https:\/\/portaltela.pt\/\"],\"url\":\"https:\/\/portaltela.pt\/por\/367410592786\/\"}]}<\/script>\n<!-- \/ Yoast SEO plugin. -->","yoast_head_json":{"title":"Cenas de advogados em julgamento revelam atua\u00e7\u00e3o dos profissionais - Portal Tela Portugal","robots":{"index":"index","follow":"follow","max-snippet":"max-snippet:-1","max-image-preview":"max-image-preview:large","max-video-preview":"max-video-preview:-1"},"og_locale":"pt_PT","og_type":"article","og_title":"Cenas de advogados em julgamento revelam atua\u00e7\u00e3o dos profissionais - Portal Tela Portugal","og_description":"Uma advogada afirma que a inform\u00e1tica e as novas tecnologias prometem efici\u00eancia, mas apenas para quem n\u00e3o se deixa substituir no trabalho intelectual. Os advogados s\u00e3o apresentados como parte essencial do funcionamento dos tribunais e da justi\u00e7a. O texto utiliza a express\u00e3o \u201cduas \u00e1rvores\u201d para descrever dois casos recentes em que o trabalho dos advogados foi objeto de aprecia\u00e7\u00e3o pelos tribunais.","og_url":"https:\/\/portaltela.pt\/noticias\/2026\/03\/06\/cenas-de-advogados-em-julgamento-revelam-atuacao-dos-profissionais\/","og_site_name":"Portal Tela Portugal","article_published_time":"2026-03-07T00:15:00+00:00","author":"Telinha","twitter_card":"summary_large_image","twitter_misc":{"Escrito por":"Telinha","Tempo estimado de leitura":"1 minuto"},"schema":{"@context":"https:\/\/schema.org","@graph":[{"@type":"Article","@id":"https:\/\/portaltela.pt\/noticias\/2026\/03\/06\/cenas-de-advogados-em-julgamento-revelam-atuacao-dos-profissionais\/#article","isPartOf":{"@id":"https:\/\/portaltela.pt\/noticias\/2026\/03\/06\/cenas-de-advogados-em-julgamento-revelam-atuacao-dos-profissionais\/"},"author":{"name":"Telinha","@id":"https:\/\/portaltela.pt\/#\/schema\/person\/c4278d4a6028830caff9ee44b42d32ed"},"headline":"Cenas de advogados em julgamento revelam atua\u00e7\u00e3o dos profissionais","datePublished":"2026-03-07T00:15:00+00:00","mainEntityOfPage":{"@id":"https:\/\/portaltela.pt\/noticias\/2026\/03\/06\/cenas-de-advogados-em-julgamento-revelam-atuacao-dos-profissionais\/"},"wordCount":231,"image":{"@id":"https:\/\/portaltela.pt\/noticias\/2026\/03\/06\/cenas-de-advogados-em-julgamento-revelam-atuacao-dos-profissionais\/#primaryimage"},"thumbnailUrl":"https:\/\/portaltela.pt\/s.01k8rhncp4jt1\/2026\/03\/1739384.jpg","keywords":["Advogados","direito","jurisdi\u00e7\u00e3o internacional","justi\u00e7a","processos","Tribunais"],"articleSection":["Not\u00edcias","Pol\u00edtica"],"inLanguage":"pt-PT"},{"@type":"WebPage","@id":"https:\/\/portaltela.pt\/noticias\/2026\/03\/06\/cenas-de-advogados-em-julgamento-revelam-atuacao-dos-profissionais\/","url":"https:\/\/portaltela.pt\/noticias\/2026\/03\/06\/cenas-de-advogados-em-julgamento-revelam-atuacao-dos-profissionais\/","name":"Cenas de advogados em julgamento revelam atua\u00e7\u00e3o dos profissionais - Portal Tela Portugal","isPartOf":{"@id":"https:\/\/portaltela.pt\/#website"},"primaryImageOfPage":{"@id":"https:\/\/portaltela.pt\/noticias\/2026\/03\/06\/cenas-de-advogados-em-julgamento-revelam-atuacao-dos-profissionais\/#primaryimage"},"image":{"@id":"https:\/\/portaltela.pt\/noticias\/2026\/03\/06\/cenas-de-advogados-em-julgamento-revelam-atuacao-dos-profissionais\/#primaryimage"},"thumbnailUrl":"https:\/\/portaltela.pt\/s.01k8rhncp4jt1\/2026\/03\/1739384.jpg","datePublished":"2026-03-07T00:15:00+00:00","author":{"@id":"https:\/\/portaltela.pt\/#\/schema\/person\/c4278d4a6028830caff9ee44b42d32ed"},"breadcrumb":{"@id":"https:\/\/portaltela.pt\/noticias\/2026\/03\/06\/cenas-de-advogados-em-julgamento-revelam-atuacao-dos-profissionais\/#breadcrumb"},"inLanguage":"pt-PT","potentialAction":[{"@type":"ReadAction","target":["https:\/\/portaltela.pt\/noticias\/2026\/03\/06\/cenas-de-advogados-em-julgamento-revelam-atuacao-dos-profissionais\/"]}]},{"@type":"ImageObject","inLanguage":"pt-PT","@id":"https:\/\/portaltela.pt\/noticias\/2026\/03\/06\/cenas-de-advogados-em-julgamento-revelam-atuacao-dos-profissionais\/#primaryimage","url":"https:\/\/portaltela.pt\/s.01k8rhncp4jt1\/2026\/03\/1739384.jpg","contentUrl":"https:\/\/portaltela.pt\/s.01k8rhncp4jt1\/2026\/03\/1739384.jpg","width":796,"height":448,"caption":"Photo"},{"@type":"BreadcrumbList","@id":"https:\/\/portaltela.pt\/noticias\/2026\/03\/06\/cenas-de-advogados-em-julgamento-revelam-atuacao-dos-profissionais\/#breadcrumb","itemListElement":[{"@type":"ListItem","position":1,"name":"In\u00edcio","item":"https:\/\/portaltela.pt\/"},{"@type":"ListItem","position":2,"name":"Cenas de advogados em julgamento revelam atua\u00e7\u00e3o dos profissionais"}]},{"@type":"WebSite","@id":"https:\/\/portaltela.pt\/#website","url":"https:\/\/portaltela.pt\/","name":"Portal Tela Portugal","description":"","potentialAction":[{"@type":"SearchAction","target":{"@type":"EntryPoint","urlTemplate":"https:\/\/portaltela.pt\/?s={search_term_string}"},"query-input":{"@type":"PropertyValueSpecification","valueRequired":true,"valueName":"search_term_string"}}],"inLanguage":"pt-PT"},{"@type":"Person","@id":"https:\/\/portaltela.pt\/#\/schema\/person\/c4278d4a6028830caff9ee44b42d32ed","name":"Telinha","image":{"@type":"ImageObject","inLanguage":"pt-PT","@id":"https:\/\/portaltela.pt\/s.01k8rhncp4jt1\/2025\/11\/talking-bot-125x125.png","url":"https:\/\/portaltela.pt\/s.01k8rhncp4jt1\/2025\/11\/talking-bot-125x125.png","contentUrl":"https:\/\/portaltela.pt\/s.01k8rhncp4jt1\/2025\/11\/talking-bot-125x125.png","caption":"Telinha"},"sameAs":["https:\/\/portaltela.pt\/"],"url":"https:\/\/portaltela.pt\/por\/367410592786\/"}]}},"_links":{"self":[{"href":"https:\/\/portaltela.pt\/api\/wp\/v2\/posts\/401090","targetHints":{"allow":["GET"]}}],"collection":[{"href":"https:\/\/portaltela.pt\/api\/wp\/v2\/posts"}],"about":[{"href":"https:\/\/portaltela.pt\/api\/wp\/v2\/types\/post"}],"author":[{"embeddable":true,"href":"https:\/\/portaltela.pt\/api\/wp\/v2\/users\/2"}],"replies":[{"embeddable":true,"href":"https:\/\/portaltela.pt\/api\/wp\/v2\/comments?post=401090"}],"version-history":[{"count":0,"href":"https:\/\/portaltela.pt\/api\/wp\/v2\/posts\/401090\/revisions"}],"wp:featuredmedia":[{"embeddable":true,"href":"https:\/\/portaltela.pt\/api\/wp\/v2\/media\/401091"}],"wp:attachment":[{"href":"https:\/\/portaltela.pt\/api\/wp\/v2\/media?parent=401090"}],"wp:term":[{"taxonomy":"category","embeddable":true,"href":"https:\/\/portaltela.pt\/api\/wp\/v2\/categories?post=401090"},{"taxonomy":"post_tag","embeddable":true,"href":"https:\/\/portaltela.pt\/api\/wp\/v2\/tags?post=401090"}],"curies":[{"name":"wp","href":"https:\/\/api.w.org\/{rel}","templated":true}]}}