{"id":401082,"date":"2026-03-07T03:45:00","date_gmt":"2026-03-07T06:45:00","guid":{"rendered":"https:\/\/portaltela.pt\/noticias\/2026\/03\/07\/barraqueiro-e-transdev-apostam-na-concessao-das-linhas-suburbanas-da-cp\/"},"modified":"2026-03-07T03:45:00","modified_gmt":"2026-03-07T06:45:00","slug":"barraqueiro-e-transdev-apostam-na-concessao-das-linhas-suburbanas-da-cp","status":"publish","type":"post","link":"https:\/\/portaltela.pt\/noticias\/2026\/03\/07\/barraqueiro-e-transdev-apostam-na-concessao-das-linhas-suburbanas-da-cp\/","title":{"rendered":"Barraqueiro e Transdev apostam na concess\u00e3o das linhas suburbanas da CP"},"content":{"rendered":"<p>A Barraqueiro e a Transdev posicionam-se para a concess\u00e3o das linhas suburbanas da CP. O processo envolve o estudo de modelos de concess\u00e3o, com foco na viabilidade comercial e operacional.<\/p>\n<p>A Deloitte enviou um inqu\u00e9rito aos potenciais interessados na explora\u00e7\u00e3o dos servi\u00e7os da CP. O objetivo \u00e9 perceber qual modelo preferem, incluindo o prazo de dura\u00e7\u00e3o do contrato e o \u00e2mbito dos servi\u00e7os a prestar.<\/p>\n<p>Entre as perguntas est\u00e3o o tipo de investimento, se com ou sem material circulante novo, a eventual manuten\u00e7\u00e3o dos comboios e a entidade contratante, CP ou Estado. As respostas ajudar\u00e3o a definir a estrutura da concess\u00e3o.<\/p>\n","protected":false},"excerpt":{"rendered":"<ul>\n<li>A Deloitte enviou um inqu\u00e9rito a potenciais interessados na explora\u00e7\u00e3o de servi\u00e7os da Comboios de Portugal (CP) para avaliar o modelo de concess\u00e3o desejado.<\/li>\n<li>O objetivo \u00e9 perceber a sensibilidade do mercado a aspetos como a dura\u00e7\u00e3o do contrato.<\/li>\n<li>Pergunta-se tamb\u00e9m sobre o \u00e2mbito dos servi\u00e7os a prestar e o tipo de investimento, com ou sem material circulante novo.<\/li>\n<li>O inqu\u00e9rito aborda quem ficar\u00e1 respons\u00e1vel pela manuten\u00e7\u00e3o dos comboios.<\/li>\n<li>Questiona-se ainda quem deveria ser a entidade contratante: CP ou o Estado.<\/li>\n<\/ul>\n","protected":false},"author":2,"featured_media":401088,"comment_status":"closed","ping_status":"closed","sticky":false,"template":"","format":"standard","meta":{"footnotes":""},"categories":[1],"tags":[1842,1125,3191,316,192,4535],"class_list":["post-401082","post","type-post","status-publish","format-standard","has-post-thumbnail","hentry","category-noticias","tag-concessoes-internacionais","tag-contratos","tag-cp","tag-investimento","tag-transporte","tag-transporte-publico"],"yoast_head":"<!-- This site is optimized with the Yoast SEO plugin v27.2 - https:\/\/yoast.com\/product\/yoast-seo-wordpress\/ -->\n<title>Barraqueiro e Transdev apostam na concess\u00e3o das linhas suburbanas da CP - Portal Tela Portugal<\/title>\n<meta name=\"robots\" content=\"index, follow, max-snippet:-1, max-image-preview:large, max-video-preview:-1\" \/>\n<meta property=\"og:locale\" content=\"pt_PT\" \/>\n<meta property=\"og:type\" content=\"article\" \/>\n<meta property=\"og:title\" content=\"Barraqueiro e Transdev apostam na concess\u00e3o das linhas suburbanas da CP - Portal Tela Portugal\" \/>\n<meta property=\"og:description\" content=\"A Deloitte enviou um inqu\u00e9rito a potenciais interessados na explora\u00e7\u00e3o de servi\u00e7os da Comboios de Portugal (CP) para avaliar o modelo de concess\u00e3o desejado. O objetivo \u00e9 perceber a sensibilidade do mercado a aspetos como a dura\u00e7\u00e3o do contrato. Pergunta-se tamb\u00e9m sobre o \u00e2mbito dos servi\u00e7os a prestar e o tipo de investimento, com ou sem material circulante novo. O inqu\u00e9rito aborda quem ficar\u00e1 respons\u00e1vel pela manuten\u00e7\u00e3o dos comboios. Questiona-se ainda quem deveria ser a entidade contratante: CP ou o Estado.\" \/>\n<meta property=\"og:url\" content=\"https:\/\/portaltela.pt\/noticias\/2026\/03\/07\/barraqueiro-e-transdev-apostam-na-concessao-das-linhas-suburbanas-da-cp\/\" \/>\n<meta property=\"og:site_name\" content=\"Portal Tela Portugal\" \/>\n<meta property=\"article:published_time\" content=\"2026-03-07T06:45:00+00:00\" \/>\n<meta name=\"author\" content=\"Telinha\" \/>\n<meta name=\"twitter:card\" content=\"summary_large_image\" \/>\n<meta name=\"twitter:label1\" content=\"Escrito por\" \/>\n\t<meta name=\"twitter:data1\" content=\"Telinha\" \/>\n\t<meta name=\"twitter:label2\" content=\"Tempo estimado de leitura\" \/>\n\t<meta name=\"twitter:data2\" content=\"1 minuto\" \/>\n<script type=\"application\/ld+json\" class=\"yoast-schema-graph\">{\"@context\":\"https:\/\/schema.org\",\"@graph\":[{\"@type\":\"Article\",\"@id\":\"https:\/\/portaltela.pt\/noticias\/2026\/03\/07\/barraqueiro-e-transdev-apostam-na-concessao-das-linhas-suburbanas-da-cp\/#article\",\"isPartOf\":{\"@id\":\"https:\/\/portaltela.pt\/noticias\/2026\/03\/07\/barraqueiro-e-transdev-apostam-na-concessao-das-linhas-suburbanas-da-cp\/\"},\"author\":{\"name\":\"Telinha\",\"@id\":\"https:\/\/portaltela.pt\/#\/schema\/person\/c4278d4a6028830caff9ee44b42d32ed\"},\"headline\":\"Barraqueiro e Transdev apostam na concess\u00e3o das linhas suburbanas da CP\",\"datePublished\":\"2026-03-07T06:45:00+00:00\",\"mainEntityOfPage\":{\"@id\":\"https:\/\/portaltela.pt\/noticias\/2026\/03\/07\/barraqueiro-e-transdev-apostam-na-concessao-das-linhas-suburbanas-da-cp\/\"},\"wordCount\":123,\"image\":{\"@id\":\"https:\/\/portaltela.pt\/noticias\/2026\/03\/07\/barraqueiro-e-transdev-apostam-na-concessao-das-linhas-suburbanas-da-cp\/#primaryimage\"},\"thumbnailUrl\":\"https:\/\/portaltela.pt\/s.01k8rhncp4jt1\/2026\/03\/2071256.jpg\",\"keywords\":[\"concess\u00f5es internacionais\",\"contratos\",\"CP\",\"investimento\",\"transporte\",\"transporte p\u00fablico\"],\"articleSection\":[\"Not\u00edcias\"],\"inLanguage\":\"pt-PT\"},{\"@type\":\"WebPage\",\"@id\":\"https:\/\/portaltela.pt\/noticias\/2026\/03\/07\/barraqueiro-e-transdev-apostam-na-concessao-das-linhas-suburbanas-da-cp\/\",\"url\":\"https:\/\/portaltela.pt\/noticias\/2026\/03\/07\/barraqueiro-e-transdev-apostam-na-concessao-das-linhas-suburbanas-da-cp\/\",\"name\":\"Barraqueiro e Transdev apostam na concess\u00e3o das linhas suburbanas da CP - Portal Tela Portugal\",\"isPartOf\":{\"@id\":\"https:\/\/portaltela.pt\/#website\"},\"primaryImageOfPage\":{\"@id\":\"https:\/\/portaltela.pt\/noticias\/2026\/03\/07\/barraqueiro-e-transdev-apostam-na-concessao-das-linhas-suburbanas-da-cp\/#primaryimage\"},\"image\":{\"@id\":\"https:\/\/portaltela.pt\/noticias\/2026\/03\/07\/barraqueiro-e-transdev-apostam-na-concessao-das-linhas-suburbanas-da-cp\/#primaryimage\"},\"thumbnailUrl\":\"https:\/\/portaltela.pt\/s.01k8rhncp4jt1\/2026\/03\/2071256.jpg\",\"datePublished\":\"2026-03-07T06:45:00+00:00\",\"author\":{\"@id\":\"https:\/\/portaltela.pt\/#\/schema\/person\/c4278d4a6028830caff9ee44b42d32ed\"},\"breadcrumb\":{\"@id\":\"https:\/\/portaltela.pt\/noticias\/2026\/03\/07\/barraqueiro-e-transdev-apostam-na-concessao-das-linhas-suburbanas-da-cp\/#breadcrumb\"},\"inLanguage\":\"pt-PT\",\"potentialAction\":[{\"@type\":\"ReadAction\",\"target\":[\"https:\/\/portaltela.pt\/noticias\/2026\/03\/07\/barraqueiro-e-transdev-apostam-na-concessao-das-linhas-suburbanas-da-cp\/\"]}]},{\"@type\":\"ImageObject\",\"inLanguage\":\"pt-PT\",\"@id\":\"https:\/\/portaltela.pt\/noticias\/2026\/03\/07\/barraqueiro-e-transdev-apostam-na-concessao-das-linhas-suburbanas-da-cp\/#primaryimage\",\"url\":\"https:\/\/portaltela.pt\/s.01k8rhncp4jt1\/2026\/03\/2071256.jpg\",\"contentUrl\":\"https:\/\/portaltela.pt\/s.01k8rhncp4jt1\/2026\/03\/2071256.jpg\",\"width\":796,\"height\":448,\"caption\":\"Linha de Cascais\"},{\"@type\":\"BreadcrumbList\",\"@id\":\"https:\/\/portaltela.pt\/noticias\/2026\/03\/07\/barraqueiro-e-transdev-apostam-na-concessao-das-linhas-suburbanas-da-cp\/#breadcrumb\",\"itemListElement\":[{\"@type\":\"ListItem\",\"position\":1,\"name\":\"In\u00edcio\",\"item\":\"https:\/\/portaltela.pt\/\"},{\"@type\":\"ListItem\",\"position\":2,\"name\":\"Barraqueiro e Transdev apostam na concess\u00e3o das linhas suburbanas da CP\"}]},{\"@type\":\"WebSite\",\"@id\":\"https:\/\/portaltela.pt\/#website\",\"url\":\"https:\/\/portaltela.pt\/\",\"name\":\"Portal Tela Portugal\",\"description\":\"\",\"potentialAction\":[{\"@type\":\"SearchAction\",\"target\":{\"@type\":\"EntryPoint\",\"urlTemplate\":\"https:\/\/portaltela.pt\/?s={search_term_string}\"},\"query-input\":{\"@type\":\"PropertyValueSpecification\",\"valueRequired\":true,\"valueName\":\"search_term_string\"}}],\"inLanguage\":\"pt-PT\"},{\"@type\":\"Person\",\"@id\":\"https:\/\/portaltela.pt\/#\/schema\/person\/c4278d4a6028830caff9ee44b42d32ed\",\"name\":\"Telinha\",\"image\":{\"@type\":\"ImageObject\",\"inLanguage\":\"pt-PT\",\"@id\":\"https:\/\/portaltela.pt\/s.01k8rhncp4jt1\/2025\/11\/talking-bot-125x125.png\",\"url\":\"https:\/\/portaltela.pt\/s.01k8rhncp4jt1\/2025\/11\/talking-bot-125x125.png\",\"contentUrl\":\"https:\/\/portaltela.pt\/s.01k8rhncp4jt1\/2025\/11\/talking-bot-125x125.png\",\"caption\":\"Telinha\"},\"sameAs\":[\"https:\/\/portaltela.pt\/\"],\"url\":\"https:\/\/portaltela.pt\/por\/367410592786\/\"}]}<\/script>\n<!-- \/ Yoast SEO plugin. -->","yoast_head_json":{"title":"Barraqueiro e Transdev apostam na concess\u00e3o das linhas suburbanas da CP - Portal Tela Portugal","robots":{"index":"index","follow":"follow","max-snippet":"max-snippet:-1","max-image-preview":"max-image-preview:large","max-video-preview":"max-video-preview:-1"},"og_locale":"pt_PT","og_type":"article","og_title":"Barraqueiro e Transdev apostam na concess\u00e3o das linhas suburbanas da CP - Portal Tela Portugal","og_description":"A Deloitte enviou um inqu\u00e9rito a potenciais interessados na explora\u00e7\u00e3o de servi\u00e7os da Comboios de Portugal (CP) para avaliar o modelo de concess\u00e3o desejado. O objetivo \u00e9 perceber a sensibilidade do mercado a aspetos como a dura\u00e7\u00e3o do contrato. Pergunta-se tamb\u00e9m sobre o \u00e2mbito dos servi\u00e7os a prestar e o tipo de investimento, com ou sem material circulante novo. O inqu\u00e9rito aborda quem ficar\u00e1 respons\u00e1vel pela manuten\u00e7\u00e3o dos comboios. Questiona-se ainda quem deveria ser a entidade contratante: CP ou o Estado.","og_url":"https:\/\/portaltela.pt\/noticias\/2026\/03\/07\/barraqueiro-e-transdev-apostam-na-concessao-das-linhas-suburbanas-da-cp\/","og_site_name":"Portal Tela Portugal","article_published_time":"2026-03-07T06:45:00+00:00","author":"Telinha","twitter_card":"summary_large_image","twitter_misc":{"Escrito por":"Telinha","Tempo estimado de leitura":"1 minuto"},"schema":{"@context":"https:\/\/schema.org","@graph":[{"@type":"Article","@id":"https:\/\/portaltela.pt\/noticias\/2026\/03\/07\/barraqueiro-e-transdev-apostam-na-concessao-das-linhas-suburbanas-da-cp\/#article","isPartOf":{"@id":"https:\/\/portaltela.pt\/noticias\/2026\/03\/07\/barraqueiro-e-transdev-apostam-na-concessao-das-linhas-suburbanas-da-cp\/"},"author":{"name":"Telinha","@id":"https:\/\/portaltela.pt\/#\/schema\/person\/c4278d4a6028830caff9ee44b42d32ed"},"headline":"Barraqueiro e Transdev apostam na concess\u00e3o das linhas suburbanas da CP","datePublished":"2026-03-07T06:45:00+00:00","mainEntityOfPage":{"@id":"https:\/\/portaltela.pt\/noticias\/2026\/03\/07\/barraqueiro-e-transdev-apostam-na-concessao-das-linhas-suburbanas-da-cp\/"},"wordCount":123,"image":{"@id":"https:\/\/portaltela.pt\/noticias\/2026\/03\/07\/barraqueiro-e-transdev-apostam-na-concessao-das-linhas-suburbanas-da-cp\/#primaryimage"},"thumbnailUrl":"https:\/\/portaltela.pt\/s.01k8rhncp4jt1\/2026\/03\/2071256.jpg","keywords":["concess\u00f5es internacionais","contratos","CP","investimento","transporte","transporte p\u00fablico"],"articleSection":["Not\u00edcias"],"inLanguage":"pt-PT"},{"@type":"WebPage","@id":"https:\/\/portaltela.pt\/noticias\/2026\/03\/07\/barraqueiro-e-transdev-apostam-na-concessao-das-linhas-suburbanas-da-cp\/","url":"https:\/\/portaltela.pt\/noticias\/2026\/03\/07\/barraqueiro-e-transdev-apostam-na-concessao-das-linhas-suburbanas-da-cp\/","name":"Barraqueiro e Transdev apostam na concess\u00e3o das linhas suburbanas da CP - Portal Tela Portugal","isPartOf":{"@id":"https:\/\/portaltela.pt\/#website"},"primaryImageOfPage":{"@id":"https:\/\/portaltela.pt\/noticias\/2026\/03\/07\/barraqueiro-e-transdev-apostam-na-concessao-das-linhas-suburbanas-da-cp\/#primaryimage"},"image":{"@id":"https:\/\/portaltela.pt\/noticias\/2026\/03\/07\/barraqueiro-e-transdev-apostam-na-concessao-das-linhas-suburbanas-da-cp\/#primaryimage"},"thumbnailUrl":"https:\/\/portaltela.pt\/s.01k8rhncp4jt1\/2026\/03\/2071256.jpg","datePublished":"2026-03-07T06:45:00+00:00","author":{"@id":"https:\/\/portaltela.pt\/#\/schema\/person\/c4278d4a6028830caff9ee44b42d32ed"},"breadcrumb":{"@id":"https:\/\/portaltela.pt\/noticias\/2026\/03\/07\/barraqueiro-e-transdev-apostam-na-concessao-das-linhas-suburbanas-da-cp\/#breadcrumb"},"inLanguage":"pt-PT","potentialAction":[{"@type":"ReadAction","target":["https:\/\/portaltela.pt\/noticias\/2026\/03\/07\/barraqueiro-e-transdev-apostam-na-concessao-das-linhas-suburbanas-da-cp\/"]}]},{"@type":"ImageObject","inLanguage":"pt-PT","@id":"https:\/\/portaltela.pt\/noticias\/2026\/03\/07\/barraqueiro-e-transdev-apostam-na-concessao-das-linhas-suburbanas-da-cp\/#primaryimage","url":"https:\/\/portaltela.pt\/s.01k8rhncp4jt1\/2026\/03\/2071256.jpg","contentUrl":"https:\/\/portaltela.pt\/s.01k8rhncp4jt1\/2026\/03\/2071256.jpg","width":796,"height":448,"caption":"Linha de Cascais"},{"@type":"BreadcrumbList","@id":"https:\/\/portaltela.pt\/noticias\/2026\/03\/07\/barraqueiro-e-transdev-apostam-na-concessao-das-linhas-suburbanas-da-cp\/#breadcrumb","itemListElement":[{"@type":"ListItem","position":1,"name":"In\u00edcio","item":"https:\/\/portaltela.pt\/"},{"@type":"ListItem","position":2,"name":"Barraqueiro e Transdev apostam na concess\u00e3o das linhas suburbanas da CP"}]},{"@type":"WebSite","@id":"https:\/\/portaltela.pt\/#website","url":"https:\/\/portaltela.pt\/","name":"Portal Tela Portugal","description":"","potentialAction":[{"@type":"SearchAction","target":{"@type":"EntryPoint","urlTemplate":"https:\/\/portaltela.pt\/?s={search_term_string}"},"query-input":{"@type":"PropertyValueSpecification","valueRequired":true,"valueName":"search_term_string"}}],"inLanguage":"pt-PT"},{"@type":"Person","@id":"https:\/\/portaltela.pt\/#\/schema\/person\/c4278d4a6028830caff9ee44b42d32ed","name":"Telinha","image":{"@type":"ImageObject","inLanguage":"pt-PT","@id":"https:\/\/portaltela.pt\/s.01k8rhncp4jt1\/2025\/11\/talking-bot-125x125.png","url":"https:\/\/portaltela.pt\/s.01k8rhncp4jt1\/2025\/11\/talking-bot-125x125.png","contentUrl":"https:\/\/portaltela.pt\/s.01k8rhncp4jt1\/2025\/11\/talking-bot-125x125.png","caption":"Telinha"},"sameAs":["https:\/\/portaltela.pt\/"],"url":"https:\/\/portaltela.pt\/por\/367410592786\/"}]}},"_links":{"self":[{"href":"https:\/\/portaltela.pt\/api\/wp\/v2\/posts\/401082","targetHints":{"allow":["GET"]}}],"collection":[{"href":"https:\/\/portaltela.pt\/api\/wp\/v2\/posts"}],"about":[{"href":"https:\/\/portaltela.pt\/api\/wp\/v2\/types\/post"}],"author":[{"embeddable":true,"href":"https:\/\/portaltela.pt\/api\/wp\/v2\/users\/2"}],"replies":[{"embeddable":true,"href":"https:\/\/portaltela.pt\/api\/wp\/v2\/comments?post=401082"}],"version-history":[{"count":0,"href":"https:\/\/portaltela.pt\/api\/wp\/v2\/posts\/401082\/revisions"}],"wp:featuredmedia":[{"embeddable":true,"href":"https:\/\/portaltela.pt\/api\/wp\/v2\/media\/401088"}],"wp:attachment":[{"href":"https:\/\/portaltela.pt\/api\/wp\/v2\/media?parent=401082"}],"wp:term":[{"taxonomy":"category","embeddable":true,"href":"https:\/\/portaltela.pt\/api\/wp\/v2\/categories?post=401082"},{"taxonomy":"post_tag","embeddable":true,"href":"https:\/\/portaltela.pt\/api\/wp\/v2\/tags?post=401082"}],"curies":[{"name":"wp","href":"https:\/\/api.w.org\/{rel}","templated":true}]}}