{"id":401079,"date":"2026-03-07T03:47:00","date_gmt":"2026-03-07T06:47:00","guid":{"rendered":"https:\/\/portaltela.pt\/noticias\/2026\/03\/07\/nova-ode-triunfal-levanta-questoes-sobre-ia-e-futuro-tecnologico\/"},"modified":"2026-03-07T03:47:00","modified_gmt":"2026-03-07T06:47:00","slug":"nova-ode-triunfal-levanta-questoes-sobre-ia-e-futuro-tecnologico","status":"publish","type":"post","link":"https:\/\/portaltela.pt\/noticias\/2026\/03\/07\/nova-ode-triunfal-levanta-questoes-sobre-ia-e-futuro-tecnologico\/","title":{"rendered":"Nova Ode Triunfal levanta quest\u00f5es sobre IA e futuro tecnol\u00f3gico"},"content":{"rendered":"<p>Pouco ap\u00f3s o in\u00edcio de fevereiro, circula a ideia de que a automa\u00e7\u00e3o pode acelerar o desvanecimento da base da ci\u00eancia: a comunidade cient\u00edfica. Um artigo de opini\u00e3o recente analisa o impacto da intelig\u00eancia artificial (IA) na produ\u00e7\u00e3o cient\u00edfica e nos m\u00e9todos de racioc\u00ednio.<\/p>\n<p>O texto questiona se as IA conseguem fazer demonstra\u00e7\u00f5es matem\u00e1ticas complexas com a mesma profundidade de compreens\u00e3o humana. O autor descreve a mudan\u00e7a na imagem do investigador, que poderia deixar de depender do papel e de pilhas de notas.<\/p>\n<p>Ainda que alguns grupos reportem progressos em IA, o artigo sugere que a matem\u00e1tica permanece exigente em termos de formula\u00e7\u00e3o de problemas e de estruturas conceituais, \u00e1reas onde as IA atuais enfrentam limita\u00e7\u00f5es.<\/p>\n<p>A discuss\u00e3o envolve especialistas de v\u00e1rias \u00e1reas, incluindo economistas que analisam a rela\u00e7\u00e3o entre IA e progresso cient\u00edfico. A pesquisa aponta que a IA pode ser \u00fatil para tarefas perif\u00e9ricas, como gest\u00e3o de burocracia, mas n\u00e3o substitui o trabalho criativo central.<\/p>\n<p>Entre os riscos apontados est\u00e3o limites f\u00edsicos da tecnologia, gera\u00e7\u00e3o de lixo cient\u00edfico e fraudes associadas. O texto alerta para a possibilidade de deslumbramento com automa\u00e7\u00e3o acelerar o desmantelamento da comunidade cient\u00edfica.<\/p>\n<h3>Desdobramentos e contextos<\/h3>\n<p>A reportagem destaca que o Debate n\u00e3o envolve apenas matem\u00e1ticos, mas diversos especialistas que avaliam o papel da IA na verifica\u00e7\u00e3o de provas, bem como o potencial de uso respons\u00e1vel na pr\u00e1tica cient\u00edfica.<\/p>\n<p>Autores do artigo n\u00e3o pertencem ao meio matem\u00e1tico, o que levanta questionamentos sobre a natureza da evid\u00eancia apresentada. O texto enfatiza a necessidade de manter a comunidade cient\u00edfica como espa\u00e7o de confronto e valida\u00e7\u00e3o de conhecimento.<\/p>\n<p>A an\u00e1lise aponta que, at\u00e9 agora, a IA n\u00e3o provou ser capaz de avan\u00e7ar a um ritmo equivalente ao progresso humano na matem\u00e1tica, especialmente em problemas que exigem intui\u00e7\u00e3o geom\u00e9trica ou formula\u00e7\u00e3o conceitual.<\/p>\n<p>O artigo de opini\u00e3o conclui pela prud\u00eancia: a IA deve ser integrada de forma a facilitar tarefas perif\u00e9ricas, sem substituir o trabalho cr\u00edtico da comunidade cient\u00edfica.<\/p>\n","protected":false},"excerpt":{"rendered":"<ul>\n<li>O texto alerta para o risco de o entusiasmo pela automa\u00e7\u00e3o acelerar o desmantelamento da comunidade cient\u00edfica, pe\u00e7a basilar do sistema cient\u00edfico.<\/li>\n<li>Relembra que, em matem\u00e1tica, as IA ainda falham em formula\u00e7\u00e3o de problemas e em construir o quadro conceptual adequado, com exemplos de demonstra\u00e7\u00f5es matem\u00e1ticas complexas.<\/li>\n<li>Experi\u00eancias citadas mostram que, sem orienta\u00e7\u00e3o, os resultados das IA s\u00e3o fracos; com pilotagem h\u00e1 melhoria, mas ainda muito aqu\u00e9m do que a comunidade atinge em dias dif\u00edceis.<\/li>\n<li>Os autores do artigo n\u00e3o s\u00e3o matem\u00e1ticos, mas economistas; destacam limites estruturais da IA na investiga\u00e7\u00e3o matem\u00e1tica e sugerem uso mais perif\u00e9rico.<\/li>\n<li>Apontam riscos adicionais: impactos ambientais, produ\u00e7\u00e3o de lixo cient\u00edfico e fraudes; e o perigo de perder a massa cr\u00edtica de partilha de conhecimento na ci\u00eancia.<\/li>\n<\/ul>\n","protected":false},"author":2,"featured_media":401084,"comment_status":"closed","ping_status":"closed","sticky":false,"template":"","format":"standard","meta":{"footnotes":""},"categories":[1],"tags":[1992,33,51,215,3167,153],"class_list":["post-401079","post","type-post","status-publish","format-standard","has-post-thumbnail","hentry","category-noticias","tag-ciencia","tag-inovacao","tag-inteligencia-artificial","tag-investigacao","tag-matematica","tag-tecnologia"],"yoast_head":"<!-- This site is optimized with the Yoast SEO plugin v27.2 - https:\/\/yoast.com\/product\/yoast-seo-wordpress\/ -->\n<title>Nova Ode Triunfal levanta quest\u00f5es sobre IA e futuro tecnol\u00f3gico - Portal Tela Portugal<\/title>\n<meta name=\"robots\" content=\"index, follow, max-snippet:-1, max-image-preview:large, max-video-preview:-1\" \/>\n<meta property=\"og:locale\" content=\"pt_PT\" \/>\n<meta property=\"og:type\" content=\"article\" \/>\n<meta property=\"og:title\" content=\"Nova Ode Triunfal levanta quest\u00f5es sobre IA e futuro tecnol\u00f3gico - Portal Tela Portugal\" \/>\n<meta property=\"og:description\" content=\"O texto alerta para o risco de o entusiasmo pela automa\u00e7\u00e3o acelerar o desmantelamento da comunidade cient\u00edfica, pe\u00e7a basilar do sistema cient\u00edfico. Relembra que, em matem\u00e1tica, as IA ainda falham em formula\u00e7\u00e3o de problemas e em construir o quadro conceptual adequado, com exemplos de demonstra\u00e7\u00f5es matem\u00e1ticas complexas. Experi\u00eancias citadas mostram que, sem orienta\u00e7\u00e3o, os resultados das IA s\u00e3o fracos; com pilotagem h\u00e1 melhoria, mas ainda muito aqu\u00e9m do que a comunidade atinge em dias dif\u00edceis. Os autores do artigo n\u00e3o s\u00e3o matem\u00e1ticos, mas economistas; destacam limites estruturais da IA na investiga\u00e7\u00e3o matem\u00e1tica e sugerem uso mais perif\u00e9rico. Apontam riscos adicionais: impactos ambientais, produ\u00e7\u00e3o de lixo cient\u00edfico e fraudes; e o perigo de perder a massa cr\u00edtica de partilha de conhecimento na ci\u00eancia.\" \/>\n<meta property=\"og:url\" content=\"https:\/\/portaltela.pt\/noticias\/2026\/03\/07\/nova-ode-triunfal-levanta-questoes-sobre-ia-e-futuro-tecnologico\/\" \/>\n<meta property=\"og:site_name\" content=\"Portal Tela Portugal\" \/>\n<meta property=\"article:published_time\" content=\"2026-03-07T06:47:00+00:00\" \/>\n<meta name=\"author\" content=\"Telinha\" \/>\n<meta name=\"twitter:card\" content=\"summary_large_image\" \/>\n<meta name=\"twitter:label1\" content=\"Escrito por\" \/>\n\t<meta name=\"twitter:data1\" content=\"Telinha\" \/>\n\t<meta name=\"twitter:label2\" content=\"Tempo estimado de leitura\" \/>\n\t<meta name=\"twitter:data2\" content=\"2 minutos\" \/>\n<script type=\"application\/ld+json\" class=\"yoast-schema-graph\">{\"@context\":\"https:\/\/schema.org\",\"@graph\":[{\"@type\":\"Article\",\"@id\":\"https:\/\/portaltela.pt\/noticias\/2026\/03\/07\/nova-ode-triunfal-levanta-questoes-sobre-ia-e-futuro-tecnologico\/#article\",\"isPartOf\":{\"@id\":\"https:\/\/portaltela.pt\/noticias\/2026\/03\/07\/nova-ode-triunfal-levanta-questoes-sobre-ia-e-futuro-tecnologico\/\"},\"author\":{\"name\":\"Telinha\",\"@id\":\"https:\/\/portaltela.pt\/#\/schema\/person\/c4278d4a6028830caff9ee44b42d32ed\"},\"headline\":\"Nova Ode Triunfal levanta quest\u00f5es sobre IA e futuro tecnol\u00f3gico\",\"datePublished\":\"2026-03-07T06:47:00+00:00\",\"mainEntityOfPage\":{\"@id\":\"https:\/\/portaltela.pt\/noticias\/2026\/03\/07\/nova-ode-triunfal-levanta-questoes-sobre-ia-e-futuro-tecnologico\/\"},\"wordCount\":387,\"image\":{\"@id\":\"https:\/\/portaltela.pt\/noticias\/2026\/03\/07\/nova-ode-triunfal-levanta-questoes-sobre-ia-e-futuro-tecnologico\/#primaryimage\"},\"thumbnailUrl\":\"https:\/\/portaltela.pt\/s.01k8rhncp4jt1\/2026\/03\/2072087.jpg\",\"keywords\":[\"ci\u00eancia\",\"inova\u00e7\u00e3o\",\"intelig\u00eancia artificial\",\"investiga\u00e7\u00e3o\",\"matem\u00e1tica\",\"tecnologia\"],\"articleSection\":[\"Not\u00edcias\"],\"inLanguage\":\"pt-PT\"},{\"@type\":\"WebPage\",\"@id\":\"https:\/\/portaltela.pt\/noticias\/2026\/03\/07\/nova-ode-triunfal-levanta-questoes-sobre-ia-e-futuro-tecnologico\/\",\"url\":\"https:\/\/portaltela.pt\/noticias\/2026\/03\/07\/nova-ode-triunfal-levanta-questoes-sobre-ia-e-futuro-tecnologico\/\",\"name\":\"Nova Ode Triunfal levanta quest\u00f5es sobre IA e futuro tecnol\u00f3gico - Portal Tela Portugal\",\"isPartOf\":{\"@id\":\"https:\/\/portaltela.pt\/#website\"},\"primaryImageOfPage\":{\"@id\":\"https:\/\/portaltela.pt\/noticias\/2026\/03\/07\/nova-ode-triunfal-levanta-questoes-sobre-ia-e-futuro-tecnologico\/#primaryimage\"},\"image\":{\"@id\":\"https:\/\/portaltela.pt\/noticias\/2026\/03\/07\/nova-ode-triunfal-levanta-questoes-sobre-ia-e-futuro-tecnologico\/#primaryimage\"},\"thumbnailUrl\":\"https:\/\/portaltela.pt\/s.01k8rhncp4jt1\/2026\/03\/2072087.jpg\",\"datePublished\":\"2026-03-07T06:47:00+00:00\",\"author\":{\"@id\":\"https:\/\/portaltela.pt\/#\/schema\/person\/c4278d4a6028830caff9ee44b42d32ed\"},\"breadcrumb\":{\"@id\":\"https:\/\/portaltela.pt\/noticias\/2026\/03\/07\/nova-ode-triunfal-levanta-questoes-sobre-ia-e-futuro-tecnologico\/#breadcrumb\"},\"inLanguage\":\"pt-PT\",\"potentialAction\":[{\"@type\":\"ReadAction\",\"target\":[\"https:\/\/portaltela.pt\/noticias\/2026\/03\/07\/nova-ode-triunfal-levanta-questoes-sobre-ia-e-futuro-tecnologico\/\"]}]},{\"@type\":\"ImageObject\",\"inLanguage\":\"pt-PT\",\"@id\":\"https:\/\/portaltela.pt\/noticias\/2026\/03\/07\/nova-ode-triunfal-levanta-questoes-sobre-ia-e-futuro-tecnologico\/#primaryimage\",\"url\":\"https:\/\/portaltela.pt\/s.01k8rhncp4jt1\/2026\/03\/2072087.jpg\",\"contentUrl\":\"https:\/\/portaltela.pt\/s.01k8rhncp4jt1\/2026\/03\/2072087.jpg\",\"width\":796,\"height\":448,\"caption\":\"Photo\"},{\"@type\":\"BreadcrumbList\",\"@id\":\"https:\/\/portaltela.pt\/noticias\/2026\/03\/07\/nova-ode-triunfal-levanta-questoes-sobre-ia-e-futuro-tecnologico\/#breadcrumb\",\"itemListElement\":[{\"@type\":\"ListItem\",\"position\":1,\"name\":\"In\u00edcio\",\"item\":\"https:\/\/portaltela.pt\/\"},{\"@type\":\"ListItem\",\"position\":2,\"name\":\"Nova Ode Triunfal levanta quest\u00f5es sobre IA e futuro tecnol\u00f3gico\"}]},{\"@type\":\"WebSite\",\"@id\":\"https:\/\/portaltela.pt\/#website\",\"url\":\"https:\/\/portaltela.pt\/\",\"name\":\"Portal Tela Portugal\",\"description\":\"\",\"potentialAction\":[{\"@type\":\"SearchAction\",\"target\":{\"@type\":\"EntryPoint\",\"urlTemplate\":\"https:\/\/portaltela.pt\/?s={search_term_string}\"},\"query-input\":{\"@type\":\"PropertyValueSpecification\",\"valueRequired\":true,\"valueName\":\"search_term_string\"}}],\"inLanguage\":\"pt-PT\"},{\"@type\":\"Person\",\"@id\":\"https:\/\/portaltela.pt\/#\/schema\/person\/c4278d4a6028830caff9ee44b42d32ed\",\"name\":\"Telinha\",\"image\":{\"@type\":\"ImageObject\",\"inLanguage\":\"pt-PT\",\"@id\":\"https:\/\/portaltela.pt\/s.01k8rhncp4jt1\/2025\/11\/talking-bot-125x125.png\",\"url\":\"https:\/\/portaltela.pt\/s.01k8rhncp4jt1\/2025\/11\/talking-bot-125x125.png\",\"contentUrl\":\"https:\/\/portaltela.pt\/s.01k8rhncp4jt1\/2025\/11\/talking-bot-125x125.png\",\"caption\":\"Telinha\"},\"sameAs\":[\"https:\/\/portaltela.pt\/\"],\"url\":\"https:\/\/portaltela.pt\/por\/367410592786\/\"}]}<\/script>\n<!-- \/ Yoast SEO plugin. -->","yoast_head_json":{"title":"Nova Ode Triunfal levanta quest\u00f5es sobre IA e futuro tecnol\u00f3gico - Portal Tela Portugal","robots":{"index":"index","follow":"follow","max-snippet":"max-snippet:-1","max-image-preview":"max-image-preview:large","max-video-preview":"max-video-preview:-1"},"og_locale":"pt_PT","og_type":"article","og_title":"Nova Ode Triunfal levanta quest\u00f5es sobre IA e futuro tecnol\u00f3gico - Portal Tela Portugal","og_description":"O texto alerta para o risco de o entusiasmo pela automa\u00e7\u00e3o acelerar o desmantelamento da comunidade cient\u00edfica, pe\u00e7a basilar do sistema cient\u00edfico. Relembra que, em matem\u00e1tica, as IA ainda falham em formula\u00e7\u00e3o de problemas e em construir o quadro conceptual adequado, com exemplos de demonstra\u00e7\u00f5es matem\u00e1ticas complexas. Experi\u00eancias citadas mostram que, sem orienta\u00e7\u00e3o, os resultados das IA s\u00e3o fracos; com pilotagem h\u00e1 melhoria, mas ainda muito aqu\u00e9m do que a comunidade atinge em dias dif\u00edceis. Os autores do artigo n\u00e3o s\u00e3o matem\u00e1ticos, mas economistas; destacam limites estruturais da IA na investiga\u00e7\u00e3o matem\u00e1tica e sugerem uso mais perif\u00e9rico. Apontam riscos adicionais: impactos ambientais, produ\u00e7\u00e3o de lixo cient\u00edfico e fraudes; e o perigo de perder a massa cr\u00edtica de partilha de conhecimento na ci\u00eancia.","og_url":"https:\/\/portaltela.pt\/noticias\/2026\/03\/07\/nova-ode-triunfal-levanta-questoes-sobre-ia-e-futuro-tecnologico\/","og_site_name":"Portal Tela Portugal","article_published_time":"2026-03-07T06:47:00+00:00","author":"Telinha","twitter_card":"summary_large_image","twitter_misc":{"Escrito por":"Telinha","Tempo estimado de leitura":"2 minutos"},"schema":{"@context":"https:\/\/schema.org","@graph":[{"@type":"Article","@id":"https:\/\/portaltela.pt\/noticias\/2026\/03\/07\/nova-ode-triunfal-levanta-questoes-sobre-ia-e-futuro-tecnologico\/#article","isPartOf":{"@id":"https:\/\/portaltela.pt\/noticias\/2026\/03\/07\/nova-ode-triunfal-levanta-questoes-sobre-ia-e-futuro-tecnologico\/"},"author":{"name":"Telinha","@id":"https:\/\/portaltela.pt\/#\/schema\/person\/c4278d4a6028830caff9ee44b42d32ed"},"headline":"Nova Ode Triunfal levanta quest\u00f5es sobre IA e futuro tecnol\u00f3gico","datePublished":"2026-03-07T06:47:00+00:00","mainEntityOfPage":{"@id":"https:\/\/portaltela.pt\/noticias\/2026\/03\/07\/nova-ode-triunfal-levanta-questoes-sobre-ia-e-futuro-tecnologico\/"},"wordCount":387,"image":{"@id":"https:\/\/portaltela.pt\/noticias\/2026\/03\/07\/nova-ode-triunfal-levanta-questoes-sobre-ia-e-futuro-tecnologico\/#primaryimage"},"thumbnailUrl":"https:\/\/portaltela.pt\/s.01k8rhncp4jt1\/2026\/03\/2072087.jpg","keywords":["ci\u00eancia","inova\u00e7\u00e3o","intelig\u00eancia artificial","investiga\u00e7\u00e3o","matem\u00e1tica","tecnologia"],"articleSection":["Not\u00edcias"],"inLanguage":"pt-PT"},{"@type":"WebPage","@id":"https:\/\/portaltela.pt\/noticias\/2026\/03\/07\/nova-ode-triunfal-levanta-questoes-sobre-ia-e-futuro-tecnologico\/","url":"https:\/\/portaltela.pt\/noticias\/2026\/03\/07\/nova-ode-triunfal-levanta-questoes-sobre-ia-e-futuro-tecnologico\/","name":"Nova Ode Triunfal levanta quest\u00f5es sobre IA e futuro tecnol\u00f3gico - Portal Tela Portugal","isPartOf":{"@id":"https:\/\/portaltela.pt\/#website"},"primaryImageOfPage":{"@id":"https:\/\/portaltela.pt\/noticias\/2026\/03\/07\/nova-ode-triunfal-levanta-questoes-sobre-ia-e-futuro-tecnologico\/#primaryimage"},"image":{"@id":"https:\/\/portaltela.pt\/noticias\/2026\/03\/07\/nova-ode-triunfal-levanta-questoes-sobre-ia-e-futuro-tecnologico\/#primaryimage"},"thumbnailUrl":"https:\/\/portaltela.pt\/s.01k8rhncp4jt1\/2026\/03\/2072087.jpg","datePublished":"2026-03-07T06:47:00+00:00","author":{"@id":"https:\/\/portaltela.pt\/#\/schema\/person\/c4278d4a6028830caff9ee44b42d32ed"},"breadcrumb":{"@id":"https:\/\/portaltela.pt\/noticias\/2026\/03\/07\/nova-ode-triunfal-levanta-questoes-sobre-ia-e-futuro-tecnologico\/#breadcrumb"},"inLanguage":"pt-PT","potentialAction":[{"@type":"ReadAction","target":["https:\/\/portaltela.pt\/noticias\/2026\/03\/07\/nova-ode-triunfal-levanta-questoes-sobre-ia-e-futuro-tecnologico\/"]}]},{"@type":"ImageObject","inLanguage":"pt-PT","@id":"https:\/\/portaltela.pt\/noticias\/2026\/03\/07\/nova-ode-triunfal-levanta-questoes-sobre-ia-e-futuro-tecnologico\/#primaryimage","url":"https:\/\/portaltela.pt\/s.01k8rhncp4jt1\/2026\/03\/2072087.jpg","contentUrl":"https:\/\/portaltela.pt\/s.01k8rhncp4jt1\/2026\/03\/2072087.jpg","width":796,"height":448,"caption":"Photo"},{"@type":"BreadcrumbList","@id":"https:\/\/portaltela.pt\/noticias\/2026\/03\/07\/nova-ode-triunfal-levanta-questoes-sobre-ia-e-futuro-tecnologico\/#breadcrumb","itemListElement":[{"@type":"ListItem","position":1,"name":"In\u00edcio","item":"https:\/\/portaltela.pt\/"},{"@type":"ListItem","position":2,"name":"Nova Ode Triunfal levanta quest\u00f5es sobre IA e futuro tecnol\u00f3gico"}]},{"@type":"WebSite","@id":"https:\/\/portaltela.pt\/#website","url":"https:\/\/portaltela.pt\/","name":"Portal Tela Portugal","description":"","potentialAction":[{"@type":"SearchAction","target":{"@type":"EntryPoint","urlTemplate":"https:\/\/portaltela.pt\/?s={search_term_string}"},"query-input":{"@type":"PropertyValueSpecification","valueRequired":true,"valueName":"search_term_string"}}],"inLanguage":"pt-PT"},{"@type":"Person","@id":"https:\/\/portaltela.pt\/#\/schema\/person\/c4278d4a6028830caff9ee44b42d32ed","name":"Telinha","image":{"@type":"ImageObject","inLanguage":"pt-PT","@id":"https:\/\/portaltela.pt\/s.01k8rhncp4jt1\/2025\/11\/talking-bot-125x125.png","url":"https:\/\/portaltela.pt\/s.01k8rhncp4jt1\/2025\/11\/talking-bot-125x125.png","contentUrl":"https:\/\/portaltela.pt\/s.01k8rhncp4jt1\/2025\/11\/talking-bot-125x125.png","caption":"Telinha"},"sameAs":["https:\/\/portaltela.pt\/"],"url":"https:\/\/portaltela.pt\/por\/367410592786\/"}]}},"_links":{"self":[{"href":"https:\/\/portaltela.pt\/api\/wp\/v2\/posts\/401079","targetHints":{"allow":["GET"]}}],"collection":[{"href":"https:\/\/portaltela.pt\/api\/wp\/v2\/posts"}],"about":[{"href":"https:\/\/portaltela.pt\/api\/wp\/v2\/types\/post"}],"author":[{"embeddable":true,"href":"https:\/\/portaltela.pt\/api\/wp\/v2\/users\/2"}],"replies":[{"embeddable":true,"href":"https:\/\/portaltela.pt\/api\/wp\/v2\/comments?post=401079"}],"version-history":[{"count":0,"href":"https:\/\/portaltela.pt\/api\/wp\/v2\/posts\/401079\/revisions"}],"wp:featuredmedia":[{"embeddable":true,"href":"https:\/\/portaltela.pt\/api\/wp\/v2\/media\/401084"}],"wp:attachment":[{"href":"https:\/\/portaltela.pt\/api\/wp\/v2\/media?parent=401079"}],"wp:term":[{"taxonomy":"category","embeddable":true,"href":"https:\/\/portaltela.pt\/api\/wp\/v2\/categories?post=401079"},{"taxonomy":"post_tag","embeddable":true,"href":"https:\/\/portaltela.pt\/api\/wp\/v2\/tags?post=401079"}],"curies":[{"name":"wp","href":"https:\/\/api.w.org\/{rel}","templated":true}]}}