{"id":401072,"date":"2026-03-07T04:02:00","date_gmt":"2026-03-07T07:02:00","guid":{"rendered":"https:\/\/portaltela.pt\/noticias\/2026\/03\/07\/gravida-de-21-semanas-ficou-a-porta-da-urgencia-e-sns24-recusou-atendimento\/"},"modified":"2026-03-07T04:02:00","modified_gmt":"2026-03-07T07:02:00","slug":"gravida-de-21-semanas-ficou-a-porta-da-urgencia-e-sns24-recusou-atendimento","status":"publish","type":"post","link":"https:\/\/portaltela.pt\/saude\/2026\/03\/07\/gravida-de-21-semanas-ficou-a-porta-da-urgencia-e-sns24-recusou-atendimento\/","title":{"rendered":"Gr\u00e1vida de 21 semanas ficou \u00e0 porta da urg\u00eancia e SNS24 recusou atendimento"},"content":{"rendered":"<p>Duas situa\u00e7\u00f5es distintas, ligadas ao projeto Ligue Antes, Salve Vidas, evidenciam falhas no encaminhamento de utentes para as urg\u00eancias. Uma gr\u00e1vida de 21 semanas ficou \u00e0 porta da urg\u00eancia de obstetr\u00edcia do hospital Amadora-Sintra, sem uma refer\u00eancia pr\u00e9via do SNS24. Outra utente, encaminhada pela linha, tamb\u00e9m foi recusada porque a urg\u00eancia n\u00e3o abriu devido \u00e0 falta de m\u00e9dicos.<\/p>\n<p>O caso ocorrido na urg\u00eancia de obstetr\u00edcia do Amadora-Sintra coloca em foco a regra definida pelo projeto: a necessidade de refer\u00eancia antes do deslocamento para as urg\u00eancias. Em ambos os epis\u00f3dios, a falta de encaminhamento adequado resultou na recusa de atendimento inicial, gerando reclama\u00e7\u00f5es.<\/p>\n<p>O programa Ligue Antes, Salve Vidas j\u00e1 motivou mais de tr\u00eas centenas de reclama\u00e7\u00f5es junto das autoridades de sa\u00fade, segundo dados mencionados pelaEntidade Reguladora da Sa\u00fade (ERS). A ERS anunciou medidas para clarificar o funcionamento da linha SNS24 e das urg\u00eancias hospitalares, a fim de evitar situa\u00e7\u00f5es semelhantes.<\/p>\n<h3>Reguladora da Sa\u00fade emite instru\u00e7\u00f5es<\/h3>\n<p>A ERS informou orienta\u00e7\u00f5es espec\u00edficas para quem opera a linha SNS24 e para os hospitais, com o objetivo de assegurar respostas mais r\u00e1pidas aos utentes. Entre as prioridades, est\u00e1 a garantia de que quem j\u00e1 se encontra \u00e0 porta do hospital tenha prioridade de atendimento pr\u00f3ximo.<\/p>\n<p>Importa tamb\u00e9m refor\u00e7ar que, quando o utente j\u00e1 est\u00e1 no hospital, deve priorizar-se a proximidade do servi\u00e7o de urg\u00eancia correspondente. As instru\u00e7\u00f5es visam evitar recusar atendimento sem fundamenta\u00e7\u00e3o cl\u00ednica e melhorar a coordena\u00e7\u00e3o entre a linha de orienta\u00e7\u00e3o e as equipas hospitalares.<\/p>\n<p>O epis\u00f3dio de Amadora-Sintra e o recuo de outra utente encaminhada pela linha evidenciam a necessidade de clarificar fluxos de encaminhamento. A ERS refor\u00e7a que as decis\u00f5es devem basear-se em crit\u00e9rios cl\u00ednicos e na capacidade dispon\u00edvel, mantendo a neutralidade e o respeito pelos utentes.<\/p>\n","protected":false},"excerpt":{"rendered":"<ul>\n<li>Gr\u00e1vida de 21 semanas ficou \u00e0 porta da urg\u00eancia de obstetr\u00edcia do hospital Amadora-Sintra sem refer\u00eancia\u00e7\u00e3o pr\u00e9via do SNS24.<\/li>\n<li>Outra utente, encaminhada pela linha SNS, tamb\u00e9m foi recusada porque a urg\u00eancia n\u00e3o abriu por falta de m\u00e9dicos.<\/li>\n<li>O projeto Ligue Antes, Salve Vidas obriga \u00e0 referencia\u00e7\u00e3o dos utentes antes de se dirigirem \u00e0s urg\u00eancias.<\/li>\n<li>A Entidade Reguladora da Sa\u00fade emitiu instru\u00e7\u00f5es \u00e0 linha e aos hospitais para garantirem respostas eficazes aos utentes.<\/li>\n<li>Para quem j\u00e1 est\u00e1 \u00e0 porta da urg\u00eancia, deve ser privilegiada a proximidade.<\/li>\n<\/ul>\n","protected":false},"author":2,"featured_media":401077,"comment_status":"closed","ping_status":"closed","sticky":false,"template":"","format":"standard","meta":{"footnotes":""},"categories":[6745],"tags":[1439,3638,1402,271,3693,1899],"class_list":["post-401072","post","type-post","status-publish","format-standard","has-post-thumbnail","hentry","category-saude","tag-amadora","tag-gravidas","tag-obstetricia","tag-saude-publica","tag-sns-24","tag-urgencias"],"yoast_head":"<!-- This site is optimized with the Yoast SEO plugin v27.2 - https:\/\/yoast.com\/product\/yoast-seo-wordpress\/ -->\n<title>Gr\u00e1vida de 21 semanas ficou \u00e0 porta da urg\u00eancia e SNS24 recusou atendimento - Portal Tela Portugal<\/title>\n<meta name=\"robots\" content=\"index, follow, max-snippet:-1, max-image-preview:large, max-video-preview:-1\" \/>\n<meta property=\"og:locale\" content=\"pt_PT\" \/>\n<meta property=\"og:type\" content=\"article\" \/>\n<meta property=\"og:title\" content=\"Gr\u00e1vida de 21 semanas ficou \u00e0 porta da urg\u00eancia e SNS24 recusou atendimento - Portal Tela Portugal\" \/>\n<meta property=\"og:description\" content=\"Gr\u00e1vida de 21 semanas ficou \u00e0 porta da urg\u00eancia de obstetr\u00edcia do hospital Amadora-Sintra sem refer\u00eancia\u00e7\u00e3o pr\u00e9via do SNS24. Outra utente, encaminhada pela linha SNS, tamb\u00e9m foi recusada porque a urg\u00eancia n\u00e3o abriu por falta de m\u00e9dicos. O projeto Ligue Antes, Salve Vidas obriga \u00e0 referencia\u00e7\u00e3o dos utentes antes de se dirigirem \u00e0s urg\u00eancias. A Entidade Reguladora da Sa\u00fade emitiu instru\u00e7\u00f5es \u00e0 linha e aos hospitais para garantirem respostas eficazes aos utentes. Para quem j\u00e1 est\u00e1 \u00e0 porta da urg\u00eancia, deve ser privilegiada a proximidade.\" \/>\n<meta property=\"og:url\" content=\"https:\/\/portaltela.pt\/noticias\/2026\/03\/07\/gravida-de-21-semanas-ficou-a-porta-da-urgencia-e-sns24-recusou-atendimento\/\" \/>\n<meta property=\"og:site_name\" content=\"Portal Tela Portugal\" \/>\n<meta property=\"article:published_time\" content=\"2026-03-07T07:02:00+00:00\" \/>\n<meta name=\"author\" content=\"Telinha\" \/>\n<meta name=\"twitter:card\" content=\"summary_large_image\" \/>\n<meta name=\"twitter:label1\" content=\"Escrito por\" \/>\n\t<meta name=\"twitter:data1\" content=\"Telinha\" \/>\n\t<meta name=\"twitter:label2\" content=\"Tempo estimado de leitura\" \/>\n\t<meta name=\"twitter:data2\" content=\"2 minutos\" \/>\n<script type=\"application\/ld+json\" class=\"yoast-schema-graph\">{\"@context\":\"https:\/\/schema.org\",\"@graph\":[{\"@type\":\"Article\",\"@id\":\"https:\/\/portaltela.pt\/noticias\/2026\/03\/07\/gravida-de-21-semanas-ficou-a-porta-da-urgencia-e-sns24-recusou-atendimento\/#article\",\"isPartOf\":{\"@id\":\"https:\/\/portaltela.pt\/noticias\/2026\/03\/07\/gravida-de-21-semanas-ficou-a-porta-da-urgencia-e-sns24-recusou-atendimento\/\"},\"author\":{\"name\":\"Telinha\",\"@id\":\"https:\/\/portaltela.pt\/#\/schema\/person\/c4278d4a6028830caff9ee44b42d32ed\"},\"headline\":\"Gr\u00e1vida de 21 semanas ficou \u00e0 porta da urg\u00eancia e SNS24 recusou atendimento\",\"datePublished\":\"2026-03-07T07:02:00+00:00\",\"mainEntityOfPage\":{\"@id\":\"https:\/\/portaltela.pt\/noticias\/2026\/03\/07\/gravida-de-21-semanas-ficou-a-porta-da-urgencia-e-sns24-recusou-atendimento\/\"},\"wordCount\":340,\"image\":{\"@id\":\"https:\/\/portaltela.pt\/noticias\/2026\/03\/07\/gravida-de-21-semanas-ficou-a-porta-da-urgencia-e-sns24-recusou-atendimento\/#primaryimage\"},\"thumbnailUrl\":\"https:\/\/portaltela.pt\/s.01k8rhncp4jt1\/2026\/03\/2071315.jpg\",\"keywords\":[\"Amadora\",\"gr\u00e1vidas\",\"Obstetr\u00edcia\",\"sa\u00fade p\u00fablica\",\"SNS 24\",\"urg\u00eancias\"],\"articleSection\":[\"Sa\u00fade\"],\"inLanguage\":\"pt-PT\"},{\"@type\":\"WebPage\",\"@id\":\"https:\/\/portaltela.pt\/noticias\/2026\/03\/07\/gravida-de-21-semanas-ficou-a-porta-da-urgencia-e-sns24-recusou-atendimento\/\",\"url\":\"https:\/\/portaltela.pt\/noticias\/2026\/03\/07\/gravida-de-21-semanas-ficou-a-porta-da-urgencia-e-sns24-recusou-atendimento\/\",\"name\":\"Gr\u00e1vida de 21 semanas ficou \u00e0 porta da urg\u00eancia e SNS24 recusou atendimento - Portal Tela Portugal\",\"isPartOf\":{\"@id\":\"https:\/\/portaltela.pt\/#website\"},\"primaryImageOfPage\":{\"@id\":\"https:\/\/portaltela.pt\/noticias\/2026\/03\/07\/gravida-de-21-semanas-ficou-a-porta-da-urgencia-e-sns24-recusou-atendimento\/#primaryimage\"},\"image\":{\"@id\":\"https:\/\/portaltela.pt\/noticias\/2026\/03\/07\/gravida-de-21-semanas-ficou-a-porta-da-urgencia-e-sns24-recusou-atendimento\/#primaryimage\"},\"thumbnailUrl\":\"https:\/\/portaltela.pt\/s.01k8rhncp4jt1\/2026\/03\/2071315.jpg\",\"datePublished\":\"2026-03-07T07:02:00+00:00\",\"author\":{\"@id\":\"https:\/\/portaltela.pt\/#\/schema\/person\/c4278d4a6028830caff9ee44b42d32ed\"},\"breadcrumb\":{\"@id\":\"https:\/\/portaltela.pt\/noticias\/2026\/03\/07\/gravida-de-21-semanas-ficou-a-porta-da-urgencia-e-sns24-recusou-atendimento\/#breadcrumb\"},\"inLanguage\":\"pt-PT\",\"potentialAction\":[{\"@type\":\"ReadAction\",\"target\":[\"https:\/\/portaltela.pt\/noticias\/2026\/03\/07\/gravida-de-21-semanas-ficou-a-porta-da-urgencia-e-sns24-recusou-atendimento\/\"]}]},{\"@type\":\"ImageObject\",\"inLanguage\":\"pt-PT\",\"@id\":\"https:\/\/portaltela.pt\/noticias\/2026\/03\/07\/gravida-de-21-semanas-ficou-a-porta-da-urgencia-e-sns24-recusou-atendimento\/#primaryimage\",\"url\":\"https:\/\/portaltela.pt\/s.01k8rhncp4jt1\/2026\/03\/2071315.jpg\",\"contentUrl\":\"https:\/\/portaltela.pt\/s.01k8rhncp4jt1\/2026\/03\/2071315.jpg\",\"width\":796,\"height\":448,\"caption\":\"Urg\u00eancia de obstetr\u00edcia do Hospital Amadora-Sintra s\u00f3 atende utentes referenciados pelo SNS24 durante a noite e aos fins-de-semana\"},{\"@type\":\"BreadcrumbList\",\"@id\":\"https:\/\/portaltela.pt\/noticias\/2026\/03\/07\/gravida-de-21-semanas-ficou-a-porta-da-urgencia-e-sns24-recusou-atendimento\/#breadcrumb\",\"itemListElement\":[{\"@type\":\"ListItem\",\"position\":1,\"name\":\"In\u00edcio\",\"item\":\"https:\/\/portaltela.pt\/\"},{\"@type\":\"ListItem\",\"position\":2,\"name\":\"Gr\u00e1vida de 21 semanas ficou \u00e0 porta da urg\u00eancia e SNS24 recusou atendimento\"}]},{\"@type\":\"WebSite\",\"@id\":\"https:\/\/portaltela.pt\/#website\",\"url\":\"https:\/\/portaltela.pt\/\",\"name\":\"Portal Tela Portugal\",\"description\":\"\",\"potentialAction\":[{\"@type\":\"SearchAction\",\"target\":{\"@type\":\"EntryPoint\",\"urlTemplate\":\"https:\/\/portaltela.pt\/?s={search_term_string}\"},\"query-input\":{\"@type\":\"PropertyValueSpecification\",\"valueRequired\":true,\"valueName\":\"search_term_string\"}}],\"inLanguage\":\"pt-PT\"},{\"@type\":\"Person\",\"@id\":\"https:\/\/portaltela.pt\/#\/schema\/person\/c4278d4a6028830caff9ee44b42d32ed\",\"name\":\"Telinha\",\"image\":{\"@type\":\"ImageObject\",\"inLanguage\":\"pt-PT\",\"@id\":\"https:\/\/portaltela.pt\/s.01k8rhncp4jt1\/2025\/11\/talking-bot-125x125.png\",\"url\":\"https:\/\/portaltela.pt\/s.01k8rhncp4jt1\/2025\/11\/talking-bot-125x125.png\",\"contentUrl\":\"https:\/\/portaltela.pt\/s.01k8rhncp4jt1\/2025\/11\/talking-bot-125x125.png\",\"caption\":\"Telinha\"},\"sameAs\":[\"https:\/\/portaltela.pt\/\"],\"url\":\"https:\/\/portaltela.pt\/por\/367410592786\/\"}]}<\/script>\n<!-- \/ Yoast SEO plugin. -->","yoast_head_json":{"title":"Gr\u00e1vida de 21 semanas ficou \u00e0 porta da urg\u00eancia e SNS24 recusou atendimento - Portal Tela Portugal","robots":{"index":"index","follow":"follow","max-snippet":"max-snippet:-1","max-image-preview":"max-image-preview:large","max-video-preview":"max-video-preview:-1"},"og_locale":"pt_PT","og_type":"article","og_title":"Gr\u00e1vida de 21 semanas ficou \u00e0 porta da urg\u00eancia e SNS24 recusou atendimento - Portal Tela Portugal","og_description":"Gr\u00e1vida de 21 semanas ficou \u00e0 porta da urg\u00eancia de obstetr\u00edcia do hospital Amadora-Sintra sem refer\u00eancia\u00e7\u00e3o pr\u00e9via do SNS24. Outra utente, encaminhada pela linha SNS, tamb\u00e9m foi recusada porque a urg\u00eancia n\u00e3o abriu por falta de m\u00e9dicos. O projeto Ligue Antes, Salve Vidas obriga \u00e0 referencia\u00e7\u00e3o dos utentes antes de se dirigirem \u00e0s urg\u00eancias. A Entidade Reguladora da Sa\u00fade emitiu instru\u00e7\u00f5es \u00e0 linha e aos hospitais para garantirem respostas eficazes aos utentes. Para quem j\u00e1 est\u00e1 \u00e0 porta da urg\u00eancia, deve ser privilegiada a proximidade.","og_url":"https:\/\/portaltela.pt\/noticias\/2026\/03\/07\/gravida-de-21-semanas-ficou-a-porta-da-urgencia-e-sns24-recusou-atendimento\/","og_site_name":"Portal Tela Portugal","article_published_time":"2026-03-07T07:02:00+00:00","author":"Telinha","twitter_card":"summary_large_image","twitter_misc":{"Escrito por":"Telinha","Tempo estimado de leitura":"2 minutos"},"schema":{"@context":"https:\/\/schema.org","@graph":[{"@type":"Article","@id":"https:\/\/portaltela.pt\/noticias\/2026\/03\/07\/gravida-de-21-semanas-ficou-a-porta-da-urgencia-e-sns24-recusou-atendimento\/#article","isPartOf":{"@id":"https:\/\/portaltela.pt\/noticias\/2026\/03\/07\/gravida-de-21-semanas-ficou-a-porta-da-urgencia-e-sns24-recusou-atendimento\/"},"author":{"name":"Telinha","@id":"https:\/\/portaltela.pt\/#\/schema\/person\/c4278d4a6028830caff9ee44b42d32ed"},"headline":"Gr\u00e1vida de 21 semanas ficou \u00e0 porta da urg\u00eancia e SNS24 recusou atendimento","datePublished":"2026-03-07T07:02:00+00:00","mainEntityOfPage":{"@id":"https:\/\/portaltela.pt\/noticias\/2026\/03\/07\/gravida-de-21-semanas-ficou-a-porta-da-urgencia-e-sns24-recusou-atendimento\/"},"wordCount":340,"image":{"@id":"https:\/\/portaltela.pt\/noticias\/2026\/03\/07\/gravida-de-21-semanas-ficou-a-porta-da-urgencia-e-sns24-recusou-atendimento\/#primaryimage"},"thumbnailUrl":"https:\/\/portaltela.pt\/s.01k8rhncp4jt1\/2026\/03\/2071315.jpg","keywords":["Amadora","gr\u00e1vidas","Obstetr\u00edcia","sa\u00fade p\u00fablica","SNS 24","urg\u00eancias"],"articleSection":["Sa\u00fade"],"inLanguage":"pt-PT"},{"@type":"WebPage","@id":"https:\/\/portaltela.pt\/noticias\/2026\/03\/07\/gravida-de-21-semanas-ficou-a-porta-da-urgencia-e-sns24-recusou-atendimento\/","url":"https:\/\/portaltela.pt\/noticias\/2026\/03\/07\/gravida-de-21-semanas-ficou-a-porta-da-urgencia-e-sns24-recusou-atendimento\/","name":"Gr\u00e1vida de 21 semanas ficou \u00e0 porta da urg\u00eancia e SNS24 recusou atendimento - Portal Tela Portugal","isPartOf":{"@id":"https:\/\/portaltela.pt\/#website"},"primaryImageOfPage":{"@id":"https:\/\/portaltela.pt\/noticias\/2026\/03\/07\/gravida-de-21-semanas-ficou-a-porta-da-urgencia-e-sns24-recusou-atendimento\/#primaryimage"},"image":{"@id":"https:\/\/portaltela.pt\/noticias\/2026\/03\/07\/gravida-de-21-semanas-ficou-a-porta-da-urgencia-e-sns24-recusou-atendimento\/#primaryimage"},"thumbnailUrl":"https:\/\/portaltela.pt\/s.01k8rhncp4jt1\/2026\/03\/2071315.jpg","datePublished":"2026-03-07T07:02:00+00:00","author":{"@id":"https:\/\/portaltela.pt\/#\/schema\/person\/c4278d4a6028830caff9ee44b42d32ed"},"breadcrumb":{"@id":"https:\/\/portaltela.pt\/noticias\/2026\/03\/07\/gravida-de-21-semanas-ficou-a-porta-da-urgencia-e-sns24-recusou-atendimento\/#breadcrumb"},"inLanguage":"pt-PT","potentialAction":[{"@type":"ReadAction","target":["https:\/\/portaltela.pt\/noticias\/2026\/03\/07\/gravida-de-21-semanas-ficou-a-porta-da-urgencia-e-sns24-recusou-atendimento\/"]}]},{"@type":"ImageObject","inLanguage":"pt-PT","@id":"https:\/\/portaltela.pt\/noticias\/2026\/03\/07\/gravida-de-21-semanas-ficou-a-porta-da-urgencia-e-sns24-recusou-atendimento\/#primaryimage","url":"https:\/\/portaltela.pt\/s.01k8rhncp4jt1\/2026\/03\/2071315.jpg","contentUrl":"https:\/\/portaltela.pt\/s.01k8rhncp4jt1\/2026\/03\/2071315.jpg","width":796,"height":448,"caption":"Urg\u00eancia de obstetr\u00edcia do Hospital Amadora-Sintra s\u00f3 atende utentes referenciados pelo SNS24 durante a noite e aos fins-de-semana"},{"@type":"BreadcrumbList","@id":"https:\/\/portaltela.pt\/noticias\/2026\/03\/07\/gravida-de-21-semanas-ficou-a-porta-da-urgencia-e-sns24-recusou-atendimento\/#breadcrumb","itemListElement":[{"@type":"ListItem","position":1,"name":"In\u00edcio","item":"https:\/\/portaltela.pt\/"},{"@type":"ListItem","position":2,"name":"Gr\u00e1vida de 21 semanas ficou \u00e0 porta da urg\u00eancia e SNS24 recusou atendimento"}]},{"@type":"WebSite","@id":"https:\/\/portaltela.pt\/#website","url":"https:\/\/portaltela.pt\/","name":"Portal Tela Portugal","description":"","potentialAction":[{"@type":"SearchAction","target":{"@type":"EntryPoint","urlTemplate":"https:\/\/portaltela.pt\/?s={search_term_string}"},"query-input":{"@type":"PropertyValueSpecification","valueRequired":true,"valueName":"search_term_string"}}],"inLanguage":"pt-PT"},{"@type":"Person","@id":"https:\/\/portaltela.pt\/#\/schema\/person\/c4278d4a6028830caff9ee44b42d32ed","name":"Telinha","image":{"@type":"ImageObject","inLanguage":"pt-PT","@id":"https:\/\/portaltela.pt\/s.01k8rhncp4jt1\/2025\/11\/talking-bot-125x125.png","url":"https:\/\/portaltela.pt\/s.01k8rhncp4jt1\/2025\/11\/talking-bot-125x125.png","contentUrl":"https:\/\/portaltela.pt\/s.01k8rhncp4jt1\/2025\/11\/talking-bot-125x125.png","caption":"Telinha"},"sameAs":["https:\/\/portaltela.pt\/"],"url":"https:\/\/portaltela.pt\/por\/367410592786\/"}]}},"_links":{"self":[{"href":"https:\/\/portaltela.pt\/api\/wp\/v2\/posts\/401072","targetHints":{"allow":["GET"]}}],"collection":[{"href":"https:\/\/portaltela.pt\/api\/wp\/v2\/posts"}],"about":[{"href":"https:\/\/portaltela.pt\/api\/wp\/v2\/types\/post"}],"author":[{"embeddable":true,"href":"https:\/\/portaltela.pt\/api\/wp\/v2\/users\/2"}],"replies":[{"embeddable":true,"href":"https:\/\/portaltela.pt\/api\/wp\/v2\/comments?post=401072"}],"version-history":[{"count":0,"href":"https:\/\/portaltela.pt\/api\/wp\/v2\/posts\/401072\/revisions"}],"wp:featuredmedia":[{"embeddable":true,"href":"https:\/\/portaltela.pt\/api\/wp\/v2\/media\/401077"}],"wp:attachment":[{"href":"https:\/\/portaltela.pt\/api\/wp\/v2\/media?parent=401072"}],"wp:term":[{"taxonomy":"category","embeddable":true,"href":"https:\/\/portaltela.pt\/api\/wp\/v2\/categories?post=401072"},{"taxonomy":"post_tag","embeddable":true,"href":"https:\/\/portaltela.pt\/api\/wp\/v2\/tags?post=401072"}],"curies":[{"name":"wp","href":"https:\/\/api.w.org\/{rel}","templated":true}]}}