{"id":401071,"date":"2026-03-07T03:45:00","date_gmt":"2026-03-07T06:45:00","guid":{"rendered":"https:\/\/portaltela.pt\/noticias\/2026\/03\/07\/rastro-diplomatico-de-marcelo-176-viagens-a-60-paises\/"},"modified":"2026-03-07T03:45:00","modified_gmt":"2026-03-07T06:45:00","slug":"rastro-diplomatico-de-marcelo-176-viagens-a-60-paises","status":"publish","type":"post","link":"https:\/\/portaltela.pt\/noticias\/internacional\/2026\/03\/07\/rastro-diplomatico-de-marcelo-176-viagens-a-60-paises\/","title":{"rendered":"Rastro diplom\u00e1tico de Marcelo: 176 viagens a 60 pa\u00edses"},"content":{"rendered":"<p>Marcelo Rebelo de Sousa encerra, aos 10 anos de Presid\u00eancia, uma linha de a\u00e7\u00e3o centrada na diplomacia. Ao todo realizou 176 desloca\u00e7\u00f5es ao estrangeiro, em 60 pa\u00edses, num esfor\u00e7o de presen\u00e7a institucional constante.<\/p>\n<p>O conjunto de visitas incluiu miss\u00f5es oficiais, visitas de Estado, cimeiras, cerim\u00f3nias desportivas e culturais, bem como posses, funerais de Estado e celebra\u00e7\u00f5es do Dia de Portugal. A meta foi refor\u00e7ar rela\u00e7\u00f5es com a Europa, a lusofonia e comunidades portuguesas.<\/p>\n<p>A contagem supera, num per\u00edodo equivalente, o registo de qualquer presidente anterior, com M\u00e1rio Soares a manter o recorde anterior de 160 visitas. A explica\u00e7\u00e3o dada era de que as desloca\u00e7\u00f5es s\u00e3o hoje mais necess\u00e1rias pela expans\u00e3o das rela\u00e7\u00f5es diplom\u00e1ticas e pelo atual cen\u00e1rio internacional.<\/p>\n<h3>Rasto diplom\u00e1tico<\/h3>\n<p>O clima de maior exig\u00eancia de viagens refletiu a estrat\u00e9gia de presen\u00e7a multilateral anunciada pela Presid\u00eancia, enfatizando coopera\u00e7\u00e3o, fronteiras abertas e tra\u00e7os de interesse nacional em m\u00faltiplas frentes. A atua\u00e7\u00e3o enfatizou liga\u00e7\u00f5es com parceiros da Uni\u00e3o Europeia, mercados lus\u00f3fonos e comunidades portuguesas no estrangeiro.<\/p>\n","protected":false},"excerpt":{"rendered":"<ul>\n<li>Marcelo Rebelo de Sousa realizou quarenta e seis viagens por ano, totalizando 176 desloca\u00e7\u00f5es ao estrangeiro em dez anos em Bel\u00e9m, a maior marca entre presidentes em igual per\u00edodo.<\/li>\n<li>Passou por sessenta pa\u00edses, com foco em Europa, lusofonia e comunidades portuguesas.<\/li>\n<li>O recorde anterior pertencia a M\u00e1rio Soares, com mais de cento e sessenta visitas. Cavaco Silva realizou oitenta.<\/li>\n<li>As viagens inclu\u00edram desloca\u00e7\u00f5es oficiais, de Estado, cimeiras, inaugura\u00e7\u00f5es, cerim\u00f3nias desportivas e culturais, bem como funerais de Estado e celebra\u00e7\u00f5es do Dia de Portugal.<\/li>\n<li>O presidente afirmou que as visitas foram \u201cpor miss\u00e3o, n\u00e3o por prazer\u201d, justificando o aumento das desloca\u00e7\u00f5es pela expans\u00e3o das rela\u00e7\u00f5es diplom\u00e1ticas e pelas tens\u00f5es internacionais.<\/li>\n<\/ul>\n","protected":false},"author":2,"featured_media":401075,"comment_status":"closed","ping_status":"closed","sticky":false,"template":"","format":"standard","meta":{"footnotes":""},"categories":[4,1],"tags":[5360,6762,29,2487,1014,2055],"class_list":["post-401071","post","type-post","status-publish","format-standard","has-post-thumbnail","hentry","category-internacional","category-noticias","tag-comunidade-internacional","tag-comunidades-portuguesas","tag-diplomacia","tag-europa","tag-portugal","tag-uniao-europeia"],"yoast_head":"<!-- This site is optimized with the Yoast SEO plugin v27.2 - https:\/\/yoast.com\/product\/yoast-seo-wordpress\/ -->\n<title>Rastro diplom\u00e1tico de Marcelo: 176 viagens a 60 pa\u00edses - Portal Tela Portugal<\/title>\n<meta name=\"robots\" content=\"index, follow, max-snippet:-1, max-image-preview:large, max-video-preview:-1\" \/>\n<meta property=\"og:locale\" content=\"pt_PT\" \/>\n<meta property=\"og:type\" content=\"article\" \/>\n<meta property=\"og:title\" content=\"Rastro diplom\u00e1tico de Marcelo: 176 viagens a 60 pa\u00edses - Portal Tela Portugal\" \/>\n<meta property=\"og:description\" content=\"Marcelo Rebelo de Sousa realizou quarenta e seis viagens por ano, totalizando 176 desloca\u00e7\u00f5es ao estrangeiro em dez anos em Bel\u00e9m, a maior marca entre presidentes em igual per\u00edodo. Passou por sessenta pa\u00edses, com foco em Europa, lusofonia e comunidades portuguesas. O recorde anterior pertencia a M\u00e1rio Soares, com mais de cento e sessenta visitas. Cavaco Silva realizou oitenta. As viagens inclu\u00edram desloca\u00e7\u00f5es oficiais, de Estado, cimeiras, inaugura\u00e7\u00f5es, cerim\u00f3nias desportivas e culturais, bem como funerais de Estado e celebra\u00e7\u00f5es do Dia de Portugal. O presidente afirmou que as visitas foram \u201cpor miss\u00e3o, n\u00e3o por prazer\u201d, justificando o aumento das desloca\u00e7\u00f5es pela expans\u00e3o das rela\u00e7\u00f5es diplom\u00e1ticas e pelas tens\u00f5es internacionais.\" \/>\n<meta property=\"og:url\" content=\"https:\/\/portaltela.pt\/noticias\/2026\/03\/07\/rastro-diplomatico-de-marcelo-176-viagens-a-60-paises\/\" \/>\n<meta property=\"og:site_name\" content=\"Portal Tela Portugal\" \/>\n<meta property=\"article:published_time\" content=\"2026-03-07T06:45:00+00:00\" \/>\n<meta name=\"author\" content=\"Telinha\" \/>\n<meta name=\"twitter:card\" content=\"summary_large_image\" \/>\n<meta name=\"twitter:label1\" content=\"Escrito por\" \/>\n\t<meta name=\"twitter:data1\" content=\"Telinha\" \/>\n\t<meta name=\"twitter:label2\" content=\"Tempo estimado de leitura\" \/>\n\t<meta name=\"twitter:data2\" content=\"1 minuto\" \/>\n<script type=\"application\/ld+json\" class=\"yoast-schema-graph\">{\"@context\":\"https:\/\/schema.org\",\"@graph\":[{\"@type\":\"Article\",\"@id\":\"https:\/\/portaltela.pt\/noticias\/2026\/03\/07\/rastro-diplomatico-de-marcelo-176-viagens-a-60-paises\/#article\",\"isPartOf\":{\"@id\":\"https:\/\/portaltela.pt\/noticias\/2026\/03\/07\/rastro-diplomatico-de-marcelo-176-viagens-a-60-paises\/\"},\"author\":{\"name\":\"Telinha\",\"@id\":\"https:\/\/portaltela.pt\/#\/schema\/person\/c4278d4a6028830caff9ee44b42d32ed\"},\"headline\":\"Rastro diplom\u00e1tico de Marcelo: 176 viagens a 60 pa\u00edses\",\"datePublished\":\"2026-03-07T06:45:00+00:00\",\"mainEntityOfPage\":{\"@id\":\"https:\/\/portaltela.pt\/noticias\/2026\/03\/07\/rastro-diplomatico-de-marcelo-176-viagens-a-60-paises\/\"},\"wordCount\":202,\"image\":{\"@id\":\"https:\/\/portaltela.pt\/noticias\/2026\/03\/07\/rastro-diplomatico-de-marcelo-176-viagens-a-60-paises\/#primaryimage\"},\"thumbnailUrl\":\"https:\/\/portaltela.pt\/s.01k8rhncp4jt1\/2026\/03\/2072246.jpg\",\"keywords\":[\"comunidade internacional\",\"comunidades portuguesas\",\"diplomacia\",\"Europa\",\"Portugal\",\"Uni\u00e3o Europeia\"],\"articleSection\":[\"Internacional\",\"Not\u00edcias\"],\"inLanguage\":\"pt-PT\"},{\"@type\":\"WebPage\",\"@id\":\"https:\/\/portaltela.pt\/noticias\/2026\/03\/07\/rastro-diplomatico-de-marcelo-176-viagens-a-60-paises\/\",\"url\":\"https:\/\/portaltela.pt\/noticias\/2026\/03\/07\/rastro-diplomatico-de-marcelo-176-viagens-a-60-paises\/\",\"name\":\"Rastro diplom\u00e1tico de Marcelo: 176 viagens a 60 pa\u00edses - Portal Tela Portugal\",\"isPartOf\":{\"@id\":\"https:\/\/portaltela.pt\/#website\"},\"primaryImageOfPage\":{\"@id\":\"https:\/\/portaltela.pt\/noticias\/2026\/03\/07\/rastro-diplomatico-de-marcelo-176-viagens-a-60-paises\/#primaryimage\"},\"image\":{\"@id\":\"https:\/\/portaltela.pt\/noticias\/2026\/03\/07\/rastro-diplomatico-de-marcelo-176-viagens-a-60-paises\/#primaryimage\"},\"thumbnailUrl\":\"https:\/\/portaltela.pt\/s.01k8rhncp4jt1\/2026\/03\/2072246.jpg\",\"datePublished\":\"2026-03-07T06:45:00+00:00\",\"author\":{\"@id\":\"https:\/\/portaltela.pt\/#\/schema\/person\/c4278d4a6028830caff9ee44b42d32ed\"},\"breadcrumb\":{\"@id\":\"https:\/\/portaltela.pt\/noticias\/2026\/03\/07\/rastro-diplomatico-de-marcelo-176-viagens-a-60-paises\/#breadcrumb\"},\"inLanguage\":\"pt-PT\",\"potentialAction\":[{\"@type\":\"ReadAction\",\"target\":[\"https:\/\/portaltela.pt\/noticias\/2026\/03\/07\/rastro-diplomatico-de-marcelo-176-viagens-a-60-paises\/\"]}]},{\"@type\":\"ImageObject\",\"inLanguage\":\"pt-PT\",\"@id\":\"https:\/\/portaltela.pt\/noticias\/2026\/03\/07\/rastro-diplomatico-de-marcelo-176-viagens-a-60-paises\/#primaryimage\",\"url\":\"https:\/\/portaltela.pt\/s.01k8rhncp4jt1\/2026\/03\/2072246.jpg\",\"contentUrl\":\"https:\/\/portaltela.pt\/s.01k8rhncp4jt1\/2026\/03\/2072246.jpg\",\"width\":796,\"height\":448,\"caption\":\"Marcelo Rebelo de Sousa quebrou o recorde de viagens ao estrangeiro por um Presidente da Rep\u00fablica\"},{\"@type\":\"BreadcrumbList\",\"@id\":\"https:\/\/portaltela.pt\/noticias\/2026\/03\/07\/rastro-diplomatico-de-marcelo-176-viagens-a-60-paises\/#breadcrumb\",\"itemListElement\":[{\"@type\":\"ListItem\",\"position\":1,\"name\":\"In\u00edcio\",\"item\":\"https:\/\/portaltela.pt\/\"},{\"@type\":\"ListItem\",\"position\":2,\"name\":\"Rastro diplom\u00e1tico de Marcelo: 176 viagens a 60 pa\u00edses\"}]},{\"@type\":\"WebSite\",\"@id\":\"https:\/\/portaltela.pt\/#website\",\"url\":\"https:\/\/portaltela.pt\/\",\"name\":\"Portal Tela Portugal\",\"description\":\"\",\"potentialAction\":[{\"@type\":\"SearchAction\",\"target\":{\"@type\":\"EntryPoint\",\"urlTemplate\":\"https:\/\/portaltela.pt\/?s={search_term_string}\"},\"query-input\":{\"@type\":\"PropertyValueSpecification\",\"valueRequired\":true,\"valueName\":\"search_term_string\"}}],\"inLanguage\":\"pt-PT\"},{\"@type\":\"Person\",\"@id\":\"https:\/\/portaltela.pt\/#\/schema\/person\/c4278d4a6028830caff9ee44b42d32ed\",\"name\":\"Telinha\",\"image\":{\"@type\":\"ImageObject\",\"inLanguage\":\"pt-PT\",\"@id\":\"https:\/\/portaltela.pt\/s.01k8rhncp4jt1\/2025\/11\/talking-bot-125x125.png\",\"url\":\"https:\/\/portaltela.pt\/s.01k8rhncp4jt1\/2025\/11\/talking-bot-125x125.png\",\"contentUrl\":\"https:\/\/portaltela.pt\/s.01k8rhncp4jt1\/2025\/11\/talking-bot-125x125.png\",\"caption\":\"Telinha\"},\"sameAs\":[\"https:\/\/portaltela.pt\/\"],\"url\":\"https:\/\/portaltela.pt\/por\/367410592786\/\"}]}<\/script>\n<!-- \/ Yoast SEO plugin. -->","yoast_head_json":{"title":"Rastro diplom\u00e1tico de Marcelo: 176 viagens a 60 pa\u00edses - Portal Tela Portugal","robots":{"index":"index","follow":"follow","max-snippet":"max-snippet:-1","max-image-preview":"max-image-preview:large","max-video-preview":"max-video-preview:-1"},"og_locale":"pt_PT","og_type":"article","og_title":"Rastro diplom\u00e1tico de Marcelo: 176 viagens a 60 pa\u00edses - Portal Tela Portugal","og_description":"Marcelo Rebelo de Sousa realizou quarenta e seis viagens por ano, totalizando 176 desloca\u00e7\u00f5es ao estrangeiro em dez anos em Bel\u00e9m, a maior marca entre presidentes em igual per\u00edodo. Passou por sessenta pa\u00edses, com foco em Europa, lusofonia e comunidades portuguesas. O recorde anterior pertencia a M\u00e1rio Soares, com mais de cento e sessenta visitas. Cavaco Silva realizou oitenta. As viagens inclu\u00edram desloca\u00e7\u00f5es oficiais, de Estado, cimeiras, inaugura\u00e7\u00f5es, cerim\u00f3nias desportivas e culturais, bem como funerais de Estado e celebra\u00e7\u00f5es do Dia de Portugal. O presidente afirmou que as visitas foram \u201cpor miss\u00e3o, n\u00e3o por prazer\u201d, justificando o aumento das desloca\u00e7\u00f5es pela expans\u00e3o das rela\u00e7\u00f5es diplom\u00e1ticas e pelas tens\u00f5es internacionais.","og_url":"https:\/\/portaltela.pt\/noticias\/2026\/03\/07\/rastro-diplomatico-de-marcelo-176-viagens-a-60-paises\/","og_site_name":"Portal Tela Portugal","article_published_time":"2026-03-07T06:45:00+00:00","author":"Telinha","twitter_card":"summary_large_image","twitter_misc":{"Escrito por":"Telinha","Tempo estimado de leitura":"1 minuto"},"schema":{"@context":"https:\/\/schema.org","@graph":[{"@type":"Article","@id":"https:\/\/portaltela.pt\/noticias\/2026\/03\/07\/rastro-diplomatico-de-marcelo-176-viagens-a-60-paises\/#article","isPartOf":{"@id":"https:\/\/portaltela.pt\/noticias\/2026\/03\/07\/rastro-diplomatico-de-marcelo-176-viagens-a-60-paises\/"},"author":{"name":"Telinha","@id":"https:\/\/portaltela.pt\/#\/schema\/person\/c4278d4a6028830caff9ee44b42d32ed"},"headline":"Rastro diplom\u00e1tico de Marcelo: 176 viagens a 60 pa\u00edses","datePublished":"2026-03-07T06:45:00+00:00","mainEntityOfPage":{"@id":"https:\/\/portaltela.pt\/noticias\/2026\/03\/07\/rastro-diplomatico-de-marcelo-176-viagens-a-60-paises\/"},"wordCount":202,"image":{"@id":"https:\/\/portaltela.pt\/noticias\/2026\/03\/07\/rastro-diplomatico-de-marcelo-176-viagens-a-60-paises\/#primaryimage"},"thumbnailUrl":"https:\/\/portaltela.pt\/s.01k8rhncp4jt1\/2026\/03\/2072246.jpg","keywords":["comunidade internacional","comunidades portuguesas","diplomacia","Europa","Portugal","Uni\u00e3o Europeia"],"articleSection":["Internacional","Not\u00edcias"],"inLanguage":"pt-PT"},{"@type":"WebPage","@id":"https:\/\/portaltela.pt\/noticias\/2026\/03\/07\/rastro-diplomatico-de-marcelo-176-viagens-a-60-paises\/","url":"https:\/\/portaltela.pt\/noticias\/2026\/03\/07\/rastro-diplomatico-de-marcelo-176-viagens-a-60-paises\/","name":"Rastro diplom\u00e1tico de Marcelo: 176 viagens a 60 pa\u00edses - Portal Tela Portugal","isPartOf":{"@id":"https:\/\/portaltela.pt\/#website"},"primaryImageOfPage":{"@id":"https:\/\/portaltela.pt\/noticias\/2026\/03\/07\/rastro-diplomatico-de-marcelo-176-viagens-a-60-paises\/#primaryimage"},"image":{"@id":"https:\/\/portaltela.pt\/noticias\/2026\/03\/07\/rastro-diplomatico-de-marcelo-176-viagens-a-60-paises\/#primaryimage"},"thumbnailUrl":"https:\/\/portaltela.pt\/s.01k8rhncp4jt1\/2026\/03\/2072246.jpg","datePublished":"2026-03-07T06:45:00+00:00","author":{"@id":"https:\/\/portaltela.pt\/#\/schema\/person\/c4278d4a6028830caff9ee44b42d32ed"},"breadcrumb":{"@id":"https:\/\/portaltela.pt\/noticias\/2026\/03\/07\/rastro-diplomatico-de-marcelo-176-viagens-a-60-paises\/#breadcrumb"},"inLanguage":"pt-PT","potentialAction":[{"@type":"ReadAction","target":["https:\/\/portaltela.pt\/noticias\/2026\/03\/07\/rastro-diplomatico-de-marcelo-176-viagens-a-60-paises\/"]}]},{"@type":"ImageObject","inLanguage":"pt-PT","@id":"https:\/\/portaltela.pt\/noticias\/2026\/03\/07\/rastro-diplomatico-de-marcelo-176-viagens-a-60-paises\/#primaryimage","url":"https:\/\/portaltela.pt\/s.01k8rhncp4jt1\/2026\/03\/2072246.jpg","contentUrl":"https:\/\/portaltela.pt\/s.01k8rhncp4jt1\/2026\/03\/2072246.jpg","width":796,"height":448,"caption":"Marcelo Rebelo de Sousa quebrou o recorde de viagens ao estrangeiro por um Presidente da Rep\u00fablica"},{"@type":"BreadcrumbList","@id":"https:\/\/portaltela.pt\/noticias\/2026\/03\/07\/rastro-diplomatico-de-marcelo-176-viagens-a-60-paises\/#breadcrumb","itemListElement":[{"@type":"ListItem","position":1,"name":"In\u00edcio","item":"https:\/\/portaltela.pt\/"},{"@type":"ListItem","position":2,"name":"Rastro diplom\u00e1tico de Marcelo: 176 viagens a 60 pa\u00edses"}]},{"@type":"WebSite","@id":"https:\/\/portaltela.pt\/#website","url":"https:\/\/portaltela.pt\/","name":"Portal Tela Portugal","description":"","potentialAction":[{"@type":"SearchAction","target":{"@type":"EntryPoint","urlTemplate":"https:\/\/portaltela.pt\/?s={search_term_string}"},"query-input":{"@type":"PropertyValueSpecification","valueRequired":true,"valueName":"search_term_string"}}],"inLanguage":"pt-PT"},{"@type":"Person","@id":"https:\/\/portaltela.pt\/#\/schema\/person\/c4278d4a6028830caff9ee44b42d32ed","name":"Telinha","image":{"@type":"ImageObject","inLanguage":"pt-PT","@id":"https:\/\/portaltela.pt\/s.01k8rhncp4jt1\/2025\/11\/talking-bot-125x125.png","url":"https:\/\/portaltela.pt\/s.01k8rhncp4jt1\/2025\/11\/talking-bot-125x125.png","contentUrl":"https:\/\/portaltela.pt\/s.01k8rhncp4jt1\/2025\/11\/talking-bot-125x125.png","caption":"Telinha"},"sameAs":["https:\/\/portaltela.pt\/"],"url":"https:\/\/portaltela.pt\/por\/367410592786\/"}]}},"_links":{"self":[{"href":"https:\/\/portaltela.pt\/api\/wp\/v2\/posts\/401071","targetHints":{"allow":["GET"]}}],"collection":[{"href":"https:\/\/portaltela.pt\/api\/wp\/v2\/posts"}],"about":[{"href":"https:\/\/portaltela.pt\/api\/wp\/v2\/types\/post"}],"author":[{"embeddable":true,"href":"https:\/\/portaltela.pt\/api\/wp\/v2\/users\/2"}],"replies":[{"embeddable":true,"href":"https:\/\/portaltela.pt\/api\/wp\/v2\/comments?post=401071"}],"version-history":[{"count":0,"href":"https:\/\/portaltela.pt\/api\/wp\/v2\/posts\/401071\/revisions"}],"wp:featuredmedia":[{"embeddable":true,"href":"https:\/\/portaltela.pt\/api\/wp\/v2\/media\/401075"}],"wp:attachment":[{"href":"https:\/\/portaltela.pt\/api\/wp\/v2\/media?parent=401071"}],"wp:term":[{"taxonomy":"category","embeddable":true,"href":"https:\/\/portaltela.pt\/api\/wp\/v2\/categories?post=401071"},{"taxonomy":"post_tag","embeddable":true,"href":"https:\/\/portaltela.pt\/api\/wp\/v2\/tags?post=401071"}],"curies":[{"name":"wp","href":"https:\/\/api.w.org\/{rel}","templated":true}]}}