{"id":401056,"date":"2026-03-07T04:30:00","date_gmt":"2026-03-07T07:30:00","guid":{"rendered":"https:\/\/portaltela.pt\/noticias\/2026\/03\/07\/leandro-barreiro-destaca-se-pela-garra\/"},"modified":"2026-03-07T04:30:00","modified_gmt":"2026-03-07T07:30:00","slug":"leandro-barreiro-destaca-se-pela-garra","status":"publish","type":"post","link":"https:\/\/portaltela.pt\/desporto\/futebol\/2026\/03\/07\/leandro-barreiro-destaca-se-pela-garra\/","title":{"rendered":"Leandro Barreiro destaca-se pela garra"},"content":{"rendered":"<p>Leandro Barreiro chegou a custo zero, vindo do Mainz, e n\u00e3o foi apresentado como estrela. O m\u00e9dio passou a integrar o plantel do Benfica num cen\u00e1rio em que pouco se falava \u00e0 \u00e9poca em torno dele. Hoje, \u00e9 visto como uma pe\u00e7a-chave para a equipa de Jos\u00e9 Mourinho.<\/p>\n<p>O t\u00e9cnico n\u00e3o abdica do internacional luxemburgu\u00eas, e h\u00e1 v\u00e1rias raz\u00f5es para a persist\u00eancia. O jogador \u00e9 descrito como algu\u00e9m que trabalha muito pela equipa, sem visar protagonismo ou vaidades, segundo a imprensa desportiva. A postura ajuda a consolidar o desempenho do meio-campo.<\/p>\n<p>Segundo a revista Record, Barreiro \u00e9 visto como uma \u201cformiga\u201d \u00fatil ao coletivo, contribuindo para a movimenta\u00e7\u00e3o e equil\u00edbrio da equipa. A sinergia com o plantel tem sido apontada como essencial para o estilo de jogo imposto por Mourinho.<\/p>\n<h3>Trajet\u00f3ria no Benfica e papel atual<\/h3>\n<p>Desde a integra\u00e7\u00e3o, o jogador tem recebido oportunidades regulares e ganhou espa\u00e7o no meio-campo titular. A aposta tem sido explicada pela resposta competitiva e pela capacidade de surprisingly manter o padr\u00e3o de jogo exigido pelo t\u00e9cnico.<\/p>\n<p>A presen\u00e7a de Barreiro tamb\u00e9m \u00e9 associada \u00e0 gest\u00e3o f\u00edsica e t\u00e1tica da equipa, com a fun\u00e7\u00e3o de apoiar a recupera\u00e7\u00e3o da posse e a transi\u00e7\u00e3o defesa-ataque. A continuidade depende da evolu\u00e7\u00e3o individual e dos resultados da equipa.<\/p>\n","protected":false},"excerpt":{"rendered":"<ul>\n<li>Leandro Barreiro chegou a custo zero proveniente do Mainz.<\/li>\n<li>N\u00e3o era conhecido nem visto como estrela entre os adeptos do Benfica.<\/li>\n<li>Foi op\u00e7\u00e3o regular para Bruno Lage e hoje \u00e9 pe\u00e7a-chave para Jos\u00e9 Mourinho.<\/li>\n<li>O treinador valoriza-o pela humildade e pelo trabalho constante em prol da equipa.<\/li>\n<li>Segundo o Record, \u00e9 considerado uma formiga que n\u00e3o busca protagonismo nem vaidades.<\/li>\n<\/ul>\n","protected":false},"author":2,"featured_media":401057,"comment_status":"closed","ping_status":"closed","sticky":false,"template":"","format":"standard","meta":{"footnotes":""},"categories":[21,24],"tags":[1946,32,81,242,2138,3162],"class_list":["post-401056","post","type-post","status-publish","format-standard","has-post-thumbnail","hentry","category-desporto","category-futebol","tag-benfica","tag-futebol","tag-internacionais","tag-jogadores","tag-jose-mourinho","tag-luxemburgo"],"yoast_head":"<!-- This site is optimized with the Yoast SEO plugin v27.2 - https:\/\/yoast.com\/product\/yoast-seo-wordpress\/ -->\n<title>Leandro Barreiro destaca-se pela garra - Portal Tela Portugal<\/title>\n<meta name=\"robots\" content=\"index, follow, max-snippet:-1, max-image-preview:large, max-video-preview:-1\" \/>\n<meta property=\"og:locale\" content=\"pt_PT\" \/>\n<meta property=\"og:type\" content=\"article\" \/>\n<meta property=\"og:title\" content=\"Leandro Barreiro destaca-se pela garra - Portal Tela Portugal\" \/>\n<meta property=\"og:description\" content=\"Leandro Barreiro chegou a custo zero proveniente do Mainz. N\u00e3o era conhecido nem visto como estrela entre os adeptos do Benfica. Foi op\u00e7\u00e3o regular para Bruno Lage e hoje \u00e9 pe\u00e7a-chave para Jos\u00e9 Mourinho. O treinador valoriza-o pela humildade e pelo trabalho constante em prol da equipa. Segundo o Record, \u00e9 considerado uma formiga que n\u00e3o busca protagonismo nem vaidades.\" \/>\n<meta property=\"og:url\" content=\"https:\/\/portaltela.pt\/noticias\/2026\/03\/07\/leandro-barreiro-destaca-se-pela-garra\/\" \/>\n<meta property=\"og:site_name\" content=\"Portal Tela Portugal\" \/>\n<meta property=\"article:published_time\" content=\"2026-03-07T07:30:00+00:00\" \/>\n<meta name=\"author\" content=\"Telinha\" \/>\n<meta name=\"twitter:card\" content=\"summary_large_image\" \/>\n<meta name=\"twitter:label1\" content=\"Escrito por\" \/>\n\t<meta name=\"twitter:data1\" content=\"Telinha\" \/>\n\t<meta name=\"twitter:label2\" content=\"Tempo estimado de leitura\" \/>\n\t<meta name=\"twitter:data2\" content=\"1 minuto\" \/>\n<script type=\"application\/ld+json\" class=\"yoast-schema-graph\">{\"@context\":\"https:\/\/schema.org\",\"@graph\":[{\"@type\":\"Article\",\"@id\":\"https:\/\/portaltela.pt\/noticias\/2026\/03\/07\/leandro-barreiro-destaca-se-pela-garra\/#article\",\"isPartOf\":{\"@id\":\"https:\/\/portaltela.pt\/noticias\/2026\/03\/07\/leandro-barreiro-destaca-se-pela-garra\/\"},\"author\":{\"name\":\"Telinha\",\"@id\":\"https:\/\/portaltela.pt\/#\/schema\/person\/c4278d4a6028830caff9ee44b42d32ed\"},\"headline\":\"Leandro Barreiro destaca-se pela garra\",\"datePublished\":\"2026-03-07T07:30:00+00:00\",\"mainEntityOfPage\":{\"@id\":\"https:\/\/portaltela.pt\/noticias\/2026\/03\/07\/leandro-barreiro-destaca-se-pela-garra\/\"},\"wordCount\":236,\"image\":{\"@id\":\"https:\/\/portaltela.pt\/noticias\/2026\/03\/07\/leandro-barreiro-destaca-se-pela-garra\/#primaryimage\"},\"thumbnailUrl\":\"https:\/\/portaltela.pt\/s.01k8rhncp4jt1\/2026\/03\/img_920x518uu2026-01-17-22-48-42-2415459.jpg\",\"keywords\":[\"Benfica\",\"futebol\",\"internacionais\",\"jogadores\",\"Jos\u00e9 Mourinho\",\"Luxemburgo\"],\"articleSection\":[\"Desporto\",\"Futebol\"],\"inLanguage\":\"pt-PT\"},{\"@type\":\"WebPage\",\"@id\":\"https:\/\/portaltela.pt\/noticias\/2026\/03\/07\/leandro-barreiro-destaca-se-pela-garra\/\",\"url\":\"https:\/\/portaltela.pt\/noticias\/2026\/03\/07\/leandro-barreiro-destaca-se-pela-garra\/\",\"name\":\"Leandro Barreiro destaca-se pela garra - Portal Tela Portugal\",\"isPartOf\":{\"@id\":\"https:\/\/portaltela.pt\/#website\"},\"primaryImageOfPage\":{\"@id\":\"https:\/\/portaltela.pt\/noticias\/2026\/03\/07\/leandro-barreiro-destaca-se-pela-garra\/#primaryimage\"},\"image\":{\"@id\":\"https:\/\/portaltela.pt\/noticias\/2026\/03\/07\/leandro-barreiro-destaca-se-pela-garra\/#primaryimage\"},\"thumbnailUrl\":\"https:\/\/portaltela.pt\/s.01k8rhncp4jt1\/2026\/03\/img_920x518uu2026-01-17-22-48-42-2415459.jpg\",\"datePublished\":\"2026-03-07T07:30:00+00:00\",\"author\":{\"@id\":\"https:\/\/portaltela.pt\/#\/schema\/person\/c4278d4a6028830caff9ee44b42d32ed\"},\"breadcrumb\":{\"@id\":\"https:\/\/portaltela.pt\/noticias\/2026\/03\/07\/leandro-barreiro-destaca-se-pela-garra\/#breadcrumb\"},\"inLanguage\":\"pt-PT\",\"potentialAction\":[{\"@type\":\"ReadAction\",\"target\":[\"https:\/\/portaltela.pt\/noticias\/2026\/03\/07\/leandro-barreiro-destaca-se-pela-garra\/\"]}]},{\"@type\":\"ImageObject\",\"inLanguage\":\"pt-PT\",\"@id\":\"https:\/\/portaltela.pt\/noticias\/2026\/03\/07\/leandro-barreiro-destaca-se-pela-garra\/#primaryimage\",\"url\":\"https:\/\/portaltela.pt\/s.01k8rhncp4jt1\/2026\/03\/img_920x518uu2026-01-17-22-48-42-2415459.jpg\",\"contentUrl\":\"https:\/\/portaltela.pt\/s.01k8rhncp4jt1\/2026\/03\/img_920x518uu2026-01-17-22-48-42-2415459.jpg\",\"width\":796,\"height\":448,\"caption\":\"Leandro Barreiro\"},{\"@type\":\"BreadcrumbList\",\"@id\":\"https:\/\/portaltela.pt\/noticias\/2026\/03\/07\/leandro-barreiro-destaca-se-pela-garra\/#breadcrumb\",\"itemListElement\":[{\"@type\":\"ListItem\",\"position\":1,\"name\":\"In\u00edcio\",\"item\":\"https:\/\/portaltela.pt\/\"},{\"@type\":\"ListItem\",\"position\":2,\"name\":\"Leandro Barreiro destaca-se pela garra\"}]},{\"@type\":\"WebSite\",\"@id\":\"https:\/\/portaltela.pt\/#website\",\"url\":\"https:\/\/portaltela.pt\/\",\"name\":\"Portal Tela Portugal\",\"description\":\"\",\"potentialAction\":[{\"@type\":\"SearchAction\",\"target\":{\"@type\":\"EntryPoint\",\"urlTemplate\":\"https:\/\/portaltela.pt\/?s={search_term_string}\"},\"query-input\":{\"@type\":\"PropertyValueSpecification\",\"valueRequired\":true,\"valueName\":\"search_term_string\"}}],\"inLanguage\":\"pt-PT\"},{\"@type\":\"Person\",\"@id\":\"https:\/\/portaltela.pt\/#\/schema\/person\/c4278d4a6028830caff9ee44b42d32ed\",\"name\":\"Telinha\",\"image\":{\"@type\":\"ImageObject\",\"inLanguage\":\"pt-PT\",\"@id\":\"https:\/\/portaltela.pt\/s.01k8rhncp4jt1\/2025\/11\/talking-bot-125x125.png\",\"url\":\"https:\/\/portaltela.pt\/s.01k8rhncp4jt1\/2025\/11\/talking-bot-125x125.png\",\"contentUrl\":\"https:\/\/portaltela.pt\/s.01k8rhncp4jt1\/2025\/11\/talking-bot-125x125.png\",\"caption\":\"Telinha\"},\"sameAs\":[\"https:\/\/portaltela.pt\/\"],\"url\":\"https:\/\/portaltela.pt\/por\/367410592786\/\"}]}<\/script>\n<!-- \/ Yoast SEO plugin. -->","yoast_head_json":{"title":"Leandro Barreiro destaca-se pela garra - Portal Tela Portugal","robots":{"index":"index","follow":"follow","max-snippet":"max-snippet:-1","max-image-preview":"max-image-preview:large","max-video-preview":"max-video-preview:-1"},"og_locale":"pt_PT","og_type":"article","og_title":"Leandro Barreiro destaca-se pela garra - Portal Tela Portugal","og_description":"Leandro Barreiro chegou a custo zero proveniente do Mainz. N\u00e3o era conhecido nem visto como estrela entre os adeptos do Benfica. Foi op\u00e7\u00e3o regular para Bruno Lage e hoje \u00e9 pe\u00e7a-chave para Jos\u00e9 Mourinho. O treinador valoriza-o pela humildade e pelo trabalho constante em prol da equipa. Segundo o Record, \u00e9 considerado uma formiga que n\u00e3o busca protagonismo nem vaidades.","og_url":"https:\/\/portaltela.pt\/noticias\/2026\/03\/07\/leandro-barreiro-destaca-se-pela-garra\/","og_site_name":"Portal Tela Portugal","article_published_time":"2026-03-07T07:30:00+00:00","author":"Telinha","twitter_card":"summary_large_image","twitter_misc":{"Escrito por":"Telinha","Tempo estimado de leitura":"1 minuto"},"schema":{"@context":"https:\/\/schema.org","@graph":[{"@type":"Article","@id":"https:\/\/portaltela.pt\/noticias\/2026\/03\/07\/leandro-barreiro-destaca-se-pela-garra\/#article","isPartOf":{"@id":"https:\/\/portaltela.pt\/noticias\/2026\/03\/07\/leandro-barreiro-destaca-se-pela-garra\/"},"author":{"name":"Telinha","@id":"https:\/\/portaltela.pt\/#\/schema\/person\/c4278d4a6028830caff9ee44b42d32ed"},"headline":"Leandro Barreiro destaca-se pela garra","datePublished":"2026-03-07T07:30:00+00:00","mainEntityOfPage":{"@id":"https:\/\/portaltela.pt\/noticias\/2026\/03\/07\/leandro-barreiro-destaca-se-pela-garra\/"},"wordCount":236,"image":{"@id":"https:\/\/portaltela.pt\/noticias\/2026\/03\/07\/leandro-barreiro-destaca-se-pela-garra\/#primaryimage"},"thumbnailUrl":"https:\/\/portaltela.pt\/s.01k8rhncp4jt1\/2026\/03\/img_920x518uu2026-01-17-22-48-42-2415459.jpg","keywords":["Benfica","futebol","internacionais","jogadores","Jos\u00e9 Mourinho","Luxemburgo"],"articleSection":["Desporto","Futebol"],"inLanguage":"pt-PT"},{"@type":"WebPage","@id":"https:\/\/portaltela.pt\/noticias\/2026\/03\/07\/leandro-barreiro-destaca-se-pela-garra\/","url":"https:\/\/portaltela.pt\/noticias\/2026\/03\/07\/leandro-barreiro-destaca-se-pela-garra\/","name":"Leandro Barreiro destaca-se pela garra - Portal Tela Portugal","isPartOf":{"@id":"https:\/\/portaltela.pt\/#website"},"primaryImageOfPage":{"@id":"https:\/\/portaltela.pt\/noticias\/2026\/03\/07\/leandro-barreiro-destaca-se-pela-garra\/#primaryimage"},"image":{"@id":"https:\/\/portaltela.pt\/noticias\/2026\/03\/07\/leandro-barreiro-destaca-se-pela-garra\/#primaryimage"},"thumbnailUrl":"https:\/\/portaltela.pt\/s.01k8rhncp4jt1\/2026\/03\/img_920x518uu2026-01-17-22-48-42-2415459.jpg","datePublished":"2026-03-07T07:30:00+00:00","author":{"@id":"https:\/\/portaltela.pt\/#\/schema\/person\/c4278d4a6028830caff9ee44b42d32ed"},"breadcrumb":{"@id":"https:\/\/portaltela.pt\/noticias\/2026\/03\/07\/leandro-barreiro-destaca-se-pela-garra\/#breadcrumb"},"inLanguage":"pt-PT","potentialAction":[{"@type":"ReadAction","target":["https:\/\/portaltela.pt\/noticias\/2026\/03\/07\/leandro-barreiro-destaca-se-pela-garra\/"]}]},{"@type":"ImageObject","inLanguage":"pt-PT","@id":"https:\/\/portaltela.pt\/noticias\/2026\/03\/07\/leandro-barreiro-destaca-se-pela-garra\/#primaryimage","url":"https:\/\/portaltela.pt\/s.01k8rhncp4jt1\/2026\/03\/img_920x518uu2026-01-17-22-48-42-2415459.jpg","contentUrl":"https:\/\/portaltela.pt\/s.01k8rhncp4jt1\/2026\/03\/img_920x518uu2026-01-17-22-48-42-2415459.jpg","width":796,"height":448,"caption":"Leandro Barreiro"},{"@type":"BreadcrumbList","@id":"https:\/\/portaltela.pt\/noticias\/2026\/03\/07\/leandro-barreiro-destaca-se-pela-garra\/#breadcrumb","itemListElement":[{"@type":"ListItem","position":1,"name":"In\u00edcio","item":"https:\/\/portaltela.pt\/"},{"@type":"ListItem","position":2,"name":"Leandro Barreiro destaca-se pela garra"}]},{"@type":"WebSite","@id":"https:\/\/portaltela.pt\/#website","url":"https:\/\/portaltela.pt\/","name":"Portal Tela Portugal","description":"","potentialAction":[{"@type":"SearchAction","target":{"@type":"EntryPoint","urlTemplate":"https:\/\/portaltela.pt\/?s={search_term_string}"},"query-input":{"@type":"PropertyValueSpecification","valueRequired":true,"valueName":"search_term_string"}}],"inLanguage":"pt-PT"},{"@type":"Person","@id":"https:\/\/portaltela.pt\/#\/schema\/person\/c4278d4a6028830caff9ee44b42d32ed","name":"Telinha","image":{"@type":"ImageObject","inLanguage":"pt-PT","@id":"https:\/\/portaltela.pt\/s.01k8rhncp4jt1\/2025\/11\/talking-bot-125x125.png","url":"https:\/\/portaltela.pt\/s.01k8rhncp4jt1\/2025\/11\/talking-bot-125x125.png","contentUrl":"https:\/\/portaltela.pt\/s.01k8rhncp4jt1\/2025\/11\/talking-bot-125x125.png","caption":"Telinha"},"sameAs":["https:\/\/portaltela.pt\/"],"url":"https:\/\/portaltela.pt\/por\/367410592786\/"}]}},"_links":{"self":[{"href":"https:\/\/portaltela.pt\/api\/wp\/v2\/posts\/401056","targetHints":{"allow":["GET"]}}],"collection":[{"href":"https:\/\/portaltela.pt\/api\/wp\/v2\/posts"}],"about":[{"href":"https:\/\/portaltela.pt\/api\/wp\/v2\/types\/post"}],"author":[{"embeddable":true,"href":"https:\/\/portaltela.pt\/api\/wp\/v2\/users\/2"}],"replies":[{"embeddable":true,"href":"https:\/\/portaltela.pt\/api\/wp\/v2\/comments?post=401056"}],"version-history":[{"count":0,"href":"https:\/\/portaltela.pt\/api\/wp\/v2\/posts\/401056\/revisions"}],"wp:featuredmedia":[{"embeddable":true,"href":"https:\/\/portaltela.pt\/api\/wp\/v2\/media\/401057"}],"wp:attachment":[{"href":"https:\/\/portaltela.pt\/api\/wp\/v2\/media?parent=401056"}],"wp:term":[{"taxonomy":"category","embeddable":true,"href":"https:\/\/portaltela.pt\/api\/wp\/v2\/categories?post=401056"},{"taxonomy":"post_tag","embeddable":true,"href":"https:\/\/portaltela.pt\/api\/wp\/v2\/tags?post=401056"}],"curies":[{"name":"wp","href":"https:\/\/api.w.org\/{rel}","templated":true}]}}