{"id":401011,"date":"2026-03-06T22:30:00","date_gmt":"2026-03-07T01:30:00","guid":{"rendered":"https:\/\/portaltela.pt\/noticias\/2026\/03\/06\/vida-pessoal-de-claudio-ramos-nao-acompanha-o-sucesso-profissional\/"},"modified":"2026-03-06T22:30:00","modified_gmt":"2026-03-07T01:30:00","slug":"vida-pessoal-de-claudio-ramos-nao-acompanha-o-sucesso-profissional","status":"publish","type":"post","link":"https:\/\/portaltela.pt\/entretenimento\/2026\/03\/06\/vida-pessoal-de-claudio-ramos-nao-acompanha-o-sucesso-profissional\/","title":{"rendered":"Vida pessoal de Cl\u00e1udio Ramos n\u00e3o acompanha o sucesso profissional"},"content":{"rendered":"<p>Cl\u00e1udio Ramos, apresentador da TVI, \u00e9 hoje uma das estrelas mais bem pagas da esta\u00e7\u00e3o, com lugar cativo nos formatos de entretenimento. Enquanto a carreira prospera, a dimens\u00e3 pessoal parece seguir um ritmo diferente, gerando curiosidade entre o p\u00fablico. Aos 53 anos, o profissional vive uma fase marcada pela visibilidade, n\u00e3o obstante rumores sobre a sua vida afetiva.<\/p>\n<p>Desde que trocou a SIC pela TVI, Ramos consolidou o seu estatuto de rosto de entretimento. A mudan\u00e7a permitiu-lhe conduzir realities pela primeira vez e tornar-se figura central de programas como o Dois \u00e0s 10, com Cristina Ferreira, fortalecendo a equipa de Entretenimento da Media Capital.<\/p>\n<h3>Vida pessoal<\/h3>\n<p>A comunica\u00e7\u00e3o sobre a vida pessoal do apresentador tornou-se tema de discuss\u00e3o, sem confirma\u00e7\u00e3o oficial de detalhes. As informa\u00e7\u00f5es dispon\u00edveis apontam para uma separa\u00e7\u00e3o entre a esfera profissional de sucesso e as rela\u00e7\u00f5es pessoais, que, segundo fontes, n\u00e3o acompanham o mesmo ritmo de visibilidade.<\/p>\n<p>O que se sabe \u00e9 que a casa constru\u00edda no Alentejo \u00e9 not\u00f3ria pela ambi\u00e7\u00e3o e pelo conforto que representa, sinal de investimento ligado \u00e0 vida privada. Mant\u00eam-se, contudo, dados fechados sobre o estado atual de relacionamentos ou prefer\u00eancias afetivas.<\/p>\n<p>Cl\u00e1udio Ramos continua a executar o seu trabalho com regularidade, mantendo a audi\u00eancia cativa e o contrato com a TVI. O p\u00fablico acompanha a evolu\u00e7\u00e3o do apresentador tanto no ecr\u00e3 como na cobertura medi\u00e1tica que o envolve.<\/p>\n","protected":false},"excerpt":{"rendered":"<ul>\n<li>Aos 53 anos, com anivers\u00e1rio a 10 de novembro, Cl\u00e1udio Ramos \u00e9 apresentador da TVI e uma das suas estrelas mais bem pagas, tendo constru\u00eddo a casa dos sonhos no Alentejo.<\/li>\n<li>O texto aponta que a vida pessoal n\u00e3o acompanha o sucesso profissional, especialmente no que diz respeito \u00e0s rela\u00e7\u00f5es.<\/li>\n<li>Na carreira, Ramos deixou a SIC para a TVI ap\u00f3s ser recrutado por Nuno Santos, ganhando oportunidades em realities e tornando-se figura central em v\u00e1rias programas.<\/li>\n<li>Na TVI apresenta, actualmente, o Dois \u00e0s 10 ao lado de Cristina Ferreira, consolidando\u2011se como uma das caras principais do entretenimento da Media Capital.<\/li>\n<li>O artigo destaca o contraste entre a dimens\u00e3o profissional bem-sucedida e a esfera pessoal, sem detalhes sobre rela\u00e7\u00f5es espec\u00edficas.<\/li>\n<\/ul>\n","protected":false},"author":2,"featured_media":401015,"comment_status":"closed","ping_status":"closed","sticky":false,"template":"","format":"standard","meta":{"footnotes":""},"categories":[6675,12],"tags":[5957,3259,6598,40,5661,5962],"class_list":["post-401011","post","type-post","status-publish","format-standard","has-post-thumbnail","hentry","category-celebridades","category-entretenimento","tag-apresentadores","tag-celebidades","tag-entretenimento","tag-pessoas","tag-pessoas-publicas","tag-vida-publica"],"yoast_head":"<!-- This site is optimized with the Yoast SEO plugin v27.2 - https:\/\/yoast.com\/product\/yoast-seo-wordpress\/ -->\n<title>Vida pessoal de Cl\u00e1udio Ramos n\u00e3o acompanha o sucesso profissional - Portal Tela Portugal<\/title>\n<meta name=\"robots\" content=\"index, follow, max-snippet:-1, max-image-preview:large, max-video-preview:-1\" \/>\n<meta property=\"og:locale\" content=\"pt_PT\" \/>\n<meta property=\"og:type\" content=\"article\" \/>\n<meta property=\"og:title\" content=\"Vida pessoal de Cl\u00e1udio Ramos n\u00e3o acompanha o sucesso profissional - Portal Tela Portugal\" \/>\n<meta property=\"og:description\" content=\"Aos 53 anos, com anivers\u00e1rio a 10 de novembro, Cl\u00e1udio Ramos \u00e9 apresentador da TVI e uma das suas estrelas mais bem pagas, tendo constru\u00eddo a casa dos sonhos no Alentejo. O texto aponta que a vida pessoal n\u00e3o acompanha o sucesso profissional, especialmente no que diz respeito \u00e0s rela\u00e7\u00f5es. Na carreira, Ramos deixou a SIC para a TVI ap\u00f3s ser recrutado por Nuno Santos, ganhando oportunidades em realities e tornando-se figura central em v\u00e1rias programas. Na TVI apresenta, actualmente, o Dois \u00e0s 10 ao lado de Cristina Ferreira, consolidando\u2011se como uma das caras principais do entretenimento da Media Capital. O artigo destaca o contraste entre a dimens\u00e3o profissional bem-sucedida e a esfera pessoal, sem detalhes sobre rela\u00e7\u00f5es espec\u00edficas.\" \/>\n<meta property=\"og:url\" content=\"https:\/\/portaltela.pt\/noticias\/2026\/03\/06\/vida-pessoal-de-claudio-ramos-nao-acompanha-o-sucesso-profissional\/\" \/>\n<meta property=\"og:site_name\" content=\"Portal Tela Portugal\" \/>\n<meta property=\"article:published_time\" content=\"2026-03-07T01:30:00+00:00\" \/>\n<meta name=\"author\" content=\"Telinha\" \/>\n<meta name=\"twitter:card\" content=\"summary_large_image\" \/>\n<meta name=\"twitter:label1\" content=\"Escrito por\" \/>\n\t<meta name=\"twitter:data1\" content=\"Telinha\" \/>\n\t<meta name=\"twitter:label2\" content=\"Tempo estimado de leitura\" \/>\n\t<meta name=\"twitter:data2\" content=\"1 minuto\" \/>\n<script type=\"application\/ld+json\" class=\"yoast-schema-graph\">{\"@context\":\"https:\/\/schema.org\",\"@graph\":[{\"@type\":\"Article\",\"@id\":\"https:\/\/portaltela.pt\/noticias\/2026\/03\/06\/vida-pessoal-de-claudio-ramos-nao-acompanha-o-sucesso-profissional\/#article\",\"isPartOf\":{\"@id\":\"https:\/\/portaltela.pt\/noticias\/2026\/03\/06\/vida-pessoal-de-claudio-ramos-nao-acompanha-o-sucesso-profissional\/\"},\"author\":{\"name\":\"Telinha\",\"@id\":\"https:\/\/portaltela.pt\/#\/schema\/person\/c4278d4a6028830caff9ee44b42d32ed\"},\"headline\":\"Vida pessoal de Cl\u00e1udio Ramos n\u00e3o acompanha o sucesso profissional\",\"datePublished\":\"2026-03-07T01:30:00+00:00\",\"mainEntityOfPage\":{\"@id\":\"https:\/\/portaltela.pt\/noticias\/2026\/03\/06\/vida-pessoal-de-claudio-ramos-nao-acompanha-o-sucesso-profissional\/\"},\"wordCount\":256,\"image\":{\"@id\":\"https:\/\/portaltela.pt\/noticias\/2026\/03\/06\/vida-pessoal-de-claudio-ramos-nao-acompanha-o-sucesso-profissional\/#primaryimage\"},\"thumbnailUrl\":\"https:\/\/portaltela.pt\/s.01k8rhncp4jt1\/2026\/03\/img_1500x1000uu2025-05-29-10-26-21-2212619-im-639083405350508073.jpg\",\"keywords\":[\"apresentadores\",\"celebidades\",\"entretenimento\",\"pessoas\",\"pessoas p\u00fablicas\",\"vida p\u00fablica\"],\"articleSection\":[\"Celebridades\",\"Entretenimento\"],\"inLanguage\":\"pt-PT\"},{\"@type\":\"WebPage\",\"@id\":\"https:\/\/portaltela.pt\/noticias\/2026\/03\/06\/vida-pessoal-de-claudio-ramos-nao-acompanha-o-sucesso-profissional\/\",\"url\":\"https:\/\/portaltela.pt\/noticias\/2026\/03\/06\/vida-pessoal-de-claudio-ramos-nao-acompanha-o-sucesso-profissional\/\",\"name\":\"Vida pessoal de Cl\u00e1udio Ramos n\u00e3o acompanha o sucesso profissional - Portal Tela Portugal\",\"isPartOf\":{\"@id\":\"https:\/\/portaltela.pt\/#website\"},\"primaryImageOfPage\":{\"@id\":\"https:\/\/portaltela.pt\/noticias\/2026\/03\/06\/vida-pessoal-de-claudio-ramos-nao-acompanha-o-sucesso-profissional\/#primaryimage\"},\"image\":{\"@id\":\"https:\/\/portaltela.pt\/noticias\/2026\/03\/06\/vida-pessoal-de-claudio-ramos-nao-acompanha-o-sucesso-profissional\/#primaryimage\"},\"thumbnailUrl\":\"https:\/\/portaltela.pt\/s.01k8rhncp4jt1\/2026\/03\/img_1500x1000uu2025-05-29-10-26-21-2212619-im-639083405350508073.jpg\",\"datePublished\":\"2026-03-07T01:30:00+00:00\",\"author\":{\"@id\":\"https:\/\/portaltela.pt\/#\/schema\/person\/c4278d4a6028830caff9ee44b42d32ed\"},\"breadcrumb\":{\"@id\":\"https:\/\/portaltela.pt\/noticias\/2026\/03\/06\/vida-pessoal-de-claudio-ramos-nao-acompanha-o-sucesso-profissional\/#breadcrumb\"},\"inLanguage\":\"pt-PT\",\"potentialAction\":[{\"@type\":\"ReadAction\",\"target\":[\"https:\/\/portaltela.pt\/noticias\/2026\/03\/06\/vida-pessoal-de-claudio-ramos-nao-acompanha-o-sucesso-profissional\/\"]}]},{\"@type\":\"ImageObject\",\"inLanguage\":\"pt-PT\",\"@id\":\"https:\/\/portaltela.pt\/noticias\/2026\/03\/06\/vida-pessoal-de-claudio-ramos-nao-acompanha-o-sucesso-profissional\/#primaryimage\",\"url\":\"https:\/\/portaltela.pt\/s.01k8rhncp4jt1\/2026\/03\/img_1500x1000uu2025-05-29-10-26-21-2212619-im-639083405350508073.jpg\",\"contentUrl\":\"https:\/\/portaltela.pt\/s.01k8rhncp4jt1\/2026\/03\/img_1500x1000uu2025-05-29-10-26-21-2212619-im-639083405350508073.jpg\",\"width\":796,\"height\":448,\"caption\":\"Cl\u00e1udio Ramos\"},{\"@type\":\"BreadcrumbList\",\"@id\":\"https:\/\/portaltela.pt\/noticias\/2026\/03\/06\/vida-pessoal-de-claudio-ramos-nao-acompanha-o-sucesso-profissional\/#breadcrumb\",\"itemListElement\":[{\"@type\":\"ListItem\",\"position\":1,\"name\":\"In\u00edcio\",\"item\":\"https:\/\/portaltela.pt\/\"},{\"@type\":\"ListItem\",\"position\":2,\"name\":\"Vida pessoal de Cl\u00e1udio Ramos n\u00e3o acompanha o sucesso profissional\"}]},{\"@type\":\"WebSite\",\"@id\":\"https:\/\/portaltela.pt\/#website\",\"url\":\"https:\/\/portaltela.pt\/\",\"name\":\"Portal Tela Portugal\",\"description\":\"\",\"potentialAction\":[{\"@type\":\"SearchAction\",\"target\":{\"@type\":\"EntryPoint\",\"urlTemplate\":\"https:\/\/portaltela.pt\/?s={search_term_string}\"},\"query-input\":{\"@type\":\"PropertyValueSpecification\",\"valueRequired\":true,\"valueName\":\"search_term_string\"}}],\"inLanguage\":\"pt-PT\"},{\"@type\":\"Person\",\"@id\":\"https:\/\/portaltela.pt\/#\/schema\/person\/c4278d4a6028830caff9ee44b42d32ed\",\"name\":\"Telinha\",\"image\":{\"@type\":\"ImageObject\",\"inLanguage\":\"pt-PT\",\"@id\":\"https:\/\/portaltela.pt\/s.01k8rhncp4jt1\/2025\/11\/talking-bot-125x125.png\",\"url\":\"https:\/\/portaltela.pt\/s.01k8rhncp4jt1\/2025\/11\/talking-bot-125x125.png\",\"contentUrl\":\"https:\/\/portaltela.pt\/s.01k8rhncp4jt1\/2025\/11\/talking-bot-125x125.png\",\"caption\":\"Telinha\"},\"sameAs\":[\"https:\/\/portaltela.pt\/\"],\"url\":\"https:\/\/portaltela.pt\/por\/367410592786\/\"}]}<\/script>\n<!-- \/ Yoast SEO plugin. -->","yoast_head_json":{"title":"Vida pessoal de Cl\u00e1udio Ramos n\u00e3o acompanha o sucesso profissional - Portal Tela Portugal","robots":{"index":"index","follow":"follow","max-snippet":"max-snippet:-1","max-image-preview":"max-image-preview:large","max-video-preview":"max-video-preview:-1"},"og_locale":"pt_PT","og_type":"article","og_title":"Vida pessoal de Cl\u00e1udio Ramos n\u00e3o acompanha o sucesso profissional - Portal Tela Portugal","og_description":"Aos 53 anos, com anivers\u00e1rio a 10 de novembro, Cl\u00e1udio Ramos \u00e9 apresentador da TVI e uma das suas estrelas mais bem pagas, tendo constru\u00eddo a casa dos sonhos no Alentejo. O texto aponta que a vida pessoal n\u00e3o acompanha o sucesso profissional, especialmente no que diz respeito \u00e0s rela\u00e7\u00f5es. Na carreira, Ramos deixou a SIC para a TVI ap\u00f3s ser recrutado por Nuno Santos, ganhando oportunidades em realities e tornando-se figura central em v\u00e1rias programas. Na TVI apresenta, actualmente, o Dois \u00e0s 10 ao lado de Cristina Ferreira, consolidando\u2011se como uma das caras principais do entretenimento da Media Capital. O artigo destaca o contraste entre a dimens\u00e3o profissional bem-sucedida e a esfera pessoal, sem detalhes sobre rela\u00e7\u00f5es espec\u00edficas.","og_url":"https:\/\/portaltela.pt\/noticias\/2026\/03\/06\/vida-pessoal-de-claudio-ramos-nao-acompanha-o-sucesso-profissional\/","og_site_name":"Portal Tela Portugal","article_published_time":"2026-03-07T01:30:00+00:00","author":"Telinha","twitter_card":"summary_large_image","twitter_misc":{"Escrito por":"Telinha","Tempo estimado de leitura":"1 minuto"},"schema":{"@context":"https:\/\/schema.org","@graph":[{"@type":"Article","@id":"https:\/\/portaltela.pt\/noticias\/2026\/03\/06\/vida-pessoal-de-claudio-ramos-nao-acompanha-o-sucesso-profissional\/#article","isPartOf":{"@id":"https:\/\/portaltela.pt\/noticias\/2026\/03\/06\/vida-pessoal-de-claudio-ramos-nao-acompanha-o-sucesso-profissional\/"},"author":{"name":"Telinha","@id":"https:\/\/portaltela.pt\/#\/schema\/person\/c4278d4a6028830caff9ee44b42d32ed"},"headline":"Vida pessoal de Cl\u00e1udio Ramos n\u00e3o acompanha o sucesso profissional","datePublished":"2026-03-07T01:30:00+00:00","mainEntityOfPage":{"@id":"https:\/\/portaltela.pt\/noticias\/2026\/03\/06\/vida-pessoal-de-claudio-ramos-nao-acompanha-o-sucesso-profissional\/"},"wordCount":256,"image":{"@id":"https:\/\/portaltela.pt\/noticias\/2026\/03\/06\/vida-pessoal-de-claudio-ramos-nao-acompanha-o-sucesso-profissional\/#primaryimage"},"thumbnailUrl":"https:\/\/portaltela.pt\/s.01k8rhncp4jt1\/2026\/03\/img_1500x1000uu2025-05-29-10-26-21-2212619-im-639083405350508073.jpg","keywords":["apresentadores","celebidades","entretenimento","pessoas","pessoas p\u00fablicas","vida p\u00fablica"],"articleSection":["Celebridades","Entretenimento"],"inLanguage":"pt-PT"},{"@type":"WebPage","@id":"https:\/\/portaltela.pt\/noticias\/2026\/03\/06\/vida-pessoal-de-claudio-ramos-nao-acompanha-o-sucesso-profissional\/","url":"https:\/\/portaltela.pt\/noticias\/2026\/03\/06\/vida-pessoal-de-claudio-ramos-nao-acompanha-o-sucesso-profissional\/","name":"Vida pessoal de Cl\u00e1udio Ramos n\u00e3o acompanha o sucesso profissional - Portal Tela Portugal","isPartOf":{"@id":"https:\/\/portaltela.pt\/#website"},"primaryImageOfPage":{"@id":"https:\/\/portaltela.pt\/noticias\/2026\/03\/06\/vida-pessoal-de-claudio-ramos-nao-acompanha-o-sucesso-profissional\/#primaryimage"},"image":{"@id":"https:\/\/portaltela.pt\/noticias\/2026\/03\/06\/vida-pessoal-de-claudio-ramos-nao-acompanha-o-sucesso-profissional\/#primaryimage"},"thumbnailUrl":"https:\/\/portaltela.pt\/s.01k8rhncp4jt1\/2026\/03\/img_1500x1000uu2025-05-29-10-26-21-2212619-im-639083405350508073.jpg","datePublished":"2026-03-07T01:30:00+00:00","author":{"@id":"https:\/\/portaltela.pt\/#\/schema\/person\/c4278d4a6028830caff9ee44b42d32ed"},"breadcrumb":{"@id":"https:\/\/portaltela.pt\/noticias\/2026\/03\/06\/vida-pessoal-de-claudio-ramos-nao-acompanha-o-sucesso-profissional\/#breadcrumb"},"inLanguage":"pt-PT","potentialAction":[{"@type":"ReadAction","target":["https:\/\/portaltela.pt\/noticias\/2026\/03\/06\/vida-pessoal-de-claudio-ramos-nao-acompanha-o-sucesso-profissional\/"]}]},{"@type":"ImageObject","inLanguage":"pt-PT","@id":"https:\/\/portaltela.pt\/noticias\/2026\/03\/06\/vida-pessoal-de-claudio-ramos-nao-acompanha-o-sucesso-profissional\/#primaryimage","url":"https:\/\/portaltela.pt\/s.01k8rhncp4jt1\/2026\/03\/img_1500x1000uu2025-05-29-10-26-21-2212619-im-639083405350508073.jpg","contentUrl":"https:\/\/portaltela.pt\/s.01k8rhncp4jt1\/2026\/03\/img_1500x1000uu2025-05-29-10-26-21-2212619-im-639083405350508073.jpg","width":796,"height":448,"caption":"Cl\u00e1udio Ramos"},{"@type":"BreadcrumbList","@id":"https:\/\/portaltela.pt\/noticias\/2026\/03\/06\/vida-pessoal-de-claudio-ramos-nao-acompanha-o-sucesso-profissional\/#breadcrumb","itemListElement":[{"@type":"ListItem","position":1,"name":"In\u00edcio","item":"https:\/\/portaltela.pt\/"},{"@type":"ListItem","position":2,"name":"Vida pessoal de Cl\u00e1udio Ramos n\u00e3o acompanha o sucesso profissional"}]},{"@type":"WebSite","@id":"https:\/\/portaltela.pt\/#website","url":"https:\/\/portaltela.pt\/","name":"Portal Tela Portugal","description":"","potentialAction":[{"@type":"SearchAction","target":{"@type":"EntryPoint","urlTemplate":"https:\/\/portaltela.pt\/?s={search_term_string}"},"query-input":{"@type":"PropertyValueSpecification","valueRequired":true,"valueName":"search_term_string"}}],"inLanguage":"pt-PT"},{"@type":"Person","@id":"https:\/\/portaltela.pt\/#\/schema\/person\/c4278d4a6028830caff9ee44b42d32ed","name":"Telinha","image":{"@type":"ImageObject","inLanguage":"pt-PT","@id":"https:\/\/portaltela.pt\/s.01k8rhncp4jt1\/2025\/11\/talking-bot-125x125.png","url":"https:\/\/portaltela.pt\/s.01k8rhncp4jt1\/2025\/11\/talking-bot-125x125.png","contentUrl":"https:\/\/portaltela.pt\/s.01k8rhncp4jt1\/2025\/11\/talking-bot-125x125.png","caption":"Telinha"},"sameAs":["https:\/\/portaltela.pt\/"],"url":"https:\/\/portaltela.pt\/por\/367410592786\/"}]}},"_links":{"self":[{"href":"https:\/\/portaltela.pt\/api\/wp\/v2\/posts\/401011","targetHints":{"allow":["GET"]}}],"collection":[{"href":"https:\/\/portaltela.pt\/api\/wp\/v2\/posts"}],"about":[{"href":"https:\/\/portaltela.pt\/api\/wp\/v2\/types\/post"}],"author":[{"embeddable":true,"href":"https:\/\/portaltela.pt\/api\/wp\/v2\/users\/2"}],"replies":[{"embeddable":true,"href":"https:\/\/portaltela.pt\/api\/wp\/v2\/comments?post=401011"}],"version-history":[{"count":0,"href":"https:\/\/portaltela.pt\/api\/wp\/v2\/posts\/401011\/revisions"}],"wp:featuredmedia":[{"embeddable":true,"href":"https:\/\/portaltela.pt\/api\/wp\/v2\/media\/401015"}],"wp:attachment":[{"href":"https:\/\/portaltela.pt\/api\/wp\/v2\/media?parent=401011"}],"wp:term":[{"taxonomy":"category","embeddable":true,"href":"https:\/\/portaltela.pt\/api\/wp\/v2\/categories?post=401011"},{"taxonomy":"post_tag","embeddable":true,"href":"https:\/\/portaltela.pt\/api\/wp\/v2\/tags?post=401011"}],"curies":[{"name":"wp","href":"https:\/\/api.w.org\/{rel}","templated":true}]}}