{"id":401008,"date":"2026-03-06T22:30:00","date_gmt":"2026-03-07T01:30:00","guid":{"rendered":"https:\/\/portaltela.pt\/noticias\/2026\/03\/06\/enfermeira-planeia-homicidio-durante-ferias-em-familia\/"},"modified":"2026-03-06T22:30:00","modified_gmt":"2026-03-07T01:30:00","slug":"enfermeira-planeia-homicidio-durante-ferias-em-familia","status":"publish","type":"post","link":"https:\/\/portaltela.pt\/noticias\/internacional\/2026\/03\/06\/enfermeira-planeia-homicidio-durante-ferias-em-familia\/","title":{"rendered":"Enfermeira planeia homic\u00eddio durante f\u00e9rias em fam\u00edlia"},"content":{"rendered":"<p>Em julho do ano passado, Mariana Fonseca publicou um v\u00eddeo nas redes sociais admitindo ter fugido de Portugal para evitar cumprir uma pena de 23 anos de pris\u00e3o pela morte de Diogo Gon\u00e7alves no Algarve. A grava\u00e7\u00e3o indicava que j\u00e1 n\u00e3o se encontrava em territ\u00f3rio nacional.<\/p>\n<p>A enfermeira foi identificada pela Pol\u00edcia Judici\u00e1ria como parte de uma alegada pr\u00e1tica criminal ligada ao homic\u00eddio. Na altura, o v\u00eddeo foi visto como um sinal da fuga da r\u00e9, que j\u00e1 n\u00e3o estaria em Portugal.<\/p>\n<p>Quinta-feira, a Interpol capturou Mariana Fonseca na Indon\u00e9sia, a pedido da PJ portuguesa. A respons\u00e1vel pela extradi\u00e7\u00e3o do caso est\u00e1 a decorrer, com a enfermeira a opor-se \u00e0 devolu\u00e7\u00e3o a Portugal para cumprir a pena.<\/p>\n<p>De acordo com investiga\u00e7\u00f5es anteriores, em 2020 Mariana Fonseca e Maria Malveiro teriam morto e esquartejado um jovem de 21 anos, alegadamente motivados por dinheiro. O caso est\u00e1 ligado ao processo que resulta na condena\u00e7\u00e3o de Fonseca.<\/p>\n","protected":false},"excerpt":{"rendered":"<ul>\n<li>Mariana Fonseca, enfermeira, fugiu em julho do ano passado para cumprir a pena de 23 anos de pris\u00e3o por homic\u00eddio no Algarve.<\/li>\n<li>Em 2020, a arguida, juntamente com a namorada Maria Malveiro, assassinou e esquartejou Diogo Gon\u00e7alves por dinheiro.<\/li>\n<li>Em julho passado, publicou nas redes sociais um v\u00eddeo a indicar que tinha fugido para n\u00e3o cumprir a pena.<\/li>\n<li>Na quinta-feira, a Interpol capturou-a na Indon\u00e9sia a pedido da Pol\u00edcia Judici\u00e1ria de Portugal.<\/li>\n<li>Atualmente op\u00f5e-se \u00e0 extradi\u00e7\u00e3o para Portugal.<\/li>\n<\/ul>\n","protected":false},"author":2,"featured_media":401014,"comment_status":"closed","ping_status":"closed","sticky":false,"template":"","format":"standard","meta":{"footnotes":""},"categories":[4,1],"tags":[5550,5833,1345,6118,2711,1014],"class_list":["post-401008","post","type-post","status-publish","format-standard","has-post-thumbnail","hentry","category-internacional","category-noticias","tag-crime-internacional","tag-extradicoes","tag-homicidio","tag-indonesia","tag-interpol","tag-portugal"],"yoast_head":"<!-- This site is optimized with the Yoast SEO plugin v27.2 - https:\/\/yoast.com\/product\/yoast-seo-wordpress\/ -->\n<title>Enfermeira planeia homic\u00eddio durante f\u00e9rias em fam\u00edlia - Portal Tela Portugal<\/title>\n<meta name=\"robots\" content=\"index, follow, max-snippet:-1, max-image-preview:large, max-video-preview:-1\" \/>\n<meta property=\"og:locale\" content=\"pt_PT\" \/>\n<meta property=\"og:type\" content=\"article\" \/>\n<meta property=\"og:title\" content=\"Enfermeira planeia homic\u00eddio durante f\u00e9rias em fam\u00edlia - Portal Tela Portugal\" \/>\n<meta property=\"og:description\" content=\"Mariana Fonseca, enfermeira, fugiu em julho do ano passado para cumprir a pena de 23 anos de pris\u00e3o por homic\u00eddio no Algarve. Em 2020, a arguida, juntamente com a namorada Maria Malveiro, assassinou e esquartejou Diogo Gon\u00e7alves por dinheiro. Em julho passado, publicou nas redes sociais um v\u00eddeo a indicar que tinha fugido para n\u00e3o cumprir a pena. Na quinta-feira, a Interpol capturou-a na Indon\u00e9sia a pedido da Pol\u00edcia Judici\u00e1ria de Portugal. Atualmente op\u00f5e-se \u00e0 extradi\u00e7\u00e3o para Portugal.\" \/>\n<meta property=\"og:url\" content=\"https:\/\/portaltela.pt\/noticias\/2026\/03\/06\/enfermeira-planeia-homicidio-durante-ferias-em-familia\/\" \/>\n<meta property=\"og:site_name\" content=\"Portal Tela Portugal\" \/>\n<meta property=\"article:published_time\" content=\"2026-03-07T01:30:00+00:00\" \/>\n<meta name=\"author\" content=\"Telinha\" \/>\n<meta name=\"twitter:card\" content=\"summary_large_image\" \/>\n<meta name=\"twitter:label1\" content=\"Escrito por\" \/>\n\t<meta name=\"twitter:data1\" content=\"Telinha\" \/>\n\t<meta name=\"twitter:label2\" content=\"Tempo estimado de leitura\" \/>\n\t<meta name=\"twitter:data2\" content=\"1 minuto\" \/>\n<script type=\"application\/ld+json\" class=\"yoast-schema-graph\">{\"@context\":\"https:\/\/schema.org\",\"@graph\":[{\"@type\":\"Article\",\"@id\":\"https:\/\/portaltela.pt\/noticias\/2026\/03\/06\/enfermeira-planeia-homicidio-durante-ferias-em-familia\/#article\",\"isPartOf\":{\"@id\":\"https:\/\/portaltela.pt\/noticias\/2026\/03\/06\/enfermeira-planeia-homicidio-durante-ferias-em-familia\/\"},\"author\":{\"name\":\"Telinha\",\"@id\":\"https:\/\/portaltela.pt\/#\/schema\/person\/c4278d4a6028830caff9ee44b42d32ed\"},\"headline\":\"Enfermeira planeia homic\u00eddio durante f\u00e9rias em fam\u00edlia\",\"datePublished\":\"2026-03-07T01:30:00+00:00\",\"mainEntityOfPage\":{\"@id\":\"https:\/\/portaltela.pt\/noticias\/2026\/03\/06\/enfermeira-planeia-homicidio-durante-ferias-em-familia\/\"},\"wordCount\":178,\"image\":{\"@id\":\"https:\/\/portaltela.pt\/noticias\/2026\/03\/06\/enfermeira-planeia-homicidio-durante-ferias-em-familia\/#primaryimage\"},\"thumbnailUrl\":\"https:\/\/portaltela.pt\/s.01k8rhncp4jt1\/2026\/03\/img_1500x1000uu2024-08-17-17-31-14-1727653-im-639025514578983488.jpg\",\"keywords\":[\"crime internacional\",\"extradi\u00e7\u00f5es\",\"homic\u00eddio\",\"Indon\u00e9sia\",\"Interpol\",\"Portugal\"],\"articleSection\":[\"Internacional\",\"Not\u00edcias\"],\"inLanguage\":\"pt-PT\"},{\"@type\":\"WebPage\",\"@id\":\"https:\/\/portaltela.pt\/noticias\/2026\/03\/06\/enfermeira-planeia-homicidio-durante-ferias-em-familia\/\",\"url\":\"https:\/\/portaltela.pt\/noticias\/2026\/03\/06\/enfermeira-planeia-homicidio-durante-ferias-em-familia\/\",\"name\":\"Enfermeira planeia homic\u00eddio durante f\u00e9rias em fam\u00edlia - Portal Tela Portugal\",\"isPartOf\":{\"@id\":\"https:\/\/portaltela.pt\/#website\"},\"primaryImageOfPage\":{\"@id\":\"https:\/\/portaltela.pt\/noticias\/2026\/03\/06\/enfermeira-planeia-homicidio-durante-ferias-em-familia\/#primaryimage\"},\"image\":{\"@id\":\"https:\/\/portaltela.pt\/noticias\/2026\/03\/06\/enfermeira-planeia-homicidio-durante-ferias-em-familia\/#primaryimage\"},\"thumbnailUrl\":\"https:\/\/portaltela.pt\/s.01k8rhncp4jt1\/2026\/03\/img_1500x1000uu2024-08-17-17-31-14-1727653-im-639025514578983488.jpg\",\"datePublished\":\"2026-03-07T01:30:00+00:00\",\"author\":{\"@id\":\"https:\/\/portaltela.pt\/#\/schema\/person\/c4278d4a6028830caff9ee44b42d32ed\"},\"breadcrumb\":{\"@id\":\"https:\/\/portaltela.pt\/noticias\/2026\/03\/06\/enfermeira-planeia-homicidio-durante-ferias-em-familia\/#breadcrumb\"},\"inLanguage\":\"pt-PT\",\"potentialAction\":[{\"@type\":\"ReadAction\",\"target\":[\"https:\/\/portaltela.pt\/noticias\/2026\/03\/06\/enfermeira-planeia-homicidio-durante-ferias-em-familia\/\"]}]},{\"@type\":\"ImageObject\",\"inLanguage\":\"pt-PT\",\"@id\":\"https:\/\/portaltela.pt\/noticias\/2026\/03\/06\/enfermeira-planeia-homicidio-durante-ferias-em-familia\/#primaryimage\",\"url\":\"https:\/\/portaltela.pt\/s.01k8rhncp4jt1\/2026\/03\/img_1500x1000uu2024-08-17-17-31-14-1727653-im-639025514578983488.jpg\",\"contentUrl\":\"https:\/\/portaltela.pt\/s.01k8rhncp4jt1\/2026\/03\/img_1500x1000uu2024-08-17-17-31-14-1727653-im-639025514578983488.jpg\",\"width\":796,\"height\":448,\"caption\":\"Mariana Fonseca\"},{\"@type\":\"BreadcrumbList\",\"@id\":\"https:\/\/portaltela.pt\/noticias\/2026\/03\/06\/enfermeira-planeia-homicidio-durante-ferias-em-familia\/#breadcrumb\",\"itemListElement\":[{\"@type\":\"ListItem\",\"position\":1,\"name\":\"In\u00edcio\",\"item\":\"https:\/\/portaltela.pt\/\"},{\"@type\":\"ListItem\",\"position\":2,\"name\":\"Enfermeira planeia homic\u00eddio durante f\u00e9rias em fam\u00edlia\"}]},{\"@type\":\"WebSite\",\"@id\":\"https:\/\/portaltela.pt\/#website\",\"url\":\"https:\/\/portaltela.pt\/\",\"name\":\"Portal Tela Portugal\",\"description\":\"\",\"potentialAction\":[{\"@type\":\"SearchAction\",\"target\":{\"@type\":\"EntryPoint\",\"urlTemplate\":\"https:\/\/portaltela.pt\/?s={search_term_string}\"},\"query-input\":{\"@type\":\"PropertyValueSpecification\",\"valueRequired\":true,\"valueName\":\"search_term_string\"}}],\"inLanguage\":\"pt-PT\"},{\"@type\":\"Person\",\"@id\":\"https:\/\/portaltela.pt\/#\/schema\/person\/c4278d4a6028830caff9ee44b42d32ed\",\"name\":\"Telinha\",\"image\":{\"@type\":\"ImageObject\",\"inLanguage\":\"pt-PT\",\"@id\":\"https:\/\/portaltela.pt\/s.01k8rhncp4jt1\/2025\/11\/talking-bot-125x125.png\",\"url\":\"https:\/\/portaltela.pt\/s.01k8rhncp4jt1\/2025\/11\/talking-bot-125x125.png\",\"contentUrl\":\"https:\/\/portaltela.pt\/s.01k8rhncp4jt1\/2025\/11\/talking-bot-125x125.png\",\"caption\":\"Telinha\"},\"sameAs\":[\"https:\/\/portaltela.pt\/\"],\"url\":\"https:\/\/portaltela.pt\/por\/367410592786\/\"}]}<\/script>\n<!-- \/ Yoast SEO plugin. -->","yoast_head_json":{"title":"Enfermeira planeia homic\u00eddio durante f\u00e9rias em fam\u00edlia - Portal Tela Portugal","robots":{"index":"index","follow":"follow","max-snippet":"max-snippet:-1","max-image-preview":"max-image-preview:large","max-video-preview":"max-video-preview:-1"},"og_locale":"pt_PT","og_type":"article","og_title":"Enfermeira planeia homic\u00eddio durante f\u00e9rias em fam\u00edlia - Portal Tela Portugal","og_description":"Mariana Fonseca, enfermeira, fugiu em julho do ano passado para cumprir a pena de 23 anos de pris\u00e3o por homic\u00eddio no Algarve. Em 2020, a arguida, juntamente com a namorada Maria Malveiro, assassinou e esquartejou Diogo Gon\u00e7alves por dinheiro. Em julho passado, publicou nas redes sociais um v\u00eddeo a indicar que tinha fugido para n\u00e3o cumprir a pena. Na quinta-feira, a Interpol capturou-a na Indon\u00e9sia a pedido da Pol\u00edcia Judici\u00e1ria de Portugal. Atualmente op\u00f5e-se \u00e0 extradi\u00e7\u00e3o para Portugal.","og_url":"https:\/\/portaltela.pt\/noticias\/2026\/03\/06\/enfermeira-planeia-homicidio-durante-ferias-em-familia\/","og_site_name":"Portal Tela Portugal","article_published_time":"2026-03-07T01:30:00+00:00","author":"Telinha","twitter_card":"summary_large_image","twitter_misc":{"Escrito por":"Telinha","Tempo estimado de leitura":"1 minuto"},"schema":{"@context":"https:\/\/schema.org","@graph":[{"@type":"Article","@id":"https:\/\/portaltela.pt\/noticias\/2026\/03\/06\/enfermeira-planeia-homicidio-durante-ferias-em-familia\/#article","isPartOf":{"@id":"https:\/\/portaltela.pt\/noticias\/2026\/03\/06\/enfermeira-planeia-homicidio-durante-ferias-em-familia\/"},"author":{"name":"Telinha","@id":"https:\/\/portaltela.pt\/#\/schema\/person\/c4278d4a6028830caff9ee44b42d32ed"},"headline":"Enfermeira planeia homic\u00eddio durante f\u00e9rias em fam\u00edlia","datePublished":"2026-03-07T01:30:00+00:00","mainEntityOfPage":{"@id":"https:\/\/portaltela.pt\/noticias\/2026\/03\/06\/enfermeira-planeia-homicidio-durante-ferias-em-familia\/"},"wordCount":178,"image":{"@id":"https:\/\/portaltela.pt\/noticias\/2026\/03\/06\/enfermeira-planeia-homicidio-durante-ferias-em-familia\/#primaryimage"},"thumbnailUrl":"https:\/\/portaltela.pt\/s.01k8rhncp4jt1\/2026\/03\/img_1500x1000uu2024-08-17-17-31-14-1727653-im-639025514578983488.jpg","keywords":["crime internacional","extradi\u00e7\u00f5es","homic\u00eddio","Indon\u00e9sia","Interpol","Portugal"],"articleSection":["Internacional","Not\u00edcias"],"inLanguage":"pt-PT"},{"@type":"WebPage","@id":"https:\/\/portaltela.pt\/noticias\/2026\/03\/06\/enfermeira-planeia-homicidio-durante-ferias-em-familia\/","url":"https:\/\/portaltela.pt\/noticias\/2026\/03\/06\/enfermeira-planeia-homicidio-durante-ferias-em-familia\/","name":"Enfermeira planeia homic\u00eddio durante f\u00e9rias em fam\u00edlia - Portal Tela Portugal","isPartOf":{"@id":"https:\/\/portaltela.pt\/#website"},"primaryImageOfPage":{"@id":"https:\/\/portaltela.pt\/noticias\/2026\/03\/06\/enfermeira-planeia-homicidio-durante-ferias-em-familia\/#primaryimage"},"image":{"@id":"https:\/\/portaltela.pt\/noticias\/2026\/03\/06\/enfermeira-planeia-homicidio-durante-ferias-em-familia\/#primaryimage"},"thumbnailUrl":"https:\/\/portaltela.pt\/s.01k8rhncp4jt1\/2026\/03\/img_1500x1000uu2024-08-17-17-31-14-1727653-im-639025514578983488.jpg","datePublished":"2026-03-07T01:30:00+00:00","author":{"@id":"https:\/\/portaltela.pt\/#\/schema\/person\/c4278d4a6028830caff9ee44b42d32ed"},"breadcrumb":{"@id":"https:\/\/portaltela.pt\/noticias\/2026\/03\/06\/enfermeira-planeia-homicidio-durante-ferias-em-familia\/#breadcrumb"},"inLanguage":"pt-PT","potentialAction":[{"@type":"ReadAction","target":["https:\/\/portaltela.pt\/noticias\/2026\/03\/06\/enfermeira-planeia-homicidio-durante-ferias-em-familia\/"]}]},{"@type":"ImageObject","inLanguage":"pt-PT","@id":"https:\/\/portaltela.pt\/noticias\/2026\/03\/06\/enfermeira-planeia-homicidio-durante-ferias-em-familia\/#primaryimage","url":"https:\/\/portaltela.pt\/s.01k8rhncp4jt1\/2026\/03\/img_1500x1000uu2024-08-17-17-31-14-1727653-im-639025514578983488.jpg","contentUrl":"https:\/\/portaltela.pt\/s.01k8rhncp4jt1\/2026\/03\/img_1500x1000uu2024-08-17-17-31-14-1727653-im-639025514578983488.jpg","width":796,"height":448,"caption":"Mariana Fonseca"},{"@type":"BreadcrumbList","@id":"https:\/\/portaltela.pt\/noticias\/2026\/03\/06\/enfermeira-planeia-homicidio-durante-ferias-em-familia\/#breadcrumb","itemListElement":[{"@type":"ListItem","position":1,"name":"In\u00edcio","item":"https:\/\/portaltela.pt\/"},{"@type":"ListItem","position":2,"name":"Enfermeira planeia homic\u00eddio durante f\u00e9rias em fam\u00edlia"}]},{"@type":"WebSite","@id":"https:\/\/portaltela.pt\/#website","url":"https:\/\/portaltela.pt\/","name":"Portal Tela Portugal","description":"","potentialAction":[{"@type":"SearchAction","target":{"@type":"EntryPoint","urlTemplate":"https:\/\/portaltela.pt\/?s={search_term_string}"},"query-input":{"@type":"PropertyValueSpecification","valueRequired":true,"valueName":"search_term_string"}}],"inLanguage":"pt-PT"},{"@type":"Person","@id":"https:\/\/portaltela.pt\/#\/schema\/person\/c4278d4a6028830caff9ee44b42d32ed","name":"Telinha","image":{"@type":"ImageObject","inLanguage":"pt-PT","@id":"https:\/\/portaltela.pt\/s.01k8rhncp4jt1\/2025\/11\/talking-bot-125x125.png","url":"https:\/\/portaltela.pt\/s.01k8rhncp4jt1\/2025\/11\/talking-bot-125x125.png","contentUrl":"https:\/\/portaltela.pt\/s.01k8rhncp4jt1\/2025\/11\/talking-bot-125x125.png","caption":"Telinha"},"sameAs":["https:\/\/portaltela.pt\/"],"url":"https:\/\/portaltela.pt\/por\/367410592786\/"}]}},"_links":{"self":[{"href":"https:\/\/portaltela.pt\/api\/wp\/v2\/posts\/401008","targetHints":{"allow":["GET"]}}],"collection":[{"href":"https:\/\/portaltela.pt\/api\/wp\/v2\/posts"}],"about":[{"href":"https:\/\/portaltela.pt\/api\/wp\/v2\/types\/post"}],"author":[{"embeddable":true,"href":"https:\/\/portaltela.pt\/api\/wp\/v2\/users\/2"}],"replies":[{"embeddable":true,"href":"https:\/\/portaltela.pt\/api\/wp\/v2\/comments?post=401008"}],"version-history":[{"count":0,"href":"https:\/\/portaltela.pt\/api\/wp\/v2\/posts\/401008\/revisions"}],"wp:featuredmedia":[{"embeddable":true,"href":"https:\/\/portaltela.pt\/api\/wp\/v2\/media\/401014"}],"wp:attachment":[{"href":"https:\/\/portaltela.pt\/api\/wp\/v2\/media?parent=401008"}],"wp:term":[{"taxonomy":"category","embeddable":true,"href":"https:\/\/portaltela.pt\/api\/wp\/v2\/categories?post=401008"},{"taxonomy":"post_tag","embeddable":true,"href":"https:\/\/portaltela.pt\/api\/wp\/v2\/tags?post=401008"}],"curies":[{"name":"wp","href":"https:\/\/api.w.org\/{rel}","templated":true}]}}