{"id":401004,"date":"2026-03-06T22:30:00","date_gmt":"2026-03-07T01:30:00","guid":{"rendered":"https:\/\/portaltela.pt\/noticias\/2026\/03\/06\/163-portugueses-repatriados-chegam-a-lisboa\/"},"modified":"2026-03-06T22:30:00","modified_gmt":"2026-03-07T01:30:00","slug":"163-portugueses-repatriados-chegam-a-lisboa","status":"publish","type":"post","link":"https:\/\/portaltela.pt\/noticias\/2026\/03\/06\/163-portugueses-repatriados-chegam-a-lisboa\/","title":{"rendered":"163 portugueses repatriados chegam a Lisboa"},"content":{"rendered":"<p>Um avi\u00e3o fretado \u00e0 TAP com 147 passageiros, 139 deles portugueses, aterrou esta sexta-feira de manh\u00e3 em Lisboa, no \u00e2mbito de uma opera\u00e7\u00e3o de repatriamento das autoridades portuguesas. Juntamente com outro avi\u00e3o que chegou horas antes com 39 passageiros, dos quais 24 s\u00e3o portugueses, foram repatriados 163 cidad\u00e3os nacionais.<\/p>\n<p>No total, a opera\u00e7\u00e3o envolveu 186 pessoas, incluindo tamb\u00e9m passageiros estrangeiros de oito pa\u00edses. Entre estes encontram-se cidad\u00e3os da Alemanha, It\u00e1lia, Estados Unidos, Reino Unido e Peru.<\/p>\n<p>O segundo voo foi fretado pelo Estado para permitir a sa\u00edda de cidad\u00e3os que pretendiam abandonar zonas de risco devido \u00e0 guerra no M\u00e9dio Oriente. O repatriamento ocorreu no aeroporto de Lisboa, com a presen\u00e7a de representantes das autoridades.<\/p>\n<p>O secret\u00e1rio de Estado das Comunidades esteve no aeroporto de Lisboa para receber os repatriados. Em\u00eddio Sousa informou que, at\u00e9 quinta-feira, o governo tinha recebido 288 pedidos de ajuda. Alguns requerentes n\u00e3o puderam confirmar a viagem por falta de meios para se deslocar ao ponto de partida.<\/p>\n<p>Quanto ao custo, os repatriados dever\u00e3o pagar 600 euros pela viagem. Em\u00eddio Sousa comentou que o valor n\u00e3o \u00e9 excessivo face ao custo total da opera\u00e7\u00e3o.<\/p>\n","protected":false},"excerpt":{"rendered":"<ul>\n<li>163 portugueses repatriados chegaram a Lisboa, ap\u00f3s dois voos fretados; no total, 186 pessoas foram repatriadas.<\/li>\n<li>Primeiro voo fretado pela TAP aterrou de manh\u00e3 em Lisboa com 147 passageiros, dos quais 139 s\u00e3o portugueses.<\/li>\n<li>Segundo voo, fretado pelo Estado, chegou horas antes e levou 39 passageiros, dos quais 24 s\u00e3o portugueses.<\/li>\n<li>Entre os estrangeiros est\u00e3o cidad\u00e3os de oito pa\u00edses, incluindo Alemanha, It\u00e1lia, Estados Unidos, Reino Unido e Peru.<\/li>\n<li>O secret\u00e1rio de Estado das Comunidades, Em\u00eddio Sousa, recebeu os repatriados no aeroporto de Figo Maduro; o governo recebeu at\u00e9 quinta-feira 288 pedidos de ajuda, e os repatriados pagar\u00e3o 600 euros pela viagem.<\/li>\n<\/ul>\n","protected":false},"author":2,"featured_media":401013,"comment_status":"closed","ping_status":"closed","sticky":false,"template":"","format":"standard","meta":{"footnotes":""},"categories":[1],"tags":[3302,1456,6691,5001,1014,192],"class_list":["post-401004","post","type-post","status-publish","format-standard","has-post-thumbnail","hentry","category-noticias","tag-aeroportos","tag-migracao","tag-migracao-internacional","tag-passaportes","tag-portugal","tag-transporte"],"yoast_head":"<!-- This site is optimized with the Yoast SEO plugin v27.2 - https:\/\/yoast.com\/product\/yoast-seo-wordpress\/ -->\n<title>163 portugueses repatriados chegam a Lisboa - Portal Tela Portugal<\/title>\n<meta name=\"robots\" content=\"index, follow, max-snippet:-1, max-image-preview:large, max-video-preview:-1\" \/>\n<meta property=\"og:locale\" content=\"pt_PT\" \/>\n<meta property=\"og:type\" content=\"article\" \/>\n<meta property=\"og:title\" content=\"163 portugueses repatriados chegam a Lisboa - Portal Tela Portugal\" \/>\n<meta property=\"og:description\" content=\"163 portugueses repatriados chegaram a Lisboa, ap\u00f3s dois voos fretados; no total, 186 pessoas foram repatriadas. Primeiro voo fretado pela TAP aterrou de manh\u00e3 em Lisboa com 147 passageiros, dos quais 139 s\u00e3o portugueses. Segundo voo, fretado pelo Estado, chegou horas antes e levou 39 passageiros, dos quais 24 s\u00e3o portugueses. Entre os estrangeiros est\u00e3o cidad\u00e3os de oito pa\u00edses, incluindo Alemanha, It\u00e1lia, Estados Unidos, Reino Unido e Peru. O secret\u00e1rio de Estado das Comunidades, Em\u00eddio Sousa, recebeu os repatriados no aeroporto de Figo Maduro; o governo recebeu at\u00e9 quinta-feira 288 pedidos de ajuda, e os repatriados pagar\u00e3o 600 euros pela viagem.\" \/>\n<meta property=\"og:url\" content=\"https:\/\/portaltela.pt\/noticias\/2026\/03\/06\/163-portugueses-repatriados-chegam-a-lisboa\/\" \/>\n<meta property=\"og:site_name\" content=\"Portal Tela Portugal\" \/>\n<meta property=\"article:published_time\" content=\"2026-03-07T01:30:00+00:00\" \/>\n<meta name=\"author\" content=\"Telinha\" \/>\n<meta name=\"twitter:card\" content=\"summary_large_image\" \/>\n<meta name=\"twitter:label1\" content=\"Escrito por\" \/>\n\t<meta name=\"twitter:data1\" content=\"Telinha\" \/>\n\t<meta name=\"twitter:label2\" content=\"Tempo estimado de leitura\" \/>\n\t<meta name=\"twitter:data2\" content=\"1 minuto\" \/>\n<script type=\"application\/ld+json\" class=\"yoast-schema-graph\">{\"@context\":\"https:\/\/schema.org\",\"@graph\":[{\"@type\":\"Article\",\"@id\":\"https:\/\/portaltela.pt\/noticias\/2026\/03\/06\/163-portugueses-repatriados-chegam-a-lisboa\/#article\",\"isPartOf\":{\"@id\":\"https:\/\/portaltela.pt\/noticias\/2026\/03\/06\/163-portugueses-repatriados-chegam-a-lisboa\/\"},\"author\":{\"name\":\"Telinha\",\"@id\":\"https:\/\/portaltela.pt\/#\/schema\/person\/c4278d4a6028830caff9ee44b42d32ed\"},\"headline\":\"163 portugueses repatriados chegam a Lisboa\",\"datePublished\":\"2026-03-07T01:30:00+00:00\",\"mainEntityOfPage\":{\"@id\":\"https:\/\/portaltela.pt\/noticias\/2026\/03\/06\/163-portugueses-repatriados-chegam-a-lisboa\/\"},\"wordCount\":203,\"image\":{\"@id\":\"https:\/\/portaltela.pt\/noticias\/2026\/03\/06\/163-portugueses-repatriados-chegam-a-lisboa\/#primaryimage\"},\"thumbnailUrl\":\"https:\/\/portaltela.pt\/s.01k8rhncp4jt1\/2026\/03\/img_1500x1000uu2026-03-06-22-19-03-2270900.jpg\",\"keywords\":[\"aeroportos\",\"migra\u00e7\u00e3o\",\"migra\u00e7\u00e3o internacional\",\"passaportes\",\"Portugal\",\"transporte\"],\"articleSection\":[\"Not\u00edcias\"],\"inLanguage\":\"pt-PT\"},{\"@type\":\"WebPage\",\"@id\":\"https:\/\/portaltela.pt\/noticias\/2026\/03\/06\/163-portugueses-repatriados-chegam-a-lisboa\/\",\"url\":\"https:\/\/portaltela.pt\/noticias\/2026\/03\/06\/163-portugueses-repatriados-chegam-a-lisboa\/\",\"name\":\"163 portugueses repatriados chegam a Lisboa - Portal Tela Portugal\",\"isPartOf\":{\"@id\":\"https:\/\/portaltela.pt\/#website\"},\"primaryImageOfPage\":{\"@id\":\"https:\/\/portaltela.pt\/noticias\/2026\/03\/06\/163-portugueses-repatriados-chegam-a-lisboa\/#primaryimage\"},\"image\":{\"@id\":\"https:\/\/portaltela.pt\/noticias\/2026\/03\/06\/163-portugueses-repatriados-chegam-a-lisboa\/#primaryimage\"},\"thumbnailUrl\":\"https:\/\/portaltela.pt\/s.01k8rhncp4jt1\/2026\/03\/img_1500x1000uu2026-03-06-22-19-03-2270900.jpg\",\"datePublished\":\"2026-03-07T01:30:00+00:00\",\"author\":{\"@id\":\"https:\/\/portaltela.pt\/#\/schema\/person\/c4278d4a6028830caff9ee44b42d32ed\"},\"breadcrumb\":{\"@id\":\"https:\/\/portaltela.pt\/noticias\/2026\/03\/06\/163-portugueses-repatriados-chegam-a-lisboa\/#breadcrumb\"},\"inLanguage\":\"pt-PT\",\"potentialAction\":[{\"@type\":\"ReadAction\",\"target\":[\"https:\/\/portaltela.pt\/noticias\/2026\/03\/06\/163-portugueses-repatriados-chegam-a-lisboa\/\"]}]},{\"@type\":\"ImageObject\",\"inLanguage\":\"pt-PT\",\"@id\":\"https:\/\/portaltela.pt\/noticias\/2026\/03\/06\/163-portugueses-repatriados-chegam-a-lisboa\/#primaryimage\",\"url\":\"https:\/\/portaltela.pt\/s.01k8rhncp4jt1\/2026\/03\/img_1500x1000uu2026-03-06-22-19-03-2270900.jpg\",\"contentUrl\":\"https:\/\/portaltela.pt\/s.01k8rhncp4jt1\/2026\/03\/img_1500x1000uu2026-03-06-22-19-03-2270900.jpg\",\"width\":796,\"height\":448,\"caption\":\"Portugueses recebidos pelo sec. Estado das Comunidades\"},{\"@type\":\"BreadcrumbList\",\"@id\":\"https:\/\/portaltela.pt\/noticias\/2026\/03\/06\/163-portugueses-repatriados-chegam-a-lisboa\/#breadcrumb\",\"itemListElement\":[{\"@type\":\"ListItem\",\"position\":1,\"name\":\"In\u00edcio\",\"item\":\"https:\/\/portaltela.pt\/\"},{\"@type\":\"ListItem\",\"position\":2,\"name\":\"163 portugueses repatriados chegam a Lisboa\"}]},{\"@type\":\"WebSite\",\"@id\":\"https:\/\/portaltela.pt\/#website\",\"url\":\"https:\/\/portaltela.pt\/\",\"name\":\"Portal Tela Portugal\",\"description\":\"\",\"potentialAction\":[{\"@type\":\"SearchAction\",\"target\":{\"@type\":\"EntryPoint\",\"urlTemplate\":\"https:\/\/portaltela.pt\/?s={search_term_string}\"},\"query-input\":{\"@type\":\"PropertyValueSpecification\",\"valueRequired\":true,\"valueName\":\"search_term_string\"}}],\"inLanguage\":\"pt-PT\"},{\"@type\":\"Person\",\"@id\":\"https:\/\/portaltela.pt\/#\/schema\/person\/c4278d4a6028830caff9ee44b42d32ed\",\"name\":\"Telinha\",\"image\":{\"@type\":\"ImageObject\",\"inLanguage\":\"pt-PT\",\"@id\":\"https:\/\/portaltela.pt\/s.01k8rhncp4jt1\/2025\/11\/talking-bot-125x125.png\",\"url\":\"https:\/\/portaltela.pt\/s.01k8rhncp4jt1\/2025\/11\/talking-bot-125x125.png\",\"contentUrl\":\"https:\/\/portaltela.pt\/s.01k8rhncp4jt1\/2025\/11\/talking-bot-125x125.png\",\"caption\":\"Telinha\"},\"sameAs\":[\"https:\/\/portaltela.pt\/\"],\"url\":\"https:\/\/portaltela.pt\/por\/367410592786\/\"}]}<\/script>\n<!-- \/ Yoast SEO plugin. -->","yoast_head_json":{"title":"163 portugueses repatriados chegam a Lisboa - Portal Tela Portugal","robots":{"index":"index","follow":"follow","max-snippet":"max-snippet:-1","max-image-preview":"max-image-preview:large","max-video-preview":"max-video-preview:-1"},"og_locale":"pt_PT","og_type":"article","og_title":"163 portugueses repatriados chegam a Lisboa - Portal Tela Portugal","og_description":"163 portugueses repatriados chegaram a Lisboa, ap\u00f3s dois voos fretados; no total, 186 pessoas foram repatriadas. Primeiro voo fretado pela TAP aterrou de manh\u00e3 em Lisboa com 147 passageiros, dos quais 139 s\u00e3o portugueses. Segundo voo, fretado pelo Estado, chegou horas antes e levou 39 passageiros, dos quais 24 s\u00e3o portugueses. Entre os estrangeiros est\u00e3o cidad\u00e3os de oito pa\u00edses, incluindo Alemanha, It\u00e1lia, Estados Unidos, Reino Unido e Peru. O secret\u00e1rio de Estado das Comunidades, Em\u00eddio Sousa, recebeu os repatriados no aeroporto de Figo Maduro; o governo recebeu at\u00e9 quinta-feira 288 pedidos de ajuda, e os repatriados pagar\u00e3o 600 euros pela viagem.","og_url":"https:\/\/portaltela.pt\/noticias\/2026\/03\/06\/163-portugueses-repatriados-chegam-a-lisboa\/","og_site_name":"Portal Tela Portugal","article_published_time":"2026-03-07T01:30:00+00:00","author":"Telinha","twitter_card":"summary_large_image","twitter_misc":{"Escrito por":"Telinha","Tempo estimado de leitura":"1 minuto"},"schema":{"@context":"https:\/\/schema.org","@graph":[{"@type":"Article","@id":"https:\/\/portaltela.pt\/noticias\/2026\/03\/06\/163-portugueses-repatriados-chegam-a-lisboa\/#article","isPartOf":{"@id":"https:\/\/portaltela.pt\/noticias\/2026\/03\/06\/163-portugueses-repatriados-chegam-a-lisboa\/"},"author":{"name":"Telinha","@id":"https:\/\/portaltela.pt\/#\/schema\/person\/c4278d4a6028830caff9ee44b42d32ed"},"headline":"163 portugueses repatriados chegam a Lisboa","datePublished":"2026-03-07T01:30:00+00:00","mainEntityOfPage":{"@id":"https:\/\/portaltela.pt\/noticias\/2026\/03\/06\/163-portugueses-repatriados-chegam-a-lisboa\/"},"wordCount":203,"image":{"@id":"https:\/\/portaltela.pt\/noticias\/2026\/03\/06\/163-portugueses-repatriados-chegam-a-lisboa\/#primaryimage"},"thumbnailUrl":"https:\/\/portaltela.pt\/s.01k8rhncp4jt1\/2026\/03\/img_1500x1000uu2026-03-06-22-19-03-2270900.jpg","keywords":["aeroportos","migra\u00e7\u00e3o","migra\u00e7\u00e3o internacional","passaportes","Portugal","transporte"],"articleSection":["Not\u00edcias"],"inLanguage":"pt-PT"},{"@type":"WebPage","@id":"https:\/\/portaltela.pt\/noticias\/2026\/03\/06\/163-portugueses-repatriados-chegam-a-lisboa\/","url":"https:\/\/portaltela.pt\/noticias\/2026\/03\/06\/163-portugueses-repatriados-chegam-a-lisboa\/","name":"163 portugueses repatriados chegam a Lisboa - Portal Tela Portugal","isPartOf":{"@id":"https:\/\/portaltela.pt\/#website"},"primaryImageOfPage":{"@id":"https:\/\/portaltela.pt\/noticias\/2026\/03\/06\/163-portugueses-repatriados-chegam-a-lisboa\/#primaryimage"},"image":{"@id":"https:\/\/portaltela.pt\/noticias\/2026\/03\/06\/163-portugueses-repatriados-chegam-a-lisboa\/#primaryimage"},"thumbnailUrl":"https:\/\/portaltela.pt\/s.01k8rhncp4jt1\/2026\/03\/img_1500x1000uu2026-03-06-22-19-03-2270900.jpg","datePublished":"2026-03-07T01:30:00+00:00","author":{"@id":"https:\/\/portaltela.pt\/#\/schema\/person\/c4278d4a6028830caff9ee44b42d32ed"},"breadcrumb":{"@id":"https:\/\/portaltela.pt\/noticias\/2026\/03\/06\/163-portugueses-repatriados-chegam-a-lisboa\/#breadcrumb"},"inLanguage":"pt-PT","potentialAction":[{"@type":"ReadAction","target":["https:\/\/portaltela.pt\/noticias\/2026\/03\/06\/163-portugueses-repatriados-chegam-a-lisboa\/"]}]},{"@type":"ImageObject","inLanguage":"pt-PT","@id":"https:\/\/portaltela.pt\/noticias\/2026\/03\/06\/163-portugueses-repatriados-chegam-a-lisboa\/#primaryimage","url":"https:\/\/portaltela.pt\/s.01k8rhncp4jt1\/2026\/03\/img_1500x1000uu2026-03-06-22-19-03-2270900.jpg","contentUrl":"https:\/\/portaltela.pt\/s.01k8rhncp4jt1\/2026\/03\/img_1500x1000uu2026-03-06-22-19-03-2270900.jpg","width":796,"height":448,"caption":"Portugueses recebidos pelo sec. Estado das Comunidades"},{"@type":"BreadcrumbList","@id":"https:\/\/portaltela.pt\/noticias\/2026\/03\/06\/163-portugueses-repatriados-chegam-a-lisboa\/#breadcrumb","itemListElement":[{"@type":"ListItem","position":1,"name":"In\u00edcio","item":"https:\/\/portaltela.pt\/"},{"@type":"ListItem","position":2,"name":"163 portugueses repatriados chegam a Lisboa"}]},{"@type":"WebSite","@id":"https:\/\/portaltela.pt\/#website","url":"https:\/\/portaltela.pt\/","name":"Portal Tela Portugal","description":"","potentialAction":[{"@type":"SearchAction","target":{"@type":"EntryPoint","urlTemplate":"https:\/\/portaltela.pt\/?s={search_term_string}"},"query-input":{"@type":"PropertyValueSpecification","valueRequired":true,"valueName":"search_term_string"}}],"inLanguage":"pt-PT"},{"@type":"Person","@id":"https:\/\/portaltela.pt\/#\/schema\/person\/c4278d4a6028830caff9ee44b42d32ed","name":"Telinha","image":{"@type":"ImageObject","inLanguage":"pt-PT","@id":"https:\/\/portaltela.pt\/s.01k8rhncp4jt1\/2025\/11\/talking-bot-125x125.png","url":"https:\/\/portaltela.pt\/s.01k8rhncp4jt1\/2025\/11\/talking-bot-125x125.png","contentUrl":"https:\/\/portaltela.pt\/s.01k8rhncp4jt1\/2025\/11\/talking-bot-125x125.png","caption":"Telinha"},"sameAs":["https:\/\/portaltela.pt\/"],"url":"https:\/\/portaltela.pt\/por\/367410592786\/"}]}},"_links":{"self":[{"href":"https:\/\/portaltela.pt\/api\/wp\/v2\/posts\/401004","targetHints":{"allow":["GET"]}}],"collection":[{"href":"https:\/\/portaltela.pt\/api\/wp\/v2\/posts"}],"about":[{"href":"https:\/\/portaltela.pt\/api\/wp\/v2\/types\/post"}],"author":[{"embeddable":true,"href":"https:\/\/portaltela.pt\/api\/wp\/v2\/users\/2"}],"replies":[{"embeddable":true,"href":"https:\/\/portaltela.pt\/api\/wp\/v2\/comments?post=401004"}],"version-history":[{"count":0,"href":"https:\/\/portaltela.pt\/api\/wp\/v2\/posts\/401004\/revisions"}],"wp:featuredmedia":[{"embeddable":true,"href":"https:\/\/portaltela.pt\/api\/wp\/v2\/media\/401013"}],"wp:attachment":[{"href":"https:\/\/portaltela.pt\/api\/wp\/v2\/media?parent=401004"}],"wp:term":[{"taxonomy":"category","embeddable":true,"href":"https:\/\/portaltela.pt\/api\/wp\/v2\/categories?post=401004"},{"taxonomy":"post_tag","embeddable":true,"href":"https:\/\/portaltela.pt\/api\/wp\/v2\/tags?post=401004"}],"curies":[{"name":"wp","href":"https:\/\/api.w.org\/{rel}","templated":true}]}}