{"id":400993,"date":"2026-03-06T22:30:00","date_gmt":"2026-03-07T01:30:00","guid":{"rendered":"https:\/\/portaltela.pt\/noticias\/2026\/03\/06\/teresa-guilherme-critica-trabalhar-com-cristina-ferreira-como-diretora\/"},"modified":"2026-03-06T22:30:00","modified_gmt":"2026-03-07T01:30:00","slug":"teresa-guilherme-critica-trabalhar-com-cristina-ferreira-como-diretora","status":"publish","type":"post","link":"https:\/\/portaltela.pt\/entretenimento\/2026\/03\/06\/teresa-guilherme-critica-trabalhar-com-cristina-ferreira-como-diretora\/","title":{"rendered":"Teresa Guilherme critica trabalhar com Cristina Ferreira como diretora"},"content":{"rendered":"<p>Teresa Guilherme participou no programa Cala-te boca, da Mega Hits, onde falou sobre a rela\u00e7\u00e3o entre a atual apresentadora da CMTV e os reality shows.<\/p>\n<p>A comentadora da CMTV disse que n\u00e3o tem interesse em voltar a apresentar reality shows, descrevendo os formatos como c\u00f3pias e referindo que as surpresas anunciadas costumam soar ir\u00f3nicas.<\/p>\n<p>Sobre Cristina Ferreira, Guilherme revelou que n\u00e3o foi uma experi\u00eancia fant\u00e1stica trabalhar com a diretora. As declara\u00e7\u00f5es surgem numa entrevista que aborda a sua rela\u00e7\u00e3o profissional com a colega.<\/p>\n<p>A discuss\u00e3o incidiu ainda sobre a participa\u00e7\u00e3o de Cristina Ferreira em produ\u00e7\u00e3o de programas e a perce\u00e7\u00e3o de Guilherme relativamente ao papel de diretora, sem evitar cr\u00edticas \u00e0 condu\u00e7\u00e3o de formatos de reality.<\/p>\n","protected":false},"excerpt":{"rendered":"<ul>\n<li>Teresa Guilherme participou no programa Cala-te boca, da Mega Hits, onde abordou a rela\u00e7\u00e3o da atual cara da CMTV com os reality shows.<\/li>\n<li>A comentadora da CMTV disse que n\u00e3o pretende voltar a apresentar reality shows e que os formatos s\u00e3o uma c\u00f3pia.<\/li>\n<li>Explicou que, no in\u00edcio de cada reality, dedicava-se 24 horas por dia, e que, ap\u00f3s apresentar o \u00faltimo h\u00e1 cinco anos, perdeu o interesse.<\/li>\n<li>Sobre Cristina Ferreira, Teresa Guilherme afirmou que n\u00e3o foi uma experi\u00eancia fant\u00e1stica trabalhar com ela como diretora; Cristina Ferreira \u00e9 a atual cara da CMTV.<\/li>\n<\/ul>\n","protected":false},"author":2,"featured_media":400998,"comment_status":"closed","ping_status":"closed","sticky":false,"template":"","format":"standard","meta":{"footnotes":""},"categories":[6675,12],"tags":[5613,78,506,41,1923],"class_list":["post-400993","post","type-post","status-publish","format-standard","has-post-thumbnail","hentry","category-celebridades","category-entretenimento","tag-cristina-ferreira","tag-famosos","tag-imprensa","tag-noticia","tag-programacao"],"yoast_head":"<!-- This site is optimized with the Yoast SEO plugin v27.2 - https:\/\/yoast.com\/product\/yoast-seo-wordpress\/ -->\n<title>Teresa Guilherme critica trabalhar com Cristina Ferreira como diretora - Portal Tela Portugal<\/title>\n<meta name=\"robots\" content=\"index, follow, max-snippet:-1, max-image-preview:large, max-video-preview:-1\" \/>\n<meta property=\"og:locale\" content=\"pt_PT\" \/>\n<meta property=\"og:type\" content=\"article\" \/>\n<meta property=\"og:title\" content=\"Teresa Guilherme critica trabalhar com Cristina Ferreira como diretora - Portal Tela Portugal\" \/>\n<meta property=\"og:description\" content=\"Teresa Guilherme participou no programa Cala-te boca, da Mega Hits, onde abordou a rela\u00e7\u00e3o da atual cara da CMTV com os reality shows. A comentadora da CMTV disse que n\u00e3o pretende voltar a apresentar reality shows e que os formatos s\u00e3o uma c\u00f3pia. Explicou que, no in\u00edcio de cada reality, dedicava-se 24 horas por dia, e que, ap\u00f3s apresentar o \u00faltimo h\u00e1 cinco anos, perdeu o interesse. Sobre Cristina Ferreira, Teresa Guilherme afirmou que n\u00e3o foi uma experi\u00eancia fant\u00e1stica trabalhar com ela como diretora; Cristina Ferreira \u00e9 a atual cara da CMTV.\" \/>\n<meta property=\"og:url\" content=\"https:\/\/portaltela.pt\/noticias\/2026\/03\/06\/teresa-guilherme-critica-trabalhar-com-cristina-ferreira-como-diretora\/\" \/>\n<meta property=\"og:site_name\" content=\"Portal Tela Portugal\" \/>\n<meta property=\"article:published_time\" content=\"2026-03-07T01:30:00+00:00\" \/>\n<meta name=\"author\" content=\"Telinha\" \/>\n<meta name=\"twitter:card\" content=\"summary_large_image\" \/>\n<meta name=\"twitter:label1\" content=\"Escrito por\" \/>\n\t<meta name=\"twitter:data1\" content=\"Telinha\" \/>\n\t<meta name=\"twitter:label2\" content=\"Tempo estimado de leitura\" \/>\n\t<meta name=\"twitter:data2\" content=\"1 minuto\" \/>\n<script type=\"application\/ld+json\" class=\"yoast-schema-graph\">{\"@context\":\"https:\/\/schema.org\",\"@graph\":[{\"@type\":\"Article\",\"@id\":\"https:\/\/portaltela.pt\/noticias\/2026\/03\/06\/teresa-guilherme-critica-trabalhar-com-cristina-ferreira-como-diretora\/#article\",\"isPartOf\":{\"@id\":\"https:\/\/portaltela.pt\/noticias\/2026\/03\/06\/teresa-guilherme-critica-trabalhar-com-cristina-ferreira-como-diretora\/\"},\"author\":{\"name\":\"Telinha\",\"@id\":\"https:\/\/portaltela.pt\/#\/schema\/person\/c4278d4a6028830caff9ee44b42d32ed\"},\"headline\":\"Teresa Guilherme critica trabalhar com Cristina Ferreira como diretora\",\"datePublished\":\"2026-03-07T01:30:00+00:00\",\"mainEntityOfPage\":{\"@id\":\"https:\/\/portaltela.pt\/noticias\/2026\/03\/06\/teresa-guilherme-critica-trabalhar-com-cristina-ferreira-como-diretora\/\"},\"wordCount\":139,\"image\":{\"@id\":\"https:\/\/portaltela.pt\/noticias\/2026\/03\/06\/teresa-guilherme-critica-trabalhar-com-cristina-ferreira-como-diretora\/#primaryimage\"},\"thumbnailUrl\":\"https:\/\/portaltela.pt\/s.01k8rhncp4jt1\/2026\/03\/img_1500x1000uu2024-12-31-18-36-19-2185342.jpg\",\"keywords\":[\"Cristina Ferreira\",\"famosos\",\"imprensa\",\"not\u00edcia\",\"programa\u00e7\u00e3o\"],\"articleSection\":[\"Celebridades\",\"Entretenimento\"],\"inLanguage\":\"pt-PT\"},{\"@type\":\"WebPage\",\"@id\":\"https:\/\/portaltela.pt\/noticias\/2026\/03\/06\/teresa-guilherme-critica-trabalhar-com-cristina-ferreira-como-diretora\/\",\"url\":\"https:\/\/portaltela.pt\/noticias\/2026\/03\/06\/teresa-guilherme-critica-trabalhar-com-cristina-ferreira-como-diretora\/\",\"name\":\"Teresa Guilherme critica trabalhar com Cristina Ferreira como diretora - Portal Tela Portugal\",\"isPartOf\":{\"@id\":\"https:\/\/portaltela.pt\/#website\"},\"primaryImageOfPage\":{\"@id\":\"https:\/\/portaltela.pt\/noticias\/2026\/03\/06\/teresa-guilherme-critica-trabalhar-com-cristina-ferreira-como-diretora\/#primaryimage\"},\"image\":{\"@id\":\"https:\/\/portaltela.pt\/noticias\/2026\/03\/06\/teresa-guilherme-critica-trabalhar-com-cristina-ferreira-como-diretora\/#primaryimage\"},\"thumbnailUrl\":\"https:\/\/portaltela.pt\/s.01k8rhncp4jt1\/2026\/03\/img_1500x1000uu2024-12-31-18-36-19-2185342.jpg\",\"datePublished\":\"2026-03-07T01:30:00+00:00\",\"author\":{\"@id\":\"https:\/\/portaltela.pt\/#\/schema\/person\/c4278d4a6028830caff9ee44b42d32ed\"},\"breadcrumb\":{\"@id\":\"https:\/\/portaltela.pt\/noticias\/2026\/03\/06\/teresa-guilherme-critica-trabalhar-com-cristina-ferreira-como-diretora\/#breadcrumb\"},\"inLanguage\":\"pt-PT\",\"potentialAction\":[{\"@type\":\"ReadAction\",\"target\":[\"https:\/\/portaltela.pt\/noticias\/2026\/03\/06\/teresa-guilherme-critica-trabalhar-com-cristina-ferreira-como-diretora\/\"]}]},{\"@type\":\"ImageObject\",\"inLanguage\":\"pt-PT\",\"@id\":\"https:\/\/portaltela.pt\/noticias\/2026\/03\/06\/teresa-guilherme-critica-trabalhar-com-cristina-ferreira-como-diretora\/#primaryimage\",\"url\":\"https:\/\/portaltela.pt\/s.01k8rhncp4jt1\/2026\/03\/img_1500x1000uu2024-12-31-18-36-19-2185342.jpg\",\"contentUrl\":\"https:\/\/portaltela.pt\/s.01k8rhncp4jt1\/2026\/03\/img_1500x1000uu2024-12-31-18-36-19-2185342.jpg\",\"width\":796,\"height\":448,\"caption\":\"Teresa Guilherme \u00e9 atualmente comentadora do 'Noite com as Estrelas'\"},{\"@type\":\"BreadcrumbList\",\"@id\":\"https:\/\/portaltela.pt\/noticias\/2026\/03\/06\/teresa-guilherme-critica-trabalhar-com-cristina-ferreira-como-diretora\/#breadcrumb\",\"itemListElement\":[{\"@type\":\"ListItem\",\"position\":1,\"name\":\"In\u00edcio\",\"item\":\"https:\/\/portaltela.pt\/\"},{\"@type\":\"ListItem\",\"position\":2,\"name\":\"Teresa Guilherme critica trabalhar com Cristina Ferreira como diretora\"}]},{\"@type\":\"WebSite\",\"@id\":\"https:\/\/portaltela.pt\/#website\",\"url\":\"https:\/\/portaltela.pt\/\",\"name\":\"Portal Tela Portugal\",\"description\":\"\",\"potentialAction\":[{\"@type\":\"SearchAction\",\"target\":{\"@type\":\"EntryPoint\",\"urlTemplate\":\"https:\/\/portaltela.pt\/?s={search_term_string}\"},\"query-input\":{\"@type\":\"PropertyValueSpecification\",\"valueRequired\":true,\"valueName\":\"search_term_string\"}}],\"inLanguage\":\"pt-PT\"},{\"@type\":\"Person\",\"@id\":\"https:\/\/portaltela.pt\/#\/schema\/person\/c4278d4a6028830caff9ee44b42d32ed\",\"name\":\"Telinha\",\"image\":{\"@type\":\"ImageObject\",\"inLanguage\":\"pt-PT\",\"@id\":\"https:\/\/portaltela.pt\/s.01k8rhncp4jt1\/2025\/11\/talking-bot-125x125.png\",\"url\":\"https:\/\/portaltela.pt\/s.01k8rhncp4jt1\/2025\/11\/talking-bot-125x125.png\",\"contentUrl\":\"https:\/\/portaltela.pt\/s.01k8rhncp4jt1\/2025\/11\/talking-bot-125x125.png\",\"caption\":\"Telinha\"},\"sameAs\":[\"https:\/\/portaltela.pt\/\"],\"url\":\"https:\/\/portaltela.pt\/por\/367410592786\/\"}]}<\/script>\n<!-- \/ Yoast SEO plugin. -->","yoast_head_json":{"title":"Teresa Guilherme critica trabalhar com Cristina Ferreira como diretora - Portal Tela Portugal","robots":{"index":"index","follow":"follow","max-snippet":"max-snippet:-1","max-image-preview":"max-image-preview:large","max-video-preview":"max-video-preview:-1"},"og_locale":"pt_PT","og_type":"article","og_title":"Teresa Guilherme critica trabalhar com Cristina Ferreira como diretora - Portal Tela Portugal","og_description":"Teresa Guilherme participou no programa Cala-te boca, da Mega Hits, onde abordou a rela\u00e7\u00e3o da atual cara da CMTV com os reality shows. A comentadora da CMTV disse que n\u00e3o pretende voltar a apresentar reality shows e que os formatos s\u00e3o uma c\u00f3pia. Explicou que, no in\u00edcio de cada reality, dedicava-se 24 horas por dia, e que, ap\u00f3s apresentar o \u00faltimo h\u00e1 cinco anos, perdeu o interesse. Sobre Cristina Ferreira, Teresa Guilherme afirmou que n\u00e3o foi uma experi\u00eancia fant\u00e1stica trabalhar com ela como diretora; Cristina Ferreira \u00e9 a atual cara da CMTV.","og_url":"https:\/\/portaltela.pt\/noticias\/2026\/03\/06\/teresa-guilherme-critica-trabalhar-com-cristina-ferreira-como-diretora\/","og_site_name":"Portal Tela Portugal","article_published_time":"2026-03-07T01:30:00+00:00","author":"Telinha","twitter_card":"summary_large_image","twitter_misc":{"Escrito por":"Telinha","Tempo estimado de leitura":"1 minuto"},"schema":{"@context":"https:\/\/schema.org","@graph":[{"@type":"Article","@id":"https:\/\/portaltela.pt\/noticias\/2026\/03\/06\/teresa-guilherme-critica-trabalhar-com-cristina-ferreira-como-diretora\/#article","isPartOf":{"@id":"https:\/\/portaltela.pt\/noticias\/2026\/03\/06\/teresa-guilherme-critica-trabalhar-com-cristina-ferreira-como-diretora\/"},"author":{"name":"Telinha","@id":"https:\/\/portaltela.pt\/#\/schema\/person\/c4278d4a6028830caff9ee44b42d32ed"},"headline":"Teresa Guilherme critica trabalhar com Cristina Ferreira como diretora","datePublished":"2026-03-07T01:30:00+00:00","mainEntityOfPage":{"@id":"https:\/\/portaltela.pt\/noticias\/2026\/03\/06\/teresa-guilherme-critica-trabalhar-com-cristina-ferreira-como-diretora\/"},"wordCount":139,"image":{"@id":"https:\/\/portaltela.pt\/noticias\/2026\/03\/06\/teresa-guilherme-critica-trabalhar-com-cristina-ferreira-como-diretora\/#primaryimage"},"thumbnailUrl":"https:\/\/portaltela.pt\/s.01k8rhncp4jt1\/2026\/03\/img_1500x1000uu2024-12-31-18-36-19-2185342.jpg","keywords":["Cristina Ferreira","famosos","imprensa","not\u00edcia","programa\u00e7\u00e3o"],"articleSection":["Celebridades","Entretenimento"],"inLanguage":"pt-PT"},{"@type":"WebPage","@id":"https:\/\/portaltela.pt\/noticias\/2026\/03\/06\/teresa-guilherme-critica-trabalhar-com-cristina-ferreira-como-diretora\/","url":"https:\/\/portaltela.pt\/noticias\/2026\/03\/06\/teresa-guilherme-critica-trabalhar-com-cristina-ferreira-como-diretora\/","name":"Teresa Guilherme critica trabalhar com Cristina Ferreira como diretora - Portal Tela Portugal","isPartOf":{"@id":"https:\/\/portaltela.pt\/#website"},"primaryImageOfPage":{"@id":"https:\/\/portaltela.pt\/noticias\/2026\/03\/06\/teresa-guilherme-critica-trabalhar-com-cristina-ferreira-como-diretora\/#primaryimage"},"image":{"@id":"https:\/\/portaltela.pt\/noticias\/2026\/03\/06\/teresa-guilherme-critica-trabalhar-com-cristina-ferreira-como-diretora\/#primaryimage"},"thumbnailUrl":"https:\/\/portaltela.pt\/s.01k8rhncp4jt1\/2026\/03\/img_1500x1000uu2024-12-31-18-36-19-2185342.jpg","datePublished":"2026-03-07T01:30:00+00:00","author":{"@id":"https:\/\/portaltela.pt\/#\/schema\/person\/c4278d4a6028830caff9ee44b42d32ed"},"breadcrumb":{"@id":"https:\/\/portaltela.pt\/noticias\/2026\/03\/06\/teresa-guilherme-critica-trabalhar-com-cristina-ferreira-como-diretora\/#breadcrumb"},"inLanguage":"pt-PT","potentialAction":[{"@type":"ReadAction","target":["https:\/\/portaltela.pt\/noticias\/2026\/03\/06\/teresa-guilherme-critica-trabalhar-com-cristina-ferreira-como-diretora\/"]}]},{"@type":"ImageObject","inLanguage":"pt-PT","@id":"https:\/\/portaltela.pt\/noticias\/2026\/03\/06\/teresa-guilherme-critica-trabalhar-com-cristina-ferreira-como-diretora\/#primaryimage","url":"https:\/\/portaltela.pt\/s.01k8rhncp4jt1\/2026\/03\/img_1500x1000uu2024-12-31-18-36-19-2185342.jpg","contentUrl":"https:\/\/portaltela.pt\/s.01k8rhncp4jt1\/2026\/03\/img_1500x1000uu2024-12-31-18-36-19-2185342.jpg","width":796,"height":448,"caption":"Teresa Guilherme \u00e9 atualmente comentadora do 'Noite com as Estrelas'"},{"@type":"BreadcrumbList","@id":"https:\/\/portaltela.pt\/noticias\/2026\/03\/06\/teresa-guilherme-critica-trabalhar-com-cristina-ferreira-como-diretora\/#breadcrumb","itemListElement":[{"@type":"ListItem","position":1,"name":"In\u00edcio","item":"https:\/\/portaltela.pt\/"},{"@type":"ListItem","position":2,"name":"Teresa Guilherme critica trabalhar com Cristina Ferreira como diretora"}]},{"@type":"WebSite","@id":"https:\/\/portaltela.pt\/#website","url":"https:\/\/portaltela.pt\/","name":"Portal Tela Portugal","description":"","potentialAction":[{"@type":"SearchAction","target":{"@type":"EntryPoint","urlTemplate":"https:\/\/portaltela.pt\/?s={search_term_string}"},"query-input":{"@type":"PropertyValueSpecification","valueRequired":true,"valueName":"search_term_string"}}],"inLanguage":"pt-PT"},{"@type":"Person","@id":"https:\/\/portaltela.pt\/#\/schema\/person\/c4278d4a6028830caff9ee44b42d32ed","name":"Telinha","image":{"@type":"ImageObject","inLanguage":"pt-PT","@id":"https:\/\/portaltela.pt\/s.01k8rhncp4jt1\/2025\/11\/talking-bot-125x125.png","url":"https:\/\/portaltela.pt\/s.01k8rhncp4jt1\/2025\/11\/talking-bot-125x125.png","contentUrl":"https:\/\/portaltela.pt\/s.01k8rhncp4jt1\/2025\/11\/talking-bot-125x125.png","caption":"Telinha"},"sameAs":["https:\/\/portaltela.pt\/"],"url":"https:\/\/portaltela.pt\/por\/367410592786\/"}]}},"_links":{"self":[{"href":"https:\/\/portaltela.pt\/api\/wp\/v2\/posts\/400993","targetHints":{"allow":["GET"]}}],"collection":[{"href":"https:\/\/portaltela.pt\/api\/wp\/v2\/posts"}],"about":[{"href":"https:\/\/portaltela.pt\/api\/wp\/v2\/types\/post"}],"author":[{"embeddable":true,"href":"https:\/\/portaltela.pt\/api\/wp\/v2\/users\/2"}],"replies":[{"embeddable":true,"href":"https:\/\/portaltela.pt\/api\/wp\/v2\/comments?post=400993"}],"version-history":[{"count":0,"href":"https:\/\/portaltela.pt\/api\/wp\/v2\/posts\/400993\/revisions"}],"wp:featuredmedia":[{"embeddable":true,"href":"https:\/\/portaltela.pt\/api\/wp\/v2\/media\/400998"}],"wp:attachment":[{"href":"https:\/\/portaltela.pt\/api\/wp\/v2\/media?parent=400993"}],"wp:term":[{"taxonomy":"category","embeddable":true,"href":"https:\/\/portaltela.pt\/api\/wp\/v2\/categories?post=400993"},{"taxonomy":"post_tag","embeddable":true,"href":"https:\/\/portaltela.pt\/api\/wp\/v2\/tags?post=400993"}],"curies":[{"name":"wp","href":"https:\/\/api.w.org\/{rel}","templated":true}]}}