{"id":400990,"date":"2026-03-06T22:30:00","date_gmt":"2026-03-07T01:30:00","guid":{"rendered":"https:\/\/portaltela.pt\/noticias\/2026\/03\/06\/rui-borges-promete-vela-para-evitar-lesoes-de-suarez\/"},"modified":"2026-03-06T22:30:00","modified_gmt":"2026-03-07T01:30:00","slug":"rui-borges-promete-vela-para-evitar-lesoes-de-suarez","status":"publish","type":"post","link":"https:\/\/portaltela.pt\/desporto\/futebol\/2026\/03\/06\/rui-borges-promete-vela-para-evitar-lesoes-de-suarez\/","title":{"rendered":"Rui Borges promete vela para evitar les\u00f5es de Su\u00e1rez"},"content":{"rendered":"<p>Rui Borges, treinador do Sporting, admitiu preocupa\u00e7\u00e3o com a poss\u00edvel aus\u00eancia de Luis Su\u00e1rez numa fase decisiva da \u00e9poca, em contexto de desgaste competitivo e da falta de alternativas no ataque. A indisponibilidade de Ioannidis agrava a depend\u00eancia do plantel em Su\u00e1rez, segundo o t\u00e9cnico.<\/p>\n<p>O treinador indicou que ser\u00e3o adotadas medidas preventivas para evitar les\u00f5es a Su\u00e1rez, incluindo rotinas de prote\u00e7\u00e3o que envolvem h\u00e1bitos simb\u00f3licos. O objetivo \u00e9 manter o rendimento do atacante-chave sem aumentar o risco de les\u00f5es durante o per\u00edodo intenso da temporada.<\/p>\n<p>A situa\u00e7\u00e3o tem impacto direto no planeamento ofensivo da equipa, que passa por ajustar recursos do plantel para enfrentar compromissos de alto n\u00edvel. Borges refor\u00e7ou que a gest\u00e3o de esfor\u00e7o \u00e9 central neste momento da \u00e9poca, sem adiantar pormenores sobre consequ\u00eancias para composi\u00e7\u00f5es futuras.<\/p>\n<h3>Medidas e contexto<\/h3>\n<p>De acordo com o CM Jornal, o t\u00e9cnico tem procurado equilibrar a utiliza\u00e7\u00e3o de Su\u00e1rez com estrat\u00e9gias que promovam a preserva\u00e7\u00e3o f\u00edsica. A equipa t\u00e9cnica considera a disponibilidade de Ioannidis crucial para distribuir responsabilidades no ataque.<\/p>\n<p>A avaliar est\u00e1 ainda o calend\u00e1rio pr\u00f3ximo, com jogos que obrigam a decis\u00f5es r\u00e1pidas sobre aposi\u00e7\u00f5es de recurso humano no setor ofensivo. O Sporting mant\u00e9m o foco em manter o plantel est\u00e1vel e competitivo at\u00e9 ao t\u00e9rmino da \u00e9poca.<\/p>\n","protected":false},"excerpt":{"rendered":"<ul>\n<li>Rui Borges, treinador do Sporting, admite receio de ficar sem Luis Su\u00e1rez numa fase decisiva da \u00e9poca.<\/li>\n<li>A falta de alternativas para o ataque aumenta o desgaste e a preocupa\u00e7\u00e3o com les\u00f5es.<\/li>\n<li>O t\u00e9cnico cita a indisponibilidade de Ioannidis como fator que pesa sobre as op\u00e7\u00f5es ofensivas.<\/li>\n<li>Borges promete rituais, dizendo que vai \u201cmeter uma velinha e bater na madeira\u201d para n\u00e3o se aleijar o uruguaio.<\/li>\n<li>A preocupa\u00e7\u00e3o prende-se com a import\u00e2ncia de Su\u00e1rez neste momento da temporada.<\/li>\n<\/ul>\n","protected":false},"author":2,"featured_media":400992,"comment_status":"closed","ping_status":"closed","sticky":false,"template":"","format":"standard","meta":{"footnotes":""},"categories":[21,24],"tags":[32,6098,2538,5936,1652,4151],"class_list":["post-400990","post","type-post","status-publish","format-standard","has-post-thumbnail","hentry","category-desporto","category-futebol","tag-futebol","tag-ioannidis","tag-lesoes","tag-planeamento-desportivo","tag-sporting","tag-suarez"],"yoast_head":"<!-- This site is optimized with the Yoast SEO plugin v27.2 - https:\/\/yoast.com\/product\/yoast-seo-wordpress\/ -->\n<title>Rui Borges promete vela para evitar les\u00f5es de Su\u00e1rez - Portal Tela Portugal<\/title>\n<meta name=\"robots\" content=\"index, follow, max-snippet:-1, max-image-preview:large, max-video-preview:-1\" \/>\n<meta property=\"og:locale\" content=\"pt_PT\" \/>\n<meta property=\"og:type\" content=\"article\" \/>\n<meta property=\"og:title\" content=\"Rui Borges promete vela para evitar les\u00f5es de Su\u00e1rez - Portal Tela Portugal\" \/>\n<meta property=\"og:description\" content=\"Rui Borges, treinador do Sporting, admite receio de ficar sem Luis Su\u00e1rez numa fase decisiva da \u00e9poca. A falta de alternativas para o ataque aumenta o desgaste e a preocupa\u00e7\u00e3o com les\u00f5es. O t\u00e9cnico cita a indisponibilidade de Ioannidis como fator que pesa sobre as op\u00e7\u00f5es ofensivas. Borges promete rituais, dizendo que vai \u201cmeter uma velinha e bater na madeira\u201d para n\u00e3o se aleijar o uruguaio. A preocupa\u00e7\u00e3o prende-se com a import\u00e2ncia de Su\u00e1rez neste momento da temporada.\" \/>\n<meta property=\"og:url\" content=\"https:\/\/portaltela.pt\/noticias\/2026\/03\/06\/rui-borges-promete-vela-para-evitar-lesoes-de-suarez\/\" \/>\n<meta property=\"og:site_name\" content=\"Portal Tela Portugal\" \/>\n<meta property=\"article:published_time\" content=\"2026-03-07T01:30:00+00:00\" \/>\n<meta name=\"author\" content=\"Telinha\" \/>\n<meta name=\"twitter:card\" content=\"summary_large_image\" \/>\n<meta name=\"twitter:label1\" content=\"Escrito por\" \/>\n\t<meta name=\"twitter:data1\" content=\"Telinha\" \/>\n\t<meta name=\"twitter:label2\" content=\"Tempo estimado de leitura\" \/>\n\t<meta name=\"twitter:data2\" content=\"1 minuto\" \/>\n<script type=\"application\/ld+json\" class=\"yoast-schema-graph\">{\"@context\":\"https:\/\/schema.org\",\"@graph\":[{\"@type\":\"Article\",\"@id\":\"https:\/\/portaltela.pt\/noticias\/2026\/03\/06\/rui-borges-promete-vela-para-evitar-lesoes-de-suarez\/#article\",\"isPartOf\":{\"@id\":\"https:\/\/portaltela.pt\/noticias\/2026\/03\/06\/rui-borges-promete-vela-para-evitar-lesoes-de-suarez\/\"},\"author\":{\"name\":\"Telinha\",\"@id\":\"https:\/\/portaltela.pt\/#\/schema\/person\/c4278d4a6028830caff9ee44b42d32ed\"},\"headline\":\"Rui Borges promete vela para evitar les\u00f5es de Su\u00e1rez\",\"datePublished\":\"2026-03-07T01:30:00+00:00\",\"mainEntityOfPage\":{\"@id\":\"https:\/\/portaltela.pt\/noticias\/2026\/03\/06\/rui-borges-promete-vela-para-evitar-lesoes-de-suarez\/\"},\"wordCount\":254,\"image\":{\"@id\":\"https:\/\/portaltela.pt\/noticias\/2026\/03\/06\/rui-borges-promete-vela-para-evitar-lesoes-de-suarez\/#primaryimage\"},\"thumbnailUrl\":\"https:\/\/portaltela.pt\/s.01k8rhncp4jt1\/2026\/03\/img_1500x1000uu2026-02-27-19-44-35-2269459.jpg\",\"keywords\":[\"futebol\",\"Ioannidis\",\"les\u00f5es\",\"planeamento desportivo\",\"Sporting\",\"Su\u00e1rez\"],\"articleSection\":[\"Desporto\",\"Futebol\"],\"inLanguage\":\"pt-PT\"},{\"@type\":\"WebPage\",\"@id\":\"https:\/\/portaltela.pt\/noticias\/2026\/03\/06\/rui-borges-promete-vela-para-evitar-lesoes-de-suarez\/\",\"url\":\"https:\/\/portaltela.pt\/noticias\/2026\/03\/06\/rui-borges-promete-vela-para-evitar-lesoes-de-suarez\/\",\"name\":\"Rui Borges promete vela para evitar les\u00f5es de Su\u00e1rez - Portal Tela Portugal\",\"isPartOf\":{\"@id\":\"https:\/\/portaltela.pt\/#website\"},\"primaryImageOfPage\":{\"@id\":\"https:\/\/portaltela.pt\/noticias\/2026\/03\/06\/rui-borges-promete-vela-para-evitar-lesoes-de-suarez\/#primaryimage\"},\"image\":{\"@id\":\"https:\/\/portaltela.pt\/noticias\/2026\/03\/06\/rui-borges-promete-vela-para-evitar-lesoes-de-suarez\/#primaryimage\"},\"thumbnailUrl\":\"https:\/\/portaltela.pt\/s.01k8rhncp4jt1\/2026\/03\/img_1500x1000uu2026-02-27-19-44-35-2269459.jpg\",\"datePublished\":\"2026-03-07T01:30:00+00:00\",\"author\":{\"@id\":\"https:\/\/portaltela.pt\/#\/schema\/person\/c4278d4a6028830caff9ee44b42d32ed\"},\"breadcrumb\":{\"@id\":\"https:\/\/portaltela.pt\/noticias\/2026\/03\/06\/rui-borges-promete-vela-para-evitar-lesoes-de-suarez\/#breadcrumb\"},\"inLanguage\":\"pt-PT\",\"potentialAction\":[{\"@type\":\"ReadAction\",\"target\":[\"https:\/\/portaltela.pt\/noticias\/2026\/03\/06\/rui-borges-promete-vela-para-evitar-lesoes-de-suarez\/\"]}]},{\"@type\":\"ImageObject\",\"inLanguage\":\"pt-PT\",\"@id\":\"https:\/\/portaltela.pt\/noticias\/2026\/03\/06\/rui-borges-promete-vela-para-evitar-lesoes-de-suarez\/#primaryimage\",\"url\":\"https:\/\/portaltela.pt\/s.01k8rhncp4jt1\/2026\/03\/img_1500x1000uu2026-02-27-19-44-35-2269459.jpg\",\"contentUrl\":\"https:\/\/portaltela.pt\/s.01k8rhncp4jt1\/2026\/03\/img_1500x1000uu2026-02-27-19-44-35-2269459.jpg\",\"width\":796,\"height\":448,\"caption\":\"Rui Borges, treinador do Sporting\"},{\"@type\":\"BreadcrumbList\",\"@id\":\"https:\/\/portaltela.pt\/noticias\/2026\/03\/06\/rui-borges-promete-vela-para-evitar-lesoes-de-suarez\/#breadcrumb\",\"itemListElement\":[{\"@type\":\"ListItem\",\"position\":1,\"name\":\"In\u00edcio\",\"item\":\"https:\/\/portaltela.pt\/\"},{\"@type\":\"ListItem\",\"position\":2,\"name\":\"Rui Borges promete vela para evitar les\u00f5es de Su\u00e1rez\"}]},{\"@type\":\"WebSite\",\"@id\":\"https:\/\/portaltela.pt\/#website\",\"url\":\"https:\/\/portaltela.pt\/\",\"name\":\"Portal Tela Portugal\",\"description\":\"\",\"potentialAction\":[{\"@type\":\"SearchAction\",\"target\":{\"@type\":\"EntryPoint\",\"urlTemplate\":\"https:\/\/portaltela.pt\/?s={search_term_string}\"},\"query-input\":{\"@type\":\"PropertyValueSpecification\",\"valueRequired\":true,\"valueName\":\"search_term_string\"}}],\"inLanguage\":\"pt-PT\"},{\"@type\":\"Person\",\"@id\":\"https:\/\/portaltela.pt\/#\/schema\/person\/c4278d4a6028830caff9ee44b42d32ed\",\"name\":\"Telinha\",\"image\":{\"@type\":\"ImageObject\",\"inLanguage\":\"pt-PT\",\"@id\":\"https:\/\/portaltela.pt\/s.01k8rhncp4jt1\/2025\/11\/talking-bot-125x125.png\",\"url\":\"https:\/\/portaltela.pt\/s.01k8rhncp4jt1\/2025\/11\/talking-bot-125x125.png\",\"contentUrl\":\"https:\/\/portaltela.pt\/s.01k8rhncp4jt1\/2025\/11\/talking-bot-125x125.png\",\"caption\":\"Telinha\"},\"sameAs\":[\"https:\/\/portaltela.pt\/\"],\"url\":\"https:\/\/portaltela.pt\/por\/367410592786\/\"}]}<\/script>\n<!-- \/ Yoast SEO plugin. -->","yoast_head_json":{"title":"Rui Borges promete vela para evitar les\u00f5es de Su\u00e1rez - Portal Tela Portugal","robots":{"index":"index","follow":"follow","max-snippet":"max-snippet:-1","max-image-preview":"max-image-preview:large","max-video-preview":"max-video-preview:-1"},"og_locale":"pt_PT","og_type":"article","og_title":"Rui Borges promete vela para evitar les\u00f5es de Su\u00e1rez - Portal Tela Portugal","og_description":"Rui Borges, treinador do Sporting, admite receio de ficar sem Luis Su\u00e1rez numa fase decisiva da \u00e9poca. A falta de alternativas para o ataque aumenta o desgaste e a preocupa\u00e7\u00e3o com les\u00f5es. O t\u00e9cnico cita a indisponibilidade de Ioannidis como fator que pesa sobre as op\u00e7\u00f5es ofensivas. Borges promete rituais, dizendo que vai \u201cmeter uma velinha e bater na madeira\u201d para n\u00e3o se aleijar o uruguaio. A preocupa\u00e7\u00e3o prende-se com a import\u00e2ncia de Su\u00e1rez neste momento da temporada.","og_url":"https:\/\/portaltela.pt\/noticias\/2026\/03\/06\/rui-borges-promete-vela-para-evitar-lesoes-de-suarez\/","og_site_name":"Portal Tela Portugal","article_published_time":"2026-03-07T01:30:00+00:00","author":"Telinha","twitter_card":"summary_large_image","twitter_misc":{"Escrito por":"Telinha","Tempo estimado de leitura":"1 minuto"},"schema":{"@context":"https:\/\/schema.org","@graph":[{"@type":"Article","@id":"https:\/\/portaltela.pt\/noticias\/2026\/03\/06\/rui-borges-promete-vela-para-evitar-lesoes-de-suarez\/#article","isPartOf":{"@id":"https:\/\/portaltela.pt\/noticias\/2026\/03\/06\/rui-borges-promete-vela-para-evitar-lesoes-de-suarez\/"},"author":{"name":"Telinha","@id":"https:\/\/portaltela.pt\/#\/schema\/person\/c4278d4a6028830caff9ee44b42d32ed"},"headline":"Rui Borges promete vela para evitar les\u00f5es de Su\u00e1rez","datePublished":"2026-03-07T01:30:00+00:00","mainEntityOfPage":{"@id":"https:\/\/portaltela.pt\/noticias\/2026\/03\/06\/rui-borges-promete-vela-para-evitar-lesoes-de-suarez\/"},"wordCount":254,"image":{"@id":"https:\/\/portaltela.pt\/noticias\/2026\/03\/06\/rui-borges-promete-vela-para-evitar-lesoes-de-suarez\/#primaryimage"},"thumbnailUrl":"https:\/\/portaltela.pt\/s.01k8rhncp4jt1\/2026\/03\/img_1500x1000uu2026-02-27-19-44-35-2269459.jpg","keywords":["futebol","Ioannidis","les\u00f5es","planeamento desportivo","Sporting","Su\u00e1rez"],"articleSection":["Desporto","Futebol"],"inLanguage":"pt-PT"},{"@type":"WebPage","@id":"https:\/\/portaltela.pt\/noticias\/2026\/03\/06\/rui-borges-promete-vela-para-evitar-lesoes-de-suarez\/","url":"https:\/\/portaltela.pt\/noticias\/2026\/03\/06\/rui-borges-promete-vela-para-evitar-lesoes-de-suarez\/","name":"Rui Borges promete vela para evitar les\u00f5es de Su\u00e1rez - Portal Tela Portugal","isPartOf":{"@id":"https:\/\/portaltela.pt\/#website"},"primaryImageOfPage":{"@id":"https:\/\/portaltela.pt\/noticias\/2026\/03\/06\/rui-borges-promete-vela-para-evitar-lesoes-de-suarez\/#primaryimage"},"image":{"@id":"https:\/\/portaltela.pt\/noticias\/2026\/03\/06\/rui-borges-promete-vela-para-evitar-lesoes-de-suarez\/#primaryimage"},"thumbnailUrl":"https:\/\/portaltela.pt\/s.01k8rhncp4jt1\/2026\/03\/img_1500x1000uu2026-02-27-19-44-35-2269459.jpg","datePublished":"2026-03-07T01:30:00+00:00","author":{"@id":"https:\/\/portaltela.pt\/#\/schema\/person\/c4278d4a6028830caff9ee44b42d32ed"},"breadcrumb":{"@id":"https:\/\/portaltela.pt\/noticias\/2026\/03\/06\/rui-borges-promete-vela-para-evitar-lesoes-de-suarez\/#breadcrumb"},"inLanguage":"pt-PT","potentialAction":[{"@type":"ReadAction","target":["https:\/\/portaltela.pt\/noticias\/2026\/03\/06\/rui-borges-promete-vela-para-evitar-lesoes-de-suarez\/"]}]},{"@type":"ImageObject","inLanguage":"pt-PT","@id":"https:\/\/portaltela.pt\/noticias\/2026\/03\/06\/rui-borges-promete-vela-para-evitar-lesoes-de-suarez\/#primaryimage","url":"https:\/\/portaltela.pt\/s.01k8rhncp4jt1\/2026\/03\/img_1500x1000uu2026-02-27-19-44-35-2269459.jpg","contentUrl":"https:\/\/portaltela.pt\/s.01k8rhncp4jt1\/2026\/03\/img_1500x1000uu2026-02-27-19-44-35-2269459.jpg","width":796,"height":448,"caption":"Rui Borges, treinador do Sporting"},{"@type":"BreadcrumbList","@id":"https:\/\/portaltela.pt\/noticias\/2026\/03\/06\/rui-borges-promete-vela-para-evitar-lesoes-de-suarez\/#breadcrumb","itemListElement":[{"@type":"ListItem","position":1,"name":"In\u00edcio","item":"https:\/\/portaltela.pt\/"},{"@type":"ListItem","position":2,"name":"Rui Borges promete vela para evitar les\u00f5es de Su\u00e1rez"}]},{"@type":"WebSite","@id":"https:\/\/portaltela.pt\/#website","url":"https:\/\/portaltela.pt\/","name":"Portal Tela Portugal","description":"","potentialAction":[{"@type":"SearchAction","target":{"@type":"EntryPoint","urlTemplate":"https:\/\/portaltela.pt\/?s={search_term_string}"},"query-input":{"@type":"PropertyValueSpecification","valueRequired":true,"valueName":"search_term_string"}}],"inLanguage":"pt-PT"},{"@type":"Person","@id":"https:\/\/portaltela.pt\/#\/schema\/person\/c4278d4a6028830caff9ee44b42d32ed","name":"Telinha","image":{"@type":"ImageObject","inLanguage":"pt-PT","@id":"https:\/\/portaltela.pt\/s.01k8rhncp4jt1\/2025\/11\/talking-bot-125x125.png","url":"https:\/\/portaltela.pt\/s.01k8rhncp4jt1\/2025\/11\/talking-bot-125x125.png","contentUrl":"https:\/\/portaltela.pt\/s.01k8rhncp4jt1\/2025\/11\/talking-bot-125x125.png","caption":"Telinha"},"sameAs":["https:\/\/portaltela.pt\/"],"url":"https:\/\/portaltela.pt\/por\/367410592786\/"}]}},"_links":{"self":[{"href":"https:\/\/portaltela.pt\/api\/wp\/v2\/posts\/400990","targetHints":{"allow":["GET"]}}],"collection":[{"href":"https:\/\/portaltela.pt\/api\/wp\/v2\/posts"}],"about":[{"href":"https:\/\/portaltela.pt\/api\/wp\/v2\/types\/post"}],"author":[{"embeddable":true,"href":"https:\/\/portaltela.pt\/api\/wp\/v2\/users\/2"}],"replies":[{"embeddable":true,"href":"https:\/\/portaltela.pt\/api\/wp\/v2\/comments?post=400990"}],"version-history":[{"count":0,"href":"https:\/\/portaltela.pt\/api\/wp\/v2\/posts\/400990\/revisions"}],"wp:featuredmedia":[{"embeddable":true,"href":"https:\/\/portaltela.pt\/api\/wp\/v2\/media\/400992"}],"wp:attachment":[{"href":"https:\/\/portaltela.pt\/api\/wp\/v2\/media?parent=400990"}],"wp:term":[{"taxonomy":"category","embeddable":true,"href":"https:\/\/portaltela.pt\/api\/wp\/v2\/categories?post=400990"},{"taxonomy":"post_tag","embeddable":true,"href":"https:\/\/portaltela.pt\/api\/wp\/v2\/tags?post=400990"}],"curies":[{"name":"wp","href":"https:\/\/api.w.org\/{rel}","templated":true}]}}