{"id":400972,"date":"2026-03-06T21:51:24","date_gmt":"2026-03-07T00:51:24","guid":{"rendered":"https:\/\/portaltela.pt\/noticias\/2026\/03\/06\/raimundo-pcp-destinado-a-crescer-e-papel-do-partido-nos-avancos-do-pais\/"},"modified":"2026-03-06T21:51:24","modified_gmt":"2026-03-07T00:51:24","slug":"raimundo-pcp-destinado-a-crescer-e-papel-do-partido-nos-avancos-do-pais","status":"publish","type":"post","link":"https:\/\/portaltela.pt\/noticias\/politica\/2026\/03\/06\/raimundo-pcp-destinado-a-crescer-e-papel-do-partido-nos-avancos-do-pais\/","title":{"rendered":"Raimundo: PCP destinado a crescer e papel do partido nos avan\u00e7os do pa\u00eds"},"content":{"rendered":"<p>Paulo Raimundo, secret\u00e1rio-geral do PCP, afirmou que o partido est\u00e1 destinado a crescer e enfatizou o papel hist\u00f3rico do PCP na vida nacional, num com\u00edcio em Lisboa que marcou o 105\u00ba anivers\u00e1rio do partido. O discurso percorreu o percurso de interven\u00e7\u00e3o do PCP ao longo de 105 anos.<\/p>\n<p>Na interven\u00e7\u00e3o, Raimundo refor\u00e7ou a identidade do PCP, descrevendo o marxismo-leninismo como base te\u00f3rica e o centralismo democr\u00e1tico como princ\u00edpio organizativo, numa leitura de luta contra o capitalismo e pela constru\u00e7\u00e3o de uma sociedade socialista. O l\u00edder afirmou que o envolvimento do PCP foi constante ao longo da hist\u00f3ria.<\/p>\n<p>O dirigente criticou o atual modelo econ\u00f3mico e pol\u00edtico em Portugal, alegando que o pa\u00eds est\u00e1 sob controlo de grupos econ\u00f3micos e \u00e0 luz de Bruxelas, com uma depend\u00eancia externa que, segundo ele, favorece o imperialismo norte-americano e a NATO. Disse ainda que a pol\u00edtica nacional acentua explora\u00e7\u00e3o e desigualdade.<\/p>\n<h3>Contexto internacional<\/h3>\n<p>Raimundo apontou que, num momento de agressividade imperialista, a interven\u00e7\u00e3o internacional do PCP se dirige a situa\u00e7\u00f5es como a Palestina, a Ucr\u00e2nia, a Venezuela, Cuba e o Ir\u00e3o, segundo a leitura do partido sobre o quadro global. O PCP, de acordo com o l\u00edder, mant\u00e9m a sua interven\u00e7\u00e3o diplom\u00e1tica e solid\u00e1ria.<\/p>\n<p>Internamente, o l\u00edder do PCP distinguiu posi\u00e7\u00f5es entre o partido e o que chamou de for\u00e7as de direita, destacando a rela\u00e7\u00e3o com os trabalhadores. A ideia central foi a de que o PCP possui apenas os meios decisivos que resultam da organiza\u00e7\u00e3o popular, n\u00e3o sendo, segundo ele, f\u00e1cil silenciar o v\u00ednculo com o povo.<\/p>\n<p>No final do discurso, Raimundo reafirmou a convic\u00e7\u00e3o de que, mesmo com senten\u00e7as contr\u00e1rias, o PCP continuar\u00e1 a crescer, refor\u00e7ar-se e expandir a sua atua\u00e7\u00e3o junto dos trabalhadores, juventude e massas populares. O anivers\u00e1rio do PCP foi celebrado com atua\u00e7\u00e3o cultural e interven\u00e7\u00f5es da JCP e das estruturas regionais.<\/p>\n","protected":false},"excerpt":{"rendered":"<ul>\n<li>O Partido Comunista Portugu\u00eas celebrou o 105.\u00ba anivers\u00e1rio com um com\u00edcio no F\u00f3rum Lisboa, apresentado pelo secret\u00e1rio-geral Paulo Raimundo num discurso de cerca de 35 minutos.<\/li>\n<li>Raimundo afirmou que o PCP est\u00e1 \u201cdestinado a crescer\u201d e assinalou que, em 105 anos, os comunistas portugueses estiveram sempre envolvidos em avan\u00e7os sociais.<\/li>\n<li>O l\u00edder criticou a pol\u00edtica interna de Portugal, dizendo que o pa\u00eds est\u00e1 nas m\u00e3os de grupos econ\u00f3micos, \u201c\u00e0s ordens de Bruxelas\u201d e submisso ao imperialismo norte-americano e \u00e0 NATO.<\/li>\n<li>Defendeu a assun\u00e7\u00e3o de objetivos de supera\u00e7\u00e3o do capitalismo e constru\u00e7\u00e3o de uma sociedade socialista e comunista, afirmando que a interven\u00e7\u00e3o do PCP se mant\u00e9m ao longo da hist\u00f3ria, desde a resist\u00eancia at\u00e9 aos dias de hoje.<\/li>\n<li>O evento contou com interven\u00e7\u00f5es da Juventude Comunista Portuguesa e de \u00f3rg\u00e3os regionais, bem como declama\u00e7\u00e3o de poesia, sob o lema \u201cProjeto. Luta. Confian\u00e7a.\u201d; o PCP foi fundado a 6 de mar\u00e7o de 1921.<\/li>\n<\/ul>\n","protected":false},"author":2,"featured_media":400974,"comment_status":"closed","ping_status":"closed","sticky":false,"template":"","format":"standard","meta":{"footnotes":""},"categories":[1,5],"tags":[2108,2030,2459,2832,2134,2758],"class_list":["post-400972","post","type-post","status-publish","format-standard","has-post-thumbnail","hentry","category-noticias","category-politica","tag-intervencao-internacional","tag-palestina","tag-pcp","tag-politica","tag-ucrania","tag-venezuela"],"yoast_head":"<!-- This site is optimized with the Yoast SEO plugin v27.2 - https:\/\/yoast.com\/product\/yoast-seo-wordpress\/ -->\n<title>Raimundo: PCP destinado a crescer e papel do partido nos avan\u00e7os do pa\u00eds - Portal Tela Portugal<\/title>\n<meta name=\"robots\" content=\"index, follow, max-snippet:-1, max-image-preview:large, max-video-preview:-1\" \/>\n<meta property=\"og:locale\" content=\"pt_PT\" \/>\n<meta property=\"og:type\" content=\"article\" \/>\n<meta property=\"og:title\" content=\"Raimundo: PCP destinado a crescer e papel do partido nos avan\u00e7os do pa\u00eds - Portal Tela Portugal\" \/>\n<meta property=\"og:description\" content=\"O Partido Comunista Portugu\u00eas celebrou o 105.\u00ba anivers\u00e1rio com um com\u00edcio no F\u00f3rum Lisboa, apresentado pelo secret\u00e1rio-geral Paulo Raimundo num discurso de cerca de 35 minutos. Raimundo afirmou que o PCP est\u00e1 \u201cdestinado a crescer\u201d e assinalou que, em 105 anos, os comunistas portugueses estiveram sempre envolvidos em avan\u00e7os sociais. O l\u00edder criticou a pol\u00edtica interna de Portugal, dizendo que o pa\u00eds est\u00e1 nas m\u00e3os de grupos econ\u00f3micos, \u201c\u00e0s ordens de Bruxelas\u201d e submisso ao imperialismo norte-americano e \u00e0 NATO. Defendeu a assun\u00e7\u00e3o de objetivos de supera\u00e7\u00e3o do capitalismo e constru\u00e7\u00e3o de uma sociedade socialista e comunista, afirmando que a interven\u00e7\u00e3o do PCP se mant\u00e9m ao longo da hist\u00f3ria, desde a resist\u00eancia at\u00e9 aos dias de hoje. O evento contou com interven\u00e7\u00f5es da Juventude Comunista Portuguesa e de \u00f3rg\u00e3os regionais, bem como declama\u00e7\u00e3o de poesia, sob o lema \u201cProjeto. Luta. Confian\u00e7a.\u201d; o PCP foi fundado a 6 de mar\u00e7o de 1921.\" \/>\n<meta property=\"og:url\" content=\"https:\/\/portaltela.pt\/noticias\/2026\/03\/06\/raimundo-pcp-destinado-a-crescer-e-papel-do-partido-nos-avancos-do-pais\/\" \/>\n<meta property=\"og:site_name\" content=\"Portal Tela Portugal\" \/>\n<meta property=\"article:published_time\" content=\"2026-03-07T00:51:24+00:00\" \/>\n<meta name=\"author\" content=\"Telinha\" \/>\n<meta name=\"twitter:card\" content=\"summary_large_image\" \/>\n<meta name=\"twitter:label1\" content=\"Escrito por\" \/>\n\t<meta name=\"twitter:data1\" content=\"Telinha\" \/>\n\t<meta name=\"twitter:label2\" content=\"Tempo estimado de leitura\" \/>\n\t<meta name=\"twitter:data2\" content=\"2 minutos\" \/>\n<script type=\"application\/ld+json\" class=\"yoast-schema-graph\">{\"@context\":\"https:\/\/schema.org\",\"@graph\":[{\"@type\":\"Article\",\"@id\":\"https:\/\/portaltela.pt\/noticias\/2026\/03\/06\/raimundo-pcp-destinado-a-crescer-e-papel-do-partido-nos-avancos-do-pais\/#article\",\"isPartOf\":{\"@id\":\"https:\/\/portaltela.pt\/noticias\/2026\/03\/06\/raimundo-pcp-destinado-a-crescer-e-papel-do-partido-nos-avancos-do-pais\/\"},\"author\":{\"name\":\"Telinha\",\"@id\":\"https:\/\/portaltela.pt\/#\/schema\/person\/c4278d4a6028830caff9ee44b42d32ed\"},\"headline\":\"Raimundo: PCP destinado a crescer e papel do partido nos avan\u00e7os do pa\u00eds\",\"datePublished\":\"2026-03-07T00:51:24+00:00\",\"mainEntityOfPage\":{\"@id\":\"https:\/\/portaltela.pt\/noticias\/2026\/03\/06\/raimundo-pcp-destinado-a-crescer-e-papel-do-partido-nos-avancos-do-pais\/\"},\"wordCount\":360,\"image\":{\"@id\":\"https:\/\/portaltela.pt\/noticias\/2026\/03\/06\/raimundo-pcp-destinado-a-crescer-e-papel-do-partido-nos-avancos-do-pais\/#primaryimage\"},\"thumbnailUrl\":\"https:\/\/portaltela.pt\/s.01k8rhncp4jt1\/2026\/03\/img_1280x721uu2025-10-04-13-40-49-2239389.jpg\",\"keywords\":[\"interven\u00e7\u00e3o internacional\",\"Palestina\",\"PCP\",\"pol\u00edtica\",\"Ucr\u00e2nia\",\"Venezuela\"],\"articleSection\":[\"Not\u00edcias\",\"Pol\u00edtica\"],\"inLanguage\":\"pt-PT\"},{\"@type\":\"WebPage\",\"@id\":\"https:\/\/portaltela.pt\/noticias\/2026\/03\/06\/raimundo-pcp-destinado-a-crescer-e-papel-do-partido-nos-avancos-do-pais\/\",\"url\":\"https:\/\/portaltela.pt\/noticias\/2026\/03\/06\/raimundo-pcp-destinado-a-crescer-e-papel-do-partido-nos-avancos-do-pais\/\",\"name\":\"Raimundo: PCP destinado a crescer e papel do partido nos avan\u00e7os do pa\u00eds - Portal Tela Portugal\",\"isPartOf\":{\"@id\":\"https:\/\/portaltela.pt\/#website\"},\"primaryImageOfPage\":{\"@id\":\"https:\/\/portaltela.pt\/noticias\/2026\/03\/06\/raimundo-pcp-destinado-a-crescer-e-papel-do-partido-nos-avancos-do-pais\/#primaryimage\"},\"image\":{\"@id\":\"https:\/\/portaltela.pt\/noticias\/2026\/03\/06\/raimundo-pcp-destinado-a-crescer-e-papel-do-partido-nos-avancos-do-pais\/#primaryimage\"},\"thumbnailUrl\":\"https:\/\/portaltela.pt\/s.01k8rhncp4jt1\/2026\/03\/img_1280x721uu2025-10-04-13-40-49-2239389.jpg\",\"datePublished\":\"2026-03-07T00:51:24+00:00\",\"author\":{\"@id\":\"https:\/\/portaltela.pt\/#\/schema\/person\/c4278d4a6028830caff9ee44b42d32ed\"},\"breadcrumb\":{\"@id\":\"https:\/\/portaltela.pt\/noticias\/2026\/03\/06\/raimundo-pcp-destinado-a-crescer-e-papel-do-partido-nos-avancos-do-pais\/#breadcrumb\"},\"inLanguage\":\"pt-PT\",\"potentialAction\":[{\"@type\":\"ReadAction\",\"target\":[\"https:\/\/portaltela.pt\/noticias\/2026\/03\/06\/raimundo-pcp-destinado-a-crescer-e-papel-do-partido-nos-avancos-do-pais\/\"]}]},{\"@type\":\"ImageObject\",\"inLanguage\":\"pt-PT\",\"@id\":\"https:\/\/portaltela.pt\/noticias\/2026\/03\/06\/raimundo-pcp-destinado-a-crescer-e-papel-do-partido-nos-avancos-do-pais\/#primaryimage\",\"url\":\"https:\/\/portaltela.pt\/s.01k8rhncp4jt1\/2026\/03\/img_1280x721uu2025-10-04-13-40-49-2239389.jpg\",\"contentUrl\":\"https:\/\/portaltela.pt\/s.01k8rhncp4jt1\/2026\/03\/img_1280x721uu2025-10-04-13-40-49-2239389.jpg\",\"width\":796,\"height\":448,\"caption\":\"Paulo Raimundo\"},{\"@type\":\"BreadcrumbList\",\"@id\":\"https:\/\/portaltela.pt\/noticias\/2026\/03\/06\/raimundo-pcp-destinado-a-crescer-e-papel-do-partido-nos-avancos-do-pais\/#breadcrumb\",\"itemListElement\":[{\"@type\":\"ListItem\",\"position\":1,\"name\":\"In\u00edcio\",\"item\":\"https:\/\/portaltela.pt\/\"},{\"@type\":\"ListItem\",\"position\":2,\"name\":\"Raimundo: PCP destinado a crescer e papel do partido nos avan\u00e7os do pa\u00eds\"}]},{\"@type\":\"WebSite\",\"@id\":\"https:\/\/portaltela.pt\/#website\",\"url\":\"https:\/\/portaltela.pt\/\",\"name\":\"Portal Tela Portugal\",\"description\":\"\",\"potentialAction\":[{\"@type\":\"SearchAction\",\"target\":{\"@type\":\"EntryPoint\",\"urlTemplate\":\"https:\/\/portaltela.pt\/?s={search_term_string}\"},\"query-input\":{\"@type\":\"PropertyValueSpecification\",\"valueRequired\":true,\"valueName\":\"search_term_string\"}}],\"inLanguage\":\"pt-PT\"},{\"@type\":\"Person\",\"@id\":\"https:\/\/portaltela.pt\/#\/schema\/person\/c4278d4a6028830caff9ee44b42d32ed\",\"name\":\"Telinha\",\"image\":{\"@type\":\"ImageObject\",\"inLanguage\":\"pt-PT\",\"@id\":\"https:\/\/portaltela.pt\/s.01k8rhncp4jt1\/2025\/11\/talking-bot-125x125.png\",\"url\":\"https:\/\/portaltela.pt\/s.01k8rhncp4jt1\/2025\/11\/talking-bot-125x125.png\",\"contentUrl\":\"https:\/\/portaltela.pt\/s.01k8rhncp4jt1\/2025\/11\/talking-bot-125x125.png\",\"caption\":\"Telinha\"},\"sameAs\":[\"https:\/\/portaltela.pt\/\"],\"url\":\"https:\/\/portaltela.pt\/por\/367410592786\/\"}]}<\/script>\n<!-- \/ Yoast SEO plugin. -->","yoast_head_json":{"title":"Raimundo: PCP destinado a crescer e papel do partido nos avan\u00e7os do pa\u00eds - Portal Tela Portugal","robots":{"index":"index","follow":"follow","max-snippet":"max-snippet:-1","max-image-preview":"max-image-preview:large","max-video-preview":"max-video-preview:-1"},"og_locale":"pt_PT","og_type":"article","og_title":"Raimundo: PCP destinado a crescer e papel do partido nos avan\u00e7os do pa\u00eds - Portal Tela Portugal","og_description":"O Partido Comunista Portugu\u00eas celebrou o 105.\u00ba anivers\u00e1rio com um com\u00edcio no F\u00f3rum Lisboa, apresentado pelo secret\u00e1rio-geral Paulo Raimundo num discurso de cerca de 35 minutos. Raimundo afirmou que o PCP est\u00e1 \u201cdestinado a crescer\u201d e assinalou que, em 105 anos, os comunistas portugueses estiveram sempre envolvidos em avan\u00e7os sociais. O l\u00edder criticou a pol\u00edtica interna de Portugal, dizendo que o pa\u00eds est\u00e1 nas m\u00e3os de grupos econ\u00f3micos, \u201c\u00e0s ordens de Bruxelas\u201d e submisso ao imperialismo norte-americano e \u00e0 NATO. Defendeu a assun\u00e7\u00e3o de objetivos de supera\u00e7\u00e3o do capitalismo e constru\u00e7\u00e3o de uma sociedade socialista e comunista, afirmando que a interven\u00e7\u00e3o do PCP se mant\u00e9m ao longo da hist\u00f3ria, desde a resist\u00eancia at\u00e9 aos dias de hoje. O evento contou com interven\u00e7\u00f5es da Juventude Comunista Portuguesa e de \u00f3rg\u00e3os regionais, bem como declama\u00e7\u00e3o de poesia, sob o lema \u201cProjeto. Luta. Confian\u00e7a.\u201d; o PCP foi fundado a 6 de mar\u00e7o de 1921.","og_url":"https:\/\/portaltela.pt\/noticias\/2026\/03\/06\/raimundo-pcp-destinado-a-crescer-e-papel-do-partido-nos-avancos-do-pais\/","og_site_name":"Portal Tela Portugal","article_published_time":"2026-03-07T00:51:24+00:00","author":"Telinha","twitter_card":"summary_large_image","twitter_misc":{"Escrito por":"Telinha","Tempo estimado de leitura":"2 minutos"},"schema":{"@context":"https:\/\/schema.org","@graph":[{"@type":"Article","@id":"https:\/\/portaltela.pt\/noticias\/2026\/03\/06\/raimundo-pcp-destinado-a-crescer-e-papel-do-partido-nos-avancos-do-pais\/#article","isPartOf":{"@id":"https:\/\/portaltela.pt\/noticias\/2026\/03\/06\/raimundo-pcp-destinado-a-crescer-e-papel-do-partido-nos-avancos-do-pais\/"},"author":{"name":"Telinha","@id":"https:\/\/portaltela.pt\/#\/schema\/person\/c4278d4a6028830caff9ee44b42d32ed"},"headline":"Raimundo: PCP destinado a crescer e papel do partido nos avan\u00e7os do pa\u00eds","datePublished":"2026-03-07T00:51:24+00:00","mainEntityOfPage":{"@id":"https:\/\/portaltela.pt\/noticias\/2026\/03\/06\/raimundo-pcp-destinado-a-crescer-e-papel-do-partido-nos-avancos-do-pais\/"},"wordCount":360,"image":{"@id":"https:\/\/portaltela.pt\/noticias\/2026\/03\/06\/raimundo-pcp-destinado-a-crescer-e-papel-do-partido-nos-avancos-do-pais\/#primaryimage"},"thumbnailUrl":"https:\/\/portaltela.pt\/s.01k8rhncp4jt1\/2026\/03\/img_1280x721uu2025-10-04-13-40-49-2239389.jpg","keywords":["interven\u00e7\u00e3o internacional","Palestina","PCP","pol\u00edtica","Ucr\u00e2nia","Venezuela"],"articleSection":["Not\u00edcias","Pol\u00edtica"],"inLanguage":"pt-PT"},{"@type":"WebPage","@id":"https:\/\/portaltela.pt\/noticias\/2026\/03\/06\/raimundo-pcp-destinado-a-crescer-e-papel-do-partido-nos-avancos-do-pais\/","url":"https:\/\/portaltela.pt\/noticias\/2026\/03\/06\/raimundo-pcp-destinado-a-crescer-e-papel-do-partido-nos-avancos-do-pais\/","name":"Raimundo: PCP destinado a crescer e papel do partido nos avan\u00e7os do pa\u00eds - Portal Tela Portugal","isPartOf":{"@id":"https:\/\/portaltela.pt\/#website"},"primaryImageOfPage":{"@id":"https:\/\/portaltela.pt\/noticias\/2026\/03\/06\/raimundo-pcp-destinado-a-crescer-e-papel-do-partido-nos-avancos-do-pais\/#primaryimage"},"image":{"@id":"https:\/\/portaltela.pt\/noticias\/2026\/03\/06\/raimundo-pcp-destinado-a-crescer-e-papel-do-partido-nos-avancos-do-pais\/#primaryimage"},"thumbnailUrl":"https:\/\/portaltela.pt\/s.01k8rhncp4jt1\/2026\/03\/img_1280x721uu2025-10-04-13-40-49-2239389.jpg","datePublished":"2026-03-07T00:51:24+00:00","author":{"@id":"https:\/\/portaltela.pt\/#\/schema\/person\/c4278d4a6028830caff9ee44b42d32ed"},"breadcrumb":{"@id":"https:\/\/portaltela.pt\/noticias\/2026\/03\/06\/raimundo-pcp-destinado-a-crescer-e-papel-do-partido-nos-avancos-do-pais\/#breadcrumb"},"inLanguage":"pt-PT","potentialAction":[{"@type":"ReadAction","target":["https:\/\/portaltela.pt\/noticias\/2026\/03\/06\/raimundo-pcp-destinado-a-crescer-e-papel-do-partido-nos-avancos-do-pais\/"]}]},{"@type":"ImageObject","inLanguage":"pt-PT","@id":"https:\/\/portaltela.pt\/noticias\/2026\/03\/06\/raimundo-pcp-destinado-a-crescer-e-papel-do-partido-nos-avancos-do-pais\/#primaryimage","url":"https:\/\/portaltela.pt\/s.01k8rhncp4jt1\/2026\/03\/img_1280x721uu2025-10-04-13-40-49-2239389.jpg","contentUrl":"https:\/\/portaltela.pt\/s.01k8rhncp4jt1\/2026\/03\/img_1280x721uu2025-10-04-13-40-49-2239389.jpg","width":796,"height":448,"caption":"Paulo Raimundo"},{"@type":"BreadcrumbList","@id":"https:\/\/portaltela.pt\/noticias\/2026\/03\/06\/raimundo-pcp-destinado-a-crescer-e-papel-do-partido-nos-avancos-do-pais\/#breadcrumb","itemListElement":[{"@type":"ListItem","position":1,"name":"In\u00edcio","item":"https:\/\/portaltela.pt\/"},{"@type":"ListItem","position":2,"name":"Raimundo: PCP destinado a crescer e papel do partido nos avan\u00e7os do pa\u00eds"}]},{"@type":"WebSite","@id":"https:\/\/portaltela.pt\/#website","url":"https:\/\/portaltela.pt\/","name":"Portal Tela Portugal","description":"","potentialAction":[{"@type":"SearchAction","target":{"@type":"EntryPoint","urlTemplate":"https:\/\/portaltela.pt\/?s={search_term_string}"},"query-input":{"@type":"PropertyValueSpecification","valueRequired":true,"valueName":"search_term_string"}}],"inLanguage":"pt-PT"},{"@type":"Person","@id":"https:\/\/portaltela.pt\/#\/schema\/person\/c4278d4a6028830caff9ee44b42d32ed","name":"Telinha","image":{"@type":"ImageObject","inLanguage":"pt-PT","@id":"https:\/\/portaltela.pt\/s.01k8rhncp4jt1\/2025\/11\/talking-bot-125x125.png","url":"https:\/\/portaltela.pt\/s.01k8rhncp4jt1\/2025\/11\/talking-bot-125x125.png","contentUrl":"https:\/\/portaltela.pt\/s.01k8rhncp4jt1\/2025\/11\/talking-bot-125x125.png","caption":"Telinha"},"sameAs":["https:\/\/portaltela.pt\/"],"url":"https:\/\/portaltela.pt\/por\/367410592786\/"}]}},"_links":{"self":[{"href":"https:\/\/portaltela.pt\/api\/wp\/v2\/posts\/400972","targetHints":{"allow":["GET"]}}],"collection":[{"href":"https:\/\/portaltela.pt\/api\/wp\/v2\/posts"}],"about":[{"href":"https:\/\/portaltela.pt\/api\/wp\/v2\/types\/post"}],"author":[{"embeddable":true,"href":"https:\/\/portaltela.pt\/api\/wp\/v2\/users\/2"}],"replies":[{"embeddable":true,"href":"https:\/\/portaltela.pt\/api\/wp\/v2\/comments?post=400972"}],"version-history":[{"count":0,"href":"https:\/\/portaltela.pt\/api\/wp\/v2\/posts\/400972\/revisions"}],"wp:featuredmedia":[{"embeddable":true,"href":"https:\/\/portaltela.pt\/api\/wp\/v2\/media\/400974"}],"wp:attachment":[{"href":"https:\/\/portaltela.pt\/api\/wp\/v2\/media?parent=400972"}],"wp:term":[{"taxonomy":"category","embeddable":true,"href":"https:\/\/portaltela.pt\/api\/wp\/v2\/categories?post=400972"},{"taxonomy":"post_tag","embeddable":true,"href":"https:\/\/portaltela.pt\/api\/wp\/v2\/tags?post=400972"}],"curies":[{"name":"wp","href":"https:\/\/api.w.org\/{rel}","templated":true}]}}