{"id":400967,"date":"2026-03-06T21:44:53","date_gmt":"2026-03-07T00:44:53","guid":{"rendered":"https:\/\/portaltela.pt\/noticias\/2026\/03\/06\/fpf-decreta-minuto-de-silencio-nos-jogos-de-sabado-por-antonio-lobo-antunes\/"},"modified":"2026-03-06T21:44:53","modified_gmt":"2026-03-07T00:44:53","slug":"fpf-decreta-minuto-de-silencio-nos-jogos-de-sabado-por-antonio-lobo-antunes","status":"publish","type":"post","link":"https:\/\/portaltela.pt\/desporto\/futebol\/2026\/03\/06\/fpf-decreta-minuto-de-silencio-nos-jogos-de-sabado-por-antonio-lobo-antunes\/","title":{"rendered":"FPF decreta minuto de sil\u00eancio nos jogos de s\u00e1bado por Ant\u00f3nio Lobo Antunes"},"content":{"rendered":"<p>A Federa\u00e7\u00e3o Portuguesa de Futebol decretou um minuto de sil\u00eancio em todos os jogos realizados no s\u00e1bado, como homenagem a Ant\u00f3nio Lobo Antunes, falecido na quinta-feira aos 83 anos. A decis\u00e3o envolve as competi\u00e7\u00f5es organizadas pela FPF.<\/p>\n<p>A medida surge no contexto do luto nacional decretado pelo Governo, em reconhecimento \u00e0 relev\u00e2ncia da obra de Lobo Antunes para a literatura portuguesa e internacional.<\/p>\n<p>A import\u00e2ncia da homenagem \u00e9 destacada pela pr\u00f3pria FPF, que considerou o escritor uma das maiores figuras da literatura contempor\u00e2nea de Portugal. Pedro Proen\u00e7a dirige a entidade.<\/p>\n<h3>Contexto e reconhecimento<\/h3>\n<p>A iniciativa abrange todas as competi\u00e7\u00f5es geridas pela FPF, afetando clubes, atletas e espectadores presentes nos est\u00e1dios.<\/p>\n<p>Ant\u00f3nio Lobo Antunes nasceu em Lisboa, em 1942, licenciou-se em Medicina em 1969 e atuou como psiquiatra antes de se dedicar integralmente \u00e0 escrita a partir de 1985. Foi distinguido com v\u00e1rias condecora\u00e7\u00f5es nacionais e internacionais, incluindo o Pr\u00e9mio Cam\u00f5es em 2007.<\/p>\n","protected":false},"excerpt":{"rendered":"<ul>\n<li>A Federa\u00e7\u00e3o Portuguesa de Futebol decretou um minuto de sil\u00eancio em todos os jogos disputados no s\u00e1bado, como homenagem a Ant\u00f3nio Lobo Antunes.<\/li>\n<li>A decis\u00e3o insere-se no quadro do luto nacional decretado pelo Governo.<\/li>\n<li>Lobo Antunes morreu na quinta-feira, aos 83 anos, e \u00e9 considerado um dos maiores nomes da literatura portuguesa.<\/li>\n<li>O escritor nasceu em Lisboa, em 1942, licenciou-se em Medicina e passou a dedicar-se \u00e0 escrita em 1985.<\/li>\n<\/ul>\n","protected":false},"author":2,"featured_media":400969,"comment_status":"closed","ping_status":"closed","sticky":false,"template":"","format":"standard","meta":{"footnotes":""},"categories":[21,24],"tags":[145,981,5661,1014,6658],"class_list":["post-400967","post","type-post","status-publish","format-standard","has-post-thumbnail","hentry","category-desporto","category-futebol","tag-cultura","tag-lisboa","tag-pessoas-publicas","tag-portugal","tag-premio-camoes"],"yoast_head":"<!-- This site is optimized with the Yoast SEO plugin v27.2 - https:\/\/yoast.com\/product\/yoast-seo-wordpress\/ -->\n<title>FPF decreta minuto de sil\u00eancio nos jogos de s\u00e1bado por Ant\u00f3nio Lobo Antunes - Portal Tela Portugal<\/title>\n<meta name=\"robots\" content=\"index, follow, max-snippet:-1, max-image-preview:large, max-video-preview:-1\" \/>\n<meta property=\"og:locale\" content=\"pt_PT\" \/>\n<meta property=\"og:type\" content=\"article\" \/>\n<meta property=\"og:title\" content=\"FPF decreta minuto de sil\u00eancio nos jogos de s\u00e1bado por Ant\u00f3nio Lobo Antunes - Portal Tela Portugal\" \/>\n<meta property=\"og:description\" content=\"A Federa\u00e7\u00e3o Portuguesa de Futebol decretou um minuto de sil\u00eancio em todos os jogos disputados no s\u00e1bado, como homenagem a Ant\u00f3nio Lobo Antunes. A decis\u00e3o insere-se no quadro do luto nacional decretado pelo Governo. Lobo Antunes morreu na quinta-feira, aos 83 anos, e \u00e9 considerado um dos maiores nomes da literatura portuguesa. O escritor nasceu em Lisboa, em 1942, licenciou-se em Medicina e passou a dedicar-se \u00e0 escrita em 1985.\" \/>\n<meta property=\"og:url\" content=\"https:\/\/portaltela.pt\/noticias\/2026\/03\/06\/fpf-decreta-minuto-de-silencio-nos-jogos-de-sabado-por-antonio-lobo-antunes\/\" \/>\n<meta property=\"og:site_name\" content=\"Portal Tela Portugal\" \/>\n<meta property=\"article:published_time\" content=\"2026-03-07T00:44:53+00:00\" \/>\n<meta name=\"author\" content=\"Telinha\" \/>\n<meta name=\"twitter:card\" content=\"summary_large_image\" \/>\n<meta name=\"twitter:label1\" content=\"Escrito por\" \/>\n\t<meta name=\"twitter:data1\" content=\"Telinha\" \/>\n\t<meta name=\"twitter:label2\" content=\"Tempo estimado de leitura\" \/>\n\t<meta name=\"twitter:data2\" content=\"1 minuto\" \/>\n<script type=\"application\/ld+json\" class=\"yoast-schema-graph\">{\"@context\":\"https:\/\/schema.org\",\"@graph\":[{\"@type\":\"Article\",\"@id\":\"https:\/\/portaltela.pt\/noticias\/2026\/03\/06\/fpf-decreta-minuto-de-silencio-nos-jogos-de-sabado-por-antonio-lobo-antunes\/#article\",\"isPartOf\":{\"@id\":\"https:\/\/portaltela.pt\/noticias\/2026\/03\/06\/fpf-decreta-minuto-de-silencio-nos-jogos-de-sabado-por-antonio-lobo-antunes\/\"},\"author\":{\"name\":\"Telinha\",\"@id\":\"https:\/\/portaltela.pt\/#\/schema\/person\/c4278d4a6028830caff9ee44b42d32ed\"},\"headline\":\"FPF decreta minuto de sil\u00eancio nos jogos de s\u00e1bado por Ant\u00f3nio Lobo Antunes\",\"datePublished\":\"2026-03-07T00:44:53+00:00\",\"mainEntityOfPage\":{\"@id\":\"https:\/\/portaltela.pt\/noticias\/2026\/03\/06\/fpf-decreta-minuto-de-silencio-nos-jogos-de-sabado-por-antonio-lobo-antunes\/\"},\"wordCount\":178,\"image\":{\"@id\":\"https:\/\/portaltela.pt\/noticias\/2026\/03\/06\/fpf-decreta-minuto-de-silencio-nos-jogos-de-sabado-por-antonio-lobo-antunes\/#primaryimage\"},\"thumbnailUrl\":\"https:\/\/portaltela.pt\/s.01k8rhncp4jt1\/2026\/03\/img_1280x721uu2026-03-05-18-01-17-2270587.jpg\",\"keywords\":[\"cultura\",\"Lisboa\",\"pessoas p\u00fablicas\",\"Portugal\",\"Pr\u00e9mio Cam\u00f5es\"],\"articleSection\":[\"Desporto\",\"Futebol\"],\"inLanguage\":\"pt-PT\"},{\"@type\":\"WebPage\",\"@id\":\"https:\/\/portaltela.pt\/noticias\/2026\/03\/06\/fpf-decreta-minuto-de-silencio-nos-jogos-de-sabado-por-antonio-lobo-antunes\/\",\"url\":\"https:\/\/portaltela.pt\/noticias\/2026\/03\/06\/fpf-decreta-minuto-de-silencio-nos-jogos-de-sabado-por-antonio-lobo-antunes\/\",\"name\":\"FPF decreta minuto de sil\u00eancio nos jogos de s\u00e1bado por Ant\u00f3nio Lobo Antunes - Portal Tela Portugal\",\"isPartOf\":{\"@id\":\"https:\/\/portaltela.pt\/#website\"},\"primaryImageOfPage\":{\"@id\":\"https:\/\/portaltela.pt\/noticias\/2026\/03\/06\/fpf-decreta-minuto-de-silencio-nos-jogos-de-sabado-por-antonio-lobo-antunes\/#primaryimage\"},\"image\":{\"@id\":\"https:\/\/portaltela.pt\/noticias\/2026\/03\/06\/fpf-decreta-minuto-de-silencio-nos-jogos-de-sabado-por-antonio-lobo-antunes\/#primaryimage\"},\"thumbnailUrl\":\"https:\/\/portaltela.pt\/s.01k8rhncp4jt1\/2026\/03\/img_1280x721uu2026-03-05-18-01-17-2270587.jpg\",\"datePublished\":\"2026-03-07T00:44:53+00:00\",\"author\":{\"@id\":\"https:\/\/portaltela.pt\/#\/schema\/person\/c4278d4a6028830caff9ee44b42d32ed\"},\"breadcrumb\":{\"@id\":\"https:\/\/portaltela.pt\/noticias\/2026\/03\/06\/fpf-decreta-minuto-de-silencio-nos-jogos-de-sabado-por-antonio-lobo-antunes\/#breadcrumb\"},\"inLanguage\":\"pt-PT\",\"potentialAction\":[{\"@type\":\"ReadAction\",\"target\":[\"https:\/\/portaltela.pt\/noticias\/2026\/03\/06\/fpf-decreta-minuto-de-silencio-nos-jogos-de-sabado-por-antonio-lobo-antunes\/\"]}]},{\"@type\":\"ImageObject\",\"inLanguage\":\"pt-PT\",\"@id\":\"https:\/\/portaltela.pt\/noticias\/2026\/03\/06\/fpf-decreta-minuto-de-silencio-nos-jogos-de-sabado-por-antonio-lobo-antunes\/#primaryimage\",\"url\":\"https:\/\/portaltela.pt\/s.01k8rhncp4jt1\/2026\/03\/img_1280x721uu2026-03-05-18-01-17-2270587.jpg\",\"contentUrl\":\"https:\/\/portaltela.pt\/s.01k8rhncp4jt1\/2026\/03\/img_1280x721uu2026-03-05-18-01-17-2270587.jpg\",\"width\":796,\"height\":448,\"caption\":\"Ant\u00f3nio Lobo Antunes\"},{\"@type\":\"BreadcrumbList\",\"@id\":\"https:\/\/portaltela.pt\/noticias\/2026\/03\/06\/fpf-decreta-minuto-de-silencio-nos-jogos-de-sabado-por-antonio-lobo-antunes\/#breadcrumb\",\"itemListElement\":[{\"@type\":\"ListItem\",\"position\":1,\"name\":\"In\u00edcio\",\"item\":\"https:\/\/portaltela.pt\/\"},{\"@type\":\"ListItem\",\"position\":2,\"name\":\"FPF decreta minuto de sil\u00eancio nos jogos de s\u00e1bado por Ant\u00f3nio Lobo Antunes\"}]},{\"@type\":\"WebSite\",\"@id\":\"https:\/\/portaltela.pt\/#website\",\"url\":\"https:\/\/portaltela.pt\/\",\"name\":\"Portal Tela Portugal\",\"description\":\"\",\"potentialAction\":[{\"@type\":\"SearchAction\",\"target\":{\"@type\":\"EntryPoint\",\"urlTemplate\":\"https:\/\/portaltela.pt\/?s={search_term_string}\"},\"query-input\":{\"@type\":\"PropertyValueSpecification\",\"valueRequired\":true,\"valueName\":\"search_term_string\"}}],\"inLanguage\":\"pt-PT\"},{\"@type\":\"Person\",\"@id\":\"https:\/\/portaltela.pt\/#\/schema\/person\/c4278d4a6028830caff9ee44b42d32ed\",\"name\":\"Telinha\",\"image\":{\"@type\":\"ImageObject\",\"inLanguage\":\"pt-PT\",\"@id\":\"https:\/\/portaltela.pt\/s.01k8rhncp4jt1\/2025\/11\/talking-bot-125x125.png\",\"url\":\"https:\/\/portaltela.pt\/s.01k8rhncp4jt1\/2025\/11\/talking-bot-125x125.png\",\"contentUrl\":\"https:\/\/portaltela.pt\/s.01k8rhncp4jt1\/2025\/11\/talking-bot-125x125.png\",\"caption\":\"Telinha\"},\"sameAs\":[\"https:\/\/portaltela.pt\/\"],\"url\":\"https:\/\/portaltela.pt\/por\/367410592786\/\"}]}<\/script>\n<!-- \/ Yoast SEO plugin. -->","yoast_head_json":{"title":"FPF decreta minuto de sil\u00eancio nos jogos de s\u00e1bado por Ant\u00f3nio Lobo Antunes - Portal Tela Portugal","robots":{"index":"index","follow":"follow","max-snippet":"max-snippet:-1","max-image-preview":"max-image-preview:large","max-video-preview":"max-video-preview:-1"},"og_locale":"pt_PT","og_type":"article","og_title":"FPF decreta minuto de sil\u00eancio nos jogos de s\u00e1bado por Ant\u00f3nio Lobo Antunes - Portal Tela Portugal","og_description":"A Federa\u00e7\u00e3o Portuguesa de Futebol decretou um minuto de sil\u00eancio em todos os jogos disputados no s\u00e1bado, como homenagem a Ant\u00f3nio Lobo Antunes. A decis\u00e3o insere-se no quadro do luto nacional decretado pelo Governo. Lobo Antunes morreu na quinta-feira, aos 83 anos, e \u00e9 considerado um dos maiores nomes da literatura portuguesa. O escritor nasceu em Lisboa, em 1942, licenciou-se em Medicina e passou a dedicar-se \u00e0 escrita em 1985.","og_url":"https:\/\/portaltela.pt\/noticias\/2026\/03\/06\/fpf-decreta-minuto-de-silencio-nos-jogos-de-sabado-por-antonio-lobo-antunes\/","og_site_name":"Portal Tela Portugal","article_published_time":"2026-03-07T00:44:53+00:00","author":"Telinha","twitter_card":"summary_large_image","twitter_misc":{"Escrito por":"Telinha","Tempo estimado de leitura":"1 minuto"},"schema":{"@context":"https:\/\/schema.org","@graph":[{"@type":"Article","@id":"https:\/\/portaltela.pt\/noticias\/2026\/03\/06\/fpf-decreta-minuto-de-silencio-nos-jogos-de-sabado-por-antonio-lobo-antunes\/#article","isPartOf":{"@id":"https:\/\/portaltela.pt\/noticias\/2026\/03\/06\/fpf-decreta-minuto-de-silencio-nos-jogos-de-sabado-por-antonio-lobo-antunes\/"},"author":{"name":"Telinha","@id":"https:\/\/portaltela.pt\/#\/schema\/person\/c4278d4a6028830caff9ee44b42d32ed"},"headline":"FPF decreta minuto de sil\u00eancio nos jogos de s\u00e1bado por Ant\u00f3nio Lobo Antunes","datePublished":"2026-03-07T00:44:53+00:00","mainEntityOfPage":{"@id":"https:\/\/portaltela.pt\/noticias\/2026\/03\/06\/fpf-decreta-minuto-de-silencio-nos-jogos-de-sabado-por-antonio-lobo-antunes\/"},"wordCount":178,"image":{"@id":"https:\/\/portaltela.pt\/noticias\/2026\/03\/06\/fpf-decreta-minuto-de-silencio-nos-jogos-de-sabado-por-antonio-lobo-antunes\/#primaryimage"},"thumbnailUrl":"https:\/\/portaltela.pt\/s.01k8rhncp4jt1\/2026\/03\/img_1280x721uu2026-03-05-18-01-17-2270587.jpg","keywords":["cultura","Lisboa","pessoas p\u00fablicas","Portugal","Pr\u00e9mio Cam\u00f5es"],"articleSection":["Desporto","Futebol"],"inLanguage":"pt-PT"},{"@type":"WebPage","@id":"https:\/\/portaltela.pt\/noticias\/2026\/03\/06\/fpf-decreta-minuto-de-silencio-nos-jogos-de-sabado-por-antonio-lobo-antunes\/","url":"https:\/\/portaltela.pt\/noticias\/2026\/03\/06\/fpf-decreta-minuto-de-silencio-nos-jogos-de-sabado-por-antonio-lobo-antunes\/","name":"FPF decreta minuto de sil\u00eancio nos jogos de s\u00e1bado por Ant\u00f3nio Lobo Antunes - Portal Tela Portugal","isPartOf":{"@id":"https:\/\/portaltela.pt\/#website"},"primaryImageOfPage":{"@id":"https:\/\/portaltela.pt\/noticias\/2026\/03\/06\/fpf-decreta-minuto-de-silencio-nos-jogos-de-sabado-por-antonio-lobo-antunes\/#primaryimage"},"image":{"@id":"https:\/\/portaltela.pt\/noticias\/2026\/03\/06\/fpf-decreta-minuto-de-silencio-nos-jogos-de-sabado-por-antonio-lobo-antunes\/#primaryimage"},"thumbnailUrl":"https:\/\/portaltela.pt\/s.01k8rhncp4jt1\/2026\/03\/img_1280x721uu2026-03-05-18-01-17-2270587.jpg","datePublished":"2026-03-07T00:44:53+00:00","author":{"@id":"https:\/\/portaltela.pt\/#\/schema\/person\/c4278d4a6028830caff9ee44b42d32ed"},"breadcrumb":{"@id":"https:\/\/portaltela.pt\/noticias\/2026\/03\/06\/fpf-decreta-minuto-de-silencio-nos-jogos-de-sabado-por-antonio-lobo-antunes\/#breadcrumb"},"inLanguage":"pt-PT","potentialAction":[{"@type":"ReadAction","target":["https:\/\/portaltela.pt\/noticias\/2026\/03\/06\/fpf-decreta-minuto-de-silencio-nos-jogos-de-sabado-por-antonio-lobo-antunes\/"]}]},{"@type":"ImageObject","inLanguage":"pt-PT","@id":"https:\/\/portaltela.pt\/noticias\/2026\/03\/06\/fpf-decreta-minuto-de-silencio-nos-jogos-de-sabado-por-antonio-lobo-antunes\/#primaryimage","url":"https:\/\/portaltela.pt\/s.01k8rhncp4jt1\/2026\/03\/img_1280x721uu2026-03-05-18-01-17-2270587.jpg","contentUrl":"https:\/\/portaltela.pt\/s.01k8rhncp4jt1\/2026\/03\/img_1280x721uu2026-03-05-18-01-17-2270587.jpg","width":796,"height":448,"caption":"Ant\u00f3nio Lobo Antunes"},{"@type":"BreadcrumbList","@id":"https:\/\/portaltela.pt\/noticias\/2026\/03\/06\/fpf-decreta-minuto-de-silencio-nos-jogos-de-sabado-por-antonio-lobo-antunes\/#breadcrumb","itemListElement":[{"@type":"ListItem","position":1,"name":"In\u00edcio","item":"https:\/\/portaltela.pt\/"},{"@type":"ListItem","position":2,"name":"FPF decreta minuto de sil\u00eancio nos jogos de s\u00e1bado por Ant\u00f3nio Lobo Antunes"}]},{"@type":"WebSite","@id":"https:\/\/portaltela.pt\/#website","url":"https:\/\/portaltela.pt\/","name":"Portal Tela Portugal","description":"","potentialAction":[{"@type":"SearchAction","target":{"@type":"EntryPoint","urlTemplate":"https:\/\/portaltela.pt\/?s={search_term_string}"},"query-input":{"@type":"PropertyValueSpecification","valueRequired":true,"valueName":"search_term_string"}}],"inLanguage":"pt-PT"},{"@type":"Person","@id":"https:\/\/portaltela.pt\/#\/schema\/person\/c4278d4a6028830caff9ee44b42d32ed","name":"Telinha","image":{"@type":"ImageObject","inLanguage":"pt-PT","@id":"https:\/\/portaltela.pt\/s.01k8rhncp4jt1\/2025\/11\/talking-bot-125x125.png","url":"https:\/\/portaltela.pt\/s.01k8rhncp4jt1\/2025\/11\/talking-bot-125x125.png","contentUrl":"https:\/\/portaltela.pt\/s.01k8rhncp4jt1\/2025\/11\/talking-bot-125x125.png","caption":"Telinha"},"sameAs":["https:\/\/portaltela.pt\/"],"url":"https:\/\/portaltela.pt\/por\/367410592786\/"}]}},"_links":{"self":[{"href":"https:\/\/portaltela.pt\/api\/wp\/v2\/posts\/400967","targetHints":{"allow":["GET"]}}],"collection":[{"href":"https:\/\/portaltela.pt\/api\/wp\/v2\/posts"}],"about":[{"href":"https:\/\/portaltela.pt\/api\/wp\/v2\/types\/post"}],"author":[{"embeddable":true,"href":"https:\/\/portaltela.pt\/api\/wp\/v2\/users\/2"}],"replies":[{"embeddable":true,"href":"https:\/\/portaltela.pt\/api\/wp\/v2\/comments?post=400967"}],"version-history":[{"count":0,"href":"https:\/\/portaltela.pt\/api\/wp\/v2\/posts\/400967\/revisions"}],"wp:featuredmedia":[{"embeddable":true,"href":"https:\/\/portaltela.pt\/api\/wp\/v2\/media\/400969"}],"wp:attachment":[{"href":"https:\/\/portaltela.pt\/api\/wp\/v2\/media?parent=400967"}],"wp:term":[{"taxonomy":"category","embeddable":true,"href":"https:\/\/portaltela.pt\/api\/wp\/v2\/categories?post=400967"},{"taxonomy":"post_tag","embeddable":true,"href":"https:\/\/portaltela.pt\/api\/wp\/v2\/tags?post=400967"}],"curies":[{"name":"wp","href":"https:\/\/api.w.org\/{rel}","templated":true}]}}