{"id":400947,"date":"2026-03-06T21:01:00","date_gmt":"2026-03-07T00:01:00","guid":{"rendered":"https:\/\/portaltela.pt\/noticias\/2026\/03\/06\/passos-perdidos-analise-de-obstaculos-e-caminhos-por-definir\/"},"modified":"2026-03-06T21:01:00","modified_gmt":"2026-03-07T00:01:00","slug":"passos-perdidos-analise-de-obstaculos-e-caminhos-por-definir","status":"publish","type":"post","link":"https:\/\/portaltela.pt\/noticias\/politica\/2026\/03\/06\/passos-perdidos-analise-de-obstaculos-e-caminhos-por-definir\/","title":{"rendered":"Passos perdidos: an\u00e1lise de obst\u00e1culos e caminhos por definir"},"content":{"rendered":"<p>Passos Coelho continua a ser tema de an\u00e1lise na direita portuguesa, mesmo ap\u00f3s o escrut\u00ednio de 2015. O ex-primeiro-ministro, que liderou o PSD numa altura de maiorias definidas, mant\u00e9m uma dist\u00e2ncia estrat\u00e9gica do poder durante o per\u00edodo de governo de Ant\u00f3nio Costa, alimentando, pela via da aus\u00eancia, uma aura de lideran\u00e7a reformista que ainda desperta aten\u00e7\u00e3o entre alguns membros do partido.<\/p>\n<p>Para alguns setores da Direita, Passos \u00e9 visto como a reserva moral capaz de unir diferentes sensibilidades, incluindo o Chega. No entanto, a aproxima\u00e7\u00e3o entre Passos e Lu\u00eds Montenegro parece marcada pelaquilo a que se chama de pragmatismo institucional, numa altura em que Montenegro refor\u00e7a a posi\u00e7\u00e3o do PSD como maior for\u00e7a pol\u00edtica do pa\u00eds e busca uma estabilidade governativa.<\/p>\n<p>N\u00e3o restam muitas certezas sobre os pr\u00f3ximos passos de Passos. Sabe-se apenas que o ex-l\u00edder tem dito que faria diferente, sem detalhar publicamente quais seriam essas altera\u00e7\u00f5es. Os analistas veem duas hip\u00f3teses em aberto: minar o capital pol\u00edtico de Montenegro ou promover um movimento pr\u00f3prio, algo que pode n\u00e3o beneficiar nenhuma das partes envolvidas.<\/p>\n<p>Contexto interno do PSD<\/p>\n<ul>\n<li>O partido voltou a sair fortalecedido das legislativas, consolidando Montenegro na lideran\u00e7a.<\/li>\n<li>Passos, enquanto figura influente, n\u00e3o tem apresentado um plano claro para o futuro imediato do partido.<\/li>\n<li>O debate interno persiste sobre o papel de uma poss\u00edvel figura de transi\u00e7\u00e3o versus uma candidatura pr\u00f3pria a novas estruturas.<\/li>\n<\/ul>\n","protected":false},"excerpt":{"rendered":"<ul>\n<li>Pedro Passos Coelho continua fortemente associado \u00e0 austeridade e \u00e0 troika, mesmo tendo sido o mais votado em 2015 e diante da vit\u00f3ria da maioria de Esquerda liderada por Ant\u00f3nio Costa.<\/li>\n<li>Durante o per\u00edodo da geringon\u00e7a, manteve dist\u00e2ncia do poder, alimentando, pela aus\u00eancia, uma aura de salvaguarda que alguns lhe atribuem.<\/li>\n<li>Para parte da Direita, Passos \u00e9 visto como reserva moral capaz de unir v\u00e1rias sensibilidades, incluindo o Chega.<\/li>\n<li>O momento em que se atravessou no caminho de Lu\u00eds Montenegro n\u00e3o reflete a realidade: Montenegro ficou com o PSD, o maior partido, e pretende manter a estabilidade governativa.<\/li>\n<li>H\u00e1 duas hip\u00f3teses no horizonte: Passos tenta minar o capital pol\u00edtico de Montenegro ou quer lan\u00e7ar um movimento pr\u00f3prio; em ambos os cen\u00e1rios n\u00e3o lhe favorece, e ainda n\u00e3o explicou como faria diferente.<\/li>\n<\/ul>\n","protected":false},"author":2,"featured_media":400949,"comment_status":"closed","ping_status":"closed","sticky":false,"template":"","format":"standard","meta":{"footnotes":""},"categories":[1,5],"tags":[2142,5808,34,3111,2832,2458],"class_list":["post-400947","post","type-post","status-publish","format-standard","has-post-thumbnail","hentry","category-noticias","category-politica","tag-chega","tag-direita","tag-governo","tag-montenegro","tag-politica","tag-psd-cds"],"yoast_head":"<!-- This site is optimized with the Yoast SEO plugin v27.2 - https:\/\/yoast.com\/product\/yoast-seo-wordpress\/ -->\n<title>Passos perdidos: an\u00e1lise de obst\u00e1culos e caminhos por definir - Portal Tela Portugal<\/title>\n<meta name=\"robots\" content=\"index, follow, max-snippet:-1, max-image-preview:large, max-video-preview:-1\" \/>\n<meta property=\"og:locale\" content=\"pt_PT\" \/>\n<meta property=\"og:type\" content=\"article\" \/>\n<meta property=\"og:title\" content=\"Passos perdidos: an\u00e1lise de obst\u00e1culos e caminhos por definir - Portal Tela Portugal\" \/>\n<meta property=\"og:description\" content=\"Pedro Passos Coelho continua fortemente associado \u00e0 austeridade e \u00e0 troika, mesmo tendo sido o mais votado em 2015 e diante da vit\u00f3ria da maioria de Esquerda liderada por Ant\u00f3nio Costa. Durante o per\u00edodo da geringon\u00e7a, manteve dist\u00e2ncia do poder, alimentando, pela aus\u00eancia, uma aura de salvaguarda que alguns lhe atribuem. Para parte da Direita, Passos \u00e9 visto como reserva moral capaz de unir v\u00e1rias sensibilidades, incluindo o Chega. O momento em que se atravessou no caminho de Lu\u00eds Montenegro n\u00e3o reflete a realidade: Montenegro ficou com o PSD, o maior partido, e pretende manter a estabilidade governativa. H\u00e1 duas hip\u00f3teses no horizonte: Passos tenta minar o capital pol\u00edtico de Montenegro ou quer lan\u00e7ar um movimento pr\u00f3prio; em ambos os cen\u00e1rios n\u00e3o lhe favorece, e ainda n\u00e3o explicou como faria diferente.\" \/>\n<meta property=\"og:url\" content=\"https:\/\/portaltela.pt\/noticias\/2026\/03\/06\/passos-perdidos-analise-de-obstaculos-e-caminhos-por-definir\/\" \/>\n<meta property=\"og:site_name\" content=\"Portal Tela Portugal\" \/>\n<meta property=\"article:published_time\" content=\"2026-03-07T00:01:00+00:00\" \/>\n<meta name=\"author\" content=\"Telinha\" \/>\n<meta name=\"twitter:card\" content=\"summary_large_image\" \/>\n<meta name=\"twitter:label1\" content=\"Escrito por\" \/>\n\t<meta name=\"twitter:data1\" content=\"Telinha\" \/>\n\t<meta name=\"twitter:label2\" content=\"Tempo estimado de leitura\" \/>\n\t<meta name=\"twitter:data2\" content=\"1 minuto\" \/>\n<script type=\"application\/ld+json\" class=\"yoast-schema-graph\">{\"@context\":\"https:\/\/schema.org\",\"@graph\":[{\"@type\":\"Article\",\"@id\":\"https:\/\/portaltela.pt\/noticias\/2026\/03\/06\/passos-perdidos-analise-de-obstaculos-e-caminhos-por-definir\/#article\",\"isPartOf\":{\"@id\":\"https:\/\/portaltela.pt\/noticias\/2026\/03\/06\/passos-perdidos-analise-de-obstaculos-e-caminhos-por-definir\/\"},\"author\":{\"name\":\"Telinha\",\"@id\":\"https:\/\/portaltela.pt\/#\/schema\/person\/c4278d4a6028830caff9ee44b42d32ed\"},\"headline\":\"Passos perdidos: an\u00e1lise de obst\u00e1culos e caminhos por definir\",\"datePublished\":\"2026-03-07T00:01:00+00:00\",\"mainEntityOfPage\":{\"@id\":\"https:\/\/portaltela.pt\/noticias\/2026\/03\/06\/passos-perdidos-analise-de-obstaculos-e-caminhos-por-definir\/\"},\"wordCount\":267,\"image\":{\"@id\":\"https:\/\/portaltela.pt\/noticias\/2026\/03\/06\/passos-perdidos-analise-de-obstaculos-e-caminhos-por-definir\/#primaryimage\"},\"thumbnailUrl\":\"https:\/\/portaltela.pt\/s.01k8rhncp4jt1\/2026\/03\/e8eecc03-e613-44d9-997b-30792a58bbaf_1200x675.jpg\",\"keywords\":[\"CHEGA\",\"direita\",\"governo\",\"Montenegro\",\"pol\u00edtica\",\"PSD\/CDS\"],\"articleSection\":[\"Not\u00edcias\",\"Pol\u00edtica\"],\"inLanguage\":\"pt-PT\"},{\"@type\":\"WebPage\",\"@id\":\"https:\/\/portaltela.pt\/noticias\/2026\/03\/06\/passos-perdidos-analise-de-obstaculos-e-caminhos-por-definir\/\",\"url\":\"https:\/\/portaltela.pt\/noticias\/2026\/03\/06\/passos-perdidos-analise-de-obstaculos-e-caminhos-por-definir\/\",\"name\":\"Passos perdidos: an\u00e1lise de obst\u00e1culos e caminhos por definir - Portal Tela Portugal\",\"isPartOf\":{\"@id\":\"https:\/\/portaltela.pt\/#website\"},\"primaryImageOfPage\":{\"@id\":\"https:\/\/portaltela.pt\/noticias\/2026\/03\/06\/passos-perdidos-analise-de-obstaculos-e-caminhos-por-definir\/#primaryimage\"},\"image\":{\"@id\":\"https:\/\/portaltela.pt\/noticias\/2026\/03\/06\/passos-perdidos-analise-de-obstaculos-e-caminhos-por-definir\/#primaryimage\"},\"thumbnailUrl\":\"https:\/\/portaltela.pt\/s.01k8rhncp4jt1\/2026\/03\/e8eecc03-e613-44d9-997b-30792a58bbaf_1200x675.jpg\",\"datePublished\":\"2026-03-07T00:01:00+00:00\",\"author\":{\"@id\":\"https:\/\/portaltela.pt\/#\/schema\/person\/c4278d4a6028830caff9ee44b42d32ed\"},\"breadcrumb\":{\"@id\":\"https:\/\/portaltela.pt\/noticias\/2026\/03\/06\/passos-perdidos-analise-de-obstaculos-e-caminhos-por-definir\/#breadcrumb\"},\"inLanguage\":\"pt-PT\",\"potentialAction\":[{\"@type\":\"ReadAction\",\"target\":[\"https:\/\/portaltela.pt\/noticias\/2026\/03\/06\/passos-perdidos-analise-de-obstaculos-e-caminhos-por-definir\/\"]}]},{\"@type\":\"ImageObject\",\"inLanguage\":\"pt-PT\",\"@id\":\"https:\/\/portaltela.pt\/noticias\/2026\/03\/06\/passos-perdidos-analise-de-obstaculos-e-caminhos-por-definir\/#primaryimage\",\"url\":\"https:\/\/portaltela.pt\/s.01k8rhncp4jt1\/2026\/03\/e8eecc03-e613-44d9-997b-30792a58bbaf_1200x675.jpg\",\"contentUrl\":\"https:\/\/portaltela.pt\/s.01k8rhncp4jt1\/2026\/03\/e8eecc03-e613-44d9-997b-30792a58bbaf_1200x675.jpg\",\"width\":796,\"height\":448,\"caption\":\"Photo\"},{\"@type\":\"BreadcrumbList\",\"@id\":\"https:\/\/portaltela.pt\/noticias\/2026\/03\/06\/passos-perdidos-analise-de-obstaculos-e-caminhos-por-definir\/#breadcrumb\",\"itemListElement\":[{\"@type\":\"ListItem\",\"position\":1,\"name\":\"In\u00edcio\",\"item\":\"https:\/\/portaltela.pt\/\"},{\"@type\":\"ListItem\",\"position\":2,\"name\":\"Passos perdidos: an\u00e1lise de obst\u00e1culos e caminhos por definir\"}]},{\"@type\":\"WebSite\",\"@id\":\"https:\/\/portaltela.pt\/#website\",\"url\":\"https:\/\/portaltela.pt\/\",\"name\":\"Portal Tela Portugal\",\"description\":\"\",\"potentialAction\":[{\"@type\":\"SearchAction\",\"target\":{\"@type\":\"EntryPoint\",\"urlTemplate\":\"https:\/\/portaltela.pt\/?s={search_term_string}\"},\"query-input\":{\"@type\":\"PropertyValueSpecification\",\"valueRequired\":true,\"valueName\":\"search_term_string\"}}],\"inLanguage\":\"pt-PT\"},{\"@type\":\"Person\",\"@id\":\"https:\/\/portaltela.pt\/#\/schema\/person\/c4278d4a6028830caff9ee44b42d32ed\",\"name\":\"Telinha\",\"image\":{\"@type\":\"ImageObject\",\"inLanguage\":\"pt-PT\",\"@id\":\"https:\/\/portaltela.pt\/s.01k8rhncp4jt1\/2025\/11\/talking-bot-125x125.png\",\"url\":\"https:\/\/portaltela.pt\/s.01k8rhncp4jt1\/2025\/11\/talking-bot-125x125.png\",\"contentUrl\":\"https:\/\/portaltela.pt\/s.01k8rhncp4jt1\/2025\/11\/talking-bot-125x125.png\",\"caption\":\"Telinha\"},\"sameAs\":[\"https:\/\/portaltela.pt\/\"],\"url\":\"https:\/\/portaltela.pt\/por\/367410592786\/\"}]}<\/script>\n<!-- \/ Yoast SEO plugin. -->","yoast_head_json":{"title":"Passos perdidos: an\u00e1lise de obst\u00e1culos e caminhos por definir - Portal Tela Portugal","robots":{"index":"index","follow":"follow","max-snippet":"max-snippet:-1","max-image-preview":"max-image-preview:large","max-video-preview":"max-video-preview:-1"},"og_locale":"pt_PT","og_type":"article","og_title":"Passos perdidos: an\u00e1lise de obst\u00e1culos e caminhos por definir - Portal Tela Portugal","og_description":"Pedro Passos Coelho continua fortemente associado \u00e0 austeridade e \u00e0 troika, mesmo tendo sido o mais votado em 2015 e diante da vit\u00f3ria da maioria de Esquerda liderada por Ant\u00f3nio Costa. Durante o per\u00edodo da geringon\u00e7a, manteve dist\u00e2ncia do poder, alimentando, pela aus\u00eancia, uma aura de salvaguarda que alguns lhe atribuem. Para parte da Direita, Passos \u00e9 visto como reserva moral capaz de unir v\u00e1rias sensibilidades, incluindo o Chega. O momento em que se atravessou no caminho de Lu\u00eds Montenegro n\u00e3o reflete a realidade: Montenegro ficou com o PSD, o maior partido, e pretende manter a estabilidade governativa. H\u00e1 duas hip\u00f3teses no horizonte: Passos tenta minar o capital pol\u00edtico de Montenegro ou quer lan\u00e7ar um movimento pr\u00f3prio; em ambos os cen\u00e1rios n\u00e3o lhe favorece, e ainda n\u00e3o explicou como faria diferente.","og_url":"https:\/\/portaltela.pt\/noticias\/2026\/03\/06\/passos-perdidos-analise-de-obstaculos-e-caminhos-por-definir\/","og_site_name":"Portal Tela Portugal","article_published_time":"2026-03-07T00:01:00+00:00","author":"Telinha","twitter_card":"summary_large_image","twitter_misc":{"Escrito por":"Telinha","Tempo estimado de leitura":"1 minuto"},"schema":{"@context":"https:\/\/schema.org","@graph":[{"@type":"Article","@id":"https:\/\/portaltela.pt\/noticias\/2026\/03\/06\/passos-perdidos-analise-de-obstaculos-e-caminhos-por-definir\/#article","isPartOf":{"@id":"https:\/\/portaltela.pt\/noticias\/2026\/03\/06\/passos-perdidos-analise-de-obstaculos-e-caminhos-por-definir\/"},"author":{"name":"Telinha","@id":"https:\/\/portaltela.pt\/#\/schema\/person\/c4278d4a6028830caff9ee44b42d32ed"},"headline":"Passos perdidos: an\u00e1lise de obst\u00e1culos e caminhos por definir","datePublished":"2026-03-07T00:01:00+00:00","mainEntityOfPage":{"@id":"https:\/\/portaltela.pt\/noticias\/2026\/03\/06\/passos-perdidos-analise-de-obstaculos-e-caminhos-por-definir\/"},"wordCount":267,"image":{"@id":"https:\/\/portaltela.pt\/noticias\/2026\/03\/06\/passos-perdidos-analise-de-obstaculos-e-caminhos-por-definir\/#primaryimage"},"thumbnailUrl":"https:\/\/portaltela.pt\/s.01k8rhncp4jt1\/2026\/03\/e8eecc03-e613-44d9-997b-30792a58bbaf_1200x675.jpg","keywords":["CHEGA","direita","governo","Montenegro","pol\u00edtica","PSD\/CDS"],"articleSection":["Not\u00edcias","Pol\u00edtica"],"inLanguage":"pt-PT"},{"@type":"WebPage","@id":"https:\/\/portaltela.pt\/noticias\/2026\/03\/06\/passos-perdidos-analise-de-obstaculos-e-caminhos-por-definir\/","url":"https:\/\/portaltela.pt\/noticias\/2026\/03\/06\/passos-perdidos-analise-de-obstaculos-e-caminhos-por-definir\/","name":"Passos perdidos: an\u00e1lise de obst\u00e1culos e caminhos por definir - Portal Tela Portugal","isPartOf":{"@id":"https:\/\/portaltela.pt\/#website"},"primaryImageOfPage":{"@id":"https:\/\/portaltela.pt\/noticias\/2026\/03\/06\/passos-perdidos-analise-de-obstaculos-e-caminhos-por-definir\/#primaryimage"},"image":{"@id":"https:\/\/portaltela.pt\/noticias\/2026\/03\/06\/passos-perdidos-analise-de-obstaculos-e-caminhos-por-definir\/#primaryimage"},"thumbnailUrl":"https:\/\/portaltela.pt\/s.01k8rhncp4jt1\/2026\/03\/e8eecc03-e613-44d9-997b-30792a58bbaf_1200x675.jpg","datePublished":"2026-03-07T00:01:00+00:00","author":{"@id":"https:\/\/portaltela.pt\/#\/schema\/person\/c4278d4a6028830caff9ee44b42d32ed"},"breadcrumb":{"@id":"https:\/\/portaltela.pt\/noticias\/2026\/03\/06\/passos-perdidos-analise-de-obstaculos-e-caminhos-por-definir\/#breadcrumb"},"inLanguage":"pt-PT","potentialAction":[{"@type":"ReadAction","target":["https:\/\/portaltela.pt\/noticias\/2026\/03\/06\/passos-perdidos-analise-de-obstaculos-e-caminhos-por-definir\/"]}]},{"@type":"ImageObject","inLanguage":"pt-PT","@id":"https:\/\/portaltela.pt\/noticias\/2026\/03\/06\/passos-perdidos-analise-de-obstaculos-e-caminhos-por-definir\/#primaryimage","url":"https:\/\/portaltela.pt\/s.01k8rhncp4jt1\/2026\/03\/e8eecc03-e613-44d9-997b-30792a58bbaf_1200x675.jpg","contentUrl":"https:\/\/portaltela.pt\/s.01k8rhncp4jt1\/2026\/03\/e8eecc03-e613-44d9-997b-30792a58bbaf_1200x675.jpg","width":796,"height":448,"caption":"Photo"},{"@type":"BreadcrumbList","@id":"https:\/\/portaltela.pt\/noticias\/2026\/03\/06\/passos-perdidos-analise-de-obstaculos-e-caminhos-por-definir\/#breadcrumb","itemListElement":[{"@type":"ListItem","position":1,"name":"In\u00edcio","item":"https:\/\/portaltela.pt\/"},{"@type":"ListItem","position":2,"name":"Passos perdidos: an\u00e1lise de obst\u00e1culos e caminhos por definir"}]},{"@type":"WebSite","@id":"https:\/\/portaltela.pt\/#website","url":"https:\/\/portaltela.pt\/","name":"Portal Tela Portugal","description":"","potentialAction":[{"@type":"SearchAction","target":{"@type":"EntryPoint","urlTemplate":"https:\/\/portaltela.pt\/?s={search_term_string}"},"query-input":{"@type":"PropertyValueSpecification","valueRequired":true,"valueName":"search_term_string"}}],"inLanguage":"pt-PT"},{"@type":"Person","@id":"https:\/\/portaltela.pt\/#\/schema\/person\/c4278d4a6028830caff9ee44b42d32ed","name":"Telinha","image":{"@type":"ImageObject","inLanguage":"pt-PT","@id":"https:\/\/portaltela.pt\/s.01k8rhncp4jt1\/2025\/11\/talking-bot-125x125.png","url":"https:\/\/portaltela.pt\/s.01k8rhncp4jt1\/2025\/11\/talking-bot-125x125.png","contentUrl":"https:\/\/portaltela.pt\/s.01k8rhncp4jt1\/2025\/11\/talking-bot-125x125.png","caption":"Telinha"},"sameAs":["https:\/\/portaltela.pt\/"],"url":"https:\/\/portaltela.pt\/por\/367410592786\/"}]}},"_links":{"self":[{"href":"https:\/\/portaltela.pt\/api\/wp\/v2\/posts\/400947","targetHints":{"allow":["GET"]}}],"collection":[{"href":"https:\/\/portaltela.pt\/api\/wp\/v2\/posts"}],"about":[{"href":"https:\/\/portaltela.pt\/api\/wp\/v2\/types\/post"}],"author":[{"embeddable":true,"href":"https:\/\/portaltela.pt\/api\/wp\/v2\/users\/2"}],"replies":[{"embeddable":true,"href":"https:\/\/portaltela.pt\/api\/wp\/v2\/comments?post=400947"}],"version-history":[{"count":0,"href":"https:\/\/portaltela.pt\/api\/wp\/v2\/posts\/400947\/revisions"}],"wp:featuredmedia":[{"embeddable":true,"href":"https:\/\/portaltela.pt\/api\/wp\/v2\/media\/400949"}],"wp:attachment":[{"href":"https:\/\/portaltela.pt\/api\/wp\/v2\/media?parent=400947"}],"wp:term":[{"taxonomy":"category","embeddable":true,"href":"https:\/\/portaltela.pt\/api\/wp\/v2\/categories?post=400947"},{"taxonomy":"post_tag","embeddable":true,"href":"https:\/\/portaltela.pt\/api\/wp\/v2\/tags?post=400947"}],"curies":[{"name":"wp","href":"https:\/\/api.w.org\/{rel}","templated":true}]}}