{"id":400925,"date":"2026-03-06T21:00:00","date_gmt":"2026-03-07T00:00:00","guid":{"rendered":"https:\/\/portaltela.pt\/noticias\/2026\/03\/06\/metroque-em-debate-analise-e-contexto\/"},"modified":"2026-03-06T21:00:00","modified_gmt":"2026-03-07T00:00:00","slug":"metroque-em-debate-analise-e-contexto","status":"publish","type":"post","link":"https:\/\/portaltela.pt\/noticias\/2026\/03\/06\/metroque-em-debate-analise-e-contexto\/","title":{"rendered":"Metroqu\u00ea em debate: an\u00e1lise e contexto"},"content":{"rendered":"<p>Ap\u00f3s 76 milh\u00f5es de euros e quatro anos de obras, o metrobus entrou em funcionamento no Porto. A obra ficou sujeita a um atraso de dois anos em rela\u00e7\u00e3o ao cronograma inicial.<\/p>\n<p>A iniciativa \u00e9 apresentada como solu\u00e7\u00e3o de mobilidade da cidade, com investimento p\u00fablico significativo. A opera\u00e7\u00e3o envolve a circula\u00e7\u00e3o de autocarros em faixa mista, sem infraestrutura exclusiva cont\u00ednua. O projeto n\u00e3o corresponde a um sistema de metro ou a um BRT completo.<\/p>\n<h3>Desempenho e caracteriza\u00e7\u00e3o<\/h3>\n<p>O servi\u00e7o tem uma cad\u00eancia de frequ\u00eancias superior a 10 minutos, com trajetos que, em v\u00e1rias situa\u00e7\u00f5es, demoram mais do que se o deslocamento fosse feito de autom\u00f3vel. A implementa\u00e7\u00e3o n\u00e3o incluiu uma via exclusivamente dedicada aos autocarros.<\/p>\n<h3>Impactos no tr\u00e1fego<\/h3>\n<p>Foi criada uma passagem pedonal asfaltada com 2,5 quil\u00f3metros, sem \u00e1rvores ao longo do percurso. A obra tamb\u00e9m eliminou a ciclovia existente, relegando as bicicletas para as faixas da esquerda, com velocidades limitadas a 30 km\/h.<\/p>\n","protected":false},"excerpt":{"rendered":"<ul>\n<li>Custo de 76 milh\u00f5es de euros e quatro anos de obras para o metrobus do Porto, com dois anos de atraso.<\/li>\n<li>O sistema n\u00e3o tem via inteiramente dedicada e as frequ\u00eancias s\u00e3o superiores a dez minutos, o que aumenta o tempo de viagem face ao carro.<\/li>\n<li>N\u00e3o \u00e9 nem metro nem BRT, trata-se de um autocarro com parte em faixa reservada e parte no tr\u00e2nsito.<\/li>\n<li>O investimento teve cr\u00edticas quanto \u00e0 utilidade, incluindo uma passadeira de alcatr\u00e3o de 2,5 quil\u00f3metros sem \u00e1rvores.<\/li>\n<li>Altera\u00e7\u00f5es no tr\u00e1fego: elimina\u00e7\u00e3o da ciclovia, bicicletas deslocadas para as faixas da esquerda e velocidade reduzida a 30 km\/h.<\/li>\n<\/ul>\n","protected":false},"author":2,"featured_media":400931,"comment_status":"closed","ping_status":"closed","sticky":false,"template":"","format":"standard","meta":{"footnotes":""},"categories":[1],"tags":[3769,1615,3263,982,192,4353],"class_list":["post-400925","post","type-post","status-publish","format-standard","has-post-thumbnail","hentry","category-noticias","tag-autocarros","tag-infraestrutura","tag-mobilidade-urbana","tag-porto","tag-transporte","tag-vias-publicas"],"yoast_head":"<!-- This site is optimized with the Yoast SEO plugin v27.2 - https:\/\/yoast.com\/product\/yoast-seo-wordpress\/ -->\n<title>Metroqu\u00ea em debate: an\u00e1lise e contexto - Portal Tela Portugal<\/title>\n<meta name=\"robots\" content=\"index, follow, max-snippet:-1, max-image-preview:large, max-video-preview:-1\" \/>\n<meta property=\"og:locale\" content=\"pt_PT\" \/>\n<meta property=\"og:type\" content=\"article\" \/>\n<meta property=\"og:title\" content=\"Metroqu\u00ea em debate: an\u00e1lise e contexto - Portal Tela Portugal\" \/>\n<meta property=\"og:description\" content=\"Custo de 76 milh\u00f5es de euros e quatro anos de obras para o metrobus do Porto, com dois anos de atraso. O sistema n\u00e3o tem via inteiramente dedicada e as frequ\u00eancias s\u00e3o superiores a dez minutos, o que aumenta o tempo de viagem face ao carro. N\u00e3o \u00e9 nem metro nem BRT, trata-se de um autocarro com parte em faixa reservada e parte no tr\u00e2nsito. O investimento teve cr\u00edticas quanto \u00e0 utilidade, incluindo uma passadeira de alcatr\u00e3o de 2,5 quil\u00f3metros sem \u00e1rvores. Altera\u00e7\u00f5es no tr\u00e1fego: elimina\u00e7\u00e3o da ciclovia, bicicletas deslocadas para as faixas da esquerda e velocidade reduzida a 30 km\/h.\" \/>\n<meta property=\"og:url\" content=\"https:\/\/portaltela.pt\/noticias\/2026\/03\/06\/metroque-em-debate-analise-e-contexto\/\" \/>\n<meta property=\"og:site_name\" content=\"Portal Tela Portugal\" \/>\n<meta property=\"article:published_time\" content=\"2026-03-07T00:00:00+00:00\" \/>\n<meta name=\"author\" content=\"Telinha\" \/>\n<meta name=\"twitter:card\" content=\"summary_large_image\" \/>\n<meta name=\"twitter:label1\" content=\"Escrito por\" \/>\n\t<meta name=\"twitter:data1\" content=\"Telinha\" \/>\n\t<meta name=\"twitter:label2\" content=\"Tempo estimado de leitura\" \/>\n\t<meta name=\"twitter:data2\" content=\"1 minuto\" \/>\n<script type=\"application\/ld+json\" class=\"yoast-schema-graph\">{\"@context\":\"https:\/\/schema.org\",\"@graph\":[{\"@type\":\"Article\",\"@id\":\"https:\/\/portaltela.pt\/noticias\/2026\/03\/06\/metroque-em-debate-analise-e-contexto\/#article\",\"isPartOf\":{\"@id\":\"https:\/\/portaltela.pt\/noticias\/2026\/03\/06\/metroque-em-debate-analise-e-contexto\/\"},\"author\":{\"name\":\"Telinha\",\"@id\":\"https:\/\/portaltela.pt\/#\/schema\/person\/c4278d4a6028830caff9ee44b42d32ed\"},\"headline\":\"Metroqu\u00ea em debate: an\u00e1lise e contexto\",\"datePublished\":\"2026-03-07T00:00:00+00:00\",\"mainEntityOfPage\":{\"@id\":\"https:\/\/portaltela.pt\/noticias\/2026\/03\/06\/metroque-em-debate-analise-e-contexto\/\"},\"wordCount\":178,\"image\":{\"@id\":\"https:\/\/portaltela.pt\/noticias\/2026\/03\/06\/metroque-em-debate-analise-e-contexto\/#primaryimage\"},\"thumbnailUrl\":\"https:\/\/portaltela.pt\/s.01k8rhncp4jt1\/2026\/03\/3d75c904-d54b-438f-b20f-0249bb217d00_1200x675.jpg\",\"keywords\":[\"autocarros\",\"infraestrutura\",\"mobilidade urbana\",\"Porto\",\"transporte\",\"vias p\u00fablicas\"],\"articleSection\":[\"Not\u00edcias\"],\"inLanguage\":\"pt-PT\"},{\"@type\":\"WebPage\",\"@id\":\"https:\/\/portaltela.pt\/noticias\/2026\/03\/06\/metroque-em-debate-analise-e-contexto\/\",\"url\":\"https:\/\/portaltela.pt\/noticias\/2026\/03\/06\/metroque-em-debate-analise-e-contexto\/\",\"name\":\"Metroqu\u00ea em debate: an\u00e1lise e contexto - Portal Tela Portugal\",\"isPartOf\":{\"@id\":\"https:\/\/portaltela.pt\/#website\"},\"primaryImageOfPage\":{\"@id\":\"https:\/\/portaltela.pt\/noticias\/2026\/03\/06\/metroque-em-debate-analise-e-contexto\/#primaryimage\"},\"image\":{\"@id\":\"https:\/\/portaltela.pt\/noticias\/2026\/03\/06\/metroque-em-debate-analise-e-contexto\/#primaryimage\"},\"thumbnailUrl\":\"https:\/\/portaltela.pt\/s.01k8rhncp4jt1\/2026\/03\/3d75c904-d54b-438f-b20f-0249bb217d00_1200x675.jpg\",\"datePublished\":\"2026-03-07T00:00:00+00:00\",\"author\":{\"@id\":\"https:\/\/portaltela.pt\/#\/schema\/person\/c4278d4a6028830caff9ee44b42d32ed\"},\"breadcrumb\":{\"@id\":\"https:\/\/portaltela.pt\/noticias\/2026\/03\/06\/metroque-em-debate-analise-e-contexto\/#breadcrumb\"},\"inLanguage\":\"pt-PT\",\"potentialAction\":[{\"@type\":\"ReadAction\",\"target\":[\"https:\/\/portaltela.pt\/noticias\/2026\/03\/06\/metroque-em-debate-analise-e-contexto\/\"]}]},{\"@type\":\"ImageObject\",\"inLanguage\":\"pt-PT\",\"@id\":\"https:\/\/portaltela.pt\/noticias\/2026\/03\/06\/metroque-em-debate-analise-e-contexto\/#primaryimage\",\"url\":\"https:\/\/portaltela.pt\/s.01k8rhncp4jt1\/2026\/03\/3d75c904-d54b-438f-b20f-0249bb217d00_1200x675.jpg\",\"contentUrl\":\"https:\/\/portaltela.pt\/s.01k8rhncp4jt1\/2026\/03\/3d75c904-d54b-438f-b20f-0249bb217d00_1200x675.jpg\",\"width\":796,\"height\":448,\"caption\":\"Photo\"},{\"@type\":\"BreadcrumbList\",\"@id\":\"https:\/\/portaltela.pt\/noticias\/2026\/03\/06\/metroque-em-debate-analise-e-contexto\/#breadcrumb\",\"itemListElement\":[{\"@type\":\"ListItem\",\"position\":1,\"name\":\"In\u00edcio\",\"item\":\"https:\/\/portaltela.pt\/\"},{\"@type\":\"ListItem\",\"position\":2,\"name\":\"Metroqu\u00ea em debate: an\u00e1lise e contexto\"}]},{\"@type\":\"WebSite\",\"@id\":\"https:\/\/portaltela.pt\/#website\",\"url\":\"https:\/\/portaltela.pt\/\",\"name\":\"Portal Tela Portugal\",\"description\":\"\",\"potentialAction\":[{\"@type\":\"SearchAction\",\"target\":{\"@type\":\"EntryPoint\",\"urlTemplate\":\"https:\/\/portaltela.pt\/?s={search_term_string}\"},\"query-input\":{\"@type\":\"PropertyValueSpecification\",\"valueRequired\":true,\"valueName\":\"search_term_string\"}}],\"inLanguage\":\"pt-PT\"},{\"@type\":\"Person\",\"@id\":\"https:\/\/portaltela.pt\/#\/schema\/person\/c4278d4a6028830caff9ee44b42d32ed\",\"name\":\"Telinha\",\"image\":{\"@type\":\"ImageObject\",\"inLanguage\":\"pt-PT\",\"@id\":\"https:\/\/portaltela.pt\/s.01k8rhncp4jt1\/2025\/11\/talking-bot-125x125.png\",\"url\":\"https:\/\/portaltela.pt\/s.01k8rhncp4jt1\/2025\/11\/talking-bot-125x125.png\",\"contentUrl\":\"https:\/\/portaltela.pt\/s.01k8rhncp4jt1\/2025\/11\/talking-bot-125x125.png\",\"caption\":\"Telinha\"},\"sameAs\":[\"https:\/\/portaltela.pt\/\"],\"url\":\"https:\/\/portaltela.pt\/por\/367410592786\/\"}]}<\/script>\n<!-- \/ Yoast SEO plugin. -->","yoast_head_json":{"title":"Metroqu\u00ea em debate: an\u00e1lise e contexto - Portal Tela Portugal","robots":{"index":"index","follow":"follow","max-snippet":"max-snippet:-1","max-image-preview":"max-image-preview:large","max-video-preview":"max-video-preview:-1"},"og_locale":"pt_PT","og_type":"article","og_title":"Metroqu\u00ea em debate: an\u00e1lise e contexto - Portal Tela Portugal","og_description":"Custo de 76 milh\u00f5es de euros e quatro anos de obras para o metrobus do Porto, com dois anos de atraso. O sistema n\u00e3o tem via inteiramente dedicada e as frequ\u00eancias s\u00e3o superiores a dez minutos, o que aumenta o tempo de viagem face ao carro. N\u00e3o \u00e9 nem metro nem BRT, trata-se de um autocarro com parte em faixa reservada e parte no tr\u00e2nsito. O investimento teve cr\u00edticas quanto \u00e0 utilidade, incluindo uma passadeira de alcatr\u00e3o de 2,5 quil\u00f3metros sem \u00e1rvores. Altera\u00e7\u00f5es no tr\u00e1fego: elimina\u00e7\u00e3o da ciclovia, bicicletas deslocadas para as faixas da esquerda e velocidade reduzida a 30 km\/h.","og_url":"https:\/\/portaltela.pt\/noticias\/2026\/03\/06\/metroque-em-debate-analise-e-contexto\/","og_site_name":"Portal Tela Portugal","article_published_time":"2026-03-07T00:00:00+00:00","author":"Telinha","twitter_card":"summary_large_image","twitter_misc":{"Escrito por":"Telinha","Tempo estimado de leitura":"1 minuto"},"schema":{"@context":"https:\/\/schema.org","@graph":[{"@type":"Article","@id":"https:\/\/portaltela.pt\/noticias\/2026\/03\/06\/metroque-em-debate-analise-e-contexto\/#article","isPartOf":{"@id":"https:\/\/portaltela.pt\/noticias\/2026\/03\/06\/metroque-em-debate-analise-e-contexto\/"},"author":{"name":"Telinha","@id":"https:\/\/portaltela.pt\/#\/schema\/person\/c4278d4a6028830caff9ee44b42d32ed"},"headline":"Metroqu\u00ea em debate: an\u00e1lise e contexto","datePublished":"2026-03-07T00:00:00+00:00","mainEntityOfPage":{"@id":"https:\/\/portaltela.pt\/noticias\/2026\/03\/06\/metroque-em-debate-analise-e-contexto\/"},"wordCount":178,"image":{"@id":"https:\/\/portaltela.pt\/noticias\/2026\/03\/06\/metroque-em-debate-analise-e-contexto\/#primaryimage"},"thumbnailUrl":"https:\/\/portaltela.pt\/s.01k8rhncp4jt1\/2026\/03\/3d75c904-d54b-438f-b20f-0249bb217d00_1200x675.jpg","keywords":["autocarros","infraestrutura","mobilidade urbana","Porto","transporte","vias p\u00fablicas"],"articleSection":["Not\u00edcias"],"inLanguage":"pt-PT"},{"@type":"WebPage","@id":"https:\/\/portaltela.pt\/noticias\/2026\/03\/06\/metroque-em-debate-analise-e-contexto\/","url":"https:\/\/portaltela.pt\/noticias\/2026\/03\/06\/metroque-em-debate-analise-e-contexto\/","name":"Metroqu\u00ea em debate: an\u00e1lise e contexto - Portal Tela Portugal","isPartOf":{"@id":"https:\/\/portaltela.pt\/#website"},"primaryImageOfPage":{"@id":"https:\/\/portaltela.pt\/noticias\/2026\/03\/06\/metroque-em-debate-analise-e-contexto\/#primaryimage"},"image":{"@id":"https:\/\/portaltela.pt\/noticias\/2026\/03\/06\/metroque-em-debate-analise-e-contexto\/#primaryimage"},"thumbnailUrl":"https:\/\/portaltela.pt\/s.01k8rhncp4jt1\/2026\/03\/3d75c904-d54b-438f-b20f-0249bb217d00_1200x675.jpg","datePublished":"2026-03-07T00:00:00+00:00","author":{"@id":"https:\/\/portaltela.pt\/#\/schema\/person\/c4278d4a6028830caff9ee44b42d32ed"},"breadcrumb":{"@id":"https:\/\/portaltela.pt\/noticias\/2026\/03\/06\/metroque-em-debate-analise-e-contexto\/#breadcrumb"},"inLanguage":"pt-PT","potentialAction":[{"@type":"ReadAction","target":["https:\/\/portaltela.pt\/noticias\/2026\/03\/06\/metroque-em-debate-analise-e-contexto\/"]}]},{"@type":"ImageObject","inLanguage":"pt-PT","@id":"https:\/\/portaltela.pt\/noticias\/2026\/03\/06\/metroque-em-debate-analise-e-contexto\/#primaryimage","url":"https:\/\/portaltela.pt\/s.01k8rhncp4jt1\/2026\/03\/3d75c904-d54b-438f-b20f-0249bb217d00_1200x675.jpg","contentUrl":"https:\/\/portaltela.pt\/s.01k8rhncp4jt1\/2026\/03\/3d75c904-d54b-438f-b20f-0249bb217d00_1200x675.jpg","width":796,"height":448,"caption":"Photo"},{"@type":"BreadcrumbList","@id":"https:\/\/portaltela.pt\/noticias\/2026\/03\/06\/metroque-em-debate-analise-e-contexto\/#breadcrumb","itemListElement":[{"@type":"ListItem","position":1,"name":"In\u00edcio","item":"https:\/\/portaltela.pt\/"},{"@type":"ListItem","position":2,"name":"Metroqu\u00ea em debate: an\u00e1lise e contexto"}]},{"@type":"WebSite","@id":"https:\/\/portaltela.pt\/#website","url":"https:\/\/portaltela.pt\/","name":"Portal Tela Portugal","description":"","potentialAction":[{"@type":"SearchAction","target":{"@type":"EntryPoint","urlTemplate":"https:\/\/portaltela.pt\/?s={search_term_string}"},"query-input":{"@type":"PropertyValueSpecification","valueRequired":true,"valueName":"search_term_string"}}],"inLanguage":"pt-PT"},{"@type":"Person","@id":"https:\/\/portaltela.pt\/#\/schema\/person\/c4278d4a6028830caff9ee44b42d32ed","name":"Telinha","image":{"@type":"ImageObject","inLanguage":"pt-PT","@id":"https:\/\/portaltela.pt\/s.01k8rhncp4jt1\/2025\/11\/talking-bot-125x125.png","url":"https:\/\/portaltela.pt\/s.01k8rhncp4jt1\/2025\/11\/talking-bot-125x125.png","contentUrl":"https:\/\/portaltela.pt\/s.01k8rhncp4jt1\/2025\/11\/talking-bot-125x125.png","caption":"Telinha"},"sameAs":["https:\/\/portaltela.pt\/"],"url":"https:\/\/portaltela.pt\/por\/367410592786\/"}]}},"_links":{"self":[{"href":"https:\/\/portaltela.pt\/api\/wp\/v2\/posts\/400925","targetHints":{"allow":["GET"]}}],"collection":[{"href":"https:\/\/portaltela.pt\/api\/wp\/v2\/posts"}],"about":[{"href":"https:\/\/portaltela.pt\/api\/wp\/v2\/types\/post"}],"author":[{"embeddable":true,"href":"https:\/\/portaltela.pt\/api\/wp\/v2\/users\/2"}],"replies":[{"embeddable":true,"href":"https:\/\/portaltela.pt\/api\/wp\/v2\/comments?post=400925"}],"version-history":[{"count":0,"href":"https:\/\/portaltela.pt\/api\/wp\/v2\/posts\/400925\/revisions"}],"wp:featuredmedia":[{"embeddable":true,"href":"https:\/\/portaltela.pt\/api\/wp\/v2\/media\/400931"}],"wp:attachment":[{"href":"https:\/\/portaltela.pt\/api\/wp\/v2\/media?parent=400925"}],"wp:term":[{"taxonomy":"category","embeddable":true,"href":"https:\/\/portaltela.pt\/api\/wp\/v2\/categories?post=400925"},{"taxonomy":"post_tag","embeddable":true,"href":"https:\/\/portaltela.pt\/api\/wp\/v2\/tags?post=400925"}],"curies":[{"name":"wp","href":"https:\/\/api.w.org\/{rel}","templated":true}]}}