{"id":400923,"date":"2026-03-06T20:48:00","date_gmt":"2026-03-06T23:48:00","guid":{"rendered":"https:\/\/portaltela.pt\/noticias\/2026\/03\/06\/voo-da-tap-para-miami-desvia-para-acores-por-cheiro-suspeito\/"},"modified":"2026-03-06T20:48:00","modified_gmt":"2026-03-06T23:48:00","slug":"voo-da-tap-para-miami-desvia-para-acores-por-cheiro-suspeito","status":"publish","type":"post","link":"https:\/\/portaltela.pt\/noticias\/2026\/03\/06\/voo-da-tap-para-miami-desvia-para-acores-por-cheiro-suspeito\/","title":{"rendered":"Voo da TAP para Miami desvia para A\u00e7ores por cheiro suspeito"},"content":{"rendered":"<p>O voo TP225 da TAP, que partiu de Lisboa com destino a Miami, divergiu para Ponta Delgada devido a um caso de odores a bordo. A opera\u00e7\u00e3o aconteceu na sexta-feira, com partida marcada \u00e0s 17:50, segundo o site do Aeroporto de Lisboa.<\/p>\n<p>O Flight Radar indica que o voo aterrar\u00e1 em Ponta Delgada \u00e0s 20:04. A TAP confirmou \u00e0 Lusa que o desvio ocorreu e que a aterragem decorreu sem incidentes.<\/p>\n<p>A companhia disse ainda que os passageiros seguir\u00e3o viagem assim que poss\u00edvel num outro voo TAP. Em nota de anos anteriores, a TAP esclarece que situa\u00e7\u00f5es de qualidade do ar na cabine s\u00e3o monitorizadas de perto por operadoras e fabricantes da ind\u00fastria da avia\u00e7\u00e3o.<\/p>\n<p>A explica\u00e7\u00e3o oficial aponta que odores podem ter origem no sistema de ventila\u00e7\u00e3o (l\u00edquidos anticongelantes, falhas el\u00e9tricas ou na ventila\u00e7\u00e3o, \u00f3leo de motor ou combust\u00edvel) ou em itens na cabine, como bagagem, produtos de limpeza ou desinfe\u00e7\u00e3o. Em geral, n\u00e3o h\u00e1 rela\u00e7\u00e3o autom\u00e1tica com rea\u00e7\u00f5es fisiol\u00f3gicas.<\/p>\n","protected":false},"excerpt":{"rendered":"<ul>\n<li>O voo TAP TP225, com partida de Lisboa \u00e0s 17h50 com destino a Miami, desviou-se para Ponta Delgada devido a odores a bordo.<\/li>\n<li>A aterragem em Ponta Delgada ocorreu \u00e0s 20h04, sem incidentes, segundo a ANA e a TAP.<\/li>\n<li>Os passageiros v\u00e3o seguir viagem num pr\u00f3ximo voo da TAP assim que poss\u00edvel.<\/li>\n<li>A TAP j\u00e1 indicou que situa\u00e7\u00f5es relacionadas com a qualidade do ar na cabina t\u00eam merecido aten\u00e7\u00e3o global por parte de operadores e fabricantes da avia\u00e7\u00e3o.<\/li>\n<li>Em geral, os odores podem ter origem no sistema de ventila\u00e7\u00e3o ou em itens na cabine, como desinfetantes, bagagem de m\u00e3o ou l\u00edquidos.<\/li>\n<\/ul>\n","protected":false},"author":2,"featured_media":400927,"comment_status":"closed","ping_status":"closed","sticky":false,"template":"","format":"standard","meta":{"footnotes":""},"categories":[1],"tags":[4558,6107,822,3302,2931],"class_list":["post-400923","post","type-post","status-publish","format-standard","has-post-thumbnail","hentry","category-noticias","tag-a-aeronautica","tag-a-aviacao","tag-acores","tag-aeroportos","tag-ponta-delgada"],"yoast_head":"<!-- This site is optimized with the Yoast SEO plugin v27.2 - https:\/\/yoast.com\/product\/yoast-seo-wordpress\/ -->\n<title>Voo da TAP para Miami desvia para A\u00e7ores por cheiro suspeito - Portal Tela Portugal<\/title>\n<meta name=\"robots\" content=\"index, follow, max-snippet:-1, max-image-preview:large, max-video-preview:-1\" \/>\n<meta property=\"og:locale\" content=\"pt_PT\" \/>\n<meta property=\"og:type\" content=\"article\" \/>\n<meta property=\"og:title\" content=\"Voo da TAP para Miami desvia para A\u00e7ores por cheiro suspeito - Portal Tela Portugal\" \/>\n<meta property=\"og:description\" content=\"O voo TAP TP225, com partida de Lisboa \u00e0s 17h50 com destino a Miami, desviou-se para Ponta Delgada devido a odores a bordo. A aterragem em Ponta Delgada ocorreu \u00e0s 20h04, sem incidentes, segundo a ANA e a TAP. Os passageiros v\u00e3o seguir viagem num pr\u00f3ximo voo da TAP assim que poss\u00edvel. A TAP j\u00e1 indicou que situa\u00e7\u00f5es relacionadas com a qualidade do ar na cabina t\u00eam merecido aten\u00e7\u00e3o global por parte de operadores e fabricantes da avia\u00e7\u00e3o. Em geral, os odores podem ter origem no sistema de ventila\u00e7\u00e3o ou em itens na cabine, como desinfetantes, bagagem de m\u00e3o ou l\u00edquidos.\" \/>\n<meta property=\"og:url\" content=\"https:\/\/portaltela.pt\/noticias\/2026\/03\/06\/voo-da-tap-para-miami-desvia-para-acores-por-cheiro-suspeito\/\" \/>\n<meta property=\"og:site_name\" content=\"Portal Tela Portugal\" \/>\n<meta property=\"article:published_time\" content=\"2026-03-06T23:48:00+00:00\" \/>\n<meta name=\"author\" content=\"Telinha\" \/>\n<meta name=\"twitter:card\" content=\"summary_large_image\" \/>\n<meta name=\"twitter:label1\" content=\"Escrito por\" \/>\n\t<meta name=\"twitter:data1\" content=\"Telinha\" \/>\n\t<meta name=\"twitter:label2\" content=\"Tempo estimado de leitura\" \/>\n\t<meta name=\"twitter:data2\" content=\"1 minuto\" \/>\n<script type=\"application\/ld+json\" class=\"yoast-schema-graph\">{\"@context\":\"https:\/\/schema.org\",\"@graph\":[{\"@type\":\"Article\",\"@id\":\"https:\/\/portaltela.pt\/noticias\/2026\/03\/06\/voo-da-tap-para-miami-desvia-para-acores-por-cheiro-suspeito\/#article\",\"isPartOf\":{\"@id\":\"https:\/\/portaltela.pt\/noticias\/2026\/03\/06\/voo-da-tap-para-miami-desvia-para-acores-por-cheiro-suspeito\/\"},\"author\":{\"name\":\"Telinha\",\"@id\":\"https:\/\/portaltela.pt\/#\/schema\/person\/c4278d4a6028830caff9ee44b42d32ed\"},\"headline\":\"Voo da TAP para Miami desvia para A\u00e7ores por cheiro suspeito\",\"datePublished\":\"2026-03-06T23:48:00+00:00\",\"mainEntityOfPage\":{\"@id\":\"https:\/\/portaltela.pt\/noticias\/2026\/03\/06\/voo-da-tap-para-miami-desvia-para-acores-por-cheiro-suspeito\/\"},\"wordCount\":189,\"image\":{\"@id\":\"https:\/\/portaltela.pt\/noticias\/2026\/03\/06\/voo-da-tap-para-miami-desvia-para-acores-por-cheiro-suspeito\/#primaryimage\"},\"thumbnailUrl\":\"https:\/\/portaltela.pt\/s.01k8rhncp4jt1\/2026\/03\/3eb97c6a-1e2e-449f-9361-2515f1a82357_1200x675.jpg\",\"keywords\":[\"a aeron\u00e1utica\",\"a avia\u00e7\u00e3o\",\"A\u00e7ores\",\"aeroportos\",\"Ponta Delgada\"],\"articleSection\":[\"Not\u00edcias\"],\"inLanguage\":\"pt-PT\"},{\"@type\":\"WebPage\",\"@id\":\"https:\/\/portaltela.pt\/noticias\/2026\/03\/06\/voo-da-tap-para-miami-desvia-para-acores-por-cheiro-suspeito\/\",\"url\":\"https:\/\/portaltela.pt\/noticias\/2026\/03\/06\/voo-da-tap-para-miami-desvia-para-acores-por-cheiro-suspeito\/\",\"name\":\"Voo da TAP para Miami desvia para A\u00e7ores por cheiro suspeito - Portal Tela Portugal\",\"isPartOf\":{\"@id\":\"https:\/\/portaltela.pt\/#website\"},\"primaryImageOfPage\":{\"@id\":\"https:\/\/portaltela.pt\/noticias\/2026\/03\/06\/voo-da-tap-para-miami-desvia-para-acores-por-cheiro-suspeito\/#primaryimage\"},\"image\":{\"@id\":\"https:\/\/portaltela.pt\/noticias\/2026\/03\/06\/voo-da-tap-para-miami-desvia-para-acores-por-cheiro-suspeito\/#primaryimage\"},\"thumbnailUrl\":\"https:\/\/portaltela.pt\/s.01k8rhncp4jt1\/2026\/03\/3eb97c6a-1e2e-449f-9361-2515f1a82357_1200x675.jpg\",\"datePublished\":\"2026-03-06T23:48:00+00:00\",\"author\":{\"@id\":\"https:\/\/portaltela.pt\/#\/schema\/person\/c4278d4a6028830caff9ee44b42d32ed\"},\"breadcrumb\":{\"@id\":\"https:\/\/portaltela.pt\/noticias\/2026\/03\/06\/voo-da-tap-para-miami-desvia-para-acores-por-cheiro-suspeito\/#breadcrumb\"},\"inLanguage\":\"pt-PT\",\"potentialAction\":[{\"@type\":\"ReadAction\",\"target\":[\"https:\/\/portaltela.pt\/noticias\/2026\/03\/06\/voo-da-tap-para-miami-desvia-para-acores-por-cheiro-suspeito\/\"]}]},{\"@type\":\"ImageObject\",\"inLanguage\":\"pt-PT\",\"@id\":\"https:\/\/portaltela.pt\/noticias\/2026\/03\/06\/voo-da-tap-para-miami-desvia-para-acores-por-cheiro-suspeito\/#primaryimage\",\"url\":\"https:\/\/portaltela.pt\/s.01k8rhncp4jt1\/2026\/03\/3eb97c6a-1e2e-449f-9361-2515f1a82357_1200x675.jpg\",\"contentUrl\":\"https:\/\/portaltela.pt\/s.01k8rhncp4jt1\/2026\/03\/3eb97c6a-1e2e-449f-9361-2515f1a82357_1200x675.jpg\",\"width\":796,\"height\":448,\"caption\":\"Estas ocorr\u00eancias com cheiros intensos ou desagrad\u00e1veis a bordo pode dever-se a odores no sistema de ventila\u00e7\u00e3o\"},{\"@type\":\"BreadcrumbList\",\"@id\":\"https:\/\/portaltela.pt\/noticias\/2026\/03\/06\/voo-da-tap-para-miami-desvia-para-acores-por-cheiro-suspeito\/#breadcrumb\",\"itemListElement\":[{\"@type\":\"ListItem\",\"position\":1,\"name\":\"In\u00edcio\",\"item\":\"https:\/\/portaltela.pt\/\"},{\"@type\":\"ListItem\",\"position\":2,\"name\":\"Voo da TAP para Miami desvia para A\u00e7ores por cheiro suspeito\"}]},{\"@type\":\"WebSite\",\"@id\":\"https:\/\/portaltela.pt\/#website\",\"url\":\"https:\/\/portaltela.pt\/\",\"name\":\"Portal Tela Portugal\",\"description\":\"\",\"potentialAction\":[{\"@type\":\"SearchAction\",\"target\":{\"@type\":\"EntryPoint\",\"urlTemplate\":\"https:\/\/portaltela.pt\/?s={search_term_string}\"},\"query-input\":{\"@type\":\"PropertyValueSpecification\",\"valueRequired\":true,\"valueName\":\"search_term_string\"}}],\"inLanguage\":\"pt-PT\"},{\"@type\":\"Person\",\"@id\":\"https:\/\/portaltela.pt\/#\/schema\/person\/c4278d4a6028830caff9ee44b42d32ed\",\"name\":\"Telinha\",\"image\":{\"@type\":\"ImageObject\",\"inLanguage\":\"pt-PT\",\"@id\":\"https:\/\/portaltela.pt\/s.01k8rhncp4jt1\/2025\/11\/talking-bot-125x125.png\",\"url\":\"https:\/\/portaltela.pt\/s.01k8rhncp4jt1\/2025\/11\/talking-bot-125x125.png\",\"contentUrl\":\"https:\/\/portaltela.pt\/s.01k8rhncp4jt1\/2025\/11\/talking-bot-125x125.png\",\"caption\":\"Telinha\"},\"sameAs\":[\"https:\/\/portaltela.pt\/\"],\"url\":\"https:\/\/portaltela.pt\/por\/367410592786\/\"}]}<\/script>\n<!-- \/ Yoast SEO plugin. -->","yoast_head_json":{"title":"Voo da TAP para Miami desvia para A\u00e7ores por cheiro suspeito - Portal Tela Portugal","robots":{"index":"index","follow":"follow","max-snippet":"max-snippet:-1","max-image-preview":"max-image-preview:large","max-video-preview":"max-video-preview:-1"},"og_locale":"pt_PT","og_type":"article","og_title":"Voo da TAP para Miami desvia para A\u00e7ores por cheiro suspeito - Portal Tela Portugal","og_description":"O voo TAP TP225, com partida de Lisboa \u00e0s 17h50 com destino a Miami, desviou-se para Ponta Delgada devido a odores a bordo. A aterragem em Ponta Delgada ocorreu \u00e0s 20h04, sem incidentes, segundo a ANA e a TAP. Os passageiros v\u00e3o seguir viagem num pr\u00f3ximo voo da TAP assim que poss\u00edvel. A TAP j\u00e1 indicou que situa\u00e7\u00f5es relacionadas com a qualidade do ar na cabina t\u00eam merecido aten\u00e7\u00e3o global por parte de operadores e fabricantes da avia\u00e7\u00e3o. Em geral, os odores podem ter origem no sistema de ventila\u00e7\u00e3o ou em itens na cabine, como desinfetantes, bagagem de m\u00e3o ou l\u00edquidos.","og_url":"https:\/\/portaltela.pt\/noticias\/2026\/03\/06\/voo-da-tap-para-miami-desvia-para-acores-por-cheiro-suspeito\/","og_site_name":"Portal Tela Portugal","article_published_time":"2026-03-06T23:48:00+00:00","author":"Telinha","twitter_card":"summary_large_image","twitter_misc":{"Escrito por":"Telinha","Tempo estimado de leitura":"1 minuto"},"schema":{"@context":"https:\/\/schema.org","@graph":[{"@type":"Article","@id":"https:\/\/portaltela.pt\/noticias\/2026\/03\/06\/voo-da-tap-para-miami-desvia-para-acores-por-cheiro-suspeito\/#article","isPartOf":{"@id":"https:\/\/portaltela.pt\/noticias\/2026\/03\/06\/voo-da-tap-para-miami-desvia-para-acores-por-cheiro-suspeito\/"},"author":{"name":"Telinha","@id":"https:\/\/portaltela.pt\/#\/schema\/person\/c4278d4a6028830caff9ee44b42d32ed"},"headline":"Voo da TAP para Miami desvia para A\u00e7ores por cheiro suspeito","datePublished":"2026-03-06T23:48:00+00:00","mainEntityOfPage":{"@id":"https:\/\/portaltela.pt\/noticias\/2026\/03\/06\/voo-da-tap-para-miami-desvia-para-acores-por-cheiro-suspeito\/"},"wordCount":189,"image":{"@id":"https:\/\/portaltela.pt\/noticias\/2026\/03\/06\/voo-da-tap-para-miami-desvia-para-acores-por-cheiro-suspeito\/#primaryimage"},"thumbnailUrl":"https:\/\/portaltela.pt\/s.01k8rhncp4jt1\/2026\/03\/3eb97c6a-1e2e-449f-9361-2515f1a82357_1200x675.jpg","keywords":["a aeron\u00e1utica","a avia\u00e7\u00e3o","A\u00e7ores","aeroportos","Ponta Delgada"],"articleSection":["Not\u00edcias"],"inLanguage":"pt-PT"},{"@type":"WebPage","@id":"https:\/\/portaltela.pt\/noticias\/2026\/03\/06\/voo-da-tap-para-miami-desvia-para-acores-por-cheiro-suspeito\/","url":"https:\/\/portaltela.pt\/noticias\/2026\/03\/06\/voo-da-tap-para-miami-desvia-para-acores-por-cheiro-suspeito\/","name":"Voo da TAP para Miami desvia para A\u00e7ores por cheiro suspeito - Portal Tela Portugal","isPartOf":{"@id":"https:\/\/portaltela.pt\/#website"},"primaryImageOfPage":{"@id":"https:\/\/portaltela.pt\/noticias\/2026\/03\/06\/voo-da-tap-para-miami-desvia-para-acores-por-cheiro-suspeito\/#primaryimage"},"image":{"@id":"https:\/\/portaltela.pt\/noticias\/2026\/03\/06\/voo-da-tap-para-miami-desvia-para-acores-por-cheiro-suspeito\/#primaryimage"},"thumbnailUrl":"https:\/\/portaltela.pt\/s.01k8rhncp4jt1\/2026\/03\/3eb97c6a-1e2e-449f-9361-2515f1a82357_1200x675.jpg","datePublished":"2026-03-06T23:48:00+00:00","author":{"@id":"https:\/\/portaltela.pt\/#\/schema\/person\/c4278d4a6028830caff9ee44b42d32ed"},"breadcrumb":{"@id":"https:\/\/portaltela.pt\/noticias\/2026\/03\/06\/voo-da-tap-para-miami-desvia-para-acores-por-cheiro-suspeito\/#breadcrumb"},"inLanguage":"pt-PT","potentialAction":[{"@type":"ReadAction","target":["https:\/\/portaltela.pt\/noticias\/2026\/03\/06\/voo-da-tap-para-miami-desvia-para-acores-por-cheiro-suspeito\/"]}]},{"@type":"ImageObject","inLanguage":"pt-PT","@id":"https:\/\/portaltela.pt\/noticias\/2026\/03\/06\/voo-da-tap-para-miami-desvia-para-acores-por-cheiro-suspeito\/#primaryimage","url":"https:\/\/portaltela.pt\/s.01k8rhncp4jt1\/2026\/03\/3eb97c6a-1e2e-449f-9361-2515f1a82357_1200x675.jpg","contentUrl":"https:\/\/portaltela.pt\/s.01k8rhncp4jt1\/2026\/03\/3eb97c6a-1e2e-449f-9361-2515f1a82357_1200x675.jpg","width":796,"height":448,"caption":"Estas ocorr\u00eancias com cheiros intensos ou desagrad\u00e1veis a bordo pode dever-se a odores no sistema de ventila\u00e7\u00e3o"},{"@type":"BreadcrumbList","@id":"https:\/\/portaltela.pt\/noticias\/2026\/03\/06\/voo-da-tap-para-miami-desvia-para-acores-por-cheiro-suspeito\/#breadcrumb","itemListElement":[{"@type":"ListItem","position":1,"name":"In\u00edcio","item":"https:\/\/portaltela.pt\/"},{"@type":"ListItem","position":2,"name":"Voo da TAP para Miami desvia para A\u00e7ores por cheiro suspeito"}]},{"@type":"WebSite","@id":"https:\/\/portaltela.pt\/#website","url":"https:\/\/portaltela.pt\/","name":"Portal Tela Portugal","description":"","potentialAction":[{"@type":"SearchAction","target":{"@type":"EntryPoint","urlTemplate":"https:\/\/portaltela.pt\/?s={search_term_string}"},"query-input":{"@type":"PropertyValueSpecification","valueRequired":true,"valueName":"search_term_string"}}],"inLanguage":"pt-PT"},{"@type":"Person","@id":"https:\/\/portaltela.pt\/#\/schema\/person\/c4278d4a6028830caff9ee44b42d32ed","name":"Telinha","image":{"@type":"ImageObject","inLanguage":"pt-PT","@id":"https:\/\/portaltela.pt\/s.01k8rhncp4jt1\/2025\/11\/talking-bot-125x125.png","url":"https:\/\/portaltela.pt\/s.01k8rhncp4jt1\/2025\/11\/talking-bot-125x125.png","contentUrl":"https:\/\/portaltela.pt\/s.01k8rhncp4jt1\/2025\/11\/talking-bot-125x125.png","caption":"Telinha"},"sameAs":["https:\/\/portaltela.pt\/"],"url":"https:\/\/portaltela.pt\/por\/367410592786\/"}]}},"_links":{"self":[{"href":"https:\/\/portaltela.pt\/api\/wp\/v2\/posts\/400923","targetHints":{"allow":["GET"]}}],"collection":[{"href":"https:\/\/portaltela.pt\/api\/wp\/v2\/posts"}],"about":[{"href":"https:\/\/portaltela.pt\/api\/wp\/v2\/types\/post"}],"author":[{"embeddable":true,"href":"https:\/\/portaltela.pt\/api\/wp\/v2\/users\/2"}],"replies":[{"embeddable":true,"href":"https:\/\/portaltela.pt\/api\/wp\/v2\/comments?post=400923"}],"version-history":[{"count":0,"href":"https:\/\/portaltela.pt\/api\/wp\/v2\/posts\/400923\/revisions"}],"wp:featuredmedia":[{"embeddable":true,"href":"https:\/\/portaltela.pt\/api\/wp\/v2\/media\/400927"}],"wp:attachment":[{"href":"https:\/\/portaltela.pt\/api\/wp\/v2\/media?parent=400923"}],"wp:term":[{"taxonomy":"category","embeddable":true,"href":"https:\/\/portaltela.pt\/api\/wp\/v2\/categories?post=400923"},{"taxonomy":"post_tag","embeddable":true,"href":"https:\/\/portaltela.pt\/api\/wp\/v2\/tags?post=400923"}],"curies":[{"name":"wp","href":"https:\/\/api.w.org\/{rel}","templated":true}]}}