{"id":400900,"date":"2026-03-06T20:11:00","date_gmt":"2026-03-06T23:11:00","guid":{"rendered":"https:\/\/portaltela.pt\/noticias\/2026\/03\/06\/benfica-fixa-a-clausula-de-rescisao-de-joao-rego\/"},"modified":"2026-03-06T20:11:00","modified_gmt":"2026-03-06T23:11:00","slug":"benfica-fixa-a-clausula-de-rescisao-de-joao-rego","status":"publish","type":"post","link":"https:\/\/portaltela.pt\/desporto\/futebol\/2026\/03\/06\/benfica-fixa-a-clausula-de-rescisao-de-joao-rego\/","title":{"rendered":"Benfica fixa a cl\u00e1usula de rescis\u00e3o de Jo\u00e3o Rego"},"content":{"rendered":"<p>O Benfica confirmou a renova\u00e7\u00e3o do avan\u00e7ado Jo\u00e3o Rego at\u00e9 ao final da \u00e9poca 2029\/30, com uma cl\u00e1usula de rescis\u00e3o de 100 milh\u00f5es de euros, segundo o Relat\u00f3rio e Contas da SAD relativo ao 1.\u00ba semestre de 2025\/26. O clube ainda n\u00e3o anunciou oficialmente a renova\u00e7\u00e3o.<\/p>\n<p>A cl\u00e1usula de rescis\u00e3o fica situada ao n\u00edvel de outros jovens do plantel, como Trubin, Ant\u00f3nio Silva, Richard R\u00edos, Ivanovic, Schjelderup, Pavlidis, Prestianni e An\u00edsio Cabral. A renova\u00e7\u00e3o de Rego ocorreu na mesma altura de Jo\u00e3o Rego, mas com dura\u00e7\u00e3o at\u00e9 2030\/31.<\/p>\n<p>Formado no Seixal, Jo\u00e3o Rego chegou ao Benfica em 2018, oriundo de Ourique, terra de onde \u00e9 natural. Debutou pela equipa principal a 12 de maio de 2024, frente ao Arouca, substituindo Rafa aos 84 minutos na vit\u00f3ria por 5-0.<\/p>\n<p>Desde ent\u00e3o, o ponta-de-lan\u00e7a soma 12 jogos na Liga, 6 na Champions, 6 na Ta\u00e7a de Portugal, 2 no Mundial de clubes e 2 na Ta\u00e7a da Liga. A \u00faltima presen\u00e7a na equipa principal ocorreu no triunfo sobre o Real Madrid, com os \u00faltimos 4 minutos jogados.<\/p>\n<p>Na presente \u00e9poca, o jogador tem sido op\u00e7\u00e3o maioritariamente pela equipa B, que compete na 2.\u00aa Liga, onde atua como titular em todos os jogos. Em t\u00e9rmino da \u00faltima atua\u00e7\u00e3o, mant\u00e9m-se \u00e0 vista da forma\u00e7\u00e3o principal.<\/p>\n","protected":false},"excerpt":{"rendered":"<ul>\n<li>Jo\u00e3o Rego renovou com o Benfica at\u00e9 ao final da \u00e9poca 2029\/30, com uma cl\u00e1usula de rescis\u00e3o de 100 milh\u00f5es de euros.<\/li>\n<li>A cl\u00e1usula de rescis\u00e3o \u00e9 id\u00eantica \u00e0 de atletas como Trubin, Ant\u00f3nio Silva, Richard R\u00edos, Ivanovic, Schjelderup, Pavlidis, Prestianni e An\u00edsio Cabral.<\/li>\n<li>A renova\u00e7\u00e3o foi confirmada no Relat\u00f3rio e Contas da SAD referente ao 1.\u00ba semestre de 2025\/26, apesar de o clube n\u00e3o ter anunciado publicamente a renova\u00e7\u00e3o.<\/li>\n<li>O avan\u00e7ado tem 20 anos; formou-se no Seixal e estreou-se na equipa principal a 12 de maio de 2024, na vit\u00f3ria frente ao Arouca.<\/li>\n<li>A \u00faltima presen\u00e7a pela equipa principal foi frente ao Real Madrid; desde ent\u00e3o tem atuado pela equipa B, com quatro jogos na 2.\u00aa Liga.<\/li>\n<\/ul>\n","protected":false},"author":2,"featured_media":400901,"comment_status":"closed","ping_status":"closed","sticky":false,"template":"","format":"standard","meta":{"footnotes":""},"categories":[21,24],"tags":[1946,3972,32,242,2014,1064],"class_list":["post-400900","post","type-post","status-publish","format-standard","has-post-thumbnail","hentry","category-desporto","category-futebol","tag-benfica","tag-benfica-sad","tag-futebol","tag-jogadores","tag-ourique","tag-seixal"],"yoast_head":"<!-- This site is optimized with the Yoast SEO plugin v27.2 - https:\/\/yoast.com\/product\/yoast-seo-wordpress\/ -->\n<title>Benfica fixa a cl\u00e1usula de rescis\u00e3o de Jo\u00e3o Rego - Portal Tela Portugal<\/title>\n<meta name=\"robots\" content=\"index, follow, max-snippet:-1, max-image-preview:large, max-video-preview:-1\" \/>\n<meta property=\"og:locale\" content=\"pt_PT\" \/>\n<meta property=\"og:type\" content=\"article\" \/>\n<meta property=\"og:title\" content=\"Benfica fixa a cl\u00e1usula de rescis\u00e3o de Jo\u00e3o Rego - Portal Tela Portugal\" \/>\n<meta property=\"og:description\" content=\"Jo\u00e3o Rego renovou com o Benfica at\u00e9 ao final da \u00e9poca 2029\/30, com uma cl\u00e1usula de rescis\u00e3o de 100 milh\u00f5es de euros. A cl\u00e1usula de rescis\u00e3o \u00e9 id\u00eantica \u00e0 de atletas como Trubin, Ant\u00f3nio Silva, Richard R\u00edos, Ivanovic, Schjelderup, Pavlidis, Prestianni e An\u00edsio Cabral. A renova\u00e7\u00e3o foi confirmada no Relat\u00f3rio e Contas da SAD referente ao 1.\u00ba semestre de 2025\/26, apesar de o clube n\u00e3o ter anunciado publicamente a renova\u00e7\u00e3o. O avan\u00e7ado tem 20 anos; formou-se no Seixal e estreou-se na equipa principal a 12 de maio de 2024, na vit\u00f3ria frente ao Arouca. A \u00faltima presen\u00e7a pela equipa principal foi frente ao Real Madrid; desde ent\u00e3o tem atuado pela equipa B, com quatro jogos na 2.\u00aa Liga.\" \/>\n<meta property=\"og:url\" content=\"https:\/\/portaltela.pt\/noticias\/2026\/03\/06\/benfica-fixa-a-clausula-de-rescisao-de-joao-rego\/\" \/>\n<meta property=\"og:site_name\" content=\"Portal Tela Portugal\" \/>\n<meta property=\"article:published_time\" content=\"2026-03-06T23:11:00+00:00\" \/>\n<meta name=\"author\" content=\"Telinha\" \/>\n<meta name=\"twitter:card\" content=\"summary_large_image\" \/>\n<meta name=\"twitter:label1\" content=\"Escrito por\" \/>\n\t<meta name=\"twitter:data1\" content=\"Telinha\" \/>\n\t<meta name=\"twitter:label2\" content=\"Tempo estimado de leitura\" \/>\n\t<meta name=\"twitter:data2\" content=\"1 minuto\" \/>\n<script type=\"application\/ld+json\" class=\"yoast-schema-graph\">{\"@context\":\"https:\/\/schema.org\",\"@graph\":[{\"@type\":\"Article\",\"@id\":\"https:\/\/portaltela.pt\/noticias\/2026\/03\/06\/benfica-fixa-a-clausula-de-rescisao-de-joao-rego\/#article\",\"isPartOf\":{\"@id\":\"https:\/\/portaltela.pt\/noticias\/2026\/03\/06\/benfica-fixa-a-clausula-de-rescisao-de-joao-rego\/\"},\"author\":{\"name\":\"Telinha\",\"@id\":\"https:\/\/portaltela.pt\/#\/schema\/person\/c4278d4a6028830caff9ee44b42d32ed\"},\"headline\":\"Benfica fixa a cl\u00e1usula de rescis\u00e3o de Jo\u00e3o Rego\",\"datePublished\":\"2026-03-06T23:11:00+00:00\",\"mainEntityOfPage\":{\"@id\":\"https:\/\/portaltela.pt\/noticias\/2026\/03\/06\/benfica-fixa-a-clausula-de-rescisao-de-joao-rego\/\"},\"wordCount\":235,\"image\":{\"@id\":\"https:\/\/portaltela.pt\/noticias\/2026\/03\/06\/benfica-fixa-a-clausula-de-rescisao-de-joao-rego\/#primaryimage\"},\"thumbnailUrl\":\"https:\/\/portaltela.pt\/s.01k8rhncp4jt1\/2026\/03\/img_920x518uu2025-11-02-18-17-00-2400051.jpg\",\"keywords\":[\"Benfica\",\"Benfica SAD\",\"futebol\",\"jogadores\",\"Ourique\",\"Seixal\"],\"articleSection\":[\"Desporto\",\"Futebol\"],\"inLanguage\":\"pt-PT\"},{\"@type\":\"WebPage\",\"@id\":\"https:\/\/portaltela.pt\/noticias\/2026\/03\/06\/benfica-fixa-a-clausula-de-rescisao-de-joao-rego\/\",\"url\":\"https:\/\/portaltela.pt\/noticias\/2026\/03\/06\/benfica-fixa-a-clausula-de-rescisao-de-joao-rego\/\",\"name\":\"Benfica fixa a cl\u00e1usula de rescis\u00e3o de Jo\u00e3o Rego - Portal Tela Portugal\",\"isPartOf\":{\"@id\":\"https:\/\/portaltela.pt\/#website\"},\"primaryImageOfPage\":{\"@id\":\"https:\/\/portaltela.pt\/noticias\/2026\/03\/06\/benfica-fixa-a-clausula-de-rescisao-de-joao-rego\/#primaryimage\"},\"image\":{\"@id\":\"https:\/\/portaltela.pt\/noticias\/2026\/03\/06\/benfica-fixa-a-clausula-de-rescisao-de-joao-rego\/#primaryimage\"},\"thumbnailUrl\":\"https:\/\/portaltela.pt\/s.01k8rhncp4jt1\/2026\/03\/img_920x518uu2025-11-02-18-17-00-2400051.jpg\",\"datePublished\":\"2026-03-06T23:11:00+00:00\",\"author\":{\"@id\":\"https:\/\/portaltela.pt\/#\/schema\/person\/c4278d4a6028830caff9ee44b42d32ed\"},\"breadcrumb\":{\"@id\":\"https:\/\/portaltela.pt\/noticias\/2026\/03\/06\/benfica-fixa-a-clausula-de-rescisao-de-joao-rego\/#breadcrumb\"},\"inLanguage\":\"pt-PT\",\"potentialAction\":[{\"@type\":\"ReadAction\",\"target\":[\"https:\/\/portaltela.pt\/noticias\/2026\/03\/06\/benfica-fixa-a-clausula-de-rescisao-de-joao-rego\/\"]}]},{\"@type\":\"ImageObject\",\"inLanguage\":\"pt-PT\",\"@id\":\"https:\/\/portaltela.pt\/noticias\/2026\/03\/06\/benfica-fixa-a-clausula-de-rescisao-de-joao-rego\/#primaryimage\",\"url\":\"https:\/\/portaltela.pt\/s.01k8rhncp4jt1\/2026\/03\/img_920x518uu2025-11-02-18-17-00-2400051.jpg\",\"contentUrl\":\"https:\/\/portaltela.pt\/s.01k8rhncp4jt1\/2026\/03\/img_920x518uu2025-11-02-18-17-00-2400051.jpg\",\"width\":796,\"height\":448,\"caption\":\"Jo\u00e3o Rego com cl\u00e1usula elevada\"},{\"@type\":\"BreadcrumbList\",\"@id\":\"https:\/\/portaltela.pt\/noticias\/2026\/03\/06\/benfica-fixa-a-clausula-de-rescisao-de-joao-rego\/#breadcrumb\",\"itemListElement\":[{\"@type\":\"ListItem\",\"position\":1,\"name\":\"In\u00edcio\",\"item\":\"https:\/\/portaltela.pt\/\"},{\"@type\":\"ListItem\",\"position\":2,\"name\":\"Benfica fixa a cl\u00e1usula de rescis\u00e3o de Jo\u00e3o Rego\"}]},{\"@type\":\"WebSite\",\"@id\":\"https:\/\/portaltela.pt\/#website\",\"url\":\"https:\/\/portaltela.pt\/\",\"name\":\"Portal Tela Portugal\",\"description\":\"\",\"potentialAction\":[{\"@type\":\"SearchAction\",\"target\":{\"@type\":\"EntryPoint\",\"urlTemplate\":\"https:\/\/portaltela.pt\/?s={search_term_string}\"},\"query-input\":{\"@type\":\"PropertyValueSpecification\",\"valueRequired\":true,\"valueName\":\"search_term_string\"}}],\"inLanguage\":\"pt-PT\"},{\"@type\":\"Person\",\"@id\":\"https:\/\/portaltela.pt\/#\/schema\/person\/c4278d4a6028830caff9ee44b42d32ed\",\"name\":\"Telinha\",\"image\":{\"@type\":\"ImageObject\",\"inLanguage\":\"pt-PT\",\"@id\":\"https:\/\/portaltela.pt\/s.01k8rhncp4jt1\/2025\/11\/talking-bot-125x125.png\",\"url\":\"https:\/\/portaltela.pt\/s.01k8rhncp4jt1\/2025\/11\/talking-bot-125x125.png\",\"contentUrl\":\"https:\/\/portaltela.pt\/s.01k8rhncp4jt1\/2025\/11\/talking-bot-125x125.png\",\"caption\":\"Telinha\"},\"sameAs\":[\"https:\/\/portaltela.pt\/\"],\"url\":\"https:\/\/portaltela.pt\/por\/367410592786\/\"}]}<\/script>\n<!-- \/ Yoast SEO plugin. -->","yoast_head_json":{"title":"Benfica fixa a cl\u00e1usula de rescis\u00e3o de Jo\u00e3o Rego - Portal Tela Portugal","robots":{"index":"index","follow":"follow","max-snippet":"max-snippet:-1","max-image-preview":"max-image-preview:large","max-video-preview":"max-video-preview:-1"},"og_locale":"pt_PT","og_type":"article","og_title":"Benfica fixa a cl\u00e1usula de rescis\u00e3o de Jo\u00e3o Rego - Portal Tela Portugal","og_description":"Jo\u00e3o Rego renovou com o Benfica at\u00e9 ao final da \u00e9poca 2029\/30, com uma cl\u00e1usula de rescis\u00e3o de 100 milh\u00f5es de euros. A cl\u00e1usula de rescis\u00e3o \u00e9 id\u00eantica \u00e0 de atletas como Trubin, Ant\u00f3nio Silva, Richard R\u00edos, Ivanovic, Schjelderup, Pavlidis, Prestianni e An\u00edsio Cabral. A renova\u00e7\u00e3o foi confirmada no Relat\u00f3rio e Contas da SAD referente ao 1.\u00ba semestre de 2025\/26, apesar de o clube n\u00e3o ter anunciado publicamente a renova\u00e7\u00e3o. O avan\u00e7ado tem 20 anos; formou-se no Seixal e estreou-se na equipa principal a 12 de maio de 2024, na vit\u00f3ria frente ao Arouca. A \u00faltima presen\u00e7a pela equipa principal foi frente ao Real Madrid; desde ent\u00e3o tem atuado pela equipa B, com quatro jogos na 2.\u00aa Liga.","og_url":"https:\/\/portaltela.pt\/noticias\/2026\/03\/06\/benfica-fixa-a-clausula-de-rescisao-de-joao-rego\/","og_site_name":"Portal Tela Portugal","article_published_time":"2026-03-06T23:11:00+00:00","author":"Telinha","twitter_card":"summary_large_image","twitter_misc":{"Escrito por":"Telinha","Tempo estimado de leitura":"1 minuto"},"schema":{"@context":"https:\/\/schema.org","@graph":[{"@type":"Article","@id":"https:\/\/portaltela.pt\/noticias\/2026\/03\/06\/benfica-fixa-a-clausula-de-rescisao-de-joao-rego\/#article","isPartOf":{"@id":"https:\/\/portaltela.pt\/noticias\/2026\/03\/06\/benfica-fixa-a-clausula-de-rescisao-de-joao-rego\/"},"author":{"name":"Telinha","@id":"https:\/\/portaltela.pt\/#\/schema\/person\/c4278d4a6028830caff9ee44b42d32ed"},"headline":"Benfica fixa a cl\u00e1usula de rescis\u00e3o de Jo\u00e3o Rego","datePublished":"2026-03-06T23:11:00+00:00","mainEntityOfPage":{"@id":"https:\/\/portaltela.pt\/noticias\/2026\/03\/06\/benfica-fixa-a-clausula-de-rescisao-de-joao-rego\/"},"wordCount":235,"image":{"@id":"https:\/\/portaltela.pt\/noticias\/2026\/03\/06\/benfica-fixa-a-clausula-de-rescisao-de-joao-rego\/#primaryimage"},"thumbnailUrl":"https:\/\/portaltela.pt\/s.01k8rhncp4jt1\/2026\/03\/img_920x518uu2025-11-02-18-17-00-2400051.jpg","keywords":["Benfica","Benfica SAD","futebol","jogadores","Ourique","Seixal"],"articleSection":["Desporto","Futebol"],"inLanguage":"pt-PT"},{"@type":"WebPage","@id":"https:\/\/portaltela.pt\/noticias\/2026\/03\/06\/benfica-fixa-a-clausula-de-rescisao-de-joao-rego\/","url":"https:\/\/portaltela.pt\/noticias\/2026\/03\/06\/benfica-fixa-a-clausula-de-rescisao-de-joao-rego\/","name":"Benfica fixa a cl\u00e1usula de rescis\u00e3o de Jo\u00e3o Rego - Portal Tela Portugal","isPartOf":{"@id":"https:\/\/portaltela.pt\/#website"},"primaryImageOfPage":{"@id":"https:\/\/portaltela.pt\/noticias\/2026\/03\/06\/benfica-fixa-a-clausula-de-rescisao-de-joao-rego\/#primaryimage"},"image":{"@id":"https:\/\/portaltela.pt\/noticias\/2026\/03\/06\/benfica-fixa-a-clausula-de-rescisao-de-joao-rego\/#primaryimage"},"thumbnailUrl":"https:\/\/portaltela.pt\/s.01k8rhncp4jt1\/2026\/03\/img_920x518uu2025-11-02-18-17-00-2400051.jpg","datePublished":"2026-03-06T23:11:00+00:00","author":{"@id":"https:\/\/portaltela.pt\/#\/schema\/person\/c4278d4a6028830caff9ee44b42d32ed"},"breadcrumb":{"@id":"https:\/\/portaltela.pt\/noticias\/2026\/03\/06\/benfica-fixa-a-clausula-de-rescisao-de-joao-rego\/#breadcrumb"},"inLanguage":"pt-PT","potentialAction":[{"@type":"ReadAction","target":["https:\/\/portaltela.pt\/noticias\/2026\/03\/06\/benfica-fixa-a-clausula-de-rescisao-de-joao-rego\/"]}]},{"@type":"ImageObject","inLanguage":"pt-PT","@id":"https:\/\/portaltela.pt\/noticias\/2026\/03\/06\/benfica-fixa-a-clausula-de-rescisao-de-joao-rego\/#primaryimage","url":"https:\/\/portaltela.pt\/s.01k8rhncp4jt1\/2026\/03\/img_920x518uu2025-11-02-18-17-00-2400051.jpg","contentUrl":"https:\/\/portaltela.pt\/s.01k8rhncp4jt1\/2026\/03\/img_920x518uu2025-11-02-18-17-00-2400051.jpg","width":796,"height":448,"caption":"Jo\u00e3o Rego com cl\u00e1usula elevada"},{"@type":"BreadcrumbList","@id":"https:\/\/portaltela.pt\/noticias\/2026\/03\/06\/benfica-fixa-a-clausula-de-rescisao-de-joao-rego\/#breadcrumb","itemListElement":[{"@type":"ListItem","position":1,"name":"In\u00edcio","item":"https:\/\/portaltela.pt\/"},{"@type":"ListItem","position":2,"name":"Benfica fixa a cl\u00e1usula de rescis\u00e3o de Jo\u00e3o Rego"}]},{"@type":"WebSite","@id":"https:\/\/portaltela.pt\/#website","url":"https:\/\/portaltela.pt\/","name":"Portal Tela Portugal","description":"","potentialAction":[{"@type":"SearchAction","target":{"@type":"EntryPoint","urlTemplate":"https:\/\/portaltela.pt\/?s={search_term_string}"},"query-input":{"@type":"PropertyValueSpecification","valueRequired":true,"valueName":"search_term_string"}}],"inLanguage":"pt-PT"},{"@type":"Person","@id":"https:\/\/portaltela.pt\/#\/schema\/person\/c4278d4a6028830caff9ee44b42d32ed","name":"Telinha","image":{"@type":"ImageObject","inLanguage":"pt-PT","@id":"https:\/\/portaltela.pt\/s.01k8rhncp4jt1\/2025\/11\/talking-bot-125x125.png","url":"https:\/\/portaltela.pt\/s.01k8rhncp4jt1\/2025\/11\/talking-bot-125x125.png","contentUrl":"https:\/\/portaltela.pt\/s.01k8rhncp4jt1\/2025\/11\/talking-bot-125x125.png","caption":"Telinha"},"sameAs":["https:\/\/portaltela.pt\/"],"url":"https:\/\/portaltela.pt\/por\/367410592786\/"}]}},"_links":{"self":[{"href":"https:\/\/portaltela.pt\/api\/wp\/v2\/posts\/400900","targetHints":{"allow":["GET"]}}],"collection":[{"href":"https:\/\/portaltela.pt\/api\/wp\/v2\/posts"}],"about":[{"href":"https:\/\/portaltela.pt\/api\/wp\/v2\/types\/post"}],"author":[{"embeddable":true,"href":"https:\/\/portaltela.pt\/api\/wp\/v2\/users\/2"}],"replies":[{"embeddable":true,"href":"https:\/\/portaltela.pt\/api\/wp\/v2\/comments?post=400900"}],"version-history":[{"count":0,"href":"https:\/\/portaltela.pt\/api\/wp\/v2\/posts\/400900\/revisions"}],"wp:featuredmedia":[{"embeddable":true,"href":"https:\/\/portaltela.pt\/api\/wp\/v2\/media\/400901"}],"wp:attachment":[{"href":"https:\/\/portaltela.pt\/api\/wp\/v2\/media?parent=400900"}],"wp:term":[{"taxonomy":"category","embeddable":true,"href":"https:\/\/portaltela.pt\/api\/wp\/v2\/categories?post=400900"},{"taxonomy":"post_tag","embeddable":true,"href":"https:\/\/portaltela.pt\/api\/wp\/v2\/tags?post=400900"}],"curies":[{"name":"wp","href":"https:\/\/api.w.org\/{rel}","templated":true}]}}