{"id":400887,"date":"2026-03-06T19:53:16","date_gmt":"2026-03-06T22:53:16","guid":{"rendered":"https:\/\/portaltela.pt\/noticias\/2026\/03\/06\/selecao-feminina-sub-19-empata-novamente-na-preparacao-para-o-europeu\/"},"modified":"2026-03-06T19:53:16","modified_gmt":"2026-03-06T22:53:16","slug":"selecao-feminina-sub-19-empata-novamente-na-preparacao-para-o-europeu","status":"publish","type":"post","link":"https:\/\/portaltela.pt\/desporto\/futebol\/2026\/03\/06\/selecao-feminina-sub-19-empata-novamente-na-preparacao-para-o-europeu\/","title":{"rendered":"Sele\u00e7\u00e3o feminina sub-19 empata novamente na prepara\u00e7\u00e3o para o Europeu"},"content":{"rendered":"<p>A Sele\u00e7\u00e3o Nacional feminina sub-19 empatou 1-1 com os EUA, em casa, este sexta-feira, no terceiro teste de prepara\u00e7\u00e3o para a segunda ronda do apuramento ao Euro 2026. O jogo realizou-se em S\u00e3o Jo\u00e3o da Madeira.<\/p>\n<p>Luana Bessa empatou aos 42 minutos, ap\u00f3s receber o passe de Francisca Castro. A jogadora quis a baliza advers\u00e1ria depois de ter falhado a oportunidade anterior frente a Evan O\u2019Steen.<\/p>\n<p>Os EUA entraram fortes e inauguraram o marcador aos 33 minutos, mas n\u00e3o voltaram a fazer golos. O encontro manteve-se equilibrado, com o ritmo a baixar durante a segunda parte.<\/p>\n<h3>Pr\u00f3ximo compromisso<\/h3>\n<p>Portugal disputa a qualifica\u00e7\u00e3o para o Europeu no Grupo A7, com Espanha, Irlanda do Norte e Hungria. O primeiro encontro est\u00e1 marcado para 12 de abril, diante da Irlanda do Norte, em data a confirmar.<\/p>\n<p>Autora: C.S.<\/p>\n","protected":false},"excerpt":{"rendered":"<ul>\n<li>A sele\u00e7\u00e3o feminina sub-19 empatou 1-1 com os EUA, em casa, no terceiro teste de prepara\u00e7\u00e3o para o Europeu de 2026.<\/li>\n<li>Foi o segundo empate consecutivo, depois de vencerem o Pa\u00eds de Gales (3-1) e terem ficado 2-2 com a Rep\u00fablica Checa.<\/li>\n<li>Luana Bessa marcou o golo do empate aos 42 minutos, ap\u00f3s passe de Francisca Castro, reeditando a oportunidade desperdi\u00e7ada momentos antes.<\/li>\n<li>Os EUA adiantaram-se aos 33 minutos, mas n\u00e3o voltaram a marcar; o jogo decorreu com menor ritmo na segunda parte.<\/li>\n<li>Portugal integra o grupo A7 de qualifica\u00e7\u00e3o para o Europeu, frente a Espanha, Irlanda do Norte e Hungria, come\u00e7ando a 12 de abril contra as irlandesas.<\/li>\n<\/ul>\n","protected":false},"author":2,"featured_media":400891,"comment_status":"closed","ping_status":"closed","sticky":false,"template":"","format":"standard","meta":{"footnotes":""},"categories":[21,24],"tags":[1600,32,1030,1014,6390,2057],"class_list":["post-400887","post","type-post","status-publish","format-standard","has-post-thumbnail","hentry","category-desporto","category-futebol","tag-estados-unidos","tag-futebol","tag-futebol-feminino","tag-portugal","tag-sao-joao-da-madeira","tag-selecao-nacional"],"yoast_head":"<!-- This site is optimized with the Yoast SEO plugin v27.2 - https:\/\/yoast.com\/product\/yoast-seo-wordpress\/ -->\n<title>Sele\u00e7\u00e3o feminina sub-19 empata novamente na prepara\u00e7\u00e3o para o Europeu - Portal Tela Portugal<\/title>\n<meta name=\"robots\" content=\"index, follow, max-snippet:-1, max-image-preview:large, max-video-preview:-1\" \/>\n<meta property=\"og:locale\" content=\"pt_PT\" \/>\n<meta property=\"og:type\" content=\"article\" \/>\n<meta property=\"og:title\" content=\"Sele\u00e7\u00e3o feminina sub-19 empata novamente na prepara\u00e7\u00e3o para o Europeu - Portal Tela Portugal\" \/>\n<meta property=\"og:description\" content=\"A sele\u00e7\u00e3o feminina sub-19 empatou 1-1 com os EUA, em casa, no terceiro teste de prepara\u00e7\u00e3o para o Europeu de 2026. Foi o segundo empate consecutivo, depois de vencerem o Pa\u00eds de Gales (3-1) e terem ficado 2-2 com a Rep\u00fablica Checa. Luana Bessa marcou o golo do empate aos 42 minutos, ap\u00f3s passe de Francisca Castro, reeditando a oportunidade desperdi\u00e7ada momentos antes. Os EUA adiantaram-se aos 33 minutos, mas n\u00e3o voltaram a marcar; o jogo decorreu com menor ritmo na segunda parte. Portugal integra o grupo A7 de qualifica\u00e7\u00e3o para o Europeu, frente a Espanha, Irlanda do Norte e Hungria, come\u00e7ando a 12 de abril contra as irlandesas.\" \/>\n<meta property=\"og:url\" content=\"https:\/\/portaltela.pt\/noticias\/2026\/03\/06\/selecao-feminina-sub-19-empata-novamente-na-preparacao-para-o-europeu\/\" \/>\n<meta property=\"og:site_name\" content=\"Portal Tela Portugal\" \/>\n<meta property=\"article:published_time\" content=\"2026-03-06T22:53:16+00:00\" \/>\n<meta name=\"author\" content=\"Telinha\" \/>\n<meta name=\"twitter:card\" content=\"summary_large_image\" \/>\n<meta name=\"twitter:label1\" content=\"Escrito por\" \/>\n\t<meta name=\"twitter:data1\" content=\"Telinha\" \/>\n\t<meta name=\"twitter:label2\" content=\"Tempo estimado de leitura\" \/>\n\t<meta name=\"twitter:data2\" content=\"1 minuto\" \/>\n<script type=\"application\/ld+json\" class=\"yoast-schema-graph\">{\"@context\":\"https:\/\/schema.org\",\"@graph\":[{\"@type\":\"Article\",\"@id\":\"https:\/\/portaltela.pt\/noticias\/2026\/03\/06\/selecao-feminina-sub-19-empata-novamente-na-preparacao-para-o-europeu\/#article\",\"isPartOf\":{\"@id\":\"https:\/\/portaltela.pt\/noticias\/2026\/03\/06\/selecao-feminina-sub-19-empata-novamente-na-preparacao-para-o-europeu\/\"},\"author\":{\"name\":\"Telinha\",\"@id\":\"https:\/\/portaltela.pt\/#\/schema\/person\/c4278d4a6028830caff9ee44b42d32ed\"},\"headline\":\"Sele\u00e7\u00e3o feminina sub-19 empata novamente na prepara\u00e7\u00e3o para o Europeu\",\"datePublished\":\"2026-03-06T22:53:16+00:00\",\"mainEntityOfPage\":{\"@id\":\"https:\/\/portaltela.pt\/noticias\/2026\/03\/06\/selecao-feminina-sub-19-empata-novamente-na-preparacao-para-o-europeu\/\"},\"wordCount\":154,\"image\":{\"@id\":\"https:\/\/portaltela.pt\/noticias\/2026\/03\/06\/selecao-feminina-sub-19-empata-novamente-na-preparacao-para-o-europeu\/#primaryimage\"},\"thumbnailUrl\":\"https:\/\/portaltela.pt\/s.01k8rhncp4jt1\/2026\/03\/img_920x518uu2026-03-06-22-46-08-2425356-im-639084339965100727.jpg\",\"keywords\":[\"Estados Unidos\",\"futebol\",\"futebol feminino\",\"Portugal\",\"S\u00e3o Jo\u00e3o da Madeira\",\"Sele\u00e7\u00e3o Nacional\"],\"articleSection\":[\"Desporto\",\"Futebol\"],\"inLanguage\":\"pt-PT\"},{\"@type\":\"WebPage\",\"@id\":\"https:\/\/portaltela.pt\/noticias\/2026\/03\/06\/selecao-feminina-sub-19-empata-novamente-na-preparacao-para-o-europeu\/\",\"url\":\"https:\/\/portaltela.pt\/noticias\/2026\/03\/06\/selecao-feminina-sub-19-empata-novamente-na-preparacao-para-o-europeu\/\",\"name\":\"Sele\u00e7\u00e3o feminina sub-19 empata novamente na prepara\u00e7\u00e3o para o Europeu - Portal Tela Portugal\",\"isPartOf\":{\"@id\":\"https:\/\/portaltela.pt\/#website\"},\"primaryImageOfPage\":{\"@id\":\"https:\/\/portaltela.pt\/noticias\/2026\/03\/06\/selecao-feminina-sub-19-empata-novamente-na-preparacao-para-o-europeu\/#primaryimage\"},\"image\":{\"@id\":\"https:\/\/portaltela.pt\/noticias\/2026\/03\/06\/selecao-feminina-sub-19-empata-novamente-na-preparacao-para-o-europeu\/#primaryimage\"},\"thumbnailUrl\":\"https:\/\/portaltela.pt\/s.01k8rhncp4jt1\/2026\/03\/img_920x518uu2026-03-06-22-46-08-2425356-im-639084339965100727.jpg\",\"datePublished\":\"2026-03-06T22:53:16+00:00\",\"author\":{\"@id\":\"https:\/\/portaltela.pt\/#\/schema\/person\/c4278d4a6028830caff9ee44b42d32ed\"},\"breadcrumb\":{\"@id\":\"https:\/\/portaltela.pt\/noticias\/2026\/03\/06\/selecao-feminina-sub-19-empata-novamente-na-preparacao-para-o-europeu\/#breadcrumb\"},\"inLanguage\":\"pt-PT\",\"potentialAction\":[{\"@type\":\"ReadAction\",\"target\":[\"https:\/\/portaltela.pt\/noticias\/2026\/03\/06\/selecao-feminina-sub-19-empata-novamente-na-preparacao-para-o-europeu\/\"]}]},{\"@type\":\"ImageObject\",\"inLanguage\":\"pt-PT\",\"@id\":\"https:\/\/portaltela.pt\/noticias\/2026\/03\/06\/selecao-feminina-sub-19-empata-novamente-na-preparacao-para-o-europeu\/#primaryimage\",\"url\":\"https:\/\/portaltela.pt\/s.01k8rhncp4jt1\/2026\/03\/img_920x518uu2026-03-06-22-46-08-2425356-im-639084339965100727.jpg\",\"contentUrl\":\"https:\/\/portaltela.pt\/s.01k8rhncp4jt1\/2026\/03\/img_920x518uu2026-03-06-22-46-08-2425356-im-639084339965100727.jpg\",\"width\":796,\"height\":448,\"caption\":\"Photo\"},{\"@type\":\"BreadcrumbList\",\"@id\":\"https:\/\/portaltela.pt\/noticias\/2026\/03\/06\/selecao-feminina-sub-19-empata-novamente-na-preparacao-para-o-europeu\/#breadcrumb\",\"itemListElement\":[{\"@type\":\"ListItem\",\"position\":1,\"name\":\"In\u00edcio\",\"item\":\"https:\/\/portaltela.pt\/\"},{\"@type\":\"ListItem\",\"position\":2,\"name\":\"Sele\u00e7\u00e3o feminina sub-19 empata novamente na prepara\u00e7\u00e3o para o Europeu\"}]},{\"@type\":\"WebSite\",\"@id\":\"https:\/\/portaltela.pt\/#website\",\"url\":\"https:\/\/portaltela.pt\/\",\"name\":\"Portal Tela Portugal\",\"description\":\"\",\"potentialAction\":[{\"@type\":\"SearchAction\",\"target\":{\"@type\":\"EntryPoint\",\"urlTemplate\":\"https:\/\/portaltela.pt\/?s={search_term_string}\"},\"query-input\":{\"@type\":\"PropertyValueSpecification\",\"valueRequired\":true,\"valueName\":\"search_term_string\"}}],\"inLanguage\":\"pt-PT\"},{\"@type\":\"Person\",\"@id\":\"https:\/\/portaltela.pt\/#\/schema\/person\/c4278d4a6028830caff9ee44b42d32ed\",\"name\":\"Telinha\",\"image\":{\"@type\":\"ImageObject\",\"inLanguage\":\"pt-PT\",\"@id\":\"https:\/\/portaltela.pt\/s.01k8rhncp4jt1\/2025\/11\/talking-bot-125x125.png\",\"url\":\"https:\/\/portaltela.pt\/s.01k8rhncp4jt1\/2025\/11\/talking-bot-125x125.png\",\"contentUrl\":\"https:\/\/portaltela.pt\/s.01k8rhncp4jt1\/2025\/11\/talking-bot-125x125.png\",\"caption\":\"Telinha\"},\"sameAs\":[\"https:\/\/portaltela.pt\/\"],\"url\":\"https:\/\/portaltela.pt\/por\/367410592786\/\"}]}<\/script>\n<!-- \/ Yoast SEO plugin. -->","yoast_head_json":{"title":"Sele\u00e7\u00e3o feminina sub-19 empata novamente na prepara\u00e7\u00e3o para o Europeu - Portal Tela Portugal","robots":{"index":"index","follow":"follow","max-snippet":"max-snippet:-1","max-image-preview":"max-image-preview:large","max-video-preview":"max-video-preview:-1"},"og_locale":"pt_PT","og_type":"article","og_title":"Sele\u00e7\u00e3o feminina sub-19 empata novamente na prepara\u00e7\u00e3o para o Europeu - Portal Tela Portugal","og_description":"A sele\u00e7\u00e3o feminina sub-19 empatou 1-1 com os EUA, em casa, no terceiro teste de prepara\u00e7\u00e3o para o Europeu de 2026. Foi o segundo empate consecutivo, depois de vencerem o Pa\u00eds de Gales (3-1) e terem ficado 2-2 com a Rep\u00fablica Checa. Luana Bessa marcou o golo do empate aos 42 minutos, ap\u00f3s passe de Francisca Castro, reeditando a oportunidade desperdi\u00e7ada momentos antes. Os EUA adiantaram-se aos 33 minutos, mas n\u00e3o voltaram a marcar; o jogo decorreu com menor ritmo na segunda parte. Portugal integra o grupo A7 de qualifica\u00e7\u00e3o para o Europeu, frente a Espanha, Irlanda do Norte e Hungria, come\u00e7ando a 12 de abril contra as irlandesas.","og_url":"https:\/\/portaltela.pt\/noticias\/2026\/03\/06\/selecao-feminina-sub-19-empata-novamente-na-preparacao-para-o-europeu\/","og_site_name":"Portal Tela Portugal","article_published_time":"2026-03-06T22:53:16+00:00","author":"Telinha","twitter_card":"summary_large_image","twitter_misc":{"Escrito por":"Telinha","Tempo estimado de leitura":"1 minuto"},"schema":{"@context":"https:\/\/schema.org","@graph":[{"@type":"Article","@id":"https:\/\/portaltela.pt\/noticias\/2026\/03\/06\/selecao-feminina-sub-19-empata-novamente-na-preparacao-para-o-europeu\/#article","isPartOf":{"@id":"https:\/\/portaltela.pt\/noticias\/2026\/03\/06\/selecao-feminina-sub-19-empata-novamente-na-preparacao-para-o-europeu\/"},"author":{"name":"Telinha","@id":"https:\/\/portaltela.pt\/#\/schema\/person\/c4278d4a6028830caff9ee44b42d32ed"},"headline":"Sele\u00e7\u00e3o feminina sub-19 empata novamente na prepara\u00e7\u00e3o para o Europeu","datePublished":"2026-03-06T22:53:16+00:00","mainEntityOfPage":{"@id":"https:\/\/portaltela.pt\/noticias\/2026\/03\/06\/selecao-feminina-sub-19-empata-novamente-na-preparacao-para-o-europeu\/"},"wordCount":154,"image":{"@id":"https:\/\/portaltela.pt\/noticias\/2026\/03\/06\/selecao-feminina-sub-19-empata-novamente-na-preparacao-para-o-europeu\/#primaryimage"},"thumbnailUrl":"https:\/\/portaltela.pt\/s.01k8rhncp4jt1\/2026\/03\/img_920x518uu2026-03-06-22-46-08-2425356-im-639084339965100727.jpg","keywords":["Estados Unidos","futebol","futebol feminino","Portugal","S\u00e3o Jo\u00e3o da Madeira","Sele\u00e7\u00e3o Nacional"],"articleSection":["Desporto","Futebol"],"inLanguage":"pt-PT"},{"@type":"WebPage","@id":"https:\/\/portaltela.pt\/noticias\/2026\/03\/06\/selecao-feminina-sub-19-empata-novamente-na-preparacao-para-o-europeu\/","url":"https:\/\/portaltela.pt\/noticias\/2026\/03\/06\/selecao-feminina-sub-19-empata-novamente-na-preparacao-para-o-europeu\/","name":"Sele\u00e7\u00e3o feminina sub-19 empata novamente na prepara\u00e7\u00e3o para o Europeu - Portal Tela Portugal","isPartOf":{"@id":"https:\/\/portaltela.pt\/#website"},"primaryImageOfPage":{"@id":"https:\/\/portaltela.pt\/noticias\/2026\/03\/06\/selecao-feminina-sub-19-empata-novamente-na-preparacao-para-o-europeu\/#primaryimage"},"image":{"@id":"https:\/\/portaltela.pt\/noticias\/2026\/03\/06\/selecao-feminina-sub-19-empata-novamente-na-preparacao-para-o-europeu\/#primaryimage"},"thumbnailUrl":"https:\/\/portaltela.pt\/s.01k8rhncp4jt1\/2026\/03\/img_920x518uu2026-03-06-22-46-08-2425356-im-639084339965100727.jpg","datePublished":"2026-03-06T22:53:16+00:00","author":{"@id":"https:\/\/portaltela.pt\/#\/schema\/person\/c4278d4a6028830caff9ee44b42d32ed"},"breadcrumb":{"@id":"https:\/\/portaltela.pt\/noticias\/2026\/03\/06\/selecao-feminina-sub-19-empata-novamente-na-preparacao-para-o-europeu\/#breadcrumb"},"inLanguage":"pt-PT","potentialAction":[{"@type":"ReadAction","target":["https:\/\/portaltela.pt\/noticias\/2026\/03\/06\/selecao-feminina-sub-19-empata-novamente-na-preparacao-para-o-europeu\/"]}]},{"@type":"ImageObject","inLanguage":"pt-PT","@id":"https:\/\/portaltela.pt\/noticias\/2026\/03\/06\/selecao-feminina-sub-19-empata-novamente-na-preparacao-para-o-europeu\/#primaryimage","url":"https:\/\/portaltela.pt\/s.01k8rhncp4jt1\/2026\/03\/img_920x518uu2026-03-06-22-46-08-2425356-im-639084339965100727.jpg","contentUrl":"https:\/\/portaltela.pt\/s.01k8rhncp4jt1\/2026\/03\/img_920x518uu2026-03-06-22-46-08-2425356-im-639084339965100727.jpg","width":796,"height":448,"caption":"Photo"},{"@type":"BreadcrumbList","@id":"https:\/\/portaltela.pt\/noticias\/2026\/03\/06\/selecao-feminina-sub-19-empata-novamente-na-preparacao-para-o-europeu\/#breadcrumb","itemListElement":[{"@type":"ListItem","position":1,"name":"In\u00edcio","item":"https:\/\/portaltela.pt\/"},{"@type":"ListItem","position":2,"name":"Sele\u00e7\u00e3o feminina sub-19 empata novamente na prepara\u00e7\u00e3o para o Europeu"}]},{"@type":"WebSite","@id":"https:\/\/portaltela.pt\/#website","url":"https:\/\/portaltela.pt\/","name":"Portal Tela Portugal","description":"","potentialAction":[{"@type":"SearchAction","target":{"@type":"EntryPoint","urlTemplate":"https:\/\/portaltela.pt\/?s={search_term_string}"},"query-input":{"@type":"PropertyValueSpecification","valueRequired":true,"valueName":"search_term_string"}}],"inLanguage":"pt-PT"},{"@type":"Person","@id":"https:\/\/portaltela.pt\/#\/schema\/person\/c4278d4a6028830caff9ee44b42d32ed","name":"Telinha","image":{"@type":"ImageObject","inLanguage":"pt-PT","@id":"https:\/\/portaltela.pt\/s.01k8rhncp4jt1\/2025\/11\/talking-bot-125x125.png","url":"https:\/\/portaltela.pt\/s.01k8rhncp4jt1\/2025\/11\/talking-bot-125x125.png","contentUrl":"https:\/\/portaltela.pt\/s.01k8rhncp4jt1\/2025\/11\/talking-bot-125x125.png","caption":"Telinha"},"sameAs":["https:\/\/portaltela.pt\/"],"url":"https:\/\/portaltela.pt\/por\/367410592786\/"}]}},"_links":{"self":[{"href":"https:\/\/portaltela.pt\/api\/wp\/v2\/posts\/400887","targetHints":{"allow":["GET"]}}],"collection":[{"href":"https:\/\/portaltela.pt\/api\/wp\/v2\/posts"}],"about":[{"href":"https:\/\/portaltela.pt\/api\/wp\/v2\/types\/post"}],"author":[{"embeddable":true,"href":"https:\/\/portaltela.pt\/api\/wp\/v2\/users\/2"}],"replies":[{"embeddable":true,"href":"https:\/\/portaltela.pt\/api\/wp\/v2\/comments?post=400887"}],"version-history":[{"count":0,"href":"https:\/\/portaltela.pt\/api\/wp\/v2\/posts\/400887\/revisions"}],"wp:featuredmedia":[{"embeddable":true,"href":"https:\/\/portaltela.pt\/api\/wp\/v2\/media\/400891"}],"wp:attachment":[{"href":"https:\/\/portaltela.pt\/api\/wp\/v2\/media?parent=400887"}],"wp:term":[{"taxonomy":"category","embeddable":true,"href":"https:\/\/portaltela.pt\/api\/wp\/v2\/categories?post=400887"},{"taxonomy":"post_tag","embeddable":true,"href":"https:\/\/portaltela.pt\/api\/wp\/v2\/tags?post=400887"}],"curies":[{"name":"wp","href":"https:\/\/api.w.org\/{rel}","templated":true}]}}