{"id":400884,"date":"2026-03-06T19:58:01","date_gmt":"2026-03-06T22:58:01","guid":{"rendered":"https:\/\/portaltela.pt\/noticias\/2026\/03\/06\/ilhas-dos-acores-sob-aviso-amarelo-por-chuva-forte\/"},"modified":"2026-03-06T19:58:01","modified_gmt":"2026-03-06T22:58:01","slug":"ilhas-dos-acores-sob-aviso-amarelo-por-chuva-forte","status":"publish","type":"post","link":"https:\/\/portaltela.pt\/noticias\/2026\/03\/06\/ilhas-dos-acores-sob-aviso-amarelo-por-chuva-forte\/","title":{"rendered":"Ilhas dos A\u00e7ores sob aviso amarelo por chuva forte"},"content":{"rendered":"<p>O Instituto Portugu\u00eas do Mar e da Atmosfera (IPMA) colocou esta sexta-feira aviso amarelo para as nove ilhas dos A\u00e7ores devido \u00e0 previs\u00e3o de precipita\u00e7\u00e3o por vezes forte. A categoria indica risco para atividades dependentes do tempo, sem representar perigo extremo.<\/p>\n<p>O aviso abrange as ilhas do arquip\u00e9lago, com hor\u00e1rios distintos conforme o grupo. Flores e Corvo, no grupo Ocidental, ficam sob aviso desde as 20h07 locais desta sexta-feira at\u00e9 \u00e0s 07h00 de s\u00e1bado.<\/p>\n<p>As ilhas do grupo Central (Faial, Pico, S\u00e3o Jorge, Graciosa e Terceira) ficar\u00e3o sob aviso entre as 08h00 e as 17h00 de s\u00e1bado. No grupo Oriental (S\u00e3o Miguel e Santa Maria), o aviso vigora das 17h00 de s\u00e1bado \u00e0s 08h00 de domingo.<\/p>\n<h3>Zonas Ocidentais<\/h3>\n<p>O IPMA explica que a previs\u00e3o aponta precipita\u00e7\u00e3o por vezes forte nas ilhas Flores e Corvo durante o per\u00edodo indicado.<\/p>\n<h3>Zonas Centrais<\/h3>\n<p>Para Faial, Pico, S\u00e3o Jorge, Graciosa e Terceira, o aviso mant\u00e9m-se entre as 08h00 e as 17h00 de s\u00e1bado, devido a potenciais aguaceiros intensos.<\/p>\n<h3>Zonas Orientais<\/h3>\n<p>S\u00e3o Miguel e Santa Maria ficam sob aviso das 17h00 de s\u00e1bado \u00e0s 08h00 de domingo, segundo as previs\u00f5es meteorol\u00f3gicas do IPMA.<\/p>\n","protected":false},"excerpt":{"rendered":"<ul>\n<li>O IPMA colocou aviso amarelo por precipita\u00e7\u00e3o forte em todas as nove ilhas dos A\u00e7ores.<\/li>\n<li>Flores e Corvo, no grupo Ocidental, ficam sob aviso das 20h07 sexta-feira at\u00e9 \u00e0s 07h00 de s\u00e1bado.<\/li>\n<li>Grupo Central (Faial, Pico, S\u00e3o Jorge, Graciosa e Terceira) fica sob aviso das 08h00 \u00e0s 17h00 de s\u00e1bado.<\/li>\n<li>Grupo Oriental (S\u00e3o Miguel e Santa Maria) fica sob aviso das 17h00 de s\u00e1bado \u00e0s 08h00 de domingo.<\/li>\n<li>O aviso amarelo \u00e9 o n\u00edvel menos grave e alerta para riscos para atividades dependentes do tempo.<\/li>\n<\/ul>\n","protected":false},"author":2,"featured_media":400885,"comment_status":"closed","ping_status":"closed","sticky":false,"template":"","format":"standard","meta":{"footnotes":""},"categories":[1],"tags":[822,3658,3742,1017,2043,1018],"class_list":["post-400884","post","type-post","status-publish","format-standard","has-post-thumbnail","hentry","category-noticias","tag-acores","tag-aviso-amarelo","tag-corvo","tag-faial","tag-flores","tag-pico"],"yoast_head":"<!-- This site is optimized with the Yoast SEO plugin v27.2 - https:\/\/yoast.com\/product\/yoast-seo-wordpress\/ -->\n<title>Ilhas dos A\u00e7ores sob aviso amarelo por chuva forte - Portal Tela Portugal<\/title>\n<meta name=\"robots\" content=\"index, follow, max-snippet:-1, max-image-preview:large, max-video-preview:-1\" \/>\n<meta property=\"og:locale\" content=\"pt_PT\" \/>\n<meta property=\"og:type\" content=\"article\" \/>\n<meta property=\"og:title\" content=\"Ilhas dos A\u00e7ores sob aviso amarelo por chuva forte - Portal Tela Portugal\" \/>\n<meta property=\"og:description\" content=\"O IPMA colocou aviso amarelo por precipita\u00e7\u00e3o forte em todas as nove ilhas dos A\u00e7ores. Flores e Corvo, no grupo Ocidental, ficam sob aviso das 20h07 sexta-feira at\u00e9 \u00e0s 07h00 de s\u00e1bado. Grupo Central (Faial, Pico, S\u00e3o Jorge, Graciosa e Terceira) fica sob aviso das 08h00 \u00e0s 17h00 de s\u00e1bado. Grupo Oriental (S\u00e3o Miguel e Santa Maria) fica sob aviso das 17h00 de s\u00e1bado \u00e0s 08h00 de domingo. O aviso amarelo \u00e9 o n\u00edvel menos grave e alerta para riscos para atividades dependentes do tempo.\" \/>\n<meta property=\"og:url\" content=\"https:\/\/portaltela.pt\/noticias\/2026\/03\/06\/ilhas-dos-acores-sob-aviso-amarelo-por-chuva-forte\/\" \/>\n<meta property=\"og:site_name\" content=\"Portal Tela Portugal\" \/>\n<meta property=\"article:published_time\" content=\"2026-03-06T22:58:01+00:00\" \/>\n<meta name=\"author\" content=\"Telinha\" \/>\n<meta name=\"twitter:card\" content=\"summary_large_image\" \/>\n<meta name=\"twitter:label1\" content=\"Escrito por\" \/>\n\t<meta name=\"twitter:data1\" content=\"Telinha\" \/>\n\t<meta name=\"twitter:label2\" content=\"Tempo estimado de leitura\" \/>\n\t<meta name=\"twitter:data2\" content=\"1 minuto\" \/>\n<script type=\"application\/ld+json\" class=\"yoast-schema-graph\">{\"@context\":\"https:\/\/schema.org\",\"@graph\":[{\"@type\":\"Article\",\"@id\":\"https:\/\/portaltela.pt\/noticias\/2026\/03\/06\/ilhas-dos-acores-sob-aviso-amarelo-por-chuva-forte\/#article\",\"isPartOf\":{\"@id\":\"https:\/\/portaltela.pt\/noticias\/2026\/03\/06\/ilhas-dos-acores-sob-aviso-amarelo-por-chuva-forte\/\"},\"author\":{\"name\":\"Telinha\",\"@id\":\"https:\/\/portaltela.pt\/#\/schema\/person\/c4278d4a6028830caff9ee44b42d32ed\"},\"headline\":\"Ilhas dos A\u00e7ores sob aviso amarelo por chuva forte\",\"datePublished\":\"2026-03-06T22:58:01+00:00\",\"mainEntityOfPage\":{\"@id\":\"https:\/\/portaltela.pt\/noticias\/2026\/03\/06\/ilhas-dos-acores-sob-aviso-amarelo-por-chuva-forte\/\"},\"wordCount\":219,\"image\":{\"@id\":\"https:\/\/portaltela.pt\/noticias\/2026\/03\/06\/ilhas-dos-acores-sob-aviso-amarelo-por-chuva-forte\/#primaryimage\"},\"thumbnailUrl\":\"https:\/\/portaltela.pt\/s.01k8rhncp4jt1\/2026\/03\/img_1280x721uu2020-12-04-08-42-56-995657.jpg\",\"keywords\":[\"A\u00e7ores\",\"aviso amarelo\",\"Corvo\",\"Faial\",\"Flores\",\"Pico\"],\"articleSection\":[\"Not\u00edcias\"],\"inLanguage\":\"pt-PT\"},{\"@type\":\"WebPage\",\"@id\":\"https:\/\/portaltela.pt\/noticias\/2026\/03\/06\/ilhas-dos-acores-sob-aviso-amarelo-por-chuva-forte\/\",\"url\":\"https:\/\/portaltela.pt\/noticias\/2026\/03\/06\/ilhas-dos-acores-sob-aviso-amarelo-por-chuva-forte\/\",\"name\":\"Ilhas dos A\u00e7ores sob aviso amarelo por chuva forte - Portal Tela Portugal\",\"isPartOf\":{\"@id\":\"https:\/\/portaltela.pt\/#website\"},\"primaryImageOfPage\":{\"@id\":\"https:\/\/portaltela.pt\/noticias\/2026\/03\/06\/ilhas-dos-acores-sob-aviso-amarelo-por-chuva-forte\/#primaryimage\"},\"image\":{\"@id\":\"https:\/\/portaltela.pt\/noticias\/2026\/03\/06\/ilhas-dos-acores-sob-aviso-amarelo-por-chuva-forte\/#primaryimage\"},\"thumbnailUrl\":\"https:\/\/portaltela.pt\/s.01k8rhncp4jt1\/2026\/03\/img_1280x721uu2020-12-04-08-42-56-995657.jpg\",\"datePublished\":\"2026-03-06T22:58:01+00:00\",\"author\":{\"@id\":\"https:\/\/portaltela.pt\/#\/schema\/person\/c4278d4a6028830caff9ee44b42d32ed\"},\"breadcrumb\":{\"@id\":\"https:\/\/portaltela.pt\/noticias\/2026\/03\/06\/ilhas-dos-acores-sob-aviso-amarelo-por-chuva-forte\/#breadcrumb\"},\"inLanguage\":\"pt-PT\",\"potentialAction\":[{\"@type\":\"ReadAction\",\"target\":[\"https:\/\/portaltela.pt\/noticias\/2026\/03\/06\/ilhas-dos-acores-sob-aviso-amarelo-por-chuva-forte\/\"]}]},{\"@type\":\"ImageObject\",\"inLanguage\":\"pt-PT\",\"@id\":\"https:\/\/portaltela.pt\/noticias\/2026\/03\/06\/ilhas-dos-acores-sob-aviso-amarelo-por-chuva-forte\/#primaryimage\",\"url\":\"https:\/\/portaltela.pt\/s.01k8rhncp4jt1\/2026\/03\/img_1280x721uu2020-12-04-08-42-56-995657.jpg\",\"contentUrl\":\"https:\/\/portaltela.pt\/s.01k8rhncp4jt1\/2026\/03\/img_1280x721uu2020-12-04-08-42-56-995657.jpg\",\"width\":796,\"height\":448,\"caption\":\"Chuva\"},{\"@type\":\"BreadcrumbList\",\"@id\":\"https:\/\/portaltela.pt\/noticias\/2026\/03\/06\/ilhas-dos-acores-sob-aviso-amarelo-por-chuva-forte\/#breadcrumb\",\"itemListElement\":[{\"@type\":\"ListItem\",\"position\":1,\"name\":\"In\u00edcio\",\"item\":\"https:\/\/portaltela.pt\/\"},{\"@type\":\"ListItem\",\"position\":2,\"name\":\"Ilhas dos A\u00e7ores sob aviso amarelo por chuva forte\"}]},{\"@type\":\"WebSite\",\"@id\":\"https:\/\/portaltela.pt\/#website\",\"url\":\"https:\/\/portaltela.pt\/\",\"name\":\"Portal Tela Portugal\",\"description\":\"\",\"potentialAction\":[{\"@type\":\"SearchAction\",\"target\":{\"@type\":\"EntryPoint\",\"urlTemplate\":\"https:\/\/portaltela.pt\/?s={search_term_string}\"},\"query-input\":{\"@type\":\"PropertyValueSpecification\",\"valueRequired\":true,\"valueName\":\"search_term_string\"}}],\"inLanguage\":\"pt-PT\"},{\"@type\":\"Person\",\"@id\":\"https:\/\/portaltela.pt\/#\/schema\/person\/c4278d4a6028830caff9ee44b42d32ed\",\"name\":\"Telinha\",\"image\":{\"@type\":\"ImageObject\",\"inLanguage\":\"pt-PT\",\"@id\":\"https:\/\/portaltela.pt\/s.01k8rhncp4jt1\/2025\/11\/talking-bot-125x125.png\",\"url\":\"https:\/\/portaltela.pt\/s.01k8rhncp4jt1\/2025\/11\/talking-bot-125x125.png\",\"contentUrl\":\"https:\/\/portaltela.pt\/s.01k8rhncp4jt1\/2025\/11\/talking-bot-125x125.png\",\"caption\":\"Telinha\"},\"sameAs\":[\"https:\/\/portaltela.pt\/\"],\"url\":\"https:\/\/portaltela.pt\/por\/367410592786\/\"}]}<\/script>\n<!-- \/ Yoast SEO plugin. -->","yoast_head_json":{"title":"Ilhas dos A\u00e7ores sob aviso amarelo por chuva forte - Portal Tela Portugal","robots":{"index":"index","follow":"follow","max-snippet":"max-snippet:-1","max-image-preview":"max-image-preview:large","max-video-preview":"max-video-preview:-1"},"og_locale":"pt_PT","og_type":"article","og_title":"Ilhas dos A\u00e7ores sob aviso amarelo por chuva forte - Portal Tela Portugal","og_description":"O IPMA colocou aviso amarelo por precipita\u00e7\u00e3o forte em todas as nove ilhas dos A\u00e7ores. Flores e Corvo, no grupo Ocidental, ficam sob aviso das 20h07 sexta-feira at\u00e9 \u00e0s 07h00 de s\u00e1bado. Grupo Central (Faial, Pico, S\u00e3o Jorge, Graciosa e Terceira) fica sob aviso das 08h00 \u00e0s 17h00 de s\u00e1bado. Grupo Oriental (S\u00e3o Miguel e Santa Maria) fica sob aviso das 17h00 de s\u00e1bado \u00e0s 08h00 de domingo. O aviso amarelo \u00e9 o n\u00edvel menos grave e alerta para riscos para atividades dependentes do tempo.","og_url":"https:\/\/portaltela.pt\/noticias\/2026\/03\/06\/ilhas-dos-acores-sob-aviso-amarelo-por-chuva-forte\/","og_site_name":"Portal Tela Portugal","article_published_time":"2026-03-06T22:58:01+00:00","author":"Telinha","twitter_card":"summary_large_image","twitter_misc":{"Escrito por":"Telinha","Tempo estimado de leitura":"1 minuto"},"schema":{"@context":"https:\/\/schema.org","@graph":[{"@type":"Article","@id":"https:\/\/portaltela.pt\/noticias\/2026\/03\/06\/ilhas-dos-acores-sob-aviso-amarelo-por-chuva-forte\/#article","isPartOf":{"@id":"https:\/\/portaltela.pt\/noticias\/2026\/03\/06\/ilhas-dos-acores-sob-aviso-amarelo-por-chuva-forte\/"},"author":{"name":"Telinha","@id":"https:\/\/portaltela.pt\/#\/schema\/person\/c4278d4a6028830caff9ee44b42d32ed"},"headline":"Ilhas dos A\u00e7ores sob aviso amarelo por chuva forte","datePublished":"2026-03-06T22:58:01+00:00","mainEntityOfPage":{"@id":"https:\/\/portaltela.pt\/noticias\/2026\/03\/06\/ilhas-dos-acores-sob-aviso-amarelo-por-chuva-forte\/"},"wordCount":219,"image":{"@id":"https:\/\/portaltela.pt\/noticias\/2026\/03\/06\/ilhas-dos-acores-sob-aviso-amarelo-por-chuva-forte\/#primaryimage"},"thumbnailUrl":"https:\/\/portaltela.pt\/s.01k8rhncp4jt1\/2026\/03\/img_1280x721uu2020-12-04-08-42-56-995657.jpg","keywords":["A\u00e7ores","aviso amarelo","Corvo","Faial","Flores","Pico"],"articleSection":["Not\u00edcias"],"inLanguage":"pt-PT"},{"@type":"WebPage","@id":"https:\/\/portaltela.pt\/noticias\/2026\/03\/06\/ilhas-dos-acores-sob-aviso-amarelo-por-chuva-forte\/","url":"https:\/\/portaltela.pt\/noticias\/2026\/03\/06\/ilhas-dos-acores-sob-aviso-amarelo-por-chuva-forte\/","name":"Ilhas dos A\u00e7ores sob aviso amarelo por chuva forte - Portal Tela Portugal","isPartOf":{"@id":"https:\/\/portaltela.pt\/#website"},"primaryImageOfPage":{"@id":"https:\/\/portaltela.pt\/noticias\/2026\/03\/06\/ilhas-dos-acores-sob-aviso-amarelo-por-chuva-forte\/#primaryimage"},"image":{"@id":"https:\/\/portaltela.pt\/noticias\/2026\/03\/06\/ilhas-dos-acores-sob-aviso-amarelo-por-chuva-forte\/#primaryimage"},"thumbnailUrl":"https:\/\/portaltela.pt\/s.01k8rhncp4jt1\/2026\/03\/img_1280x721uu2020-12-04-08-42-56-995657.jpg","datePublished":"2026-03-06T22:58:01+00:00","author":{"@id":"https:\/\/portaltela.pt\/#\/schema\/person\/c4278d4a6028830caff9ee44b42d32ed"},"breadcrumb":{"@id":"https:\/\/portaltela.pt\/noticias\/2026\/03\/06\/ilhas-dos-acores-sob-aviso-amarelo-por-chuva-forte\/#breadcrumb"},"inLanguage":"pt-PT","potentialAction":[{"@type":"ReadAction","target":["https:\/\/portaltela.pt\/noticias\/2026\/03\/06\/ilhas-dos-acores-sob-aviso-amarelo-por-chuva-forte\/"]}]},{"@type":"ImageObject","inLanguage":"pt-PT","@id":"https:\/\/portaltela.pt\/noticias\/2026\/03\/06\/ilhas-dos-acores-sob-aviso-amarelo-por-chuva-forte\/#primaryimage","url":"https:\/\/portaltela.pt\/s.01k8rhncp4jt1\/2026\/03\/img_1280x721uu2020-12-04-08-42-56-995657.jpg","contentUrl":"https:\/\/portaltela.pt\/s.01k8rhncp4jt1\/2026\/03\/img_1280x721uu2020-12-04-08-42-56-995657.jpg","width":796,"height":448,"caption":"Chuva"},{"@type":"BreadcrumbList","@id":"https:\/\/portaltela.pt\/noticias\/2026\/03\/06\/ilhas-dos-acores-sob-aviso-amarelo-por-chuva-forte\/#breadcrumb","itemListElement":[{"@type":"ListItem","position":1,"name":"In\u00edcio","item":"https:\/\/portaltela.pt\/"},{"@type":"ListItem","position":2,"name":"Ilhas dos A\u00e7ores sob aviso amarelo por chuva forte"}]},{"@type":"WebSite","@id":"https:\/\/portaltela.pt\/#website","url":"https:\/\/portaltela.pt\/","name":"Portal Tela Portugal","description":"","potentialAction":[{"@type":"SearchAction","target":{"@type":"EntryPoint","urlTemplate":"https:\/\/portaltela.pt\/?s={search_term_string}"},"query-input":{"@type":"PropertyValueSpecification","valueRequired":true,"valueName":"search_term_string"}}],"inLanguage":"pt-PT"},{"@type":"Person","@id":"https:\/\/portaltela.pt\/#\/schema\/person\/c4278d4a6028830caff9ee44b42d32ed","name":"Telinha","image":{"@type":"ImageObject","inLanguage":"pt-PT","@id":"https:\/\/portaltela.pt\/s.01k8rhncp4jt1\/2025\/11\/talking-bot-125x125.png","url":"https:\/\/portaltela.pt\/s.01k8rhncp4jt1\/2025\/11\/talking-bot-125x125.png","contentUrl":"https:\/\/portaltela.pt\/s.01k8rhncp4jt1\/2025\/11\/talking-bot-125x125.png","caption":"Telinha"},"sameAs":["https:\/\/portaltela.pt\/"],"url":"https:\/\/portaltela.pt\/por\/367410592786\/"}]}},"_links":{"self":[{"href":"https:\/\/portaltela.pt\/api\/wp\/v2\/posts\/400884","targetHints":{"allow":["GET"]}}],"collection":[{"href":"https:\/\/portaltela.pt\/api\/wp\/v2\/posts"}],"about":[{"href":"https:\/\/portaltela.pt\/api\/wp\/v2\/types\/post"}],"author":[{"embeddable":true,"href":"https:\/\/portaltela.pt\/api\/wp\/v2\/users\/2"}],"replies":[{"embeddable":true,"href":"https:\/\/portaltela.pt\/api\/wp\/v2\/comments?post=400884"}],"version-history":[{"count":0,"href":"https:\/\/portaltela.pt\/api\/wp\/v2\/posts\/400884\/revisions"}],"wp:featuredmedia":[{"embeddable":true,"href":"https:\/\/portaltela.pt\/api\/wp\/v2\/media\/400885"}],"wp:attachment":[{"href":"https:\/\/portaltela.pt\/api\/wp\/v2\/media?parent=400884"}],"wp:term":[{"taxonomy":"category","embeddable":true,"href":"https:\/\/portaltela.pt\/api\/wp\/v2\/categories?post=400884"},{"taxonomy":"post_tag","embeddable":true,"href":"https:\/\/portaltela.pt\/api\/wp\/v2\/tags?post=400884"}],"curies":[{"name":"wp","href":"https:\/\/api.w.org\/{rel}","templated":true}]}}