{"id":400824,"date":"2026-03-06T18:28:39","date_gmt":"2026-03-06T21:28:39","guid":{"rendered":"https:\/\/portaltela.pt\/noticias\/2026\/03\/06\/imigrantes-explorados-por-rede-criminosa-de-militares-da-gnr-condicoes-desumanas\/"},"modified":"2026-03-06T18:28:39","modified_gmt":"2026-03-06T21:28:39","slug":"imigrantes-explorados-por-rede-criminosa-de-militares-da-gnr-condicoes-desumanas","status":"publish","type":"post","link":"https:\/\/portaltela.pt\/noticias\/politica\/2026\/03\/06\/imigrantes-explorados-por-rede-criminosa-de-militares-da-gnr-condicoes-desumanas\/","title":{"rendered":"Imigrantes explorados por rede criminosa de militares da GNR condi\u00e7\u00f5es desumanas"},"content":{"rendered":"<p>Quase quatro meses ap\u00f3s a megaopera\u00e7\u00e3o da Pol\u00edcia Judici\u00e1ria que desmantelou uma rede criminosa que explorava imigrantes, a organiza\u00e7\u00e3o Doa a Quem Doer voltou a atuar em Cabe\u00e7a Gorda, Alentejo, onde mais de 500 migrantes permanecem sob controlo. As v\u00edtimas vivem em condi\u00e7\u00f5es degradantes numa casa ilegal.<\/p>\n<p>Fontes locais indicam que imigrantes recrutados por redes de tr\u00e1fico assumiram a chefia do esquema, mantendo as pr\u00e1ticas de explora\u00e7\u00e3o e o controlo sobre os residentes. A situa\u00e7\u00e3o acontece numa aldeia onde a casa ilegal funciona como alojamento para os migrantes.<\/p>\n<p>As autoridades n\u00e3o confirmaram novas a\u00e7\u00f5es policiais espec\u00edficas sobre este caso, mantendo o sil\u00eancio sobre eventual evolu\u00e7\u00e3o do caso. Organiza\u00e7\u00f5es de direitos humanos observam a persist\u00eancia de viola\u00e7\u00f5es de direitos fundamentais, sem ainda detalhes de interven\u00e7\u00f5es oficiais.<\/p>\n","protected":false},"excerpt":{"rendered":"<ul>\n<li>Quase quatro meses ap\u00f3s a megaopera\u00e7\u00e3o da Pol\u00edcia Judici\u00e1ria que desmantelou uma organiza\u00e7\u00e3o que explorava imigrantes ilegais, a rede voltou \u00e0 aldeia de Cabe\u00e7a Gorda, no Alentejo.<\/li>\n<li>Na regi\u00e3o, mais de 500 imigrantes vivem sob controlo da rede.<\/li>\n<li>As v\u00edtimas continuam a viver em condi\u00e7\u00f5es degradantes numa casa ilegal.<\/li>\n<li>A rede foi desmantelada pela Pol\u00edcia Judici\u00e1ria, mas as v\u00edtimas passaram a ser exploradas por outros imigrantes que assumiram a lideran\u00e7a do esquema.<\/li>\n<li>A situa\u00e7\u00e3o mant\u00e9m-se monitorizada, com relatos de explora\u00e7\u00e3o cont\u00ednua mesmo ap\u00f3s o desmantelamento inicial.<\/li>\n<\/ul>\n","protected":false},"author":2,"featured_media":400829,"comment_status":"closed","ping_status":"closed","sticky":false,"template":"","format":"standard","meta":{"footnotes":""},"categories":[1,5],"tags":[147,2633,5528,712,1921,5854],"class_list":["post-400824","post","type-post","status-publish","format-standard","has-post-thumbnail","hentry","category-noticias","category-politica","tag-crime","tag-direitos-humanos","tag-exploracao","tag-imigracao","tag-imigrantes","tag-violacao-de-direitos-humanos"],"yoast_head":"<!-- This site is optimized with the Yoast SEO plugin v27.2 - https:\/\/yoast.com\/product\/yoast-seo-wordpress\/ -->\n<title>Imigrantes explorados por rede criminosa de militares da GNR condi\u00e7\u00f5es desumanas - Portal Tela Portugal<\/title>\n<meta name=\"robots\" content=\"index, follow, max-snippet:-1, max-image-preview:large, max-video-preview:-1\" \/>\n<meta property=\"og:locale\" content=\"pt_PT\" \/>\n<meta property=\"og:type\" content=\"article\" \/>\n<meta property=\"og:title\" content=\"Imigrantes explorados por rede criminosa de militares da GNR condi\u00e7\u00f5es desumanas - Portal Tela Portugal\" \/>\n<meta property=\"og:description\" content=\"Quase quatro meses ap\u00f3s a megaopera\u00e7\u00e3o da Pol\u00edcia Judici\u00e1ria que desmantelou uma organiza\u00e7\u00e3o que explorava imigrantes ilegais, a rede voltou \u00e0 aldeia de Cabe\u00e7a Gorda, no Alentejo. Na regi\u00e3o, mais de 500 imigrantes vivem sob controlo da rede. As v\u00edtimas continuam a viver em condi\u00e7\u00f5es degradantes numa casa ilegal. A rede foi desmantelada pela Pol\u00edcia Judici\u00e1ria, mas as v\u00edtimas passaram a ser exploradas por outros imigrantes que assumiram a lideran\u00e7a do esquema. A situa\u00e7\u00e3o mant\u00e9m-se monitorizada, com relatos de explora\u00e7\u00e3o cont\u00ednua mesmo ap\u00f3s o desmantelamento inicial.\" \/>\n<meta property=\"og:url\" content=\"https:\/\/portaltela.pt\/noticias\/2026\/03\/06\/imigrantes-explorados-por-rede-criminosa-de-militares-da-gnr-condicoes-desumanas\/\" \/>\n<meta property=\"og:site_name\" content=\"Portal Tela Portugal\" \/>\n<meta property=\"article:published_time\" content=\"2026-03-06T21:28:39+00:00\" \/>\n<meta name=\"author\" content=\"Telinha\" \/>\n<meta name=\"twitter:card\" content=\"summary_large_image\" \/>\n<meta name=\"twitter:label1\" content=\"Escrito por\" \/>\n\t<meta name=\"twitter:data1\" content=\"Telinha\" \/>\n\t<meta name=\"twitter:label2\" content=\"Tempo estimado de leitura\" \/>\n\t<meta name=\"twitter:data2\" content=\"1 minuto\" \/>\n<script type=\"application\/ld+json\" class=\"yoast-schema-graph\">{\"@context\":\"https:\/\/schema.org\",\"@graph\":[{\"@type\":\"Article\",\"@id\":\"https:\/\/portaltela.pt\/noticias\/2026\/03\/06\/imigrantes-explorados-por-rede-criminosa-de-militares-da-gnr-condicoes-desumanas\/#article\",\"isPartOf\":{\"@id\":\"https:\/\/portaltela.pt\/noticias\/2026\/03\/06\/imigrantes-explorados-por-rede-criminosa-de-militares-da-gnr-condicoes-desumanas\/\"},\"author\":{\"name\":\"Telinha\",\"@id\":\"https:\/\/portaltela.pt\/#\/schema\/person\/c4278d4a6028830caff9ee44b42d32ed\"},\"headline\":\"Imigrantes explorados por rede criminosa de militares da GNR condi\u00e7\u00f5es desumanas\",\"datePublished\":\"2026-03-06T21:28:39+00:00\",\"mainEntityOfPage\":{\"@id\":\"https:\/\/portaltela.pt\/noticias\/2026\/03\/06\/imigrantes-explorados-por-rede-criminosa-de-militares-da-gnr-condicoes-desumanas\/\"},\"wordCount\":157,\"image\":{\"@id\":\"https:\/\/portaltela.pt\/noticias\/2026\/03\/06\/imigrantes-explorados-por-rede-criminosa-de-militares-da-gnr-condicoes-desumanas\/#primaryimage\"},\"thumbnailUrl\":\"https:\/\/portaltela.pt\/s.01k8rhncp4jt1\/2026\/03\/img_1280x721uu2026-03-06-19-47-32-2270840.jpg\",\"keywords\":[\"crime\",\"direitos humanos\",\"explora\u00e7\u00e3o\",\"imigra\u00e7\u00e3o\",\"imigrantes\",\"viola\u00e7\u00e3o de direitos humanos\"],\"articleSection\":[\"Not\u00edcias\",\"Pol\u00edtica\"],\"inLanguage\":\"pt-PT\"},{\"@type\":\"WebPage\",\"@id\":\"https:\/\/portaltela.pt\/noticias\/2026\/03\/06\/imigrantes-explorados-por-rede-criminosa-de-militares-da-gnr-condicoes-desumanas\/\",\"url\":\"https:\/\/portaltela.pt\/noticias\/2026\/03\/06\/imigrantes-explorados-por-rede-criminosa-de-militares-da-gnr-condicoes-desumanas\/\",\"name\":\"Imigrantes explorados por rede criminosa de militares da GNR condi\u00e7\u00f5es desumanas - Portal Tela Portugal\",\"isPartOf\":{\"@id\":\"https:\/\/portaltela.pt\/#website\"},\"primaryImageOfPage\":{\"@id\":\"https:\/\/portaltela.pt\/noticias\/2026\/03\/06\/imigrantes-explorados-por-rede-criminosa-de-militares-da-gnr-condicoes-desumanas\/#primaryimage\"},\"image\":{\"@id\":\"https:\/\/portaltela.pt\/noticias\/2026\/03\/06\/imigrantes-explorados-por-rede-criminosa-de-militares-da-gnr-condicoes-desumanas\/#primaryimage\"},\"thumbnailUrl\":\"https:\/\/portaltela.pt\/s.01k8rhncp4jt1\/2026\/03\/img_1280x721uu2026-03-06-19-47-32-2270840.jpg\",\"datePublished\":\"2026-03-06T21:28:39+00:00\",\"author\":{\"@id\":\"https:\/\/portaltela.pt\/#\/schema\/person\/c4278d4a6028830caff9ee44b42d32ed\"},\"breadcrumb\":{\"@id\":\"https:\/\/portaltela.pt\/noticias\/2026\/03\/06\/imigrantes-explorados-por-rede-criminosa-de-militares-da-gnr-condicoes-desumanas\/#breadcrumb\"},\"inLanguage\":\"pt-PT\",\"potentialAction\":[{\"@type\":\"ReadAction\",\"target\":[\"https:\/\/portaltela.pt\/noticias\/2026\/03\/06\/imigrantes-explorados-por-rede-criminosa-de-militares-da-gnr-condicoes-desumanas\/\"]}]},{\"@type\":\"ImageObject\",\"inLanguage\":\"pt-PT\",\"@id\":\"https:\/\/portaltela.pt\/noticias\/2026\/03\/06\/imigrantes-explorados-por-rede-criminosa-de-militares-da-gnr-condicoes-desumanas\/#primaryimage\",\"url\":\"https:\/\/portaltela.pt\/s.01k8rhncp4jt1\/2026\/03\/img_1280x721uu2026-03-06-19-47-32-2270840.jpg\",\"contentUrl\":\"https:\/\/portaltela.pt\/s.01k8rhncp4jt1\/2026\/03\/img_1280x721uu2026-03-06-19-47-32-2270840.jpg\",\"width\":796,\"height\":448,\"caption\":\"Casa onde vivem imigrantes explorados em Beja\"},{\"@type\":\"BreadcrumbList\",\"@id\":\"https:\/\/portaltela.pt\/noticias\/2026\/03\/06\/imigrantes-explorados-por-rede-criminosa-de-militares-da-gnr-condicoes-desumanas\/#breadcrumb\",\"itemListElement\":[{\"@type\":\"ListItem\",\"position\":1,\"name\":\"In\u00edcio\",\"item\":\"https:\/\/portaltela.pt\/\"},{\"@type\":\"ListItem\",\"position\":2,\"name\":\"Imigrantes explorados por rede criminosa de militares da GNR condi\u00e7\u00f5es desumanas\"}]},{\"@type\":\"WebSite\",\"@id\":\"https:\/\/portaltela.pt\/#website\",\"url\":\"https:\/\/portaltela.pt\/\",\"name\":\"Portal Tela Portugal\",\"description\":\"\",\"potentialAction\":[{\"@type\":\"SearchAction\",\"target\":{\"@type\":\"EntryPoint\",\"urlTemplate\":\"https:\/\/portaltela.pt\/?s={search_term_string}\"},\"query-input\":{\"@type\":\"PropertyValueSpecification\",\"valueRequired\":true,\"valueName\":\"search_term_string\"}}],\"inLanguage\":\"pt-PT\"},{\"@type\":\"Person\",\"@id\":\"https:\/\/portaltela.pt\/#\/schema\/person\/c4278d4a6028830caff9ee44b42d32ed\",\"name\":\"Telinha\",\"image\":{\"@type\":\"ImageObject\",\"inLanguage\":\"pt-PT\",\"@id\":\"https:\/\/portaltela.pt\/s.01k8rhncp4jt1\/2025\/11\/talking-bot-125x125.png\",\"url\":\"https:\/\/portaltela.pt\/s.01k8rhncp4jt1\/2025\/11\/talking-bot-125x125.png\",\"contentUrl\":\"https:\/\/portaltela.pt\/s.01k8rhncp4jt1\/2025\/11\/talking-bot-125x125.png\",\"caption\":\"Telinha\"},\"sameAs\":[\"https:\/\/portaltela.pt\/\"],\"url\":\"https:\/\/portaltela.pt\/por\/367410592786\/\"}]}<\/script>\n<!-- \/ Yoast SEO plugin. -->","yoast_head_json":{"title":"Imigrantes explorados por rede criminosa de militares da GNR condi\u00e7\u00f5es desumanas - Portal Tela Portugal","robots":{"index":"index","follow":"follow","max-snippet":"max-snippet:-1","max-image-preview":"max-image-preview:large","max-video-preview":"max-video-preview:-1"},"og_locale":"pt_PT","og_type":"article","og_title":"Imigrantes explorados por rede criminosa de militares da GNR condi\u00e7\u00f5es desumanas - Portal Tela Portugal","og_description":"Quase quatro meses ap\u00f3s a megaopera\u00e7\u00e3o da Pol\u00edcia Judici\u00e1ria que desmantelou uma organiza\u00e7\u00e3o que explorava imigrantes ilegais, a rede voltou \u00e0 aldeia de Cabe\u00e7a Gorda, no Alentejo. Na regi\u00e3o, mais de 500 imigrantes vivem sob controlo da rede. As v\u00edtimas continuam a viver em condi\u00e7\u00f5es degradantes numa casa ilegal. A rede foi desmantelada pela Pol\u00edcia Judici\u00e1ria, mas as v\u00edtimas passaram a ser exploradas por outros imigrantes que assumiram a lideran\u00e7a do esquema. A situa\u00e7\u00e3o mant\u00e9m-se monitorizada, com relatos de explora\u00e7\u00e3o cont\u00ednua mesmo ap\u00f3s o desmantelamento inicial.","og_url":"https:\/\/portaltela.pt\/noticias\/2026\/03\/06\/imigrantes-explorados-por-rede-criminosa-de-militares-da-gnr-condicoes-desumanas\/","og_site_name":"Portal Tela Portugal","article_published_time":"2026-03-06T21:28:39+00:00","author":"Telinha","twitter_card":"summary_large_image","twitter_misc":{"Escrito por":"Telinha","Tempo estimado de leitura":"1 minuto"},"schema":{"@context":"https:\/\/schema.org","@graph":[{"@type":"Article","@id":"https:\/\/portaltela.pt\/noticias\/2026\/03\/06\/imigrantes-explorados-por-rede-criminosa-de-militares-da-gnr-condicoes-desumanas\/#article","isPartOf":{"@id":"https:\/\/portaltela.pt\/noticias\/2026\/03\/06\/imigrantes-explorados-por-rede-criminosa-de-militares-da-gnr-condicoes-desumanas\/"},"author":{"name":"Telinha","@id":"https:\/\/portaltela.pt\/#\/schema\/person\/c4278d4a6028830caff9ee44b42d32ed"},"headline":"Imigrantes explorados por rede criminosa de militares da GNR condi\u00e7\u00f5es desumanas","datePublished":"2026-03-06T21:28:39+00:00","mainEntityOfPage":{"@id":"https:\/\/portaltela.pt\/noticias\/2026\/03\/06\/imigrantes-explorados-por-rede-criminosa-de-militares-da-gnr-condicoes-desumanas\/"},"wordCount":157,"image":{"@id":"https:\/\/portaltela.pt\/noticias\/2026\/03\/06\/imigrantes-explorados-por-rede-criminosa-de-militares-da-gnr-condicoes-desumanas\/#primaryimage"},"thumbnailUrl":"https:\/\/portaltela.pt\/s.01k8rhncp4jt1\/2026\/03\/img_1280x721uu2026-03-06-19-47-32-2270840.jpg","keywords":["crime","direitos humanos","explora\u00e7\u00e3o","imigra\u00e7\u00e3o","imigrantes","viola\u00e7\u00e3o de direitos humanos"],"articleSection":["Not\u00edcias","Pol\u00edtica"],"inLanguage":"pt-PT"},{"@type":"WebPage","@id":"https:\/\/portaltela.pt\/noticias\/2026\/03\/06\/imigrantes-explorados-por-rede-criminosa-de-militares-da-gnr-condicoes-desumanas\/","url":"https:\/\/portaltela.pt\/noticias\/2026\/03\/06\/imigrantes-explorados-por-rede-criminosa-de-militares-da-gnr-condicoes-desumanas\/","name":"Imigrantes explorados por rede criminosa de militares da GNR condi\u00e7\u00f5es desumanas - Portal Tela Portugal","isPartOf":{"@id":"https:\/\/portaltela.pt\/#website"},"primaryImageOfPage":{"@id":"https:\/\/portaltela.pt\/noticias\/2026\/03\/06\/imigrantes-explorados-por-rede-criminosa-de-militares-da-gnr-condicoes-desumanas\/#primaryimage"},"image":{"@id":"https:\/\/portaltela.pt\/noticias\/2026\/03\/06\/imigrantes-explorados-por-rede-criminosa-de-militares-da-gnr-condicoes-desumanas\/#primaryimage"},"thumbnailUrl":"https:\/\/portaltela.pt\/s.01k8rhncp4jt1\/2026\/03\/img_1280x721uu2026-03-06-19-47-32-2270840.jpg","datePublished":"2026-03-06T21:28:39+00:00","author":{"@id":"https:\/\/portaltela.pt\/#\/schema\/person\/c4278d4a6028830caff9ee44b42d32ed"},"breadcrumb":{"@id":"https:\/\/portaltela.pt\/noticias\/2026\/03\/06\/imigrantes-explorados-por-rede-criminosa-de-militares-da-gnr-condicoes-desumanas\/#breadcrumb"},"inLanguage":"pt-PT","potentialAction":[{"@type":"ReadAction","target":["https:\/\/portaltela.pt\/noticias\/2026\/03\/06\/imigrantes-explorados-por-rede-criminosa-de-militares-da-gnr-condicoes-desumanas\/"]}]},{"@type":"ImageObject","inLanguage":"pt-PT","@id":"https:\/\/portaltela.pt\/noticias\/2026\/03\/06\/imigrantes-explorados-por-rede-criminosa-de-militares-da-gnr-condicoes-desumanas\/#primaryimage","url":"https:\/\/portaltela.pt\/s.01k8rhncp4jt1\/2026\/03\/img_1280x721uu2026-03-06-19-47-32-2270840.jpg","contentUrl":"https:\/\/portaltela.pt\/s.01k8rhncp4jt1\/2026\/03\/img_1280x721uu2026-03-06-19-47-32-2270840.jpg","width":796,"height":448,"caption":"Casa onde vivem imigrantes explorados em Beja"},{"@type":"BreadcrumbList","@id":"https:\/\/portaltela.pt\/noticias\/2026\/03\/06\/imigrantes-explorados-por-rede-criminosa-de-militares-da-gnr-condicoes-desumanas\/#breadcrumb","itemListElement":[{"@type":"ListItem","position":1,"name":"In\u00edcio","item":"https:\/\/portaltela.pt\/"},{"@type":"ListItem","position":2,"name":"Imigrantes explorados por rede criminosa de militares da GNR condi\u00e7\u00f5es desumanas"}]},{"@type":"WebSite","@id":"https:\/\/portaltela.pt\/#website","url":"https:\/\/portaltela.pt\/","name":"Portal Tela Portugal","description":"","potentialAction":[{"@type":"SearchAction","target":{"@type":"EntryPoint","urlTemplate":"https:\/\/portaltela.pt\/?s={search_term_string}"},"query-input":{"@type":"PropertyValueSpecification","valueRequired":true,"valueName":"search_term_string"}}],"inLanguage":"pt-PT"},{"@type":"Person","@id":"https:\/\/portaltela.pt\/#\/schema\/person\/c4278d4a6028830caff9ee44b42d32ed","name":"Telinha","image":{"@type":"ImageObject","inLanguage":"pt-PT","@id":"https:\/\/portaltela.pt\/s.01k8rhncp4jt1\/2025\/11\/talking-bot-125x125.png","url":"https:\/\/portaltela.pt\/s.01k8rhncp4jt1\/2025\/11\/talking-bot-125x125.png","contentUrl":"https:\/\/portaltela.pt\/s.01k8rhncp4jt1\/2025\/11\/talking-bot-125x125.png","caption":"Telinha"},"sameAs":["https:\/\/portaltela.pt\/"],"url":"https:\/\/portaltela.pt\/por\/367410592786\/"}]}},"_links":{"self":[{"href":"https:\/\/portaltela.pt\/api\/wp\/v2\/posts\/400824","targetHints":{"allow":["GET"]}}],"collection":[{"href":"https:\/\/portaltela.pt\/api\/wp\/v2\/posts"}],"about":[{"href":"https:\/\/portaltela.pt\/api\/wp\/v2\/types\/post"}],"author":[{"embeddable":true,"href":"https:\/\/portaltela.pt\/api\/wp\/v2\/users\/2"}],"replies":[{"embeddable":true,"href":"https:\/\/portaltela.pt\/api\/wp\/v2\/comments?post=400824"}],"version-history":[{"count":0,"href":"https:\/\/portaltela.pt\/api\/wp\/v2\/posts\/400824\/revisions"}],"wp:featuredmedia":[{"embeddable":true,"href":"https:\/\/portaltela.pt\/api\/wp\/v2\/media\/400829"}],"wp:attachment":[{"href":"https:\/\/portaltela.pt\/api\/wp\/v2\/media?parent=400824"}],"wp:term":[{"taxonomy":"category","embeddable":true,"href":"https:\/\/portaltela.pt\/api\/wp\/v2\/categories?post=400824"},{"taxonomy":"post_tag","embeddable":true,"href":"https:\/\/portaltela.pt\/api\/wp\/v2\/tags?post=400824"}],"curies":[{"name":"wp","href":"https:\/\/api.w.org\/{rel}","templated":true}]}}