{"id":400798,"date":"2026-03-06T17:57:41","date_gmt":"2026-03-06T20:57:41","guid":{"rendered":"https:\/\/portaltela.pt\/noticias\/2026\/03\/06\/tomas-melo-gouveia-e-o-melhor-portugues-no-optilink-tour-championship\/"},"modified":"2026-03-06T17:57:41","modified_gmt":"2026-03-06T20:57:41","slug":"tomas-melo-gouveia-e-o-melhor-portugues-no-optilink-tour-championship","status":"publish","type":"post","link":"https:\/\/portaltela.pt\/desporto\/futebol\/2026\/03\/06\/tomas-melo-gouveia-e-o-melhor-portugues-no-optilink-tour-championship\/","title":{"rendered":"Tom\u00e1s Melo Gouveia \u00e9 o melhor portugu\u00eas no Optilink Tour Championship"},"content":{"rendered":"<p>Tom\u00e1s Melo Gouveia, 31 anos, \u00e9 o melhor portugu\u00eas na primeira volta do Optilink Tour Championship, disputado no campo n.\u00ba2 do PGA Aroeira Lisboa, em Almada. O portugu\u00eas ficou em 4.\u00ba lugar, a tr\u00eas pancadas do l\u00edder Dan Smith, campe\u00e3o do ano passado. A prova decorre entre sexta e domingo e \u00e9 decisiva para o PT Tour de 2026.<\/p>\n<p>Num dia de ventos fortes e frio intenso, apenas tr\u00eas dos 61 jogadores democraram o Par do campo. Dan Smith, que venceu Palmares em 2025, abriu com 69 pancadas (-3). Freddie McArthur ficou a uma pancada, com 70, e Alexander Amey com 71 (-1) ficou a dois shots do l\u00edder.<\/p>\n<p>Tom\u00e1s Melo Gouveia partilha o 4.\u00ba posto com advers\u00e1rios estrangeiros ap\u00f3s o Par de 72. Em rela\u00e7\u00e3o aos restantes portugueses, Jo\u00e3o Pereira \u00e9 amador mais bem colocado, com 73 (+1), no 9.\u00ba lugar. Guilherme Grabner Moreira segue tamb\u00e9m entre os melhores.<\/p>\n<p>O Optilink Tour Championship encerra o PT Tour de 2026 e distribui 15 mil euros em pr\u00e9mios. O evento revela ainda o melhor estrangeiro da \u00e9poca e concede convites para provas importantes do circuito como o Open de Portugal.<\/p>\n<h3>Resultados da 1.\u00aa volta<\/h3>\n<p>1.\u00ba Dan Smith (Inglaterra), 69 (-3); 2.\u00ba Freddie McArthur (Inglaterra), 70 (-2); 3.\u00ba Alexander Amey (Su\u00ed\u00e7a), 71 (-1); 4.\u00ba Tom\u00e1s Melo Gouveia (Portugal), 72 (par). Amadores: Jo\u00e3o Pereira 73 (+1) e Jos\u00e9 Guilherme Grabner Moreira 74 (+2).<\/p>\n<p>Os restantes portugueses ocupam posi\u00e7\u00f5es entre o 9.\u00ba e o 58.\u00ba, com diferentes classifica\u00e7\u00f5es. O torneio prossegue amanh\u00e3, com a volta do meio-dia a partir das 8h45, e o grupo final sai \u00e0s 10h35.<\/p>\n","protected":false},"excerpt":{"rendered":"<ul>\n<li>Tom\u00e1s Melo Gouveia \u00e9 o melhor portugu\u00eas no Optilink Tour Championship, empatado no 4.\u00ba lugar com 72 em Par no campo n.\u00ba2 da Aroeira Lisboa.<\/li>\n<li>O l\u00edder \u00e9 Dan Smith, ingl\u00eas, com 69 (-3); Freddie McArthur \u00e9 2.\u00ba, a 1 pancada, e Alexander Amey est\u00e1 a 2 shots do l\u00edder.<\/li>\n<li>O dia foi dos mais ventosos e frios j\u00e1 registados no PT Tour, com apenas tr\u00eas jogadores a bater o Par.<\/li>\n<li>O Optilink Tour Championship encerra o PT Tour de 2026, com prize money de 15 mil euros; o vencedor recebe convite para o Open de Portugal.<\/li>\n<li>Existem 21 amadores entre os 61 participantes; Jo\u00e3o Pereira \u00e9 o melhor amador at\u00e9 ao momento, com 1 over par.<\/li>\n<\/ul>\n","protected":false},"author":2,"featured_media":400802,"comment_status":"closed","ping_status":"closed","sticky":false,"template":"","format":"standard","meta":{"footnotes":""},"categories":[21,24],"tags":[5430,152,109,4591,1014,2991],"class_list":["post-400798","post","type-post","status-publish","format-standard","has-post-thumbnail","hentry","category-desporto","category-futebol","tag-amadores","tag-desporto","tag-golfe","tag-inglaterra","tag-portugal","tag-suica"],"yoast_head":"<!-- This site is optimized with the Yoast SEO plugin v27.2 - https:\/\/yoast.com\/product\/yoast-seo-wordpress\/ -->\n<title>Tom\u00e1s Melo Gouveia \u00e9 o melhor portugu\u00eas no Optilink Tour Championship - Portal Tela Portugal<\/title>\n<meta name=\"robots\" content=\"index, follow, max-snippet:-1, max-image-preview:large, max-video-preview:-1\" \/>\n<meta property=\"og:locale\" content=\"pt_PT\" \/>\n<meta property=\"og:type\" content=\"article\" \/>\n<meta property=\"og:title\" content=\"Tom\u00e1s Melo Gouveia \u00e9 o melhor portugu\u00eas no Optilink Tour Championship - Portal Tela Portugal\" \/>\n<meta property=\"og:description\" content=\"Tom\u00e1s Melo Gouveia \u00e9 o melhor portugu\u00eas no Optilink Tour Championship, empatado no 4.\u00ba lugar com 72 em Par no campo n.\u00ba2 da Aroeira Lisboa. O l\u00edder \u00e9 Dan Smith, ingl\u00eas, com 69 (-3); Freddie McArthur \u00e9 2.\u00ba, a 1 pancada, e Alexander Amey est\u00e1 a 2 shots do l\u00edder. O dia foi dos mais ventosos e frios j\u00e1 registados no PT Tour, com apenas tr\u00eas jogadores a bater o Par. O Optilink Tour Championship encerra o PT Tour de 2026, com prize money de 15 mil euros; o vencedor recebe convite para o Open de Portugal. Existem 21 amadores entre os 61 participantes; Jo\u00e3o Pereira \u00e9 o melhor amador at\u00e9 ao momento, com 1 over par.\" \/>\n<meta property=\"og:url\" content=\"https:\/\/portaltela.pt\/noticias\/2026\/03\/06\/tomas-melo-gouveia-e-o-melhor-portugues-no-optilink-tour-championship\/\" \/>\n<meta property=\"og:site_name\" content=\"Portal Tela Portugal\" \/>\n<meta property=\"article:published_time\" content=\"2026-03-06T20:57:41+00:00\" \/>\n<meta name=\"author\" content=\"Telinha\" \/>\n<meta name=\"twitter:card\" content=\"summary_large_image\" \/>\n<meta name=\"twitter:label1\" content=\"Escrito por\" \/>\n\t<meta name=\"twitter:data1\" content=\"Telinha\" \/>\n\t<meta name=\"twitter:label2\" content=\"Tempo estimado de leitura\" \/>\n\t<meta name=\"twitter:data2\" content=\"1 minuto\" \/>\n<script type=\"application\/ld+json\" class=\"yoast-schema-graph\">{\"@context\":\"https:\/\/schema.org\",\"@graph\":[{\"@type\":\"Article\",\"@id\":\"https:\/\/portaltela.pt\/noticias\/2026\/03\/06\/tomas-melo-gouveia-e-o-melhor-portugues-no-optilink-tour-championship\/#article\",\"isPartOf\":{\"@id\":\"https:\/\/portaltela.pt\/noticias\/2026\/03\/06\/tomas-melo-gouveia-e-o-melhor-portugues-no-optilink-tour-championship\/\"},\"author\":{\"name\":\"Telinha\",\"@id\":\"https:\/\/portaltela.pt\/#\/schema\/person\/c4278d4a6028830caff9ee44b42d32ed\"},\"headline\":\"Tom\u00e1s Melo Gouveia \u00e9 o melhor portugu\u00eas no Optilink Tour Championship\",\"datePublished\":\"2026-03-06T20:57:41+00:00\",\"mainEntityOfPage\":{\"@id\":\"https:\/\/portaltela.pt\/noticias\/2026\/03\/06\/tomas-melo-gouveia-e-o-melhor-portugues-no-optilink-tour-championship\/\"},\"wordCount\":263,\"image\":{\"@id\":\"https:\/\/portaltela.pt\/noticias\/2026\/03\/06\/tomas-melo-gouveia-e-o-melhor-portugues-no-optilink-tour-championship\/#primaryimage\"},\"thumbnailUrl\":\"https:\/\/portaltela.pt\/s.01k8rhncp4jt1\/2026\/03\/img_920x518uu2026-03-06-20-57-00-2425327-im-639084274367777752.jpg\",\"keywords\":[\"amadores\",\"desporto\",\"golfe\",\"Inglaterra\",\"Portugal\",\"Su\u00ed\u00e7a\"],\"articleSection\":[\"Desporto\",\"Futebol\"],\"inLanguage\":\"pt-PT\"},{\"@type\":\"WebPage\",\"@id\":\"https:\/\/portaltela.pt\/noticias\/2026\/03\/06\/tomas-melo-gouveia-e-o-melhor-portugues-no-optilink-tour-championship\/\",\"url\":\"https:\/\/portaltela.pt\/noticias\/2026\/03\/06\/tomas-melo-gouveia-e-o-melhor-portugues-no-optilink-tour-championship\/\",\"name\":\"Tom\u00e1s Melo Gouveia \u00e9 o melhor portugu\u00eas no Optilink Tour Championship - Portal Tela Portugal\",\"isPartOf\":{\"@id\":\"https:\/\/portaltela.pt\/#website\"},\"primaryImageOfPage\":{\"@id\":\"https:\/\/portaltela.pt\/noticias\/2026\/03\/06\/tomas-melo-gouveia-e-o-melhor-portugues-no-optilink-tour-championship\/#primaryimage\"},\"image\":{\"@id\":\"https:\/\/portaltela.pt\/noticias\/2026\/03\/06\/tomas-melo-gouveia-e-o-melhor-portugues-no-optilink-tour-championship\/#primaryimage\"},\"thumbnailUrl\":\"https:\/\/portaltela.pt\/s.01k8rhncp4jt1\/2026\/03\/img_920x518uu2026-03-06-20-57-00-2425327-im-639084274367777752.jpg\",\"datePublished\":\"2026-03-06T20:57:41+00:00\",\"author\":{\"@id\":\"https:\/\/portaltela.pt\/#\/schema\/person\/c4278d4a6028830caff9ee44b42d32ed\"},\"breadcrumb\":{\"@id\":\"https:\/\/portaltela.pt\/noticias\/2026\/03\/06\/tomas-melo-gouveia-e-o-melhor-portugues-no-optilink-tour-championship\/#breadcrumb\"},\"inLanguage\":\"pt-PT\",\"potentialAction\":[{\"@type\":\"ReadAction\",\"target\":[\"https:\/\/portaltela.pt\/noticias\/2026\/03\/06\/tomas-melo-gouveia-e-o-melhor-portugues-no-optilink-tour-championship\/\"]}]},{\"@type\":\"ImageObject\",\"inLanguage\":\"pt-PT\",\"@id\":\"https:\/\/portaltela.pt\/noticias\/2026\/03\/06\/tomas-melo-gouveia-e-o-melhor-portugues-no-optilink-tour-championship\/#primaryimage\",\"url\":\"https:\/\/portaltela.pt\/s.01k8rhncp4jt1\/2026\/03\/img_920x518uu2026-03-06-20-57-00-2425327-im-639084274367777752.jpg\",\"contentUrl\":\"https:\/\/portaltela.pt\/s.01k8rhncp4jt1\/2026\/03\/img_920x518uu2026-03-06-20-57-00-2425327-im-639084274367777752.jpg\",\"width\":796,\"height\":448,\"caption\":\"Tom\u00e1s Melo Gouveia na 1.\u00aa volta\"},{\"@type\":\"BreadcrumbList\",\"@id\":\"https:\/\/portaltela.pt\/noticias\/2026\/03\/06\/tomas-melo-gouveia-e-o-melhor-portugues-no-optilink-tour-championship\/#breadcrumb\",\"itemListElement\":[{\"@type\":\"ListItem\",\"position\":1,\"name\":\"In\u00edcio\",\"item\":\"https:\/\/portaltela.pt\/\"},{\"@type\":\"ListItem\",\"position\":2,\"name\":\"Tom\u00e1s Melo Gouveia \u00e9 o melhor portugu\u00eas no Optilink Tour Championship\"}]},{\"@type\":\"WebSite\",\"@id\":\"https:\/\/portaltela.pt\/#website\",\"url\":\"https:\/\/portaltela.pt\/\",\"name\":\"Portal Tela Portugal\",\"description\":\"\",\"potentialAction\":[{\"@type\":\"SearchAction\",\"target\":{\"@type\":\"EntryPoint\",\"urlTemplate\":\"https:\/\/portaltela.pt\/?s={search_term_string}\"},\"query-input\":{\"@type\":\"PropertyValueSpecification\",\"valueRequired\":true,\"valueName\":\"search_term_string\"}}],\"inLanguage\":\"pt-PT\"},{\"@type\":\"Person\",\"@id\":\"https:\/\/portaltela.pt\/#\/schema\/person\/c4278d4a6028830caff9ee44b42d32ed\",\"name\":\"Telinha\",\"image\":{\"@type\":\"ImageObject\",\"inLanguage\":\"pt-PT\",\"@id\":\"https:\/\/portaltela.pt\/s.01k8rhncp4jt1\/2025\/11\/talking-bot-125x125.png\",\"url\":\"https:\/\/portaltela.pt\/s.01k8rhncp4jt1\/2025\/11\/talking-bot-125x125.png\",\"contentUrl\":\"https:\/\/portaltela.pt\/s.01k8rhncp4jt1\/2025\/11\/talking-bot-125x125.png\",\"caption\":\"Telinha\"},\"sameAs\":[\"https:\/\/portaltela.pt\/\"],\"url\":\"https:\/\/portaltela.pt\/por\/367410592786\/\"}]}<\/script>\n<!-- \/ Yoast SEO plugin. -->","yoast_head_json":{"title":"Tom\u00e1s Melo Gouveia \u00e9 o melhor portugu\u00eas no Optilink Tour Championship - Portal Tela Portugal","robots":{"index":"index","follow":"follow","max-snippet":"max-snippet:-1","max-image-preview":"max-image-preview:large","max-video-preview":"max-video-preview:-1"},"og_locale":"pt_PT","og_type":"article","og_title":"Tom\u00e1s Melo Gouveia \u00e9 o melhor portugu\u00eas no Optilink Tour Championship - Portal Tela Portugal","og_description":"Tom\u00e1s Melo Gouveia \u00e9 o melhor portugu\u00eas no Optilink Tour Championship, empatado no 4.\u00ba lugar com 72 em Par no campo n.\u00ba2 da Aroeira Lisboa. O l\u00edder \u00e9 Dan Smith, ingl\u00eas, com 69 (-3); Freddie McArthur \u00e9 2.\u00ba, a 1 pancada, e Alexander Amey est\u00e1 a 2 shots do l\u00edder. O dia foi dos mais ventosos e frios j\u00e1 registados no PT Tour, com apenas tr\u00eas jogadores a bater o Par. O Optilink Tour Championship encerra o PT Tour de 2026, com prize money de 15 mil euros; o vencedor recebe convite para o Open de Portugal. Existem 21 amadores entre os 61 participantes; Jo\u00e3o Pereira \u00e9 o melhor amador at\u00e9 ao momento, com 1 over par.","og_url":"https:\/\/portaltela.pt\/noticias\/2026\/03\/06\/tomas-melo-gouveia-e-o-melhor-portugues-no-optilink-tour-championship\/","og_site_name":"Portal Tela Portugal","article_published_time":"2026-03-06T20:57:41+00:00","author":"Telinha","twitter_card":"summary_large_image","twitter_misc":{"Escrito por":"Telinha","Tempo estimado de leitura":"1 minuto"},"schema":{"@context":"https:\/\/schema.org","@graph":[{"@type":"Article","@id":"https:\/\/portaltela.pt\/noticias\/2026\/03\/06\/tomas-melo-gouveia-e-o-melhor-portugues-no-optilink-tour-championship\/#article","isPartOf":{"@id":"https:\/\/portaltela.pt\/noticias\/2026\/03\/06\/tomas-melo-gouveia-e-o-melhor-portugues-no-optilink-tour-championship\/"},"author":{"name":"Telinha","@id":"https:\/\/portaltela.pt\/#\/schema\/person\/c4278d4a6028830caff9ee44b42d32ed"},"headline":"Tom\u00e1s Melo Gouveia \u00e9 o melhor portugu\u00eas no Optilink Tour Championship","datePublished":"2026-03-06T20:57:41+00:00","mainEntityOfPage":{"@id":"https:\/\/portaltela.pt\/noticias\/2026\/03\/06\/tomas-melo-gouveia-e-o-melhor-portugues-no-optilink-tour-championship\/"},"wordCount":263,"image":{"@id":"https:\/\/portaltela.pt\/noticias\/2026\/03\/06\/tomas-melo-gouveia-e-o-melhor-portugues-no-optilink-tour-championship\/#primaryimage"},"thumbnailUrl":"https:\/\/portaltela.pt\/s.01k8rhncp4jt1\/2026\/03\/img_920x518uu2026-03-06-20-57-00-2425327-im-639084274367777752.jpg","keywords":["amadores","desporto","golfe","Inglaterra","Portugal","Su\u00ed\u00e7a"],"articleSection":["Desporto","Futebol"],"inLanguage":"pt-PT"},{"@type":"WebPage","@id":"https:\/\/portaltela.pt\/noticias\/2026\/03\/06\/tomas-melo-gouveia-e-o-melhor-portugues-no-optilink-tour-championship\/","url":"https:\/\/portaltela.pt\/noticias\/2026\/03\/06\/tomas-melo-gouveia-e-o-melhor-portugues-no-optilink-tour-championship\/","name":"Tom\u00e1s Melo Gouveia \u00e9 o melhor portugu\u00eas no Optilink Tour Championship - Portal Tela Portugal","isPartOf":{"@id":"https:\/\/portaltela.pt\/#website"},"primaryImageOfPage":{"@id":"https:\/\/portaltela.pt\/noticias\/2026\/03\/06\/tomas-melo-gouveia-e-o-melhor-portugues-no-optilink-tour-championship\/#primaryimage"},"image":{"@id":"https:\/\/portaltela.pt\/noticias\/2026\/03\/06\/tomas-melo-gouveia-e-o-melhor-portugues-no-optilink-tour-championship\/#primaryimage"},"thumbnailUrl":"https:\/\/portaltela.pt\/s.01k8rhncp4jt1\/2026\/03\/img_920x518uu2026-03-06-20-57-00-2425327-im-639084274367777752.jpg","datePublished":"2026-03-06T20:57:41+00:00","author":{"@id":"https:\/\/portaltela.pt\/#\/schema\/person\/c4278d4a6028830caff9ee44b42d32ed"},"breadcrumb":{"@id":"https:\/\/portaltela.pt\/noticias\/2026\/03\/06\/tomas-melo-gouveia-e-o-melhor-portugues-no-optilink-tour-championship\/#breadcrumb"},"inLanguage":"pt-PT","potentialAction":[{"@type":"ReadAction","target":["https:\/\/portaltela.pt\/noticias\/2026\/03\/06\/tomas-melo-gouveia-e-o-melhor-portugues-no-optilink-tour-championship\/"]}]},{"@type":"ImageObject","inLanguage":"pt-PT","@id":"https:\/\/portaltela.pt\/noticias\/2026\/03\/06\/tomas-melo-gouveia-e-o-melhor-portugues-no-optilink-tour-championship\/#primaryimage","url":"https:\/\/portaltela.pt\/s.01k8rhncp4jt1\/2026\/03\/img_920x518uu2026-03-06-20-57-00-2425327-im-639084274367777752.jpg","contentUrl":"https:\/\/portaltela.pt\/s.01k8rhncp4jt1\/2026\/03\/img_920x518uu2026-03-06-20-57-00-2425327-im-639084274367777752.jpg","width":796,"height":448,"caption":"Tom\u00e1s Melo Gouveia na 1.\u00aa volta"},{"@type":"BreadcrumbList","@id":"https:\/\/portaltela.pt\/noticias\/2026\/03\/06\/tomas-melo-gouveia-e-o-melhor-portugues-no-optilink-tour-championship\/#breadcrumb","itemListElement":[{"@type":"ListItem","position":1,"name":"In\u00edcio","item":"https:\/\/portaltela.pt\/"},{"@type":"ListItem","position":2,"name":"Tom\u00e1s Melo Gouveia \u00e9 o melhor portugu\u00eas no Optilink Tour Championship"}]},{"@type":"WebSite","@id":"https:\/\/portaltela.pt\/#website","url":"https:\/\/portaltela.pt\/","name":"Portal Tela Portugal","description":"","potentialAction":[{"@type":"SearchAction","target":{"@type":"EntryPoint","urlTemplate":"https:\/\/portaltela.pt\/?s={search_term_string}"},"query-input":{"@type":"PropertyValueSpecification","valueRequired":true,"valueName":"search_term_string"}}],"inLanguage":"pt-PT"},{"@type":"Person","@id":"https:\/\/portaltela.pt\/#\/schema\/person\/c4278d4a6028830caff9ee44b42d32ed","name":"Telinha","image":{"@type":"ImageObject","inLanguage":"pt-PT","@id":"https:\/\/portaltela.pt\/s.01k8rhncp4jt1\/2025\/11\/talking-bot-125x125.png","url":"https:\/\/portaltela.pt\/s.01k8rhncp4jt1\/2025\/11\/talking-bot-125x125.png","contentUrl":"https:\/\/portaltela.pt\/s.01k8rhncp4jt1\/2025\/11\/talking-bot-125x125.png","caption":"Telinha"},"sameAs":["https:\/\/portaltela.pt\/"],"url":"https:\/\/portaltela.pt\/por\/367410592786\/"}]}},"_links":{"self":[{"href":"https:\/\/portaltela.pt\/api\/wp\/v2\/posts\/400798","targetHints":{"allow":["GET"]}}],"collection":[{"href":"https:\/\/portaltela.pt\/api\/wp\/v2\/posts"}],"about":[{"href":"https:\/\/portaltela.pt\/api\/wp\/v2\/types\/post"}],"author":[{"embeddable":true,"href":"https:\/\/portaltela.pt\/api\/wp\/v2\/users\/2"}],"replies":[{"embeddable":true,"href":"https:\/\/portaltela.pt\/api\/wp\/v2\/comments?post=400798"}],"version-history":[{"count":0,"href":"https:\/\/portaltela.pt\/api\/wp\/v2\/posts\/400798\/revisions"}],"wp:featuredmedia":[{"embeddable":true,"href":"https:\/\/portaltela.pt\/api\/wp\/v2\/media\/400802"}],"wp:attachment":[{"href":"https:\/\/portaltela.pt\/api\/wp\/v2\/media?parent=400798"}],"wp:term":[{"taxonomy":"category","embeddable":true,"href":"https:\/\/portaltela.pt\/api\/wp\/v2\/categories?post=400798"},{"taxonomy":"post_tag","embeddable":true,"href":"https:\/\/portaltela.pt\/api\/wp\/v2\/tags?post=400798"}],"curies":[{"name":"wp","href":"https:\/\/api.w.org\/{rel}","templated":true}]}}