{"id":400797,"date":"2026-03-06T17:45:00","date_gmt":"2026-03-06T20:45:00","guid":{"rendered":"https:\/\/portaltela.pt\/noticias\/2026\/03\/06\/cidades-do-interior-do-rs-entram-na-disputa-por-turistas-estrangeiros\/"},"modified":"2026-03-06T17:45:00","modified_gmt":"2026-03-06T20:45:00","slug":"cidades-do-interior-do-rs-entram-na-disputa-por-turistas-estrangeiros","status":"publish","type":"post","link":"https:\/\/portaltela.pt\/noticias\/2026\/03\/06\/cidades-do-interior-do-rs-entram-na-disputa-por-turistas-estrangeiros\/","title":{"rendered":"Cidades do interior do RS entram na disputa por turistas estrangeiros"},"content":{"rendered":"<p>O interior do Rio Grande do Sul entrou na linha de atua\u00e7\u00e3o para atrair turistas estrangeiros, com prefeitos da regi\u00e3o dos Campos de Cima da Serra apresentando as atra\u00e7\u00f5es na Feira de Turismo de Lisboa (BTL). A iniciativa visa ampliar a visibilidade al\u00e9m de Gramado e do Vale dos Vinhos, num contexto de crescimento do turismo internacional no Brasil.<\/p>\n<p>Os munic\u00edpios da regi\u00e3o destacam as belezas naturais, com cachoeiras, parques de aventura e rotas gastron\u00f3micas. A prefeita de Itati destaca atividades como esportes radicais, passeios de bicicleta e cavalgadas, defendendo que os visitantes retornem ap\u00f3s a surpresa das atra\u00e7\u00f5es locais.<\/p>\n<p>Jaquirana e outras cidades planeiam apresentar o turismo ecol\u00f3gico, apontando o Parque Estadual do Tainhas e quedas d\u2019\u00e1gua como atrativos relevantes. A estrat\u00e9gia inclui calendarizar eventos ao longo do ano para manter o interesse de estrangeiros, sobretudo europeus.<\/p>\n<p>A presen\u00e7a na BTL surge num momento de recorde no turismo internacional brasileiro, com mais de 9,3 milh\u00f5es de visitantes em 2025, um aumento de 37% face ao ano anterior. Os munic\u00edpios pretendem convencer viajantes de que o RS tem diversidades para oferecer.<\/p>\n<h3>Seguran\u00e7a como diferencial<\/h3>\n<p>A seguran\u00e7a \u00e9 apontada como fator importante para atrair estrangeiros. A prefeita de Jaquirana real\u00e7a que o estado \u00e9 considerado um dos mais seguros do pa\u00eds e que essa imagem precisa de maior visibilidade no exterior, destacando tranquilidade nas cidades.<\/p>\n<h3>Conectividade e hospitalidade<\/h3>\n<p>O munic\u00edpio de Bom Jesus enfatiza a proximidade com Porto Alegre e o refor\u00e7o da conectividade a\u00e9rea com Lisboa, com voos semanais da TAP, al\u00e9m de melhoria das redes hoteleiras e da oferta gastron\u00f3mica, incluindo a rota dos queijos serranos.<\/p>\n<h3>Diversidade regional e potencial de costeamento<\/h3>\n<p>Mampituba aposta na riqueza natural dos vales, cascatas e no reconhecimento UNESCO do Geoparque Caminhos dos C\u00e2nions do Sul. O objetivo \u00e9 ampliar o conhecimento internacional sobre os diferentes munic\u00edpios e incentivar a visita\u00e7\u00e3o cruzada entre as cidades da regi\u00e3o.<\/p>\n<p>A iniciativa destaca que h\u00e1 muito para revelar ao redor da serra, com uma mensagem de que os visitantes podem explorar diversas experi\u00eancias, desde turismo de natureza at\u00e9 cultura e gastronomia, ao longo de v\u00e1rios meses do ano.<\/p>\n","protected":false},"excerpt":{"rendered":"<ul>\n<li>Munic\u00edpios da regi\u00e3o dos Campos de Cima da Serra participam na Feira de Turismo de Lisboa (BTL) para atrair viajantes europeus, apresentando as belezas locais al\u00e9m de Gramado e do Vale dos Vinhos.<\/li>\n<li>A regi\u00e3o pretende capitalizar o crescimento do turismo internacional, acompanhando os recordes do Brasil que somaram mais de 9,3 milh\u00f5es de visitantes em 2025, um aumento de 37% face a 2024.<\/li>\n<li>Itati aposta numa natureza preservada, com cachoeiras, desportos radicais e festas t\u00edpicas; a cria\u00e7\u00e3o de um parque de aventuras visa reter turistas que passam pela regi\u00e3o.<\/li>\n<li>Jaquirana destaca o turismo ecol\u00f3gico no Parque Estadual do Tainhas, com o Passo do S, e pretende um calend\u00e1rio anual de eventos para atrair estrangeiros, sublinhando a import\u00e2ncia da seguran\u00e7a.<\/li>\n<li>Bom Jesus e Mampituba falam na melhoria da conectividade e das ofertas tur\u00edsticas, incluindo aumento de voos Lisboa-Porto Alegre pela TAP para quatro semanais, al\u00e9m de promover a rota dos queijos serranos e o UNESCO reconhecido Geoparque Caminhos dos C\u00e2nions do Sul.<\/li>\n<\/ul>\n","protected":false},"author":2,"featured_media":400801,"comment_status":"closed","ping_status":"closed","sticky":false,"template":"","format":"standard","meta":{"footnotes":""},"categories":[1],"tags":[2547,4845,981,6320,169,5621],"class_list":["post-400797","post","type-post","status-publish","format-standard","has-post-thumbnail","hentry","category-noticias","tag-brasil","tag-conectividade-internacional","tag-lisboa","tag-patrimonio-mundial-da-unesco","tag-turismo","tag-turismo-internacional"],"yoast_head":"<!-- This site is optimized with the Yoast SEO plugin v27.2 - https:\/\/yoast.com\/product\/yoast-seo-wordpress\/ -->\n<title>Cidades do interior do RS entram na disputa por turistas estrangeiros - Portal Tela Portugal<\/title>\n<meta name=\"robots\" content=\"index, follow, max-snippet:-1, max-image-preview:large, max-video-preview:-1\" \/>\n<meta property=\"og:locale\" content=\"pt_PT\" \/>\n<meta property=\"og:type\" content=\"article\" \/>\n<meta property=\"og:title\" content=\"Cidades do interior do RS entram na disputa por turistas estrangeiros - Portal Tela Portugal\" \/>\n<meta property=\"og:description\" content=\"Munic\u00edpios da regi\u00e3o dos Campos de Cima da Serra participam na Feira de Turismo de Lisboa (BTL) para atrair viajantes europeus, apresentando as belezas locais al\u00e9m de Gramado e do Vale dos Vinhos. A regi\u00e3o pretende capitalizar o crescimento do turismo internacional, acompanhando os recordes do Brasil que somaram mais de 9,3 milh\u00f5es de visitantes em 2025, um aumento de 37% face a 2024. Itati aposta numa natureza preservada, com cachoeiras, desportos radicais e festas t\u00edpicas; a cria\u00e7\u00e3o de um parque de aventuras visa reter turistas que passam pela regi\u00e3o. Jaquirana destaca o turismo ecol\u00f3gico no Parque Estadual do Tainhas, com o Passo do S, e pretende um calend\u00e1rio anual de eventos para atrair estrangeiros, sublinhando a import\u00e2ncia da seguran\u00e7a. Bom Jesus e Mampituba falam na melhoria da conectividade e das ofertas tur\u00edsticas, incluindo aumento de voos Lisboa-Porto Alegre pela TAP para quatro semanais, al\u00e9m de promover a rota dos queijos serranos e o UNESCO reconhecido Geoparque Caminhos dos C\u00e2nions do Sul.\" \/>\n<meta property=\"og:url\" content=\"https:\/\/portaltela.pt\/noticias\/2026\/03\/06\/cidades-do-interior-do-rs-entram-na-disputa-por-turistas-estrangeiros\/\" \/>\n<meta property=\"og:site_name\" content=\"Portal Tela Portugal\" \/>\n<meta property=\"article:published_time\" content=\"2026-03-06T20:45:00+00:00\" \/>\n<meta name=\"author\" content=\"Telinha\" \/>\n<meta name=\"twitter:card\" content=\"summary_large_image\" \/>\n<meta name=\"twitter:label1\" content=\"Escrito por\" \/>\n\t<meta name=\"twitter:data1\" content=\"Telinha\" \/>\n\t<meta name=\"twitter:label2\" content=\"Tempo estimado de leitura\" \/>\n\t<meta name=\"twitter:data2\" content=\"2 minutos\" \/>\n<script type=\"application\/ld+json\" class=\"yoast-schema-graph\">{\"@context\":\"https:\/\/schema.org\",\"@graph\":[{\"@type\":\"Article\",\"@id\":\"https:\/\/portaltela.pt\/noticias\/2026\/03\/06\/cidades-do-interior-do-rs-entram-na-disputa-por-turistas-estrangeiros\/#article\",\"isPartOf\":{\"@id\":\"https:\/\/portaltela.pt\/noticias\/2026\/03\/06\/cidades-do-interior-do-rs-entram-na-disputa-por-turistas-estrangeiros\/\"},\"author\":{\"name\":\"Telinha\",\"@id\":\"https:\/\/portaltela.pt\/#\/schema\/person\/c4278d4a6028830caff9ee44b42d32ed\"},\"headline\":\"Cidades do interior do RS entram na disputa por turistas estrangeiros\",\"datePublished\":\"2026-03-06T20:45:00+00:00\",\"mainEntityOfPage\":{\"@id\":\"https:\/\/portaltela.pt\/noticias\/2026\/03\/06\/cidades-do-interior-do-rs-entram-na-disputa-por-turistas-estrangeiros\/\"},\"wordCount\":386,\"image\":{\"@id\":\"https:\/\/portaltela.pt\/noticias\/2026\/03\/06\/cidades-do-interior-do-rs-entram-na-disputa-por-turistas-estrangeiros\/#primaryimage\"},\"thumbnailUrl\":\"https:\/\/portaltela.pt\/s.01k8rhncp4jt1\/2026\/03\/2072379.jpg\",\"keywords\":[\"Brasil\",\"conectividade internacional\",\"Lisboa\",\"Patrim\u00f3nio Mundial da UNESCO\",\"turismo\",\"turismo internacional\"],\"articleSection\":[\"Not\u00edcias\"],\"inLanguage\":\"pt-PT\"},{\"@type\":\"WebPage\",\"@id\":\"https:\/\/portaltela.pt\/noticias\/2026\/03\/06\/cidades-do-interior-do-rs-entram-na-disputa-por-turistas-estrangeiros\/\",\"url\":\"https:\/\/portaltela.pt\/noticias\/2026\/03\/06\/cidades-do-interior-do-rs-entram-na-disputa-por-turistas-estrangeiros\/\",\"name\":\"Cidades do interior do RS entram na disputa por turistas estrangeiros - Portal Tela Portugal\",\"isPartOf\":{\"@id\":\"https:\/\/portaltela.pt\/#website\"},\"primaryImageOfPage\":{\"@id\":\"https:\/\/portaltela.pt\/noticias\/2026\/03\/06\/cidades-do-interior-do-rs-entram-na-disputa-por-turistas-estrangeiros\/#primaryimage\"},\"image\":{\"@id\":\"https:\/\/portaltela.pt\/noticias\/2026\/03\/06\/cidades-do-interior-do-rs-entram-na-disputa-por-turistas-estrangeiros\/#primaryimage\"},\"thumbnailUrl\":\"https:\/\/portaltela.pt\/s.01k8rhncp4jt1\/2026\/03\/2072379.jpg\",\"datePublished\":\"2026-03-06T20:45:00+00:00\",\"author\":{\"@id\":\"https:\/\/portaltela.pt\/#\/schema\/person\/c4278d4a6028830caff9ee44b42d32ed\"},\"breadcrumb\":{\"@id\":\"https:\/\/portaltela.pt\/noticias\/2026\/03\/06\/cidades-do-interior-do-rs-entram-na-disputa-por-turistas-estrangeiros\/#breadcrumb\"},\"inLanguage\":\"pt-PT\",\"potentialAction\":[{\"@type\":\"ReadAction\",\"target\":[\"https:\/\/portaltela.pt\/noticias\/2026\/03\/06\/cidades-do-interior-do-rs-entram-na-disputa-por-turistas-estrangeiros\/\"]}]},{\"@type\":\"ImageObject\",\"inLanguage\":\"pt-PT\",\"@id\":\"https:\/\/portaltela.pt\/noticias\/2026\/03\/06\/cidades-do-interior-do-rs-entram-na-disputa-por-turistas-estrangeiros\/#primaryimage\",\"url\":\"https:\/\/portaltela.pt\/s.01k8rhncp4jt1\/2026\/03\/2072379.jpg\",\"contentUrl\":\"https:\/\/portaltela.pt\/s.01k8rhncp4jt1\/2026\/03\/2072379.jpg\",\"width\":796,\"height\":448,\"caption\":\"Os prefeitos (da esquerda para a direita) Frederico Becker, Madalena Rapack, Maria isabel Rauber e Beto Rold\u00e3o participam da BTL, a Feira de Turismo de Lisboa\"},{\"@type\":\"BreadcrumbList\",\"@id\":\"https:\/\/portaltela.pt\/noticias\/2026\/03\/06\/cidades-do-interior-do-rs-entram-na-disputa-por-turistas-estrangeiros\/#breadcrumb\",\"itemListElement\":[{\"@type\":\"ListItem\",\"position\":1,\"name\":\"In\u00edcio\",\"item\":\"https:\/\/portaltela.pt\/\"},{\"@type\":\"ListItem\",\"position\":2,\"name\":\"Cidades do interior do RS entram na disputa por turistas estrangeiros\"}]},{\"@type\":\"WebSite\",\"@id\":\"https:\/\/portaltela.pt\/#website\",\"url\":\"https:\/\/portaltela.pt\/\",\"name\":\"Portal Tela Portugal\",\"description\":\"\",\"potentialAction\":[{\"@type\":\"SearchAction\",\"target\":{\"@type\":\"EntryPoint\",\"urlTemplate\":\"https:\/\/portaltela.pt\/?s={search_term_string}\"},\"query-input\":{\"@type\":\"PropertyValueSpecification\",\"valueRequired\":true,\"valueName\":\"search_term_string\"}}],\"inLanguage\":\"pt-PT\"},{\"@type\":\"Person\",\"@id\":\"https:\/\/portaltela.pt\/#\/schema\/person\/c4278d4a6028830caff9ee44b42d32ed\",\"name\":\"Telinha\",\"image\":{\"@type\":\"ImageObject\",\"inLanguage\":\"pt-PT\",\"@id\":\"https:\/\/portaltela.pt\/s.01k8rhncp4jt1\/2025\/11\/talking-bot-125x125.png\",\"url\":\"https:\/\/portaltela.pt\/s.01k8rhncp4jt1\/2025\/11\/talking-bot-125x125.png\",\"contentUrl\":\"https:\/\/portaltela.pt\/s.01k8rhncp4jt1\/2025\/11\/talking-bot-125x125.png\",\"caption\":\"Telinha\"},\"sameAs\":[\"https:\/\/portaltela.pt\/\"],\"url\":\"https:\/\/portaltela.pt\/por\/367410592786\/\"}]}<\/script>\n<!-- \/ Yoast SEO plugin. -->","yoast_head_json":{"title":"Cidades do interior do RS entram na disputa por turistas estrangeiros - Portal Tela Portugal","robots":{"index":"index","follow":"follow","max-snippet":"max-snippet:-1","max-image-preview":"max-image-preview:large","max-video-preview":"max-video-preview:-1"},"og_locale":"pt_PT","og_type":"article","og_title":"Cidades do interior do RS entram na disputa por turistas estrangeiros - Portal Tela Portugal","og_description":"Munic\u00edpios da regi\u00e3o dos Campos de Cima da Serra participam na Feira de Turismo de Lisboa (BTL) para atrair viajantes europeus, apresentando as belezas locais al\u00e9m de Gramado e do Vale dos Vinhos. A regi\u00e3o pretende capitalizar o crescimento do turismo internacional, acompanhando os recordes do Brasil que somaram mais de 9,3 milh\u00f5es de visitantes em 2025, um aumento de 37% face a 2024. Itati aposta numa natureza preservada, com cachoeiras, desportos radicais e festas t\u00edpicas; a cria\u00e7\u00e3o de um parque de aventuras visa reter turistas que passam pela regi\u00e3o. Jaquirana destaca o turismo ecol\u00f3gico no Parque Estadual do Tainhas, com o Passo do S, e pretende um calend\u00e1rio anual de eventos para atrair estrangeiros, sublinhando a import\u00e2ncia da seguran\u00e7a. Bom Jesus e Mampituba falam na melhoria da conectividade e das ofertas tur\u00edsticas, incluindo aumento de voos Lisboa-Porto Alegre pela TAP para quatro semanais, al\u00e9m de promover a rota dos queijos serranos e o UNESCO reconhecido Geoparque Caminhos dos C\u00e2nions do Sul.","og_url":"https:\/\/portaltela.pt\/noticias\/2026\/03\/06\/cidades-do-interior-do-rs-entram-na-disputa-por-turistas-estrangeiros\/","og_site_name":"Portal Tela Portugal","article_published_time":"2026-03-06T20:45:00+00:00","author":"Telinha","twitter_card":"summary_large_image","twitter_misc":{"Escrito por":"Telinha","Tempo estimado de leitura":"2 minutos"},"schema":{"@context":"https:\/\/schema.org","@graph":[{"@type":"Article","@id":"https:\/\/portaltela.pt\/noticias\/2026\/03\/06\/cidades-do-interior-do-rs-entram-na-disputa-por-turistas-estrangeiros\/#article","isPartOf":{"@id":"https:\/\/portaltela.pt\/noticias\/2026\/03\/06\/cidades-do-interior-do-rs-entram-na-disputa-por-turistas-estrangeiros\/"},"author":{"name":"Telinha","@id":"https:\/\/portaltela.pt\/#\/schema\/person\/c4278d4a6028830caff9ee44b42d32ed"},"headline":"Cidades do interior do RS entram na disputa por turistas estrangeiros","datePublished":"2026-03-06T20:45:00+00:00","mainEntityOfPage":{"@id":"https:\/\/portaltela.pt\/noticias\/2026\/03\/06\/cidades-do-interior-do-rs-entram-na-disputa-por-turistas-estrangeiros\/"},"wordCount":386,"image":{"@id":"https:\/\/portaltela.pt\/noticias\/2026\/03\/06\/cidades-do-interior-do-rs-entram-na-disputa-por-turistas-estrangeiros\/#primaryimage"},"thumbnailUrl":"https:\/\/portaltela.pt\/s.01k8rhncp4jt1\/2026\/03\/2072379.jpg","keywords":["Brasil","conectividade internacional","Lisboa","Patrim\u00f3nio Mundial da UNESCO","turismo","turismo internacional"],"articleSection":["Not\u00edcias"],"inLanguage":"pt-PT"},{"@type":"WebPage","@id":"https:\/\/portaltela.pt\/noticias\/2026\/03\/06\/cidades-do-interior-do-rs-entram-na-disputa-por-turistas-estrangeiros\/","url":"https:\/\/portaltela.pt\/noticias\/2026\/03\/06\/cidades-do-interior-do-rs-entram-na-disputa-por-turistas-estrangeiros\/","name":"Cidades do interior do RS entram na disputa por turistas estrangeiros - Portal Tela Portugal","isPartOf":{"@id":"https:\/\/portaltela.pt\/#website"},"primaryImageOfPage":{"@id":"https:\/\/portaltela.pt\/noticias\/2026\/03\/06\/cidades-do-interior-do-rs-entram-na-disputa-por-turistas-estrangeiros\/#primaryimage"},"image":{"@id":"https:\/\/portaltela.pt\/noticias\/2026\/03\/06\/cidades-do-interior-do-rs-entram-na-disputa-por-turistas-estrangeiros\/#primaryimage"},"thumbnailUrl":"https:\/\/portaltela.pt\/s.01k8rhncp4jt1\/2026\/03\/2072379.jpg","datePublished":"2026-03-06T20:45:00+00:00","author":{"@id":"https:\/\/portaltela.pt\/#\/schema\/person\/c4278d4a6028830caff9ee44b42d32ed"},"breadcrumb":{"@id":"https:\/\/portaltela.pt\/noticias\/2026\/03\/06\/cidades-do-interior-do-rs-entram-na-disputa-por-turistas-estrangeiros\/#breadcrumb"},"inLanguage":"pt-PT","potentialAction":[{"@type":"ReadAction","target":["https:\/\/portaltela.pt\/noticias\/2026\/03\/06\/cidades-do-interior-do-rs-entram-na-disputa-por-turistas-estrangeiros\/"]}]},{"@type":"ImageObject","inLanguage":"pt-PT","@id":"https:\/\/portaltela.pt\/noticias\/2026\/03\/06\/cidades-do-interior-do-rs-entram-na-disputa-por-turistas-estrangeiros\/#primaryimage","url":"https:\/\/portaltela.pt\/s.01k8rhncp4jt1\/2026\/03\/2072379.jpg","contentUrl":"https:\/\/portaltela.pt\/s.01k8rhncp4jt1\/2026\/03\/2072379.jpg","width":796,"height":448,"caption":"Os prefeitos (da esquerda para a direita) Frederico Becker, Madalena Rapack, Maria isabel Rauber e Beto Rold\u00e3o participam da BTL, a Feira de Turismo de Lisboa"},{"@type":"BreadcrumbList","@id":"https:\/\/portaltela.pt\/noticias\/2026\/03\/06\/cidades-do-interior-do-rs-entram-na-disputa-por-turistas-estrangeiros\/#breadcrumb","itemListElement":[{"@type":"ListItem","position":1,"name":"In\u00edcio","item":"https:\/\/portaltela.pt\/"},{"@type":"ListItem","position":2,"name":"Cidades do interior do RS entram na disputa por turistas estrangeiros"}]},{"@type":"WebSite","@id":"https:\/\/portaltela.pt\/#website","url":"https:\/\/portaltela.pt\/","name":"Portal Tela Portugal","description":"","potentialAction":[{"@type":"SearchAction","target":{"@type":"EntryPoint","urlTemplate":"https:\/\/portaltela.pt\/?s={search_term_string}"},"query-input":{"@type":"PropertyValueSpecification","valueRequired":true,"valueName":"search_term_string"}}],"inLanguage":"pt-PT"},{"@type":"Person","@id":"https:\/\/portaltela.pt\/#\/schema\/person\/c4278d4a6028830caff9ee44b42d32ed","name":"Telinha","image":{"@type":"ImageObject","inLanguage":"pt-PT","@id":"https:\/\/portaltela.pt\/s.01k8rhncp4jt1\/2025\/11\/talking-bot-125x125.png","url":"https:\/\/portaltela.pt\/s.01k8rhncp4jt1\/2025\/11\/talking-bot-125x125.png","contentUrl":"https:\/\/portaltela.pt\/s.01k8rhncp4jt1\/2025\/11\/talking-bot-125x125.png","caption":"Telinha"},"sameAs":["https:\/\/portaltela.pt\/"],"url":"https:\/\/portaltela.pt\/por\/367410592786\/"}]}},"_links":{"self":[{"href":"https:\/\/portaltela.pt\/api\/wp\/v2\/posts\/400797","targetHints":{"allow":["GET"]}}],"collection":[{"href":"https:\/\/portaltela.pt\/api\/wp\/v2\/posts"}],"about":[{"href":"https:\/\/portaltela.pt\/api\/wp\/v2\/types\/post"}],"author":[{"embeddable":true,"href":"https:\/\/portaltela.pt\/api\/wp\/v2\/users\/2"}],"replies":[{"embeddable":true,"href":"https:\/\/portaltela.pt\/api\/wp\/v2\/comments?post=400797"}],"version-history":[{"count":0,"href":"https:\/\/portaltela.pt\/api\/wp\/v2\/posts\/400797\/revisions"}],"wp:featuredmedia":[{"embeddable":true,"href":"https:\/\/portaltela.pt\/api\/wp\/v2\/media\/400801"}],"wp:attachment":[{"href":"https:\/\/portaltela.pt\/api\/wp\/v2\/media?parent=400797"}],"wp:term":[{"taxonomy":"category","embeddable":true,"href":"https:\/\/portaltela.pt\/api\/wp\/v2\/categories?post=400797"},{"taxonomy":"post_tag","embeddable":true,"href":"https:\/\/portaltela.pt\/api\/wp\/v2\/tags?post=400797"}],"curies":[{"name":"wp","href":"https:\/\/api.w.org\/{rel}","templated":true}]}}