{"id":400781,"date":"2026-03-06T17:34:00","date_gmt":"2026-03-06T20:34:00","guid":{"rendered":"https:\/\/portaltela.pt\/noticias\/2026\/03\/06\/secretario-de-estado-rejeita-acusacao-do-ps-de-nao-contactar-portugueses-nos-emirados\/"},"modified":"2026-03-06T17:34:00","modified_gmt":"2026-03-06T20:34:00","slug":"secretario-de-estado-rejeita-acusacao-do-ps-de-nao-contactar-portugueses-nos-emirados","status":"publish","type":"post","link":"https:\/\/portaltela.pt\/noticias\/internacional\/2026\/03\/06\/secretario-de-estado-rejeita-acusacao-do-ps-de-nao-contactar-portugueses-nos-emirados\/","title":{"rendered":"Secret\u00e1rio de Estado rejeita acusa\u00e7\u00e3o do PS de n\u00e3o contactar portugueses nos Emirados"},"content":{"rendered":"<p>O secret\u00e1rio de Estado das Comunidades Portuguesas rejeitou as acusa\u00e7\u00f5es do PS de n\u00e3o contactar os 73 cidad\u00e3os portugueses retidos num navio nos Emirados \u00c1rabes Unidos. Em\u00eddio Sousa afirmou, em comunica\u00e7\u00e3o via Lusa, que houve contacto direto com o grupo, com o embaixador de Portugal a permanecer no navio em Abu Dhabi durante tr\u00eas horas. Afirmou ainda que classifica como insulto a acusa\u00e7\u00e3o de ignorar a situa\u00e7\u00e3o.<\/p>\n<p>O governante sublinhou que Portugal foi um dos primeiros a reagir ao incidente, organizando um voo de repatriamento h\u00e1 mais de uma semana, com o necess\u00e1rio sigilo. Adiantou que o grupo permanece no navio por op\u00e7\u00e3o pr\u00f3pria, n\u00e3o tendo aceitado voos de repatriamento.<\/p>\n<h3>Contexto internacional<\/h3>\n<p>O PS acusou o Governo de n\u00e3o contactar diretamente com os cidad\u00e3os e de n\u00e3o ter uma a\u00e7\u00e3o diplom\u00e1tica t\u00e3o c\u00e9lere como a de outros pa\u00edses. A nota do PS tamb\u00e9m indicou que muitos nacionais de outras na\u00e7\u00f5es mant\u00eam contacto regular com representantes diplom\u00e1ticos.<\/p>\n<h3>Opera\u00e7\u00f5es de repatria\u00e7\u00e3o em curso<\/h3>\n<p>Recentemente, um avi\u00e3o fretado pela TAP com 147 passageiros, entre os quais 139 portugueses, aterrou em Lisboa no \u00e2mbito de uma opera\u00e7\u00e3o de repatriamento. Antes, um avi\u00e3o militar j\u00e1 tinha chegado a Portugal com 39 passageiros. O primeiro-ministro respondeu a perguntas sobre novos voos, afirmando que os pedidos de repatriamento surgem de v\u00e1rios pa\u00edses da regi\u00e3o.<\/p>\n","protected":false},"excerpt":{"rendered":"<ul>\n<li>Em\u00eddio Sousa, secret\u00e1rio de Estado das Comunidades Portuguesas, afirmou que \u00e9 insulto o Partido Socialista acusar o Governo de n\u00e3o contactar os 73 cidad\u00e3os portugueses retidos num navio nos Emirados \u00c1rabes Unidos.<\/li>\n<li>O secret\u00e1rio disse que o embaixador portugu\u00eas esteve no navio em Abu Dhabi durante tr\u00eas horas.<\/li>\n<li>O PS alegou que n\u00e3o houve contacto direto com funcion\u00e1rios diplom\u00e1ticos\/consulares, ao contr\u00e1rio de outras nacionalidades.<\/li>\n<li>Sousa destacou que Portugal foi uma das primeiras na\u00e7\u00f5es a reagir aos acontecimentos, tendo j\u00e1 organizado um voo de repatriamento h\u00e1 mais de uma semana, com sigilo adequado.<\/li>\n<li>O grupo de portugueses permanece no navio porque n\u00e3o quis recorrer aos voos de repatriamento.<\/li>\n<\/ul>\n","protected":false},"author":2,"featured_media":400783,"comment_status":"closed","ping_status":"closed","sticky":false,"template":"","format":"standard","meta":{"footnotes":""},"categories":[4,1],"tags":[6103,2370,34,1456,6691,1014],"class_list":["post-400781","post","type-post","status-publish","format-standard","has-post-thumbnail","hentry","category-internacional","category-noticias","tag-comunicacao-internacional","tag-emirados-arabes-unidos","tag-governo","tag-migracao","tag-migracao-internacional","tag-portugal"],"yoast_head":"<!-- This site is optimized with the Yoast SEO plugin v27.2 - https:\/\/yoast.com\/product\/yoast-seo-wordpress\/ -->\n<title>Secret\u00e1rio de Estado rejeita acusa\u00e7\u00e3o do PS de n\u00e3o contactar portugueses nos Emirados - Portal Tela Portugal<\/title>\n<meta name=\"robots\" content=\"index, follow, max-snippet:-1, max-image-preview:large, max-video-preview:-1\" \/>\n<meta property=\"og:locale\" content=\"pt_PT\" \/>\n<meta property=\"og:type\" content=\"article\" \/>\n<meta property=\"og:title\" content=\"Secret\u00e1rio de Estado rejeita acusa\u00e7\u00e3o do PS de n\u00e3o contactar portugueses nos Emirados - Portal Tela Portugal\" \/>\n<meta property=\"og:description\" content=\"Em\u00eddio Sousa, secret\u00e1rio de Estado das Comunidades Portuguesas, afirmou que \u00e9 insulto o Partido Socialista acusar o Governo de n\u00e3o contactar os 73 cidad\u00e3os portugueses retidos num navio nos Emirados \u00c1rabes Unidos. O secret\u00e1rio disse que o embaixador portugu\u00eas esteve no navio em Abu Dhabi durante tr\u00eas horas. O PS alegou que n\u00e3o houve contacto direto com funcion\u00e1rios diplom\u00e1ticos\/consulares, ao contr\u00e1rio de outras nacionalidades. Sousa destacou que Portugal foi uma das primeiras na\u00e7\u00f5es a reagir aos acontecimentos, tendo j\u00e1 organizado um voo de repatriamento h\u00e1 mais de uma semana, com sigilo adequado. O grupo de portugueses permanece no navio porque n\u00e3o quis recorrer aos voos de repatriamento.\" \/>\n<meta property=\"og:url\" content=\"https:\/\/portaltela.pt\/noticias\/2026\/03\/06\/secretario-de-estado-rejeita-acusacao-do-ps-de-nao-contactar-portugueses-nos-emirados\/\" \/>\n<meta property=\"og:site_name\" content=\"Portal Tela Portugal\" \/>\n<meta property=\"article:published_time\" content=\"2026-03-06T20:34:00+00:00\" \/>\n<meta name=\"author\" content=\"Telinha\" \/>\n<meta name=\"twitter:card\" content=\"summary_large_image\" \/>\n<meta name=\"twitter:label1\" content=\"Escrito por\" \/>\n\t<meta name=\"twitter:data1\" content=\"Telinha\" \/>\n\t<meta name=\"twitter:label2\" content=\"Tempo estimado de leitura\" \/>\n\t<meta name=\"twitter:data2\" content=\"1 minuto\" \/>\n<script type=\"application\/ld+json\" class=\"yoast-schema-graph\">{\"@context\":\"https:\/\/schema.org\",\"@graph\":[{\"@type\":\"Article\",\"@id\":\"https:\/\/portaltela.pt\/noticias\/2026\/03\/06\/secretario-de-estado-rejeita-acusacao-do-ps-de-nao-contactar-portugueses-nos-emirados\/#article\",\"isPartOf\":{\"@id\":\"https:\/\/portaltela.pt\/noticias\/2026\/03\/06\/secretario-de-estado-rejeita-acusacao-do-ps-de-nao-contactar-portugueses-nos-emirados\/\"},\"author\":{\"name\":\"Telinha\",\"@id\":\"https:\/\/portaltela.pt\/#\/schema\/person\/c4278d4a6028830caff9ee44b42d32ed\"},\"headline\":\"Secret\u00e1rio de Estado rejeita acusa\u00e7\u00e3o do PS de n\u00e3o contactar portugueses nos Emirados\",\"datePublished\":\"2026-03-06T20:34:00+00:00\",\"mainEntityOfPage\":{\"@id\":\"https:\/\/portaltela.pt\/noticias\/2026\/03\/06\/secretario-de-estado-rejeita-acusacao-do-ps-de-nao-contactar-portugueses-nos-emirados\/\"},\"wordCount\":262,\"image\":{\"@id\":\"https:\/\/portaltela.pt\/noticias\/2026\/03\/06\/secretario-de-estado-rejeita-acusacao-do-ps-de-nao-contactar-portugueses-nos-emirados\/#primaryimage\"},\"thumbnailUrl\":\"https:\/\/portaltela.pt\/s.01k8rhncp4jt1\/2026\/03\/2072349.jpg\",\"keywords\":[\"comunica\u00e7\u00e3o internacional\",\"Emirados \u00c1rabes Unidos\",\"governo\",\"migra\u00e7\u00e3o\",\"migra\u00e7\u00e3o internacional\",\"Portugal\"],\"articleSection\":[\"Internacional\",\"Not\u00edcias\"],\"inLanguage\":\"pt-PT\"},{\"@type\":\"WebPage\",\"@id\":\"https:\/\/portaltela.pt\/noticias\/2026\/03\/06\/secretario-de-estado-rejeita-acusacao-do-ps-de-nao-contactar-portugueses-nos-emirados\/\",\"url\":\"https:\/\/portaltela.pt\/noticias\/2026\/03\/06\/secretario-de-estado-rejeita-acusacao-do-ps-de-nao-contactar-portugueses-nos-emirados\/\",\"name\":\"Secret\u00e1rio de Estado rejeita acusa\u00e7\u00e3o do PS de n\u00e3o contactar portugueses nos Emirados - Portal Tela Portugal\",\"isPartOf\":{\"@id\":\"https:\/\/portaltela.pt\/#website\"},\"primaryImageOfPage\":{\"@id\":\"https:\/\/portaltela.pt\/noticias\/2026\/03\/06\/secretario-de-estado-rejeita-acusacao-do-ps-de-nao-contactar-portugueses-nos-emirados\/#primaryimage\"},\"image\":{\"@id\":\"https:\/\/portaltela.pt\/noticias\/2026\/03\/06\/secretario-de-estado-rejeita-acusacao-do-ps-de-nao-contactar-portugueses-nos-emirados\/#primaryimage\"},\"thumbnailUrl\":\"https:\/\/portaltela.pt\/s.01k8rhncp4jt1\/2026\/03\/2072349.jpg\",\"datePublished\":\"2026-03-06T20:34:00+00:00\",\"author\":{\"@id\":\"https:\/\/portaltela.pt\/#\/schema\/person\/c4278d4a6028830caff9ee44b42d32ed\"},\"breadcrumb\":{\"@id\":\"https:\/\/portaltela.pt\/noticias\/2026\/03\/06\/secretario-de-estado-rejeita-acusacao-do-ps-de-nao-contactar-portugueses-nos-emirados\/#breadcrumb\"},\"inLanguage\":\"pt-PT\",\"potentialAction\":[{\"@type\":\"ReadAction\",\"target\":[\"https:\/\/portaltela.pt\/noticias\/2026\/03\/06\/secretario-de-estado-rejeita-acusacao-do-ps-de-nao-contactar-portugueses-nos-emirados\/\"]}]},{\"@type\":\"ImageObject\",\"inLanguage\":\"pt-PT\",\"@id\":\"https:\/\/portaltela.pt\/noticias\/2026\/03\/06\/secretario-de-estado-rejeita-acusacao-do-ps-de-nao-contactar-portugueses-nos-emirados\/#primaryimage\",\"url\":\"https:\/\/portaltela.pt\/s.01k8rhncp4jt1\/2026\/03\/2072349.jpg\",\"contentUrl\":\"https:\/\/portaltela.pt\/s.01k8rhncp4jt1\/2026\/03\/2072349.jpg\",\"width\":796,\"height\":448,\"caption\":\"O secret\u00e1rio de Estado das Comunidades, Em\u00eddio Sousa, recebeu esta manh\u00e3 os portugueses repatriados\"},{\"@type\":\"BreadcrumbList\",\"@id\":\"https:\/\/portaltela.pt\/noticias\/2026\/03\/06\/secretario-de-estado-rejeita-acusacao-do-ps-de-nao-contactar-portugueses-nos-emirados\/#breadcrumb\",\"itemListElement\":[{\"@type\":\"ListItem\",\"position\":1,\"name\":\"In\u00edcio\",\"item\":\"https:\/\/portaltela.pt\/\"},{\"@type\":\"ListItem\",\"position\":2,\"name\":\"Secret\u00e1rio de Estado rejeita acusa\u00e7\u00e3o do PS de n\u00e3o contactar portugueses nos Emirados\"}]},{\"@type\":\"WebSite\",\"@id\":\"https:\/\/portaltela.pt\/#website\",\"url\":\"https:\/\/portaltela.pt\/\",\"name\":\"Portal Tela Portugal\",\"description\":\"\",\"potentialAction\":[{\"@type\":\"SearchAction\",\"target\":{\"@type\":\"EntryPoint\",\"urlTemplate\":\"https:\/\/portaltela.pt\/?s={search_term_string}\"},\"query-input\":{\"@type\":\"PropertyValueSpecification\",\"valueRequired\":true,\"valueName\":\"search_term_string\"}}],\"inLanguage\":\"pt-PT\"},{\"@type\":\"Person\",\"@id\":\"https:\/\/portaltela.pt\/#\/schema\/person\/c4278d4a6028830caff9ee44b42d32ed\",\"name\":\"Telinha\",\"image\":{\"@type\":\"ImageObject\",\"inLanguage\":\"pt-PT\",\"@id\":\"https:\/\/portaltela.pt\/s.01k8rhncp4jt1\/2025\/11\/talking-bot-125x125.png\",\"url\":\"https:\/\/portaltela.pt\/s.01k8rhncp4jt1\/2025\/11\/talking-bot-125x125.png\",\"contentUrl\":\"https:\/\/portaltela.pt\/s.01k8rhncp4jt1\/2025\/11\/talking-bot-125x125.png\",\"caption\":\"Telinha\"},\"sameAs\":[\"https:\/\/portaltela.pt\/\"],\"url\":\"https:\/\/portaltela.pt\/por\/367410592786\/\"}]}<\/script>\n<!-- \/ Yoast SEO plugin. -->","yoast_head_json":{"title":"Secret\u00e1rio de Estado rejeita acusa\u00e7\u00e3o do PS de n\u00e3o contactar portugueses nos Emirados - Portal Tela Portugal","robots":{"index":"index","follow":"follow","max-snippet":"max-snippet:-1","max-image-preview":"max-image-preview:large","max-video-preview":"max-video-preview:-1"},"og_locale":"pt_PT","og_type":"article","og_title":"Secret\u00e1rio de Estado rejeita acusa\u00e7\u00e3o do PS de n\u00e3o contactar portugueses nos Emirados - Portal Tela Portugal","og_description":"Em\u00eddio Sousa, secret\u00e1rio de Estado das Comunidades Portuguesas, afirmou que \u00e9 insulto o Partido Socialista acusar o Governo de n\u00e3o contactar os 73 cidad\u00e3os portugueses retidos num navio nos Emirados \u00c1rabes Unidos. O secret\u00e1rio disse que o embaixador portugu\u00eas esteve no navio em Abu Dhabi durante tr\u00eas horas. O PS alegou que n\u00e3o houve contacto direto com funcion\u00e1rios diplom\u00e1ticos\/consulares, ao contr\u00e1rio de outras nacionalidades. Sousa destacou que Portugal foi uma das primeiras na\u00e7\u00f5es a reagir aos acontecimentos, tendo j\u00e1 organizado um voo de repatriamento h\u00e1 mais de uma semana, com sigilo adequado. O grupo de portugueses permanece no navio porque n\u00e3o quis recorrer aos voos de repatriamento.","og_url":"https:\/\/portaltela.pt\/noticias\/2026\/03\/06\/secretario-de-estado-rejeita-acusacao-do-ps-de-nao-contactar-portugueses-nos-emirados\/","og_site_name":"Portal Tela Portugal","article_published_time":"2026-03-06T20:34:00+00:00","author":"Telinha","twitter_card":"summary_large_image","twitter_misc":{"Escrito por":"Telinha","Tempo estimado de leitura":"1 minuto"},"schema":{"@context":"https:\/\/schema.org","@graph":[{"@type":"Article","@id":"https:\/\/portaltela.pt\/noticias\/2026\/03\/06\/secretario-de-estado-rejeita-acusacao-do-ps-de-nao-contactar-portugueses-nos-emirados\/#article","isPartOf":{"@id":"https:\/\/portaltela.pt\/noticias\/2026\/03\/06\/secretario-de-estado-rejeita-acusacao-do-ps-de-nao-contactar-portugueses-nos-emirados\/"},"author":{"name":"Telinha","@id":"https:\/\/portaltela.pt\/#\/schema\/person\/c4278d4a6028830caff9ee44b42d32ed"},"headline":"Secret\u00e1rio de Estado rejeita acusa\u00e7\u00e3o do PS de n\u00e3o contactar portugueses nos Emirados","datePublished":"2026-03-06T20:34:00+00:00","mainEntityOfPage":{"@id":"https:\/\/portaltela.pt\/noticias\/2026\/03\/06\/secretario-de-estado-rejeita-acusacao-do-ps-de-nao-contactar-portugueses-nos-emirados\/"},"wordCount":262,"image":{"@id":"https:\/\/portaltela.pt\/noticias\/2026\/03\/06\/secretario-de-estado-rejeita-acusacao-do-ps-de-nao-contactar-portugueses-nos-emirados\/#primaryimage"},"thumbnailUrl":"https:\/\/portaltela.pt\/s.01k8rhncp4jt1\/2026\/03\/2072349.jpg","keywords":["comunica\u00e7\u00e3o internacional","Emirados \u00c1rabes Unidos","governo","migra\u00e7\u00e3o","migra\u00e7\u00e3o internacional","Portugal"],"articleSection":["Internacional","Not\u00edcias"],"inLanguage":"pt-PT"},{"@type":"WebPage","@id":"https:\/\/portaltela.pt\/noticias\/2026\/03\/06\/secretario-de-estado-rejeita-acusacao-do-ps-de-nao-contactar-portugueses-nos-emirados\/","url":"https:\/\/portaltela.pt\/noticias\/2026\/03\/06\/secretario-de-estado-rejeita-acusacao-do-ps-de-nao-contactar-portugueses-nos-emirados\/","name":"Secret\u00e1rio de Estado rejeita acusa\u00e7\u00e3o do PS de n\u00e3o contactar portugueses nos Emirados - Portal Tela Portugal","isPartOf":{"@id":"https:\/\/portaltela.pt\/#website"},"primaryImageOfPage":{"@id":"https:\/\/portaltela.pt\/noticias\/2026\/03\/06\/secretario-de-estado-rejeita-acusacao-do-ps-de-nao-contactar-portugueses-nos-emirados\/#primaryimage"},"image":{"@id":"https:\/\/portaltela.pt\/noticias\/2026\/03\/06\/secretario-de-estado-rejeita-acusacao-do-ps-de-nao-contactar-portugueses-nos-emirados\/#primaryimage"},"thumbnailUrl":"https:\/\/portaltela.pt\/s.01k8rhncp4jt1\/2026\/03\/2072349.jpg","datePublished":"2026-03-06T20:34:00+00:00","author":{"@id":"https:\/\/portaltela.pt\/#\/schema\/person\/c4278d4a6028830caff9ee44b42d32ed"},"breadcrumb":{"@id":"https:\/\/portaltela.pt\/noticias\/2026\/03\/06\/secretario-de-estado-rejeita-acusacao-do-ps-de-nao-contactar-portugueses-nos-emirados\/#breadcrumb"},"inLanguage":"pt-PT","potentialAction":[{"@type":"ReadAction","target":["https:\/\/portaltela.pt\/noticias\/2026\/03\/06\/secretario-de-estado-rejeita-acusacao-do-ps-de-nao-contactar-portugueses-nos-emirados\/"]}]},{"@type":"ImageObject","inLanguage":"pt-PT","@id":"https:\/\/portaltela.pt\/noticias\/2026\/03\/06\/secretario-de-estado-rejeita-acusacao-do-ps-de-nao-contactar-portugueses-nos-emirados\/#primaryimage","url":"https:\/\/portaltela.pt\/s.01k8rhncp4jt1\/2026\/03\/2072349.jpg","contentUrl":"https:\/\/portaltela.pt\/s.01k8rhncp4jt1\/2026\/03\/2072349.jpg","width":796,"height":448,"caption":"O secret\u00e1rio de Estado das Comunidades, Em\u00eddio Sousa, recebeu esta manh\u00e3 os portugueses repatriados"},{"@type":"BreadcrumbList","@id":"https:\/\/portaltela.pt\/noticias\/2026\/03\/06\/secretario-de-estado-rejeita-acusacao-do-ps-de-nao-contactar-portugueses-nos-emirados\/#breadcrumb","itemListElement":[{"@type":"ListItem","position":1,"name":"In\u00edcio","item":"https:\/\/portaltela.pt\/"},{"@type":"ListItem","position":2,"name":"Secret\u00e1rio de Estado rejeita acusa\u00e7\u00e3o do PS de n\u00e3o contactar portugueses nos Emirados"}]},{"@type":"WebSite","@id":"https:\/\/portaltela.pt\/#website","url":"https:\/\/portaltela.pt\/","name":"Portal Tela Portugal","description":"","potentialAction":[{"@type":"SearchAction","target":{"@type":"EntryPoint","urlTemplate":"https:\/\/portaltela.pt\/?s={search_term_string}"},"query-input":{"@type":"PropertyValueSpecification","valueRequired":true,"valueName":"search_term_string"}}],"inLanguage":"pt-PT"},{"@type":"Person","@id":"https:\/\/portaltela.pt\/#\/schema\/person\/c4278d4a6028830caff9ee44b42d32ed","name":"Telinha","image":{"@type":"ImageObject","inLanguage":"pt-PT","@id":"https:\/\/portaltela.pt\/s.01k8rhncp4jt1\/2025\/11\/talking-bot-125x125.png","url":"https:\/\/portaltela.pt\/s.01k8rhncp4jt1\/2025\/11\/talking-bot-125x125.png","contentUrl":"https:\/\/portaltela.pt\/s.01k8rhncp4jt1\/2025\/11\/talking-bot-125x125.png","caption":"Telinha"},"sameAs":["https:\/\/portaltela.pt\/"],"url":"https:\/\/portaltela.pt\/por\/367410592786\/"}]}},"_links":{"self":[{"href":"https:\/\/portaltela.pt\/api\/wp\/v2\/posts\/400781","targetHints":{"allow":["GET"]}}],"collection":[{"href":"https:\/\/portaltela.pt\/api\/wp\/v2\/posts"}],"about":[{"href":"https:\/\/portaltela.pt\/api\/wp\/v2\/types\/post"}],"author":[{"embeddable":true,"href":"https:\/\/portaltela.pt\/api\/wp\/v2\/users\/2"}],"replies":[{"embeddable":true,"href":"https:\/\/portaltela.pt\/api\/wp\/v2\/comments?post=400781"}],"version-history":[{"count":0,"href":"https:\/\/portaltela.pt\/api\/wp\/v2\/posts\/400781\/revisions"}],"wp:featuredmedia":[{"embeddable":true,"href":"https:\/\/portaltela.pt\/api\/wp\/v2\/media\/400783"}],"wp:attachment":[{"href":"https:\/\/portaltela.pt\/api\/wp\/v2\/media?parent=400781"}],"wp:term":[{"taxonomy":"category","embeddable":true,"href":"https:\/\/portaltela.pt\/api\/wp\/v2\/categories?post=400781"},{"taxonomy":"post_tag","embeddable":true,"href":"https:\/\/portaltela.pt\/api\/wp\/v2\/tags?post=400781"}],"curies":[{"name":"wp","href":"https:\/\/api.w.org\/{rel}","templated":true}]}}