{"id":400773,"date":"2026-03-06T17:21:00","date_gmt":"2026-03-06T20:21:00","guid":{"rendered":"https:\/\/portaltela.pt\/noticias\/2026\/03\/06\/quatro-anos-depois-gigi-fresco-despede-gigi-fresco\/"},"modified":"2026-03-06T17:21:00","modified_gmt":"2026-03-06T20:21:00","slug":"quatro-anos-depois-gigi-fresco-despede-gigi-fresco","status":"publish","type":"post","link":"https:\/\/portaltela.pt\/desporto\/futebol\/2026\/03\/06\/quatro-anos-depois-gigi-fresco-despede-gigi-fresco\/","title":{"rendered":"Quatro anos depois, Gigi Fresco despede Gigi Fresco"},"content":{"rendered":"<p>Gigi Fresco, presidente do Virtus Verona, despediu hoje o treinador que permaneceu no cargo ao longo de quatro d\u00e9cadas. O clube confirmou a troca numa altura em que a possibilidade de despromo\u00e7\u00e3o ainda pairava sobre a equipa.<\/p>\n<p>A decis\u00e3o ocorre no pr\u00f3prio clube italiano, onde Fresco acumulava fun\u00e7\u00f5es de presidente e treinador ao longo de 44 anos. Em entrevista publicada em 2023, Fresco j\u00e1 admitia ter pensado em substituir o t\u00e9cnico em v\u00e1rias ocasi\u00f5es, mas o sucesso aos domingos adiava a medida. A a\u00e7\u00e3o representa uma mudan\u00e7a relevante na gest\u00e3o desportiva do Virtus Verona.<\/p>\n<p>A justificativa oficial aponta para o desgaste da rela\u00e7\u00e3o entre dire\u00e7\u00e3o e equipa t\u00e9cnica, numa altura em que a estabilidade do plantel n\u00e3o estava a evitar resultados adversos. Fresco deslocou-se a Palermo a falar do tema e explicou, em comunicado indireto, que a decis\u00e3o foi tomada para reestruturar a abordagem desportiva do clube. Fontes citam ainda que o treinador aceitou a demiss\u00e3o ap\u00f3s o confronto com a dire\u00e7\u00e3o.<\/p>\n","protected":false},"excerpt":{"rendered":"<ul>\n<li>O presidente do Virtus Verona, Gigi Fresco, despediu o treinador Gigi Fresco, encerrando um ciclo de 44 anos no cargo.<\/li>\n<li>O clube, dirigido pelo mesmo rosto h\u00e1 d\u00e9cadas, passou da nona divis\u00e3o at\u00e9 \u00e0 terceira sob o comando t\u00e9cnico de Gigi Fresco.<\/li>\n<li>A decis\u00e3o ocorreu num contexto de risco de despromo\u00e7\u00e3o, com Fresco a justificar que assumiu a sua autoridade como presidente.<\/li>\n<li>Em entrevista \u00e0 La Reppublica (2023), o presidente admitiu j\u00e1 ter pensado no despedimento in\u00fameras vezes, mas s\u00f3 agora o fez.<\/li>\n<li>A raz\u00e3o citada pelo treinador para o ato foi \u201cpor amor\u201d ao clube, referindo que faria tudo, at\u00e9 caminhar at\u00e9 Palermo a p\u00e9 se fosse necess\u00e1rio, segundo a Gazzetta dello Sport.<\/li>\n<\/ul>\n","protected":false},"author":2,"featured_media":400776,"comment_status":"closed","ping_status":"closed","sticky":false,"template":"","format":"standard","meta":{"footnotes":""},"categories":[21,24],"tags":[5682,152,2939,32,2415,30],"class_list":["post-400773","post","type-post","status-publish","format-standard","has-post-thumbnail","hentry","category-desporto","category-futebol","tag-demissoes","tag-desporto","tag-direcao","tag-futebol","tag-gestao","tag-presidente"],"yoast_head":"<!-- This site is optimized with the Yoast SEO plugin v27.2 - https:\/\/yoast.com\/product\/yoast-seo-wordpress\/ -->\n<title>Quatro anos depois, Gigi Fresco despede Gigi Fresco - Portal Tela Portugal<\/title>\n<meta name=\"robots\" content=\"index, follow, max-snippet:-1, max-image-preview:large, max-video-preview:-1\" \/>\n<meta property=\"og:locale\" content=\"pt_PT\" \/>\n<meta property=\"og:type\" content=\"article\" \/>\n<meta property=\"og:title\" content=\"Quatro anos depois, Gigi Fresco despede Gigi Fresco - Portal Tela Portugal\" \/>\n<meta property=\"og:description\" content=\"O presidente do Virtus Verona, Gigi Fresco, despediu o treinador Gigi Fresco, encerrando um ciclo de 44 anos no cargo. O clube, dirigido pelo mesmo rosto h\u00e1 d\u00e9cadas, passou da nona divis\u00e3o at\u00e9 \u00e0 terceira sob o comando t\u00e9cnico de Gigi Fresco. A decis\u00e3o ocorreu num contexto de risco de despromo\u00e7\u00e3o, com Fresco a justificar que assumiu a sua autoridade como presidente. Em entrevista \u00e0 La Reppublica (2023), o presidente admitiu j\u00e1 ter pensado no despedimento in\u00fameras vezes, mas s\u00f3 agora o fez. A raz\u00e3o citada pelo treinador para o ato foi \u201cpor amor\u201d ao clube, referindo que faria tudo, at\u00e9 caminhar at\u00e9 Palermo a p\u00e9 se fosse necess\u00e1rio, segundo a Gazzetta dello Sport.\" \/>\n<meta property=\"og:url\" content=\"https:\/\/portaltela.pt\/noticias\/2026\/03\/06\/quatro-anos-depois-gigi-fresco-despede-gigi-fresco\/\" \/>\n<meta property=\"og:site_name\" content=\"Portal Tela Portugal\" \/>\n<meta property=\"article:published_time\" content=\"2026-03-06T20:21:00+00:00\" \/>\n<meta name=\"author\" content=\"Telinha\" \/>\n<meta name=\"twitter:card\" content=\"summary_large_image\" \/>\n<meta name=\"twitter:label1\" content=\"Escrito por\" \/>\n\t<meta name=\"twitter:data1\" content=\"Telinha\" \/>\n\t<meta name=\"twitter:label2\" content=\"Tempo estimado de leitura\" \/>\n\t<meta name=\"twitter:data2\" content=\"1 minuto\" \/>\n<script type=\"application\/ld+json\" class=\"yoast-schema-graph\">{\"@context\":\"https:\/\/schema.org\",\"@graph\":[{\"@type\":\"Article\",\"@id\":\"https:\/\/portaltela.pt\/noticias\/2026\/03\/06\/quatro-anos-depois-gigi-fresco-despede-gigi-fresco\/#article\",\"isPartOf\":{\"@id\":\"https:\/\/portaltela.pt\/noticias\/2026\/03\/06\/quatro-anos-depois-gigi-fresco-despede-gigi-fresco\/\"},\"author\":{\"name\":\"Telinha\",\"@id\":\"https:\/\/portaltela.pt\/#\/schema\/person\/c4278d4a6028830caff9ee44b42d32ed\"},\"headline\":\"Quatro anos depois, Gigi Fresco despede Gigi Fresco\",\"datePublished\":\"2026-03-06T20:21:00+00:00\",\"mainEntityOfPage\":{\"@id\":\"https:\/\/portaltela.pt\/noticias\/2026\/03\/06\/quatro-anos-depois-gigi-fresco-despede-gigi-fresco\/\"},\"wordCount\":187,\"image\":{\"@id\":\"https:\/\/portaltela.pt\/noticias\/2026\/03\/06\/quatro-anos-depois-gigi-fresco-despede-gigi-fresco\/#primaryimage\"},\"thumbnailUrl\":\"https:\/\/portaltela.pt\/s.01k8rhncp4jt1\/2026\/03\/2072303.jpg\",\"keywords\":[\"demiss\u00f5es\",\"desporto\",\"Dire\u00e7\u00e3o\",\"futebol\",\"gest\u00e3o\",\"presidente\"],\"articleSection\":[\"Desporto\",\"Futebol\"],\"inLanguage\":\"pt-PT\"},{\"@type\":\"WebPage\",\"@id\":\"https:\/\/portaltela.pt\/noticias\/2026\/03\/06\/quatro-anos-depois-gigi-fresco-despede-gigi-fresco\/\",\"url\":\"https:\/\/portaltela.pt\/noticias\/2026\/03\/06\/quatro-anos-depois-gigi-fresco-despede-gigi-fresco\/\",\"name\":\"Quatro anos depois, Gigi Fresco despede Gigi Fresco - Portal Tela Portugal\",\"isPartOf\":{\"@id\":\"https:\/\/portaltela.pt\/#website\"},\"primaryImageOfPage\":{\"@id\":\"https:\/\/portaltela.pt\/noticias\/2026\/03\/06\/quatro-anos-depois-gigi-fresco-despede-gigi-fresco\/#primaryimage\"},\"image\":{\"@id\":\"https:\/\/portaltela.pt\/noticias\/2026\/03\/06\/quatro-anos-depois-gigi-fresco-despede-gigi-fresco\/#primaryimage\"},\"thumbnailUrl\":\"https:\/\/portaltela.pt\/s.01k8rhncp4jt1\/2026\/03\/2072303.jpg\",\"datePublished\":\"2026-03-06T20:21:00+00:00\",\"author\":{\"@id\":\"https:\/\/portaltela.pt\/#\/schema\/person\/c4278d4a6028830caff9ee44b42d32ed\"},\"breadcrumb\":{\"@id\":\"https:\/\/portaltela.pt\/noticias\/2026\/03\/06\/quatro-anos-depois-gigi-fresco-despede-gigi-fresco\/#breadcrumb\"},\"inLanguage\":\"pt-PT\",\"potentialAction\":[{\"@type\":\"ReadAction\",\"target\":[\"https:\/\/portaltela.pt\/noticias\/2026\/03\/06\/quatro-anos-depois-gigi-fresco-despede-gigi-fresco\/\"]}]},{\"@type\":\"ImageObject\",\"inLanguage\":\"pt-PT\",\"@id\":\"https:\/\/portaltela.pt\/noticias\/2026\/03\/06\/quatro-anos-depois-gigi-fresco-despede-gigi-fresco\/#primaryimage\",\"url\":\"https:\/\/portaltela.pt\/s.01k8rhncp4jt1\/2026\/03\/2072303.jpg\",\"contentUrl\":\"https:\/\/portaltela.pt\/s.01k8rhncp4jt1\/2026\/03\/2072303.jpg\",\"width\":796,\"height\":448,\"caption\":\"Gigi deixou de ser treinador, mas continua a ser presidente\"},{\"@type\":\"BreadcrumbList\",\"@id\":\"https:\/\/portaltela.pt\/noticias\/2026\/03\/06\/quatro-anos-depois-gigi-fresco-despede-gigi-fresco\/#breadcrumb\",\"itemListElement\":[{\"@type\":\"ListItem\",\"position\":1,\"name\":\"In\u00edcio\",\"item\":\"https:\/\/portaltela.pt\/\"},{\"@type\":\"ListItem\",\"position\":2,\"name\":\"Quatro anos depois, Gigi Fresco despede Gigi Fresco\"}]},{\"@type\":\"WebSite\",\"@id\":\"https:\/\/portaltela.pt\/#website\",\"url\":\"https:\/\/portaltela.pt\/\",\"name\":\"Portal Tela Portugal\",\"description\":\"\",\"potentialAction\":[{\"@type\":\"SearchAction\",\"target\":{\"@type\":\"EntryPoint\",\"urlTemplate\":\"https:\/\/portaltela.pt\/?s={search_term_string}\"},\"query-input\":{\"@type\":\"PropertyValueSpecification\",\"valueRequired\":true,\"valueName\":\"search_term_string\"}}],\"inLanguage\":\"pt-PT\"},{\"@type\":\"Person\",\"@id\":\"https:\/\/portaltela.pt\/#\/schema\/person\/c4278d4a6028830caff9ee44b42d32ed\",\"name\":\"Telinha\",\"image\":{\"@type\":\"ImageObject\",\"inLanguage\":\"pt-PT\",\"@id\":\"https:\/\/portaltela.pt\/s.01k8rhncp4jt1\/2025\/11\/talking-bot-125x125.png\",\"url\":\"https:\/\/portaltela.pt\/s.01k8rhncp4jt1\/2025\/11\/talking-bot-125x125.png\",\"contentUrl\":\"https:\/\/portaltela.pt\/s.01k8rhncp4jt1\/2025\/11\/talking-bot-125x125.png\",\"caption\":\"Telinha\"},\"sameAs\":[\"https:\/\/portaltela.pt\/\"],\"url\":\"https:\/\/portaltela.pt\/por\/367410592786\/\"}]}<\/script>\n<!-- \/ Yoast SEO plugin. -->","yoast_head_json":{"title":"Quatro anos depois, Gigi Fresco despede Gigi Fresco - Portal Tela Portugal","robots":{"index":"index","follow":"follow","max-snippet":"max-snippet:-1","max-image-preview":"max-image-preview:large","max-video-preview":"max-video-preview:-1"},"og_locale":"pt_PT","og_type":"article","og_title":"Quatro anos depois, Gigi Fresco despede Gigi Fresco - Portal Tela Portugal","og_description":"O presidente do Virtus Verona, Gigi Fresco, despediu o treinador Gigi Fresco, encerrando um ciclo de 44 anos no cargo. O clube, dirigido pelo mesmo rosto h\u00e1 d\u00e9cadas, passou da nona divis\u00e3o at\u00e9 \u00e0 terceira sob o comando t\u00e9cnico de Gigi Fresco. A decis\u00e3o ocorreu num contexto de risco de despromo\u00e7\u00e3o, com Fresco a justificar que assumiu a sua autoridade como presidente. Em entrevista \u00e0 La Reppublica (2023), o presidente admitiu j\u00e1 ter pensado no despedimento in\u00fameras vezes, mas s\u00f3 agora o fez. A raz\u00e3o citada pelo treinador para o ato foi \u201cpor amor\u201d ao clube, referindo que faria tudo, at\u00e9 caminhar at\u00e9 Palermo a p\u00e9 se fosse necess\u00e1rio, segundo a Gazzetta dello Sport.","og_url":"https:\/\/portaltela.pt\/noticias\/2026\/03\/06\/quatro-anos-depois-gigi-fresco-despede-gigi-fresco\/","og_site_name":"Portal Tela Portugal","article_published_time":"2026-03-06T20:21:00+00:00","author":"Telinha","twitter_card":"summary_large_image","twitter_misc":{"Escrito por":"Telinha","Tempo estimado de leitura":"1 minuto"},"schema":{"@context":"https:\/\/schema.org","@graph":[{"@type":"Article","@id":"https:\/\/portaltela.pt\/noticias\/2026\/03\/06\/quatro-anos-depois-gigi-fresco-despede-gigi-fresco\/#article","isPartOf":{"@id":"https:\/\/portaltela.pt\/noticias\/2026\/03\/06\/quatro-anos-depois-gigi-fresco-despede-gigi-fresco\/"},"author":{"name":"Telinha","@id":"https:\/\/portaltela.pt\/#\/schema\/person\/c4278d4a6028830caff9ee44b42d32ed"},"headline":"Quatro anos depois, Gigi Fresco despede Gigi Fresco","datePublished":"2026-03-06T20:21:00+00:00","mainEntityOfPage":{"@id":"https:\/\/portaltela.pt\/noticias\/2026\/03\/06\/quatro-anos-depois-gigi-fresco-despede-gigi-fresco\/"},"wordCount":187,"image":{"@id":"https:\/\/portaltela.pt\/noticias\/2026\/03\/06\/quatro-anos-depois-gigi-fresco-despede-gigi-fresco\/#primaryimage"},"thumbnailUrl":"https:\/\/portaltela.pt\/s.01k8rhncp4jt1\/2026\/03\/2072303.jpg","keywords":["demiss\u00f5es","desporto","Dire\u00e7\u00e3o","futebol","gest\u00e3o","presidente"],"articleSection":["Desporto","Futebol"],"inLanguage":"pt-PT"},{"@type":"WebPage","@id":"https:\/\/portaltela.pt\/noticias\/2026\/03\/06\/quatro-anos-depois-gigi-fresco-despede-gigi-fresco\/","url":"https:\/\/portaltela.pt\/noticias\/2026\/03\/06\/quatro-anos-depois-gigi-fresco-despede-gigi-fresco\/","name":"Quatro anos depois, Gigi Fresco despede Gigi Fresco - Portal Tela Portugal","isPartOf":{"@id":"https:\/\/portaltela.pt\/#website"},"primaryImageOfPage":{"@id":"https:\/\/portaltela.pt\/noticias\/2026\/03\/06\/quatro-anos-depois-gigi-fresco-despede-gigi-fresco\/#primaryimage"},"image":{"@id":"https:\/\/portaltela.pt\/noticias\/2026\/03\/06\/quatro-anos-depois-gigi-fresco-despede-gigi-fresco\/#primaryimage"},"thumbnailUrl":"https:\/\/portaltela.pt\/s.01k8rhncp4jt1\/2026\/03\/2072303.jpg","datePublished":"2026-03-06T20:21:00+00:00","author":{"@id":"https:\/\/portaltela.pt\/#\/schema\/person\/c4278d4a6028830caff9ee44b42d32ed"},"breadcrumb":{"@id":"https:\/\/portaltela.pt\/noticias\/2026\/03\/06\/quatro-anos-depois-gigi-fresco-despede-gigi-fresco\/#breadcrumb"},"inLanguage":"pt-PT","potentialAction":[{"@type":"ReadAction","target":["https:\/\/portaltela.pt\/noticias\/2026\/03\/06\/quatro-anos-depois-gigi-fresco-despede-gigi-fresco\/"]}]},{"@type":"ImageObject","inLanguage":"pt-PT","@id":"https:\/\/portaltela.pt\/noticias\/2026\/03\/06\/quatro-anos-depois-gigi-fresco-despede-gigi-fresco\/#primaryimage","url":"https:\/\/portaltela.pt\/s.01k8rhncp4jt1\/2026\/03\/2072303.jpg","contentUrl":"https:\/\/portaltela.pt\/s.01k8rhncp4jt1\/2026\/03\/2072303.jpg","width":796,"height":448,"caption":"Gigi deixou de ser treinador, mas continua a ser presidente"},{"@type":"BreadcrumbList","@id":"https:\/\/portaltela.pt\/noticias\/2026\/03\/06\/quatro-anos-depois-gigi-fresco-despede-gigi-fresco\/#breadcrumb","itemListElement":[{"@type":"ListItem","position":1,"name":"In\u00edcio","item":"https:\/\/portaltela.pt\/"},{"@type":"ListItem","position":2,"name":"Quatro anos depois, Gigi Fresco despede Gigi Fresco"}]},{"@type":"WebSite","@id":"https:\/\/portaltela.pt\/#website","url":"https:\/\/portaltela.pt\/","name":"Portal Tela Portugal","description":"","potentialAction":[{"@type":"SearchAction","target":{"@type":"EntryPoint","urlTemplate":"https:\/\/portaltela.pt\/?s={search_term_string}"},"query-input":{"@type":"PropertyValueSpecification","valueRequired":true,"valueName":"search_term_string"}}],"inLanguage":"pt-PT"},{"@type":"Person","@id":"https:\/\/portaltela.pt\/#\/schema\/person\/c4278d4a6028830caff9ee44b42d32ed","name":"Telinha","image":{"@type":"ImageObject","inLanguage":"pt-PT","@id":"https:\/\/portaltela.pt\/s.01k8rhncp4jt1\/2025\/11\/talking-bot-125x125.png","url":"https:\/\/portaltela.pt\/s.01k8rhncp4jt1\/2025\/11\/talking-bot-125x125.png","contentUrl":"https:\/\/portaltela.pt\/s.01k8rhncp4jt1\/2025\/11\/talking-bot-125x125.png","caption":"Telinha"},"sameAs":["https:\/\/portaltela.pt\/"],"url":"https:\/\/portaltela.pt\/por\/367410592786\/"}]}},"_links":{"self":[{"href":"https:\/\/portaltela.pt\/api\/wp\/v2\/posts\/400773","targetHints":{"allow":["GET"]}}],"collection":[{"href":"https:\/\/portaltela.pt\/api\/wp\/v2\/posts"}],"about":[{"href":"https:\/\/portaltela.pt\/api\/wp\/v2\/types\/post"}],"author":[{"embeddable":true,"href":"https:\/\/portaltela.pt\/api\/wp\/v2\/users\/2"}],"replies":[{"embeddable":true,"href":"https:\/\/portaltela.pt\/api\/wp\/v2\/comments?post=400773"}],"version-history":[{"count":0,"href":"https:\/\/portaltela.pt\/api\/wp\/v2\/posts\/400773\/revisions"}],"wp:featuredmedia":[{"embeddable":true,"href":"https:\/\/portaltela.pt\/api\/wp\/v2\/media\/400776"}],"wp:attachment":[{"href":"https:\/\/portaltela.pt\/api\/wp\/v2\/media?parent=400773"}],"wp:term":[{"taxonomy":"category","embeddable":true,"href":"https:\/\/portaltela.pt\/api\/wp\/v2\/categories?post=400773"},{"taxonomy":"post_tag","embeddable":true,"href":"https:\/\/portaltela.pt\/api\/wp\/v2\/tags?post=400773"}],"curies":[{"name":"wp","href":"https:\/\/api.w.org\/{rel}","templated":true}]}}