{"id":400743,"date":"2026-03-06T16:44:01","date_gmt":"2026-03-06T19:44:01","guid":{"rendered":"https:\/\/portaltela.pt\/noticias\/2026\/03\/06\/ministro-da-agricultura-acusa-banca-de-privilegiar-lesados-pelas-intemperies\/"},"modified":"2026-03-06T16:44:01","modified_gmt":"2026-03-06T19:44:01","slug":"ministro-da-agricultura-acusa-banca-de-privilegiar-lesados-pelas-intemperies","status":"publish","type":"post","link":"https:\/\/portaltela.pt\/noticias\/politica\/2026\/03\/06\/ministro-da-agricultura-acusa-banca-de-privilegiar-lesados-pelas-intemperies\/","title":{"rendered":"Ministro da Agricultura acusa banca de privilegiar lesados pelas intemp\u00e9ries"},"content":{"rendered":"<p>O ministro da Agricultura criticou hoje a atua\u00e7\u00e3o do sistema banc\u00e1rio na concess\u00e3o de cr\u00e9dito a empresas agr\u00edcolas afetadas pelas intemp\u00e9ries. A garantia estatal de 80% n\u00e3o deve favorecer apenas quem tem menos risco, afirmou Jos\u00e9 Manuel Fernandes.<\/p>\n<p>Segundo o governante, o problema recai sobre empresas que sofreram danos superiores a 10 mil euros e enfrentam dificuldades de tesouraria. O objetivo do Governo \u00e9 sustentar quem mais precisa, destacou, durante o encerramento do 18.\u00ba semin\u00e1rio da cooperativa de Montemor-o-Velho, no distrito de Coimbra.<\/p>\n<p>O ministro referiu casos de suinicultores da regi\u00e3o de Leiria que n\u00e3o conseguem acesso \u00e0s linhas de cr\u00e9dito, apesar da garantia p\u00fablica. A banca estaria a privilegiar agricultores com menor risco, o que, na vis\u00e3o do Governo, agrava a urg\u00eancia de repor o potencial produtivo.<\/p>\n<p>Ele considerou a situa\u00e7\u00e3o uma injusti\u00e7a e pediu que a garantia de 80% seja utilizada tamb\u00e9m para quem tem rendimentos mais baixos. A prioridade, refor\u00e7ou, \u00e9 apoiar quem sofreu preju\u00edzos e manter a produ\u00e7\u00e3o em contexto de recupera\u00e7\u00e3o.<\/p>\n<p>No \u00e2mbito da recupera\u00e7\u00e3o p\u00f3s-tempestades, Fernandes salientou a necessidade de paci\u00eancia, mas sublinhou que algumas urg\u00eancias s\u00e3o priorit\u00e1rias, como manter canais de \u00e1gua para a pr\u00f3xima campanha de arroz de 2026.<\/p>\n<p>Quanto \u00e0s infraestruturas, o ministro informou que, para as associadas de regantes, ser\u00e1 lan\u00e7ado um concurso com um valor de 20 milh\u00f5es de euros j\u00e1 na pr\u00f3xima semana, visando refor\u00e7ar a rede de rega.<\/p>\n<p>No que toca ao Baixo Mondego, a data de conclus\u00e3o do canal de rega mant\u00e9m-se 1 de maio, conforme an\u00fancio da Ag\u00eancia Portuguesa do Ambiente.<\/p>\n","protected":false},"excerpt":{"rendered":"<ul>\n<li>O ministro da Agricultura disse que a banca privilegia, na concess\u00e3o de cr\u00e9dito, os lesados pelas intemp\u00e9ries com menos risco, mesmo com a garantia estatal de oitenta por cento.<\/li>\n<li>O foco \u00e9 em empresas agr\u00edcolas com danos superiores a dez mil euros nas tempestades das \u00faltimas semanas e que enfrentam dificuldades de tesouraria.<\/li>\n<li>O governante citou suinicultores da regi\u00e3o de Leiria como exemplo de quem n\u00e3o tem acesso \u00e0s linhas de cr\u00e9dito, o que classificou como inaceit\u00e1vel.<\/li>\n<li>A recupera\u00e7\u00e3o \u00e9 urgente, com prioridade para manter os canais de \u00e1gua na campanha de arroz de 2026.<\/li>\n<li>Anunciou ainda que o canal de rega do Baixo Mondego ficar\u00e1 conclu\u00eddo no dia um de maio, e que ser\u00e1 aberto, na pr\u00f3xima semana, um concurso de vinte milh\u00f5es de euros para infraestruturas detidas pelas associa\u00e7\u00f5es de regantes.<\/li>\n<\/ul>\n","protected":false},"author":2,"featured_media":400744,"comment_status":"closed","ping_status":"closed","sticky":false,"template":"","format":"standard","meta":{"footnotes":""},"categories":[1,5],"tags":[4914,1070,1960,1409,1385,4903],"class_list":["post-400743","post","type-post","status-publish","format-standard","has-post-thumbnail","hentry","category-noticias","category-politica","tag-a-agricultura","tag-coimbra","tag-credito","tag-desenvolvimento-regional","tag-leiria","tag-montemor-o-velho"],"yoast_head":"<!-- This site is optimized with the Yoast SEO plugin v27.2 - https:\/\/yoast.com\/product\/yoast-seo-wordpress\/ -->\n<title>Ministro da Agricultura acusa banca de privilegiar lesados pelas intemp\u00e9ries - Portal Tela Portugal<\/title>\n<meta name=\"robots\" content=\"index, follow, max-snippet:-1, max-image-preview:large, max-video-preview:-1\" \/>\n<meta property=\"og:locale\" content=\"pt_PT\" \/>\n<meta property=\"og:type\" content=\"article\" \/>\n<meta property=\"og:title\" content=\"Ministro da Agricultura acusa banca de privilegiar lesados pelas intemp\u00e9ries - Portal Tela Portugal\" \/>\n<meta property=\"og:description\" content=\"O ministro da Agricultura disse que a banca privilegia, na concess\u00e3o de cr\u00e9dito, os lesados pelas intemp\u00e9ries com menos risco, mesmo com a garantia estatal de oitenta por cento. O foco \u00e9 em empresas agr\u00edcolas com danos superiores a dez mil euros nas tempestades das \u00faltimas semanas e que enfrentam dificuldades de tesouraria. O governante citou suinicultores da regi\u00e3o de Leiria como exemplo de quem n\u00e3o tem acesso \u00e0s linhas de cr\u00e9dito, o que classificou como inaceit\u00e1vel. A recupera\u00e7\u00e3o \u00e9 urgente, com prioridade para manter os canais de \u00e1gua na campanha de arroz de 2026. Anunciou ainda que o canal de rega do Baixo Mondego ficar\u00e1 conclu\u00eddo no dia um de maio, e que ser\u00e1 aberto, na pr\u00f3xima semana, um concurso de vinte milh\u00f5es de euros para infraestruturas detidas pelas associa\u00e7\u00f5es de regantes.\" \/>\n<meta property=\"og:url\" content=\"https:\/\/portaltela.pt\/noticias\/2026\/03\/06\/ministro-da-agricultura-acusa-banca-de-privilegiar-lesados-pelas-intemperies\/\" \/>\n<meta property=\"og:site_name\" content=\"Portal Tela Portugal\" \/>\n<meta property=\"article:published_time\" content=\"2026-03-06T19:44:01+00:00\" \/>\n<meta name=\"author\" content=\"Telinha\" \/>\n<meta name=\"twitter:card\" content=\"summary_large_image\" \/>\n<meta name=\"twitter:label1\" content=\"Escrito por\" \/>\n\t<meta name=\"twitter:data1\" content=\"Telinha\" \/>\n\t<meta name=\"twitter:label2\" content=\"Tempo estimado de leitura\" \/>\n\t<meta name=\"twitter:data2\" content=\"1 minuto\" \/>\n<script type=\"application\/ld+json\" class=\"yoast-schema-graph\">{\"@context\":\"https:\/\/schema.org\",\"@graph\":[{\"@type\":\"Article\",\"@id\":\"https:\/\/portaltela.pt\/noticias\/2026\/03\/06\/ministro-da-agricultura-acusa-banca-de-privilegiar-lesados-pelas-intemperies\/#article\",\"isPartOf\":{\"@id\":\"https:\/\/portaltela.pt\/noticias\/2026\/03\/06\/ministro-da-agricultura-acusa-banca-de-privilegiar-lesados-pelas-intemperies\/\"},\"author\":{\"name\":\"Telinha\",\"@id\":\"https:\/\/portaltela.pt\/#\/schema\/person\/c4278d4a6028830caff9ee44b42d32ed\"},\"headline\":\"Ministro da Agricultura acusa banca de privilegiar lesados pelas intemp\u00e9ries\",\"datePublished\":\"2026-03-06T19:44:01+00:00\",\"mainEntityOfPage\":{\"@id\":\"https:\/\/portaltela.pt\/noticias\/2026\/03\/06\/ministro-da-agricultura-acusa-banca-de-privilegiar-lesados-pelas-intemperies\/\"},\"wordCount\":294,\"image\":{\"@id\":\"https:\/\/portaltela.pt\/noticias\/2026\/03\/06\/ministro-da-agricultura-acusa-banca-de-privilegiar-lesados-pelas-intemperies\/#primaryimage\"},\"thumbnailUrl\":\"https:\/\/portaltela.pt\/s.01k8rhncp4jt1\/2026\/03\/img_1500x1000uu2024-09-23-14-05-51-1753864.jpg\",\"keywords\":[\"A agricultura\",\"Coimbra\",\"cr\u00e9dito\",\"desenvolvimento regional\",\"Leiria\",\"Montemor-o-Velho\"],\"articleSection\":[\"Not\u00edcias\",\"Pol\u00edtica\"],\"inLanguage\":\"pt-PT\"},{\"@type\":\"WebPage\",\"@id\":\"https:\/\/portaltela.pt\/noticias\/2026\/03\/06\/ministro-da-agricultura-acusa-banca-de-privilegiar-lesados-pelas-intemperies\/\",\"url\":\"https:\/\/portaltela.pt\/noticias\/2026\/03\/06\/ministro-da-agricultura-acusa-banca-de-privilegiar-lesados-pelas-intemperies\/\",\"name\":\"Ministro da Agricultura acusa banca de privilegiar lesados pelas intemp\u00e9ries - Portal Tela Portugal\",\"isPartOf\":{\"@id\":\"https:\/\/portaltela.pt\/#website\"},\"primaryImageOfPage\":{\"@id\":\"https:\/\/portaltela.pt\/noticias\/2026\/03\/06\/ministro-da-agricultura-acusa-banca-de-privilegiar-lesados-pelas-intemperies\/#primaryimage\"},\"image\":{\"@id\":\"https:\/\/portaltela.pt\/noticias\/2026\/03\/06\/ministro-da-agricultura-acusa-banca-de-privilegiar-lesados-pelas-intemperies\/#primaryimage\"},\"thumbnailUrl\":\"https:\/\/portaltela.pt\/s.01k8rhncp4jt1\/2026\/03\/img_1500x1000uu2024-09-23-14-05-51-1753864.jpg\",\"datePublished\":\"2026-03-06T19:44:01+00:00\",\"author\":{\"@id\":\"https:\/\/portaltela.pt\/#\/schema\/person\/c4278d4a6028830caff9ee44b42d32ed\"},\"breadcrumb\":{\"@id\":\"https:\/\/portaltela.pt\/noticias\/2026\/03\/06\/ministro-da-agricultura-acusa-banca-de-privilegiar-lesados-pelas-intemperies\/#breadcrumb\"},\"inLanguage\":\"pt-PT\",\"potentialAction\":[{\"@type\":\"ReadAction\",\"target\":[\"https:\/\/portaltela.pt\/noticias\/2026\/03\/06\/ministro-da-agricultura-acusa-banca-de-privilegiar-lesados-pelas-intemperies\/\"]}]},{\"@type\":\"ImageObject\",\"inLanguage\":\"pt-PT\",\"@id\":\"https:\/\/portaltela.pt\/noticias\/2026\/03\/06\/ministro-da-agricultura-acusa-banca-de-privilegiar-lesados-pelas-intemperies\/#primaryimage\",\"url\":\"https:\/\/portaltela.pt\/s.01k8rhncp4jt1\/2026\/03\/img_1500x1000uu2024-09-23-14-05-51-1753864.jpg\",\"contentUrl\":\"https:\/\/portaltela.pt\/s.01k8rhncp4jt1\/2026\/03\/img_1500x1000uu2024-09-23-14-05-51-1753864.jpg\",\"width\":796,\"height\":448,\"caption\":\"Ministro da Agricultura, Jos\u00e9 Manuel Fernandes\"},{\"@type\":\"BreadcrumbList\",\"@id\":\"https:\/\/portaltela.pt\/noticias\/2026\/03\/06\/ministro-da-agricultura-acusa-banca-de-privilegiar-lesados-pelas-intemperies\/#breadcrumb\",\"itemListElement\":[{\"@type\":\"ListItem\",\"position\":1,\"name\":\"In\u00edcio\",\"item\":\"https:\/\/portaltela.pt\/\"},{\"@type\":\"ListItem\",\"position\":2,\"name\":\"Ministro da Agricultura acusa banca de privilegiar lesados pelas intemp\u00e9ries\"}]},{\"@type\":\"WebSite\",\"@id\":\"https:\/\/portaltela.pt\/#website\",\"url\":\"https:\/\/portaltela.pt\/\",\"name\":\"Portal Tela Portugal\",\"description\":\"\",\"potentialAction\":[{\"@type\":\"SearchAction\",\"target\":{\"@type\":\"EntryPoint\",\"urlTemplate\":\"https:\/\/portaltela.pt\/?s={search_term_string}\"},\"query-input\":{\"@type\":\"PropertyValueSpecification\",\"valueRequired\":true,\"valueName\":\"search_term_string\"}}],\"inLanguage\":\"pt-PT\"},{\"@type\":\"Person\",\"@id\":\"https:\/\/portaltela.pt\/#\/schema\/person\/c4278d4a6028830caff9ee44b42d32ed\",\"name\":\"Telinha\",\"image\":{\"@type\":\"ImageObject\",\"inLanguage\":\"pt-PT\",\"@id\":\"https:\/\/portaltela.pt\/s.01k8rhncp4jt1\/2025\/11\/talking-bot-125x125.png\",\"url\":\"https:\/\/portaltela.pt\/s.01k8rhncp4jt1\/2025\/11\/talking-bot-125x125.png\",\"contentUrl\":\"https:\/\/portaltela.pt\/s.01k8rhncp4jt1\/2025\/11\/talking-bot-125x125.png\",\"caption\":\"Telinha\"},\"sameAs\":[\"https:\/\/portaltela.pt\/\"],\"url\":\"https:\/\/portaltela.pt\/por\/367410592786\/\"}]}<\/script>\n<!-- \/ Yoast SEO plugin. -->","yoast_head_json":{"title":"Ministro da Agricultura acusa banca de privilegiar lesados pelas intemp\u00e9ries - Portal Tela Portugal","robots":{"index":"index","follow":"follow","max-snippet":"max-snippet:-1","max-image-preview":"max-image-preview:large","max-video-preview":"max-video-preview:-1"},"og_locale":"pt_PT","og_type":"article","og_title":"Ministro da Agricultura acusa banca de privilegiar lesados pelas intemp\u00e9ries - Portal Tela Portugal","og_description":"O ministro da Agricultura disse que a banca privilegia, na concess\u00e3o de cr\u00e9dito, os lesados pelas intemp\u00e9ries com menos risco, mesmo com a garantia estatal de oitenta por cento. O foco \u00e9 em empresas agr\u00edcolas com danos superiores a dez mil euros nas tempestades das \u00faltimas semanas e que enfrentam dificuldades de tesouraria. O governante citou suinicultores da regi\u00e3o de Leiria como exemplo de quem n\u00e3o tem acesso \u00e0s linhas de cr\u00e9dito, o que classificou como inaceit\u00e1vel. A recupera\u00e7\u00e3o \u00e9 urgente, com prioridade para manter os canais de \u00e1gua na campanha de arroz de 2026. Anunciou ainda que o canal de rega do Baixo Mondego ficar\u00e1 conclu\u00eddo no dia um de maio, e que ser\u00e1 aberto, na pr\u00f3xima semana, um concurso de vinte milh\u00f5es de euros para infraestruturas detidas pelas associa\u00e7\u00f5es de regantes.","og_url":"https:\/\/portaltela.pt\/noticias\/2026\/03\/06\/ministro-da-agricultura-acusa-banca-de-privilegiar-lesados-pelas-intemperies\/","og_site_name":"Portal Tela Portugal","article_published_time":"2026-03-06T19:44:01+00:00","author":"Telinha","twitter_card":"summary_large_image","twitter_misc":{"Escrito por":"Telinha","Tempo estimado de leitura":"1 minuto"},"schema":{"@context":"https:\/\/schema.org","@graph":[{"@type":"Article","@id":"https:\/\/portaltela.pt\/noticias\/2026\/03\/06\/ministro-da-agricultura-acusa-banca-de-privilegiar-lesados-pelas-intemperies\/#article","isPartOf":{"@id":"https:\/\/portaltela.pt\/noticias\/2026\/03\/06\/ministro-da-agricultura-acusa-banca-de-privilegiar-lesados-pelas-intemperies\/"},"author":{"name":"Telinha","@id":"https:\/\/portaltela.pt\/#\/schema\/person\/c4278d4a6028830caff9ee44b42d32ed"},"headline":"Ministro da Agricultura acusa banca de privilegiar lesados pelas intemp\u00e9ries","datePublished":"2026-03-06T19:44:01+00:00","mainEntityOfPage":{"@id":"https:\/\/portaltela.pt\/noticias\/2026\/03\/06\/ministro-da-agricultura-acusa-banca-de-privilegiar-lesados-pelas-intemperies\/"},"wordCount":294,"image":{"@id":"https:\/\/portaltela.pt\/noticias\/2026\/03\/06\/ministro-da-agricultura-acusa-banca-de-privilegiar-lesados-pelas-intemperies\/#primaryimage"},"thumbnailUrl":"https:\/\/portaltela.pt\/s.01k8rhncp4jt1\/2026\/03\/img_1500x1000uu2024-09-23-14-05-51-1753864.jpg","keywords":["A agricultura","Coimbra","cr\u00e9dito","desenvolvimento regional","Leiria","Montemor-o-Velho"],"articleSection":["Not\u00edcias","Pol\u00edtica"],"inLanguage":"pt-PT"},{"@type":"WebPage","@id":"https:\/\/portaltela.pt\/noticias\/2026\/03\/06\/ministro-da-agricultura-acusa-banca-de-privilegiar-lesados-pelas-intemperies\/","url":"https:\/\/portaltela.pt\/noticias\/2026\/03\/06\/ministro-da-agricultura-acusa-banca-de-privilegiar-lesados-pelas-intemperies\/","name":"Ministro da Agricultura acusa banca de privilegiar lesados pelas intemp\u00e9ries - Portal Tela Portugal","isPartOf":{"@id":"https:\/\/portaltela.pt\/#website"},"primaryImageOfPage":{"@id":"https:\/\/portaltela.pt\/noticias\/2026\/03\/06\/ministro-da-agricultura-acusa-banca-de-privilegiar-lesados-pelas-intemperies\/#primaryimage"},"image":{"@id":"https:\/\/portaltela.pt\/noticias\/2026\/03\/06\/ministro-da-agricultura-acusa-banca-de-privilegiar-lesados-pelas-intemperies\/#primaryimage"},"thumbnailUrl":"https:\/\/portaltela.pt\/s.01k8rhncp4jt1\/2026\/03\/img_1500x1000uu2024-09-23-14-05-51-1753864.jpg","datePublished":"2026-03-06T19:44:01+00:00","author":{"@id":"https:\/\/portaltela.pt\/#\/schema\/person\/c4278d4a6028830caff9ee44b42d32ed"},"breadcrumb":{"@id":"https:\/\/portaltela.pt\/noticias\/2026\/03\/06\/ministro-da-agricultura-acusa-banca-de-privilegiar-lesados-pelas-intemperies\/#breadcrumb"},"inLanguage":"pt-PT","potentialAction":[{"@type":"ReadAction","target":["https:\/\/portaltela.pt\/noticias\/2026\/03\/06\/ministro-da-agricultura-acusa-banca-de-privilegiar-lesados-pelas-intemperies\/"]}]},{"@type":"ImageObject","inLanguage":"pt-PT","@id":"https:\/\/portaltela.pt\/noticias\/2026\/03\/06\/ministro-da-agricultura-acusa-banca-de-privilegiar-lesados-pelas-intemperies\/#primaryimage","url":"https:\/\/portaltela.pt\/s.01k8rhncp4jt1\/2026\/03\/img_1500x1000uu2024-09-23-14-05-51-1753864.jpg","contentUrl":"https:\/\/portaltela.pt\/s.01k8rhncp4jt1\/2026\/03\/img_1500x1000uu2024-09-23-14-05-51-1753864.jpg","width":796,"height":448,"caption":"Ministro da Agricultura, Jos\u00e9 Manuel Fernandes"},{"@type":"BreadcrumbList","@id":"https:\/\/portaltela.pt\/noticias\/2026\/03\/06\/ministro-da-agricultura-acusa-banca-de-privilegiar-lesados-pelas-intemperies\/#breadcrumb","itemListElement":[{"@type":"ListItem","position":1,"name":"In\u00edcio","item":"https:\/\/portaltela.pt\/"},{"@type":"ListItem","position":2,"name":"Ministro da Agricultura acusa banca de privilegiar lesados pelas intemp\u00e9ries"}]},{"@type":"WebSite","@id":"https:\/\/portaltela.pt\/#website","url":"https:\/\/portaltela.pt\/","name":"Portal Tela Portugal","description":"","potentialAction":[{"@type":"SearchAction","target":{"@type":"EntryPoint","urlTemplate":"https:\/\/portaltela.pt\/?s={search_term_string}"},"query-input":{"@type":"PropertyValueSpecification","valueRequired":true,"valueName":"search_term_string"}}],"inLanguage":"pt-PT"},{"@type":"Person","@id":"https:\/\/portaltela.pt\/#\/schema\/person\/c4278d4a6028830caff9ee44b42d32ed","name":"Telinha","image":{"@type":"ImageObject","inLanguage":"pt-PT","@id":"https:\/\/portaltela.pt\/s.01k8rhncp4jt1\/2025\/11\/talking-bot-125x125.png","url":"https:\/\/portaltela.pt\/s.01k8rhncp4jt1\/2025\/11\/talking-bot-125x125.png","contentUrl":"https:\/\/portaltela.pt\/s.01k8rhncp4jt1\/2025\/11\/talking-bot-125x125.png","caption":"Telinha"},"sameAs":["https:\/\/portaltela.pt\/"],"url":"https:\/\/portaltela.pt\/por\/367410592786\/"}]}},"_links":{"self":[{"href":"https:\/\/portaltela.pt\/api\/wp\/v2\/posts\/400743","targetHints":{"allow":["GET"]}}],"collection":[{"href":"https:\/\/portaltela.pt\/api\/wp\/v2\/posts"}],"about":[{"href":"https:\/\/portaltela.pt\/api\/wp\/v2\/types\/post"}],"author":[{"embeddable":true,"href":"https:\/\/portaltela.pt\/api\/wp\/v2\/users\/2"}],"replies":[{"embeddable":true,"href":"https:\/\/portaltela.pt\/api\/wp\/v2\/comments?post=400743"}],"version-history":[{"count":0,"href":"https:\/\/portaltela.pt\/api\/wp\/v2\/posts\/400743\/revisions"}],"wp:featuredmedia":[{"embeddable":true,"href":"https:\/\/portaltela.pt\/api\/wp\/v2\/media\/400744"}],"wp:attachment":[{"href":"https:\/\/portaltela.pt\/api\/wp\/v2\/media?parent=400743"}],"wp:term":[{"taxonomy":"category","embeddable":true,"href":"https:\/\/portaltela.pt\/api\/wp\/v2\/categories?post=400743"},{"taxonomy":"post_tag","embeddable":true,"href":"https:\/\/portaltela.pt\/api\/wp\/v2\/tags?post=400743"}],"curies":[{"name":"wp","href":"https:\/\/api.w.org\/{rel}","templated":true}]}}