{"id":400735,"date":"2026-03-06T16:40:45","date_gmt":"2026-03-06T19:40:45","guid":{"rendered":"https:\/\/portaltela.pt\/noticias\/2026\/03\/06\/be-considera-que-paulo-rangel-nao-tem-condicoes-para-continuar-como-ministro\/"},"modified":"2026-03-06T16:40:45","modified_gmt":"2026-03-06T19:40:45","slug":"be-considera-que-paulo-rangel-nao-tem-condicoes-para-continuar-como-ministro","status":"publish","type":"post","link":"https:\/\/portaltela.pt\/noticias\/internacional\/2026\/03\/06\/be-considera-que-paulo-rangel-nao-tem-condicoes-para-continuar-como-ministro\/","title":{"rendered":"BE considera que Paulo Rangel n\u00e3o tem condi\u00e7\u00f5es para continuar como ministro"},"content":{"rendered":"<p>O Bloco de Esquerda (BE) afirma que Paulo Rangel n\u00e3o tem condi\u00e7\u00f5es democr\u00e1ticas para continuar a ser ministro dos Neg\u00f3cios Estrangeiros. A posi\u00e7\u00e3o foi expressa pelo coordenador nacional do BE, Jos\u00e9 Manuel Pureza, nesta sexta-feira, \u00e0 sa\u00edda de uma reuni\u00e3o com o presidente da C\u00e2mara Municipal de Leiria.<\/p>\n<p>Pureza afirmou que o pa\u00eds ficou a conhecer, pela imprensa de refer\u00eancia, que houve oculta\u00e7\u00e3o de dados sobre a utiliza\u00e7\u00e3o da base das Lajes por avi\u00f5es norte-americanos. Considerou grav\u00edssima a oculta\u00e7\u00e3o de informa\u00e7\u00e3o e pediu a an\u00e1lise das condi\u00e7\u00f5es do ministro para continuar no cargo.<\/p>\n<p>Ontem, o Expresso revelou que sete voos a partir das Lajes ocorreram antes do acordo condicional com o Governo, j\u00e1 em pleno curso de guerra. O BE sustenta que Paulo Rangel disse ter existido uma condi\u00e7\u00e3o de utiliza\u00e7\u00e3o apenas para miss\u00f5es n\u00e3o ofensivas, o que, segundo o partido, n\u00e3o foi confirmado pela situa\u00e7\u00e3o real.<\/p>\n<p>Para Pureza, a atua\u00e7\u00e3o do Governo no caso das Lajes aproxima-se de um uso n\u00e3o autorizado do territ\u00f3rio nacional, sem conhecimento adequado do pa\u00eds. O dirigente considerou a situa\u00e7\u00e3o inaceit\u00e1vel e explicou que, na leitura do BE, o ministro n\u00e3o tem condi\u00e7\u00f5es democr\u00e1ticas para permanecer no cargo num momento t\u00e3o sens\u00edvel da pol\u00edtica externa.<\/p>\n<p>Questionado sobre a eventual demiss\u00e3o de Paulo Rangel, Pureza reiterou que o ministro n\u00e3o pode manter o cargo neste per\u00edodo de tens\u00e3o na pol\u00edtica externa portuguesa. O BE defende que a situa\u00e7\u00e3o requer clarifica\u00e7\u00e3o p\u00fablica e responsabilidade pol\u00edtico-democr\u00e1tica.<\/p>\n<h3>Contexto externo e consequ\u00eancias regionais<\/h3>\n<p>Entre 28 de fevereiro e hoje, EUA e Israel anunciaram um ataque militar ao Ir\u00e3o, conforme comunicado de autoridades internacionais. O ataque resultou em baixas e provocou resposta iraniana em v\u00e1rias frentes, incluindo ataques contra alvos em Israel e bases norte-americanas na regi\u00e3o.<\/p>\n<p>O Conselho de Lideran\u00e7a Iraniano assume a dire\u00e7\u00e3o do pa\u00eds. O Ir\u00e3o encerrou o estreito de Ormuz e respondeu com a\u00e7\u00f5es em diversos territ\u00f3rios, incluindo Ar\u00e1bia Saudita, Bahrein, Emirados \u00c1rabes Unidos, Quatar, Kuwait, L\u00edbano, Jord\u00e2nia, Om\u00e3 e Iraque. Registaram-se incidentes com proj\u00e9teis iranianos em Chipre e na Turquia, segundo fontes oficiais.Mais de mil mortos t\u00eam sido contabilizados desde o in\u00edcio do conflito, com maior parte entre a popula\u00e7\u00e3o iraniana.<\/p>\n","protected":false},"excerpt":{"rendered":"<ul>\n<li>O Bloco de Esquerda defende que Paulo Rangel n\u00e3o tem condi\u00e7\u00f5es democr\u00e1ticas para continuar como ministro dos Neg\u00f3cios Estrangeiros.<\/li>\n<li>Jos\u00e9 Manuel Pureza acusa o ministro de ter ocultado informa\u00e7\u00e3o ao pa\u00eds sobre a utiliza\u00e7\u00e3o da base das Lajes.<\/li>\n<li>O Expresso revelou que os EUA fizeram sete voos a partir das Lajes antes do acordo condicional do Governo, j\u00e1 com a guerra em curso.<\/li>\n<li>Pureza afirma que Rangel indicou que as aeronaves n\u00e3o seriam usadas para miss\u00f5es ofensivas, mas houve utiliza\u00e7\u00f5es sem a autoriza\u00e7\u00e3o prevista em lei.<\/li>\n<li>O BE considera a situa\u00e7\u00e3o inaceit\u00e1vel e defende que o ministro n\u00e3o pode manter o cargo neste momento da pol\u00edtica externa de Portugal.<\/li>\n<\/ul>\n","protected":false},"author":2,"featured_media":400740,"comment_status":"closed","ping_status":"closed","sticky":false,"template":"","format":"standard","meta":{"footnotes":""},"categories":[4,1],"tags":[3371,29,34,2832,5698,1014],"class_list":["post-400735","post","type-post","status-publish","format-standard","has-post-thumbnail","hentry","category-internacional","category-noticias","tag-bloco-de-esquerda","tag-diplomacia","tag-governo","tag-politica","tag-politica-internacional","tag-portugal"],"yoast_head":"<!-- This site is optimized with the Yoast SEO plugin v27.2 - https:\/\/yoast.com\/product\/yoast-seo-wordpress\/ -->\n<title>BE considera que Paulo Rangel n\u00e3o tem condi\u00e7\u00f5es para continuar como ministro - Portal Tela Portugal<\/title>\n<meta name=\"robots\" content=\"index, follow, max-snippet:-1, max-image-preview:large, max-video-preview:-1\" \/>\n<meta property=\"og:locale\" content=\"pt_PT\" \/>\n<meta property=\"og:type\" content=\"article\" \/>\n<meta property=\"og:title\" content=\"BE considera que Paulo Rangel n\u00e3o tem condi\u00e7\u00f5es para continuar como ministro - Portal Tela Portugal\" \/>\n<meta property=\"og:description\" content=\"O Bloco de Esquerda defende que Paulo Rangel n\u00e3o tem condi\u00e7\u00f5es democr\u00e1ticas para continuar como ministro dos Neg\u00f3cios Estrangeiros. Jos\u00e9 Manuel Pureza acusa o ministro de ter ocultado informa\u00e7\u00e3o ao pa\u00eds sobre a utiliza\u00e7\u00e3o da base das Lajes. O Expresso revelou que os EUA fizeram sete voos a partir das Lajes antes do acordo condicional do Governo, j\u00e1 com a guerra em curso. Pureza afirma que Rangel indicou que as aeronaves n\u00e3o seriam usadas para miss\u00f5es ofensivas, mas houve utiliza\u00e7\u00f5es sem a autoriza\u00e7\u00e3o prevista em lei. O BE considera a situa\u00e7\u00e3o inaceit\u00e1vel e defende que o ministro n\u00e3o pode manter o cargo neste momento da pol\u00edtica externa de Portugal.\" \/>\n<meta property=\"og:url\" content=\"https:\/\/portaltela.pt\/noticias\/2026\/03\/06\/be-considera-que-paulo-rangel-nao-tem-condicoes-para-continuar-como-ministro\/\" \/>\n<meta property=\"og:site_name\" content=\"Portal Tela Portugal\" \/>\n<meta property=\"article:published_time\" content=\"2026-03-06T19:40:45+00:00\" \/>\n<meta name=\"author\" content=\"Telinha\" \/>\n<meta name=\"twitter:card\" content=\"summary_large_image\" \/>\n<meta name=\"twitter:label1\" content=\"Escrito por\" \/>\n\t<meta name=\"twitter:data1\" content=\"Telinha\" \/>\n\t<meta name=\"twitter:label2\" content=\"Tempo estimado de leitura\" \/>\n\t<meta name=\"twitter:data2\" content=\"2 minutos\" \/>\n<script type=\"application\/ld+json\" class=\"yoast-schema-graph\">{\"@context\":\"https:\/\/schema.org\",\"@graph\":[{\"@type\":\"Article\",\"@id\":\"https:\/\/portaltela.pt\/noticias\/2026\/03\/06\/be-considera-que-paulo-rangel-nao-tem-condicoes-para-continuar-como-ministro\/#article\",\"isPartOf\":{\"@id\":\"https:\/\/portaltela.pt\/noticias\/2026\/03\/06\/be-considera-que-paulo-rangel-nao-tem-condicoes-para-continuar-como-ministro\/\"},\"author\":{\"name\":\"Telinha\",\"@id\":\"https:\/\/portaltela.pt\/#\/schema\/person\/c4278d4a6028830caff9ee44b42d32ed\"},\"headline\":\"BE considera que Paulo Rangel n\u00e3o tem condi\u00e7\u00f5es para continuar como ministro\",\"datePublished\":\"2026-03-06T19:40:45+00:00\",\"mainEntityOfPage\":{\"@id\":\"https:\/\/portaltela.pt\/noticias\/2026\/03\/06\/be-considera-que-paulo-rangel-nao-tem-condicoes-para-continuar-como-ministro\/\"},\"wordCount\":432,\"image\":{\"@id\":\"https:\/\/portaltela.pt\/noticias\/2026\/03\/06\/be-considera-que-paulo-rangel-nao-tem-condicoes-para-continuar-como-ministro\/#primaryimage\"},\"thumbnailUrl\":\"https:\/\/portaltela.pt\/s.01k8rhncp4jt1\/2026\/03\/img_1280x721uu2020-02-21-12-33-07-926367.jpg\",\"keywords\":[\"Bloco de Esquerda\",\"diplomacia\",\"governo\",\"pol\u00edtica\",\"pol\u00edtica internacional\",\"Portugal\"],\"articleSection\":[\"Internacional\",\"Not\u00edcias\"],\"inLanguage\":\"pt-PT\"},{\"@type\":\"WebPage\",\"@id\":\"https:\/\/portaltela.pt\/noticias\/2026\/03\/06\/be-considera-que-paulo-rangel-nao-tem-condicoes-para-continuar-como-ministro\/\",\"url\":\"https:\/\/portaltela.pt\/noticias\/2026\/03\/06\/be-considera-que-paulo-rangel-nao-tem-condicoes-para-continuar-como-ministro\/\",\"name\":\"BE considera que Paulo Rangel n\u00e3o tem condi\u00e7\u00f5es para continuar como ministro - Portal Tela Portugal\",\"isPartOf\":{\"@id\":\"https:\/\/portaltela.pt\/#website\"},\"primaryImageOfPage\":{\"@id\":\"https:\/\/portaltela.pt\/noticias\/2026\/03\/06\/be-considera-que-paulo-rangel-nao-tem-condicoes-para-continuar-como-ministro\/#primaryimage\"},\"image\":{\"@id\":\"https:\/\/portaltela.pt\/noticias\/2026\/03\/06\/be-considera-que-paulo-rangel-nao-tem-condicoes-para-continuar-como-ministro\/#primaryimage\"},\"thumbnailUrl\":\"https:\/\/portaltela.pt\/s.01k8rhncp4jt1\/2026\/03\/img_1280x721uu2020-02-21-12-33-07-926367.jpg\",\"datePublished\":\"2026-03-06T19:40:45+00:00\",\"author\":{\"@id\":\"https:\/\/portaltela.pt\/#\/schema\/person\/c4278d4a6028830caff9ee44b42d32ed\"},\"breadcrumb\":{\"@id\":\"https:\/\/portaltela.pt\/noticias\/2026\/03\/06\/be-considera-que-paulo-rangel-nao-tem-condicoes-para-continuar-como-ministro\/#breadcrumb\"},\"inLanguage\":\"pt-PT\",\"potentialAction\":[{\"@type\":\"ReadAction\",\"target\":[\"https:\/\/portaltela.pt\/noticias\/2026\/03\/06\/be-considera-que-paulo-rangel-nao-tem-condicoes-para-continuar-como-ministro\/\"]}]},{\"@type\":\"ImageObject\",\"inLanguage\":\"pt-PT\",\"@id\":\"https:\/\/portaltela.pt\/noticias\/2026\/03\/06\/be-considera-que-paulo-rangel-nao-tem-condicoes-para-continuar-como-ministro\/#primaryimage\",\"url\":\"https:\/\/portaltela.pt\/s.01k8rhncp4jt1\/2026\/03\/img_1280x721uu2020-02-21-12-33-07-926367.jpg\",\"contentUrl\":\"https:\/\/portaltela.pt\/s.01k8rhncp4jt1\/2026\/03\/img_1280x721uu2020-02-21-12-33-07-926367.jpg\",\"width\":796,\"height\":448,\"caption\":\"Photo\"},{\"@type\":\"BreadcrumbList\",\"@id\":\"https:\/\/portaltela.pt\/noticias\/2026\/03\/06\/be-considera-que-paulo-rangel-nao-tem-condicoes-para-continuar-como-ministro\/#breadcrumb\",\"itemListElement\":[{\"@type\":\"ListItem\",\"position\":1,\"name\":\"In\u00edcio\",\"item\":\"https:\/\/portaltela.pt\/\"},{\"@type\":\"ListItem\",\"position\":2,\"name\":\"BE considera que Paulo Rangel n\u00e3o tem condi\u00e7\u00f5es para continuar como ministro\"}]},{\"@type\":\"WebSite\",\"@id\":\"https:\/\/portaltela.pt\/#website\",\"url\":\"https:\/\/portaltela.pt\/\",\"name\":\"Portal Tela Portugal\",\"description\":\"\",\"potentialAction\":[{\"@type\":\"SearchAction\",\"target\":{\"@type\":\"EntryPoint\",\"urlTemplate\":\"https:\/\/portaltela.pt\/?s={search_term_string}\"},\"query-input\":{\"@type\":\"PropertyValueSpecification\",\"valueRequired\":true,\"valueName\":\"search_term_string\"}}],\"inLanguage\":\"pt-PT\"},{\"@type\":\"Person\",\"@id\":\"https:\/\/portaltela.pt\/#\/schema\/person\/c4278d4a6028830caff9ee44b42d32ed\",\"name\":\"Telinha\",\"image\":{\"@type\":\"ImageObject\",\"inLanguage\":\"pt-PT\",\"@id\":\"https:\/\/portaltela.pt\/s.01k8rhncp4jt1\/2025\/11\/talking-bot-125x125.png\",\"url\":\"https:\/\/portaltela.pt\/s.01k8rhncp4jt1\/2025\/11\/talking-bot-125x125.png\",\"contentUrl\":\"https:\/\/portaltela.pt\/s.01k8rhncp4jt1\/2025\/11\/talking-bot-125x125.png\",\"caption\":\"Telinha\"},\"sameAs\":[\"https:\/\/portaltela.pt\/\"],\"url\":\"https:\/\/portaltela.pt\/por\/367410592786\/\"}]}<\/script>\n<!-- \/ Yoast SEO plugin. -->","yoast_head_json":{"title":"BE considera que Paulo Rangel n\u00e3o tem condi\u00e7\u00f5es para continuar como ministro - Portal Tela Portugal","robots":{"index":"index","follow":"follow","max-snippet":"max-snippet:-1","max-image-preview":"max-image-preview:large","max-video-preview":"max-video-preview:-1"},"og_locale":"pt_PT","og_type":"article","og_title":"BE considera que Paulo Rangel n\u00e3o tem condi\u00e7\u00f5es para continuar como ministro - Portal Tela Portugal","og_description":"O Bloco de Esquerda defende que Paulo Rangel n\u00e3o tem condi\u00e7\u00f5es democr\u00e1ticas para continuar como ministro dos Neg\u00f3cios Estrangeiros. Jos\u00e9 Manuel Pureza acusa o ministro de ter ocultado informa\u00e7\u00e3o ao pa\u00eds sobre a utiliza\u00e7\u00e3o da base das Lajes. O Expresso revelou que os EUA fizeram sete voos a partir das Lajes antes do acordo condicional do Governo, j\u00e1 com a guerra em curso. Pureza afirma que Rangel indicou que as aeronaves n\u00e3o seriam usadas para miss\u00f5es ofensivas, mas houve utiliza\u00e7\u00f5es sem a autoriza\u00e7\u00e3o prevista em lei. O BE considera a situa\u00e7\u00e3o inaceit\u00e1vel e defende que o ministro n\u00e3o pode manter o cargo neste momento da pol\u00edtica externa de Portugal.","og_url":"https:\/\/portaltela.pt\/noticias\/2026\/03\/06\/be-considera-que-paulo-rangel-nao-tem-condicoes-para-continuar-como-ministro\/","og_site_name":"Portal Tela Portugal","article_published_time":"2026-03-06T19:40:45+00:00","author":"Telinha","twitter_card":"summary_large_image","twitter_misc":{"Escrito por":"Telinha","Tempo estimado de leitura":"2 minutos"},"schema":{"@context":"https:\/\/schema.org","@graph":[{"@type":"Article","@id":"https:\/\/portaltela.pt\/noticias\/2026\/03\/06\/be-considera-que-paulo-rangel-nao-tem-condicoes-para-continuar-como-ministro\/#article","isPartOf":{"@id":"https:\/\/portaltela.pt\/noticias\/2026\/03\/06\/be-considera-que-paulo-rangel-nao-tem-condicoes-para-continuar-como-ministro\/"},"author":{"name":"Telinha","@id":"https:\/\/portaltela.pt\/#\/schema\/person\/c4278d4a6028830caff9ee44b42d32ed"},"headline":"BE considera que Paulo Rangel n\u00e3o tem condi\u00e7\u00f5es para continuar como ministro","datePublished":"2026-03-06T19:40:45+00:00","mainEntityOfPage":{"@id":"https:\/\/portaltela.pt\/noticias\/2026\/03\/06\/be-considera-que-paulo-rangel-nao-tem-condicoes-para-continuar-como-ministro\/"},"wordCount":432,"image":{"@id":"https:\/\/portaltela.pt\/noticias\/2026\/03\/06\/be-considera-que-paulo-rangel-nao-tem-condicoes-para-continuar-como-ministro\/#primaryimage"},"thumbnailUrl":"https:\/\/portaltela.pt\/s.01k8rhncp4jt1\/2026\/03\/img_1280x721uu2020-02-21-12-33-07-926367.jpg","keywords":["Bloco de Esquerda","diplomacia","governo","pol\u00edtica","pol\u00edtica internacional","Portugal"],"articleSection":["Internacional","Not\u00edcias"],"inLanguage":"pt-PT"},{"@type":"WebPage","@id":"https:\/\/portaltela.pt\/noticias\/2026\/03\/06\/be-considera-que-paulo-rangel-nao-tem-condicoes-para-continuar-como-ministro\/","url":"https:\/\/portaltela.pt\/noticias\/2026\/03\/06\/be-considera-que-paulo-rangel-nao-tem-condicoes-para-continuar-como-ministro\/","name":"BE considera que Paulo Rangel n\u00e3o tem condi\u00e7\u00f5es para continuar como ministro - Portal Tela Portugal","isPartOf":{"@id":"https:\/\/portaltela.pt\/#website"},"primaryImageOfPage":{"@id":"https:\/\/portaltela.pt\/noticias\/2026\/03\/06\/be-considera-que-paulo-rangel-nao-tem-condicoes-para-continuar-como-ministro\/#primaryimage"},"image":{"@id":"https:\/\/portaltela.pt\/noticias\/2026\/03\/06\/be-considera-que-paulo-rangel-nao-tem-condicoes-para-continuar-como-ministro\/#primaryimage"},"thumbnailUrl":"https:\/\/portaltela.pt\/s.01k8rhncp4jt1\/2026\/03\/img_1280x721uu2020-02-21-12-33-07-926367.jpg","datePublished":"2026-03-06T19:40:45+00:00","author":{"@id":"https:\/\/portaltela.pt\/#\/schema\/person\/c4278d4a6028830caff9ee44b42d32ed"},"breadcrumb":{"@id":"https:\/\/portaltela.pt\/noticias\/2026\/03\/06\/be-considera-que-paulo-rangel-nao-tem-condicoes-para-continuar-como-ministro\/#breadcrumb"},"inLanguage":"pt-PT","potentialAction":[{"@type":"ReadAction","target":["https:\/\/portaltela.pt\/noticias\/2026\/03\/06\/be-considera-que-paulo-rangel-nao-tem-condicoes-para-continuar-como-ministro\/"]}]},{"@type":"ImageObject","inLanguage":"pt-PT","@id":"https:\/\/portaltela.pt\/noticias\/2026\/03\/06\/be-considera-que-paulo-rangel-nao-tem-condicoes-para-continuar-como-ministro\/#primaryimage","url":"https:\/\/portaltela.pt\/s.01k8rhncp4jt1\/2026\/03\/img_1280x721uu2020-02-21-12-33-07-926367.jpg","contentUrl":"https:\/\/portaltela.pt\/s.01k8rhncp4jt1\/2026\/03\/img_1280x721uu2020-02-21-12-33-07-926367.jpg","width":796,"height":448,"caption":"Photo"},{"@type":"BreadcrumbList","@id":"https:\/\/portaltela.pt\/noticias\/2026\/03\/06\/be-considera-que-paulo-rangel-nao-tem-condicoes-para-continuar-como-ministro\/#breadcrumb","itemListElement":[{"@type":"ListItem","position":1,"name":"In\u00edcio","item":"https:\/\/portaltela.pt\/"},{"@type":"ListItem","position":2,"name":"BE considera que Paulo Rangel n\u00e3o tem condi\u00e7\u00f5es para continuar como ministro"}]},{"@type":"WebSite","@id":"https:\/\/portaltela.pt\/#website","url":"https:\/\/portaltela.pt\/","name":"Portal Tela Portugal","description":"","potentialAction":[{"@type":"SearchAction","target":{"@type":"EntryPoint","urlTemplate":"https:\/\/portaltela.pt\/?s={search_term_string}"},"query-input":{"@type":"PropertyValueSpecification","valueRequired":true,"valueName":"search_term_string"}}],"inLanguage":"pt-PT"},{"@type":"Person","@id":"https:\/\/portaltela.pt\/#\/schema\/person\/c4278d4a6028830caff9ee44b42d32ed","name":"Telinha","image":{"@type":"ImageObject","inLanguage":"pt-PT","@id":"https:\/\/portaltela.pt\/s.01k8rhncp4jt1\/2025\/11\/talking-bot-125x125.png","url":"https:\/\/portaltela.pt\/s.01k8rhncp4jt1\/2025\/11\/talking-bot-125x125.png","contentUrl":"https:\/\/portaltela.pt\/s.01k8rhncp4jt1\/2025\/11\/talking-bot-125x125.png","caption":"Telinha"},"sameAs":["https:\/\/portaltela.pt\/"],"url":"https:\/\/portaltela.pt\/por\/367410592786\/"}]}},"_links":{"self":[{"href":"https:\/\/portaltela.pt\/api\/wp\/v2\/posts\/400735","targetHints":{"allow":["GET"]}}],"collection":[{"href":"https:\/\/portaltela.pt\/api\/wp\/v2\/posts"}],"about":[{"href":"https:\/\/portaltela.pt\/api\/wp\/v2\/types\/post"}],"author":[{"embeddable":true,"href":"https:\/\/portaltela.pt\/api\/wp\/v2\/users\/2"}],"replies":[{"embeddable":true,"href":"https:\/\/portaltela.pt\/api\/wp\/v2\/comments?post=400735"}],"version-history":[{"count":0,"href":"https:\/\/portaltela.pt\/api\/wp\/v2\/posts\/400735\/revisions"}],"wp:featuredmedia":[{"embeddable":true,"href":"https:\/\/portaltela.pt\/api\/wp\/v2\/media\/400740"}],"wp:attachment":[{"href":"https:\/\/portaltela.pt\/api\/wp\/v2\/media?parent=400735"}],"wp:term":[{"taxonomy":"category","embeddable":true,"href":"https:\/\/portaltela.pt\/api\/wp\/v2\/categories?post=400735"},{"taxonomy":"post_tag","embeddable":true,"href":"https:\/\/portaltela.pt\/api\/wp\/v2\/tags?post=400735"}],"curies":[{"name":"wp","href":"https:\/\/api.w.org\/{rel}","templated":true}]}}