{"id":400729,"date":"2026-03-06T16:23:04","date_gmt":"2026-03-06T19:23:04","guid":{"rendered":"https:\/\/portaltela.pt\/noticias\/2026\/03\/06\/barbara-norton-de-matos-e-o-ex-marido-relacao-de-cumplicidade-em-foco\/"},"modified":"2026-03-06T16:23:04","modified_gmt":"2026-03-06T19:23:04","slug":"barbara-norton-de-matos-e-o-ex-marido-relacao-de-cumplicidade-em-foco","status":"publish","type":"post","link":"https:\/\/portaltela.pt\/celebridades\/2026\/03\/06\/barbara-norton-de-matos-e-o-ex-marido-relacao-de-cumplicidade-em-foco\/","title":{"rendered":"B\u00e1rbara Norton de Matos e o ex-marido: rela\u00e7\u00e3o de cumplicidade em foco"},"content":{"rendered":"<p>B\u00e1rbara Norton de Matos voltou a treinar com o ex-marido, Ricardo Areias, mantendo a pr\u00e1tica f\u00edsica com o objetivo de se manter em boa forma. O personal trainer tem feito parte da rotina da atriz ao longo dos anos, mesmo ap\u00f3s o div\u00f3rcio, mantendo uma rela\u00e7\u00e3o de amizade.<\/p>\n<p>A atualiza\u00e7\u00e3o foi partilhada pela atriz nas redes sociais, onde agradeceu ao ex pela ajuda e motiva\u00e7\u00e3o. Acrescentou que o esfor\u00e7o n\u00e3o \u00e9 sobre perfei\u00e7\u00e3o, mas sim sobre consist\u00eancia, reconhecendo a dificuldade dos treinos.<\/p>\n<p>O regresso dos treinos em conjunto ocorreu no m\u00eas passado, ap\u00f3s uma pausa. A atriz descreveu a experi\u00eancia como treino em fam\u00edlia, referindo-se ao pai da filha como parte do processo de crescimento pessoal.<\/p>\n<p>B\u00e1rbara Norton de Matos e Ricardo Areias s\u00e3o pais de Flor, 9 anos, e a colabora\u00e7\u00e3o entre os dois continua a, segundo a publica\u00e7\u00e3o, facilitar a manuten\u00e7\u00e3o de h\u00e1bitos saud\u00e1veis para ambos.<\/p>\n","protected":false},"excerpt":{"rendered":"<ul>\n<li>B\u00e1rbara Norton de Matos voltou a treinar com o ex-marido, Ricardo Areias, que \u00e9 personal trainer, mantendo a rotina de exerc\u00edcios.<\/li>\n<li>O div\u00f3rcio n\u00e3o quebrou a amizade entre os dois, que continuam a partilhar momentos de treino para manterem a boa forma.<\/li>\n<li>A atriz, de 46 anos, escreveu no Instagram que, se conseguir motivar algu\u00e9m a mexer-se, j\u00e1 valeu a pena, destacando a ideia de consist\u00eancia.<\/li>\n<li>Agradeceu a Ricardo Areias por puxar por ela e finalizou com um obrigado pela parceria no treino.<\/li>\n<li>Em mar\u00e7o, voltaram a aproximar-se com treino em fam\u00edlia, com B\u00e1rbara a dizer que \u00e9 tamb\u00e9m crescer ao lado do pai da crian\u00e7a, Flor, de 9 anos.<\/li>\n<\/ul>\n","protected":false},"author":2,"featured_media":400730,"comment_status":"closed","ping_status":"closed","sticky":false,"template":"","format":"standard","meta":{"footnotes":""},"categories":[6675],"tags":[6214,64,6135,5661,1731,1196],"class_list":["post-400729","post","type-post","status-publish","format-standard","has-post-thumbnail","hentry","category-celebridades","tag-casal","tag-familia","tag-fitness","tag-pessoas-publicas","tag-treino","tag-vida-privada"],"yoast_head":"<!-- This site is optimized with the Yoast SEO plugin v27.2 - https:\/\/yoast.com\/product\/yoast-seo-wordpress\/ -->\n<title>B\u00e1rbara Norton de Matos e o ex-marido: rela\u00e7\u00e3o de cumplicidade em foco - Portal Tela Portugal<\/title>\n<meta name=\"robots\" content=\"index, follow, max-snippet:-1, max-image-preview:large, max-video-preview:-1\" \/>\n<meta property=\"og:locale\" content=\"pt_PT\" \/>\n<meta property=\"og:type\" content=\"article\" \/>\n<meta property=\"og:title\" content=\"B\u00e1rbara Norton de Matos e o ex-marido: rela\u00e7\u00e3o de cumplicidade em foco - Portal Tela Portugal\" \/>\n<meta property=\"og:description\" content=\"B\u00e1rbara Norton de Matos voltou a treinar com o ex-marido, Ricardo Areias, que \u00e9 personal trainer, mantendo a rotina de exerc\u00edcios. O div\u00f3rcio n\u00e3o quebrou a amizade entre os dois, que continuam a partilhar momentos de treino para manterem a boa forma. A atriz, de 46 anos, escreveu no Instagram que, se conseguir motivar algu\u00e9m a mexer-se, j\u00e1 valeu a pena, destacando a ideia de consist\u00eancia. Agradeceu a Ricardo Areias por puxar por ela e finalizou com um obrigado pela parceria no treino. Em mar\u00e7o, voltaram a aproximar-se com treino em fam\u00edlia, com B\u00e1rbara a dizer que \u00e9 tamb\u00e9m crescer ao lado do pai da crian\u00e7a, Flor, de 9 anos.\" \/>\n<meta property=\"og:url\" content=\"https:\/\/portaltela.pt\/noticias\/2026\/03\/06\/barbara-norton-de-matos-e-o-ex-marido-relacao-de-cumplicidade-em-foco\/\" \/>\n<meta property=\"og:site_name\" content=\"Portal Tela Portugal\" \/>\n<meta property=\"article:published_time\" content=\"2026-03-06T19:23:04+00:00\" \/>\n<meta name=\"author\" content=\"Telinha\" \/>\n<meta name=\"twitter:card\" content=\"summary_large_image\" \/>\n<meta name=\"twitter:label1\" content=\"Escrito por\" \/>\n\t<meta name=\"twitter:data1\" content=\"Telinha\" \/>\n\t<meta name=\"twitter:label2\" content=\"Tempo estimado de leitura\" \/>\n\t<meta name=\"twitter:data2\" content=\"1 minuto\" \/>\n<script type=\"application\/ld+json\" class=\"yoast-schema-graph\">{\"@context\":\"https:\/\/schema.org\",\"@graph\":[{\"@type\":\"Article\",\"@id\":\"https:\/\/portaltela.pt\/noticias\/2026\/03\/06\/barbara-norton-de-matos-e-o-ex-marido-relacao-de-cumplicidade-em-foco\/#article\",\"isPartOf\":{\"@id\":\"https:\/\/portaltela.pt\/noticias\/2026\/03\/06\/barbara-norton-de-matos-e-o-ex-marido-relacao-de-cumplicidade-em-foco\/\"},\"author\":{\"name\":\"Telinha\",\"@id\":\"https:\/\/portaltela.pt\/#\/schema\/person\/c4278d4a6028830caff9ee44b42d32ed\"},\"headline\":\"B\u00e1rbara Norton de Matos e o ex-marido: rela\u00e7\u00e3o de cumplicidade em foco\",\"datePublished\":\"2026-03-06T19:23:04+00:00\",\"mainEntityOfPage\":{\"@id\":\"https:\/\/portaltela.pt\/noticias\/2026\/03\/06\/barbara-norton-de-matos-e-o-ex-marido-relacao-de-cumplicidade-em-foco\/\"},\"wordCount\":183,\"image\":{\"@id\":\"https:\/\/portaltela.pt\/noticias\/2026\/03\/06\/barbara-norton-de-matos-e-o-ex-marido-relacao-de-cumplicidade-em-foco\/#primaryimage\"},\"thumbnailUrl\":\"https:\/\/portaltela.pt\/s.01k8rhncp4jt1\/2026\/03\/img_1280x718uu2026-03-06-14-39-39-2270776-im-639084047966733137.jpg\",\"keywords\":[\"Casal\",\"fam\u00edlia\",\"fitness\",\"pessoas p\u00fablicas\",\"treino\",\"Vida Privada\"],\"articleSection\":[\"Celebridades\"],\"inLanguage\":\"pt-PT\"},{\"@type\":\"WebPage\",\"@id\":\"https:\/\/portaltela.pt\/noticias\/2026\/03\/06\/barbara-norton-de-matos-e-o-ex-marido-relacao-de-cumplicidade-em-foco\/\",\"url\":\"https:\/\/portaltela.pt\/noticias\/2026\/03\/06\/barbara-norton-de-matos-e-o-ex-marido-relacao-de-cumplicidade-em-foco\/\",\"name\":\"B\u00e1rbara Norton de Matos e o ex-marido: rela\u00e7\u00e3o de cumplicidade em foco - Portal Tela Portugal\",\"isPartOf\":{\"@id\":\"https:\/\/portaltela.pt\/#website\"},\"primaryImageOfPage\":{\"@id\":\"https:\/\/portaltela.pt\/noticias\/2026\/03\/06\/barbara-norton-de-matos-e-o-ex-marido-relacao-de-cumplicidade-em-foco\/#primaryimage\"},\"image\":{\"@id\":\"https:\/\/portaltela.pt\/noticias\/2026\/03\/06\/barbara-norton-de-matos-e-o-ex-marido-relacao-de-cumplicidade-em-foco\/#primaryimage\"},\"thumbnailUrl\":\"https:\/\/portaltela.pt\/s.01k8rhncp4jt1\/2026\/03\/img_1280x718uu2026-03-06-14-39-39-2270776-im-639084047966733137.jpg\",\"datePublished\":\"2026-03-06T19:23:04+00:00\",\"author\":{\"@id\":\"https:\/\/portaltela.pt\/#\/schema\/person\/c4278d4a6028830caff9ee44b42d32ed\"},\"breadcrumb\":{\"@id\":\"https:\/\/portaltela.pt\/noticias\/2026\/03\/06\/barbara-norton-de-matos-e-o-ex-marido-relacao-de-cumplicidade-em-foco\/#breadcrumb\"},\"inLanguage\":\"pt-PT\",\"potentialAction\":[{\"@type\":\"ReadAction\",\"target\":[\"https:\/\/portaltela.pt\/noticias\/2026\/03\/06\/barbara-norton-de-matos-e-o-ex-marido-relacao-de-cumplicidade-em-foco\/\"]}]},{\"@type\":\"ImageObject\",\"inLanguage\":\"pt-PT\",\"@id\":\"https:\/\/portaltela.pt\/noticias\/2026\/03\/06\/barbara-norton-de-matos-e-o-ex-marido-relacao-de-cumplicidade-em-foco\/#primaryimage\",\"url\":\"https:\/\/portaltela.pt\/s.01k8rhncp4jt1\/2026\/03\/img_1280x718uu2026-03-06-14-39-39-2270776-im-639084047966733137.jpg\",\"contentUrl\":\"https:\/\/portaltela.pt\/s.01k8rhncp4jt1\/2026\/03\/img_1280x718uu2026-03-06-14-39-39-2270776-im-639084047966733137.jpg\",\"width\":1280,\"height\":718,\"caption\":\"B\u00e1rbara Norton de Matos\"},{\"@type\":\"BreadcrumbList\",\"@id\":\"https:\/\/portaltela.pt\/noticias\/2026\/03\/06\/barbara-norton-de-matos-e-o-ex-marido-relacao-de-cumplicidade-em-foco\/#breadcrumb\",\"itemListElement\":[{\"@type\":\"ListItem\",\"position\":1,\"name\":\"In\u00edcio\",\"item\":\"https:\/\/portaltela.pt\/\"},{\"@type\":\"ListItem\",\"position\":2,\"name\":\"B\u00e1rbara Norton de Matos e o ex-marido: rela\u00e7\u00e3o de cumplicidade em foco\"}]},{\"@type\":\"WebSite\",\"@id\":\"https:\/\/portaltela.pt\/#website\",\"url\":\"https:\/\/portaltela.pt\/\",\"name\":\"Portal Tela Portugal\",\"description\":\"\",\"potentialAction\":[{\"@type\":\"SearchAction\",\"target\":{\"@type\":\"EntryPoint\",\"urlTemplate\":\"https:\/\/portaltela.pt\/?s={search_term_string}\"},\"query-input\":{\"@type\":\"PropertyValueSpecification\",\"valueRequired\":true,\"valueName\":\"search_term_string\"}}],\"inLanguage\":\"pt-PT\"},{\"@type\":\"Person\",\"@id\":\"https:\/\/portaltela.pt\/#\/schema\/person\/c4278d4a6028830caff9ee44b42d32ed\",\"name\":\"Telinha\",\"image\":{\"@type\":\"ImageObject\",\"inLanguage\":\"pt-PT\",\"@id\":\"https:\/\/portaltela.pt\/s.01k8rhncp4jt1\/2025\/11\/talking-bot-125x125.png\",\"url\":\"https:\/\/portaltela.pt\/s.01k8rhncp4jt1\/2025\/11\/talking-bot-125x125.png\",\"contentUrl\":\"https:\/\/portaltela.pt\/s.01k8rhncp4jt1\/2025\/11\/talking-bot-125x125.png\",\"caption\":\"Telinha\"},\"sameAs\":[\"https:\/\/portaltela.pt\/\"],\"url\":\"https:\/\/portaltela.pt\/por\/367410592786\/\"}]}<\/script>\n<!-- \/ Yoast SEO plugin. -->","yoast_head_json":{"title":"B\u00e1rbara Norton de Matos e o ex-marido: rela\u00e7\u00e3o de cumplicidade em foco - Portal Tela Portugal","robots":{"index":"index","follow":"follow","max-snippet":"max-snippet:-1","max-image-preview":"max-image-preview:large","max-video-preview":"max-video-preview:-1"},"og_locale":"pt_PT","og_type":"article","og_title":"B\u00e1rbara Norton de Matos e o ex-marido: rela\u00e7\u00e3o de cumplicidade em foco - Portal Tela Portugal","og_description":"B\u00e1rbara Norton de Matos voltou a treinar com o ex-marido, Ricardo Areias, que \u00e9 personal trainer, mantendo a rotina de exerc\u00edcios. O div\u00f3rcio n\u00e3o quebrou a amizade entre os dois, que continuam a partilhar momentos de treino para manterem a boa forma. A atriz, de 46 anos, escreveu no Instagram que, se conseguir motivar algu\u00e9m a mexer-se, j\u00e1 valeu a pena, destacando a ideia de consist\u00eancia. Agradeceu a Ricardo Areias por puxar por ela e finalizou com um obrigado pela parceria no treino. Em mar\u00e7o, voltaram a aproximar-se com treino em fam\u00edlia, com B\u00e1rbara a dizer que \u00e9 tamb\u00e9m crescer ao lado do pai da crian\u00e7a, Flor, de 9 anos.","og_url":"https:\/\/portaltela.pt\/noticias\/2026\/03\/06\/barbara-norton-de-matos-e-o-ex-marido-relacao-de-cumplicidade-em-foco\/","og_site_name":"Portal Tela Portugal","article_published_time":"2026-03-06T19:23:04+00:00","author":"Telinha","twitter_card":"summary_large_image","twitter_misc":{"Escrito por":"Telinha","Tempo estimado de leitura":"1 minuto"},"schema":{"@context":"https:\/\/schema.org","@graph":[{"@type":"Article","@id":"https:\/\/portaltela.pt\/noticias\/2026\/03\/06\/barbara-norton-de-matos-e-o-ex-marido-relacao-de-cumplicidade-em-foco\/#article","isPartOf":{"@id":"https:\/\/portaltela.pt\/noticias\/2026\/03\/06\/barbara-norton-de-matos-e-o-ex-marido-relacao-de-cumplicidade-em-foco\/"},"author":{"name":"Telinha","@id":"https:\/\/portaltela.pt\/#\/schema\/person\/c4278d4a6028830caff9ee44b42d32ed"},"headline":"B\u00e1rbara Norton de Matos e o ex-marido: rela\u00e7\u00e3o de cumplicidade em foco","datePublished":"2026-03-06T19:23:04+00:00","mainEntityOfPage":{"@id":"https:\/\/portaltela.pt\/noticias\/2026\/03\/06\/barbara-norton-de-matos-e-o-ex-marido-relacao-de-cumplicidade-em-foco\/"},"wordCount":183,"image":{"@id":"https:\/\/portaltela.pt\/noticias\/2026\/03\/06\/barbara-norton-de-matos-e-o-ex-marido-relacao-de-cumplicidade-em-foco\/#primaryimage"},"thumbnailUrl":"https:\/\/portaltela.pt\/s.01k8rhncp4jt1\/2026\/03\/img_1280x718uu2026-03-06-14-39-39-2270776-im-639084047966733137.jpg","keywords":["Casal","fam\u00edlia","fitness","pessoas p\u00fablicas","treino","Vida Privada"],"articleSection":["Celebridades"],"inLanguage":"pt-PT"},{"@type":"WebPage","@id":"https:\/\/portaltela.pt\/noticias\/2026\/03\/06\/barbara-norton-de-matos-e-o-ex-marido-relacao-de-cumplicidade-em-foco\/","url":"https:\/\/portaltela.pt\/noticias\/2026\/03\/06\/barbara-norton-de-matos-e-o-ex-marido-relacao-de-cumplicidade-em-foco\/","name":"B\u00e1rbara Norton de Matos e o ex-marido: rela\u00e7\u00e3o de cumplicidade em foco - Portal Tela Portugal","isPartOf":{"@id":"https:\/\/portaltela.pt\/#website"},"primaryImageOfPage":{"@id":"https:\/\/portaltela.pt\/noticias\/2026\/03\/06\/barbara-norton-de-matos-e-o-ex-marido-relacao-de-cumplicidade-em-foco\/#primaryimage"},"image":{"@id":"https:\/\/portaltela.pt\/noticias\/2026\/03\/06\/barbara-norton-de-matos-e-o-ex-marido-relacao-de-cumplicidade-em-foco\/#primaryimage"},"thumbnailUrl":"https:\/\/portaltela.pt\/s.01k8rhncp4jt1\/2026\/03\/img_1280x718uu2026-03-06-14-39-39-2270776-im-639084047966733137.jpg","datePublished":"2026-03-06T19:23:04+00:00","author":{"@id":"https:\/\/portaltela.pt\/#\/schema\/person\/c4278d4a6028830caff9ee44b42d32ed"},"breadcrumb":{"@id":"https:\/\/portaltela.pt\/noticias\/2026\/03\/06\/barbara-norton-de-matos-e-o-ex-marido-relacao-de-cumplicidade-em-foco\/#breadcrumb"},"inLanguage":"pt-PT","potentialAction":[{"@type":"ReadAction","target":["https:\/\/portaltela.pt\/noticias\/2026\/03\/06\/barbara-norton-de-matos-e-o-ex-marido-relacao-de-cumplicidade-em-foco\/"]}]},{"@type":"ImageObject","inLanguage":"pt-PT","@id":"https:\/\/portaltela.pt\/noticias\/2026\/03\/06\/barbara-norton-de-matos-e-o-ex-marido-relacao-de-cumplicidade-em-foco\/#primaryimage","url":"https:\/\/portaltela.pt\/s.01k8rhncp4jt1\/2026\/03\/img_1280x718uu2026-03-06-14-39-39-2270776-im-639084047966733137.jpg","contentUrl":"https:\/\/portaltela.pt\/s.01k8rhncp4jt1\/2026\/03\/img_1280x718uu2026-03-06-14-39-39-2270776-im-639084047966733137.jpg","width":1280,"height":718,"caption":"B\u00e1rbara Norton de Matos"},{"@type":"BreadcrumbList","@id":"https:\/\/portaltela.pt\/noticias\/2026\/03\/06\/barbara-norton-de-matos-e-o-ex-marido-relacao-de-cumplicidade-em-foco\/#breadcrumb","itemListElement":[{"@type":"ListItem","position":1,"name":"In\u00edcio","item":"https:\/\/portaltela.pt\/"},{"@type":"ListItem","position":2,"name":"B\u00e1rbara Norton de Matos e o ex-marido: rela\u00e7\u00e3o de cumplicidade em foco"}]},{"@type":"WebSite","@id":"https:\/\/portaltela.pt\/#website","url":"https:\/\/portaltela.pt\/","name":"Portal Tela Portugal","description":"","potentialAction":[{"@type":"SearchAction","target":{"@type":"EntryPoint","urlTemplate":"https:\/\/portaltela.pt\/?s={search_term_string}"},"query-input":{"@type":"PropertyValueSpecification","valueRequired":true,"valueName":"search_term_string"}}],"inLanguage":"pt-PT"},{"@type":"Person","@id":"https:\/\/portaltela.pt\/#\/schema\/person\/c4278d4a6028830caff9ee44b42d32ed","name":"Telinha","image":{"@type":"ImageObject","inLanguage":"pt-PT","@id":"https:\/\/portaltela.pt\/s.01k8rhncp4jt1\/2025\/11\/talking-bot-125x125.png","url":"https:\/\/portaltela.pt\/s.01k8rhncp4jt1\/2025\/11\/talking-bot-125x125.png","contentUrl":"https:\/\/portaltela.pt\/s.01k8rhncp4jt1\/2025\/11\/talking-bot-125x125.png","caption":"Telinha"},"sameAs":["https:\/\/portaltela.pt\/"],"url":"https:\/\/portaltela.pt\/por\/367410592786\/"}]}},"_links":{"self":[{"href":"https:\/\/portaltela.pt\/api\/wp\/v2\/posts\/400729","targetHints":{"allow":["GET"]}}],"collection":[{"href":"https:\/\/portaltela.pt\/api\/wp\/v2\/posts"}],"about":[{"href":"https:\/\/portaltela.pt\/api\/wp\/v2\/types\/post"}],"author":[{"embeddable":true,"href":"https:\/\/portaltela.pt\/api\/wp\/v2\/users\/2"}],"replies":[{"embeddable":true,"href":"https:\/\/portaltela.pt\/api\/wp\/v2\/comments?post=400729"}],"version-history":[{"count":0,"href":"https:\/\/portaltela.pt\/api\/wp\/v2\/posts\/400729\/revisions"}],"wp:featuredmedia":[{"embeddable":true,"href":"https:\/\/portaltela.pt\/api\/wp\/v2\/media\/400730"}],"wp:attachment":[{"href":"https:\/\/portaltela.pt\/api\/wp\/v2\/media?parent=400729"}],"wp:term":[{"taxonomy":"category","embeddable":true,"href":"https:\/\/portaltela.pt\/api\/wp\/v2\/categories?post=400729"},{"taxonomy":"post_tag","embeddable":true,"href":"https:\/\/portaltela.pt\/api\/wp\/v2\/tags?post=400729"}],"curies":[{"name":"wp","href":"https:\/\/api.w.org\/{rel}","templated":true}]}}