{"id":400719,"date":"2026-03-06T16:07:20","date_gmt":"2026-03-06T19:07:20","guid":{"rendered":"https:\/\/portaltela.pt\/noticias\/2026\/03\/06\/tribunal-dos-acores-reduz-pendentes-em-1004-em-2025\/"},"modified":"2026-03-06T16:07:20","modified_gmt":"2026-03-06T19:07:20","slug":"tribunal-dos-acores-reduz-pendentes-em-1004-em-2025","status":"publish","type":"post","link":"https:\/\/portaltela.pt\/noticias\/politica\/2026\/03\/06\/tribunal-dos-acores-reduz-pendentes-em-1004-em-2025\/","title":{"rendered":"Tribunal dos A\u00e7ores reduz pendentes em 10,04% em 2025"},"content":{"rendered":"<p>O Tribunal Judicial da Comarca dos A\u00e7ores registou em 2025 uma queda de 10,04% nas pend\u00eancias oficiais (processos sem decis\u00e3o) e de 3,91% nas pend\u00eancias de secretaria (com decis\u00e3o, mas por arquivar). A not\u00edcia foi apresentada pela presidente do TJC, Patr\u00edcia Pedreiras, esta sexta-feira.<\/p>\n<p>Segundo o Relat\u00f3rio Anual de Gest\u00e3o, o TJC\/A\u00e7ores manteve uma tend\u00eancia de redu\u00e7\u00e3o das pend\u00eancias, apesar da passagem por um per\u00edodo de turbul\u00eancia provocado por greves de oficiais de justi\u00e7a entre 2023 e 2025. O quadro de oficiais de justi\u00e7a foi deficit\u00e1rio, com n\u00edveis entre 10,45% e 12,44%, e o absentismo situou-se em cerca de 15,36%.<\/p>\n<p>A taxa de litig\u00e2ncia manteve-se elevada, com 70,22% de a\u00e7\u00f5es por mil habitantes. Em termos de desempenho, o ano anterior destacou-se pela dura\u00e7\u00e3o m\u00e9dia dos processos, fixada em 170 dias, e pela melhoria na gest\u00e3o de pendentes com mais de tr\u00eas anos, em 6,16% (menos que os 9,91% de 2024).<\/p>\n<h2>Desafios de recursos humanos e obras previstas<\/h2>\n<p>Durante 2025, o TJC\/A\u00e7ores ficou temporariamente privado de parte dos ju\u00edzes por aus\u00eancias justificadas, totalizando 851 dias, quase 150 dias acima de 2024. Este fator tensionou os recursos humanos dispon\u00edveis. O n\u00famero de ju\u00edzes em funcionamento manteve-se entre 32 e 34, num quadro fixado de 32.<\/p>\n<p>Em termos de obras, foram lan\u00e7ados concursos de reabilita\u00e7\u00e3o para os Pal\u00e1cios da Justi\u00e7a de Santa Cruz das Flores (Flores) e da Ribeira Grande (S\u00e3o Miguel) em junho. O concurso de Santa Cruz das Flores tem base de 750 mil euros, com poss\u00edvel consigna\u00e7\u00e3o prevista para o primeiro trimestre de 2026. Na Ribeira Grande, n\u00e3o houve concorrentes e foi preciso reajustar o valor-base para 725 mil euros, aguardando refor\u00e7o or\u00e7amental, com garantia de in\u00edcio em 2026.<\/p>\n<p>Em novembro de 2025 abriu-se novo concurso para a remodela\u00e7\u00e3o do Pal\u00e1cio da Justi\u00e7a de Ponta Delgada (S\u00e3o Miguel), com base de 1,4 milh\u00f5es de euros. A an\u00e1lise das necessidades indica ainda obras profundas no Pal\u00e1cio da Justi\u00e7a de Praia da Vit\u00f3ria (Terceira) e interven\u00e7\u00f5es em \u00e1reas estruturais do Pal\u00e1cio da Justi\u00e7a da Horta (Faial).<\/p>\n<p>Relativamente \u00e0s instala\u00e7\u00f5es sanit\u00e1rias, duas empreitadas \u2014 Povoa\u00e7\u00e3o (S\u00e3o Miguel) e Praia da Vit\u00f3ria (Terceira) \u2014 ficaram por realizar, apesar de novos procedimentos iniciados em setembro de 2025, sem cabimento por parte da DGAJ at\u00e9 ao momento.<\/p>\n","protected":false},"excerpt":{"rendered":"<ul>\n<li>Em 2025, o Tribunal Judicial da Comarca dos A\u00e7ores reduziu as pend\u00eancias oficiais em 10,04% e as pend\u00eancias de secretaria em 3,91%.<\/li>\n<li>O quadro atual \u00e9 de trinta e dois ju\u00edzes, tendo estado entre trinta e dois e trinta e quatro no per\u00edodo analisado.<\/li>\n<li>A melhoria ocorreu num contexto de turbul\u00eancia causado por greves de oficiais de justi\u00e7a entre 2023 e 2025, com d\u00e9fice de oficiais entre 10,45% e 12,44% e absentismo de cerca de 15,36%.<\/li>\n<li>A taxa de litig\u00e2ncia est\u00e1 em 70,22% e a dura\u00e7\u00e3o m\u00e9dia dos processos foi de 170 dias; a percentagem de pendentes h\u00e1 mais de tr\u00eas anos desceu para 6,16% em 2025.<\/li>\n<li>Relacionado com obras, foram lan\u00e7ados concursos para reabilita\u00e7\u00e3o dos Pal\u00e1cios da Justi\u00e7a de Santa Cruz das Flores (valor base de 750 mil euros) e da Ribeira Grande (valor base de 725 mil euros, ambos com perspetiva de in\u00edcio em 2026), al\u00e9m de concurso de 1,4 milh\u00f5es de euros para Ponta Delgada; existem perspetivas de remodela\u00e7\u00f5es em Praia da Vit\u00f3ria e Horta, e duas empreitadas de remodela\u00e7\u00e3o por cabimenta\u00e7\u00e3o pela DGAJ.<\/li>\n<\/ul>\n","protected":false},"author":2,"featured_media":400720,"comment_status":"closed","ping_status":"closed","sticky":false,"template":"","format":"standard","meta":{"footnotes":""},"categories":[1,5],"tags":[822,168,6337,803,6208,6170],"class_list":["post-400719","post","type-post","status-publish","format-standard","has-post-thumbnail","hentry","category-noticias","category-politica","tag-acores","tag-administracao-publica","tag-direito","tag-justica","tag-tribunais","tag-tribunal-administrativo-e-fiscal"],"yoast_head":"<!-- This site is optimized with the Yoast SEO plugin v27.2 - https:\/\/yoast.com\/product\/yoast-seo-wordpress\/ -->\n<title>Tribunal dos A\u00e7ores reduz pendentes em 10,04% em 2025 - Portal Tela Portugal<\/title>\n<meta name=\"robots\" content=\"index, follow, max-snippet:-1, max-image-preview:large, max-video-preview:-1\" \/>\n<meta property=\"og:locale\" content=\"pt_PT\" \/>\n<meta property=\"og:type\" content=\"article\" \/>\n<meta property=\"og:title\" content=\"Tribunal dos A\u00e7ores reduz pendentes em 10,04% em 2025 - Portal Tela Portugal\" \/>\n<meta property=\"og:description\" content=\"Em 2025, o Tribunal Judicial da Comarca dos A\u00e7ores reduziu as pend\u00eancias oficiais em 10,04% e as pend\u00eancias de secretaria em 3,91%. O quadro atual \u00e9 de trinta e dois ju\u00edzes, tendo estado entre trinta e dois e trinta e quatro no per\u00edodo analisado. A melhoria ocorreu num contexto de turbul\u00eancia causado por greves de oficiais de justi\u00e7a entre 2023 e 2025, com d\u00e9fice de oficiais entre 10,45% e 12,44% e absentismo de cerca de 15,36%. A taxa de litig\u00e2ncia est\u00e1 em 70,22% e a dura\u00e7\u00e3o m\u00e9dia dos processos foi de 170 dias; a percentagem de pendentes h\u00e1 mais de tr\u00eas anos desceu para 6,16% em 2025. Relacionado com obras, foram lan\u00e7ados concursos para reabilita\u00e7\u00e3o dos Pal\u00e1cios da Justi\u00e7a de Santa Cruz das Flores (valor base de 750 mil euros) e da Ribeira Grande (valor base de 725 mil euros, ambos com perspetiva de in\u00edcio em 2026), al\u00e9m de concurso de 1,4 milh\u00f5es de euros para Ponta Delgada; existem perspetivas de remodela\u00e7\u00f5es em Praia da Vit\u00f3ria e Horta, e duas empreitadas de remodela\u00e7\u00e3o por cabimenta\u00e7\u00e3o pela DGAJ.\" \/>\n<meta property=\"og:url\" content=\"https:\/\/portaltela.pt\/noticias\/2026\/03\/06\/tribunal-dos-acores-reduz-pendentes-em-1004-em-2025\/\" \/>\n<meta property=\"og:site_name\" content=\"Portal Tela Portugal\" \/>\n<meta property=\"article:published_time\" content=\"2026-03-06T19:07:20+00:00\" \/>\n<meta name=\"author\" content=\"Telinha\" \/>\n<meta name=\"twitter:card\" content=\"summary_large_image\" \/>\n<meta name=\"twitter:label1\" content=\"Escrito por\" \/>\n\t<meta name=\"twitter:data1\" content=\"Telinha\" \/>\n\t<meta name=\"twitter:label2\" content=\"Tempo estimado de leitura\" \/>\n\t<meta name=\"twitter:data2\" content=\"2 minutos\" \/>\n<script type=\"application\/ld+json\" class=\"yoast-schema-graph\">{\"@context\":\"https:\/\/schema.org\",\"@graph\":[{\"@type\":\"Article\",\"@id\":\"https:\/\/portaltela.pt\/noticias\/2026\/03\/06\/tribunal-dos-acores-reduz-pendentes-em-1004-em-2025\/#article\",\"isPartOf\":{\"@id\":\"https:\/\/portaltela.pt\/noticias\/2026\/03\/06\/tribunal-dos-acores-reduz-pendentes-em-1004-em-2025\/\"},\"author\":{\"name\":\"Telinha\",\"@id\":\"https:\/\/portaltela.pt\/#\/schema\/person\/c4278d4a6028830caff9ee44b42d32ed\"},\"headline\":\"Tribunal dos A\u00e7ores reduz pendentes em 10,04% em 2025\",\"datePublished\":\"2026-03-06T19:07:20+00:00\",\"mainEntityOfPage\":{\"@id\":\"https:\/\/portaltela.pt\/noticias\/2026\/03\/06\/tribunal-dos-acores-reduz-pendentes-em-1004-em-2025\/\"},\"wordCount\":411,\"image\":{\"@id\":\"https:\/\/portaltela.pt\/noticias\/2026\/03\/06\/tribunal-dos-acores-reduz-pendentes-em-1004-em-2025\/#primaryimage\"},\"thumbnailUrl\":\"https:\/\/portaltela.pt\/s.01k8rhncp4jt1\/2026\/03\/img_1500x1000uu2023-04-26-21-01-14-1334007.jpg\",\"keywords\":[\"A\u00e7ores\",\"administra\u00e7\u00e3o p\u00fablica\",\"direito\",\"justi\u00e7a\",\"Tribunais\",\"Tribunal Administrativo e Fiscal\"],\"articleSection\":[\"Not\u00edcias\",\"Pol\u00edtica\"],\"inLanguage\":\"pt-PT\"},{\"@type\":\"WebPage\",\"@id\":\"https:\/\/portaltela.pt\/noticias\/2026\/03\/06\/tribunal-dos-acores-reduz-pendentes-em-1004-em-2025\/\",\"url\":\"https:\/\/portaltela.pt\/noticias\/2026\/03\/06\/tribunal-dos-acores-reduz-pendentes-em-1004-em-2025\/\",\"name\":\"Tribunal dos A\u00e7ores reduz pendentes em 10,04% em 2025 - Portal Tela Portugal\",\"isPartOf\":{\"@id\":\"https:\/\/portaltela.pt\/#website\"},\"primaryImageOfPage\":{\"@id\":\"https:\/\/portaltela.pt\/noticias\/2026\/03\/06\/tribunal-dos-acores-reduz-pendentes-em-1004-em-2025\/#primaryimage\"},\"image\":{\"@id\":\"https:\/\/portaltela.pt\/noticias\/2026\/03\/06\/tribunal-dos-acores-reduz-pendentes-em-1004-em-2025\/#primaryimage\"},\"thumbnailUrl\":\"https:\/\/portaltela.pt\/s.01k8rhncp4jt1\/2026\/03\/img_1500x1000uu2023-04-26-21-01-14-1334007.jpg\",\"datePublished\":\"2026-03-06T19:07:20+00:00\",\"author\":{\"@id\":\"https:\/\/portaltela.pt\/#\/schema\/person\/c4278d4a6028830caff9ee44b42d32ed\"},\"breadcrumb\":{\"@id\":\"https:\/\/portaltela.pt\/noticias\/2026\/03\/06\/tribunal-dos-acores-reduz-pendentes-em-1004-em-2025\/#breadcrumb\"},\"inLanguage\":\"pt-PT\",\"potentialAction\":[{\"@type\":\"ReadAction\",\"target\":[\"https:\/\/portaltela.pt\/noticias\/2026\/03\/06\/tribunal-dos-acores-reduz-pendentes-em-1004-em-2025\/\"]}]},{\"@type\":\"ImageObject\",\"inLanguage\":\"pt-PT\",\"@id\":\"https:\/\/portaltela.pt\/noticias\/2026\/03\/06\/tribunal-dos-acores-reduz-pendentes-em-1004-em-2025\/#primaryimage\",\"url\":\"https:\/\/portaltela.pt\/s.01k8rhncp4jt1\/2026\/03\/img_1500x1000uu2023-04-26-21-01-14-1334007.jpg\",\"contentUrl\":\"https:\/\/portaltela.pt\/s.01k8rhncp4jt1\/2026\/03\/img_1500x1000uu2023-04-26-21-01-14-1334007.jpg\",\"width\":796,\"height\":448,\"caption\":\"Oficiais de Justi\u00e7a\"},{\"@type\":\"BreadcrumbList\",\"@id\":\"https:\/\/portaltela.pt\/noticias\/2026\/03\/06\/tribunal-dos-acores-reduz-pendentes-em-1004-em-2025\/#breadcrumb\",\"itemListElement\":[{\"@type\":\"ListItem\",\"position\":1,\"name\":\"In\u00edcio\",\"item\":\"https:\/\/portaltela.pt\/\"},{\"@type\":\"ListItem\",\"position\":2,\"name\":\"Tribunal dos A\u00e7ores reduz pendentes em 10,04% em 2025\"}]},{\"@type\":\"WebSite\",\"@id\":\"https:\/\/portaltela.pt\/#website\",\"url\":\"https:\/\/portaltela.pt\/\",\"name\":\"Portal Tela Portugal\",\"description\":\"\",\"potentialAction\":[{\"@type\":\"SearchAction\",\"target\":{\"@type\":\"EntryPoint\",\"urlTemplate\":\"https:\/\/portaltela.pt\/?s={search_term_string}\"},\"query-input\":{\"@type\":\"PropertyValueSpecification\",\"valueRequired\":true,\"valueName\":\"search_term_string\"}}],\"inLanguage\":\"pt-PT\"},{\"@type\":\"Person\",\"@id\":\"https:\/\/portaltela.pt\/#\/schema\/person\/c4278d4a6028830caff9ee44b42d32ed\",\"name\":\"Telinha\",\"image\":{\"@type\":\"ImageObject\",\"inLanguage\":\"pt-PT\",\"@id\":\"https:\/\/portaltela.pt\/s.01k8rhncp4jt1\/2025\/11\/talking-bot-125x125.png\",\"url\":\"https:\/\/portaltela.pt\/s.01k8rhncp4jt1\/2025\/11\/talking-bot-125x125.png\",\"contentUrl\":\"https:\/\/portaltela.pt\/s.01k8rhncp4jt1\/2025\/11\/talking-bot-125x125.png\",\"caption\":\"Telinha\"},\"sameAs\":[\"https:\/\/portaltela.pt\/\"],\"url\":\"https:\/\/portaltela.pt\/por\/367410592786\/\"}]}<\/script>\n<!-- \/ Yoast SEO plugin. -->","yoast_head_json":{"title":"Tribunal dos A\u00e7ores reduz pendentes em 10,04% em 2025 - Portal Tela Portugal","robots":{"index":"index","follow":"follow","max-snippet":"max-snippet:-1","max-image-preview":"max-image-preview:large","max-video-preview":"max-video-preview:-1"},"og_locale":"pt_PT","og_type":"article","og_title":"Tribunal dos A\u00e7ores reduz pendentes em 10,04% em 2025 - Portal Tela Portugal","og_description":"Em 2025, o Tribunal Judicial da Comarca dos A\u00e7ores reduziu as pend\u00eancias oficiais em 10,04% e as pend\u00eancias de secretaria em 3,91%. O quadro atual \u00e9 de trinta e dois ju\u00edzes, tendo estado entre trinta e dois e trinta e quatro no per\u00edodo analisado. A melhoria ocorreu num contexto de turbul\u00eancia causado por greves de oficiais de justi\u00e7a entre 2023 e 2025, com d\u00e9fice de oficiais entre 10,45% e 12,44% e absentismo de cerca de 15,36%. A taxa de litig\u00e2ncia est\u00e1 em 70,22% e a dura\u00e7\u00e3o m\u00e9dia dos processos foi de 170 dias; a percentagem de pendentes h\u00e1 mais de tr\u00eas anos desceu para 6,16% em 2025. Relacionado com obras, foram lan\u00e7ados concursos para reabilita\u00e7\u00e3o dos Pal\u00e1cios da Justi\u00e7a de Santa Cruz das Flores (valor base de 750 mil euros) e da Ribeira Grande (valor base de 725 mil euros, ambos com perspetiva de in\u00edcio em 2026), al\u00e9m de concurso de 1,4 milh\u00f5es de euros para Ponta Delgada; existem perspetivas de remodela\u00e7\u00f5es em Praia da Vit\u00f3ria e Horta, e duas empreitadas de remodela\u00e7\u00e3o por cabimenta\u00e7\u00e3o pela DGAJ.","og_url":"https:\/\/portaltela.pt\/noticias\/2026\/03\/06\/tribunal-dos-acores-reduz-pendentes-em-1004-em-2025\/","og_site_name":"Portal Tela Portugal","article_published_time":"2026-03-06T19:07:20+00:00","author":"Telinha","twitter_card":"summary_large_image","twitter_misc":{"Escrito por":"Telinha","Tempo estimado de leitura":"2 minutos"},"schema":{"@context":"https:\/\/schema.org","@graph":[{"@type":"Article","@id":"https:\/\/portaltela.pt\/noticias\/2026\/03\/06\/tribunal-dos-acores-reduz-pendentes-em-1004-em-2025\/#article","isPartOf":{"@id":"https:\/\/portaltela.pt\/noticias\/2026\/03\/06\/tribunal-dos-acores-reduz-pendentes-em-1004-em-2025\/"},"author":{"name":"Telinha","@id":"https:\/\/portaltela.pt\/#\/schema\/person\/c4278d4a6028830caff9ee44b42d32ed"},"headline":"Tribunal dos A\u00e7ores reduz pendentes em 10,04% em 2025","datePublished":"2026-03-06T19:07:20+00:00","mainEntityOfPage":{"@id":"https:\/\/portaltela.pt\/noticias\/2026\/03\/06\/tribunal-dos-acores-reduz-pendentes-em-1004-em-2025\/"},"wordCount":411,"image":{"@id":"https:\/\/portaltela.pt\/noticias\/2026\/03\/06\/tribunal-dos-acores-reduz-pendentes-em-1004-em-2025\/#primaryimage"},"thumbnailUrl":"https:\/\/portaltela.pt\/s.01k8rhncp4jt1\/2026\/03\/img_1500x1000uu2023-04-26-21-01-14-1334007.jpg","keywords":["A\u00e7ores","administra\u00e7\u00e3o p\u00fablica","direito","justi\u00e7a","Tribunais","Tribunal Administrativo e Fiscal"],"articleSection":["Not\u00edcias","Pol\u00edtica"],"inLanguage":"pt-PT"},{"@type":"WebPage","@id":"https:\/\/portaltela.pt\/noticias\/2026\/03\/06\/tribunal-dos-acores-reduz-pendentes-em-1004-em-2025\/","url":"https:\/\/portaltela.pt\/noticias\/2026\/03\/06\/tribunal-dos-acores-reduz-pendentes-em-1004-em-2025\/","name":"Tribunal dos A\u00e7ores reduz pendentes em 10,04% em 2025 - Portal Tela Portugal","isPartOf":{"@id":"https:\/\/portaltela.pt\/#website"},"primaryImageOfPage":{"@id":"https:\/\/portaltela.pt\/noticias\/2026\/03\/06\/tribunal-dos-acores-reduz-pendentes-em-1004-em-2025\/#primaryimage"},"image":{"@id":"https:\/\/portaltela.pt\/noticias\/2026\/03\/06\/tribunal-dos-acores-reduz-pendentes-em-1004-em-2025\/#primaryimage"},"thumbnailUrl":"https:\/\/portaltela.pt\/s.01k8rhncp4jt1\/2026\/03\/img_1500x1000uu2023-04-26-21-01-14-1334007.jpg","datePublished":"2026-03-06T19:07:20+00:00","author":{"@id":"https:\/\/portaltela.pt\/#\/schema\/person\/c4278d4a6028830caff9ee44b42d32ed"},"breadcrumb":{"@id":"https:\/\/portaltela.pt\/noticias\/2026\/03\/06\/tribunal-dos-acores-reduz-pendentes-em-1004-em-2025\/#breadcrumb"},"inLanguage":"pt-PT","potentialAction":[{"@type":"ReadAction","target":["https:\/\/portaltela.pt\/noticias\/2026\/03\/06\/tribunal-dos-acores-reduz-pendentes-em-1004-em-2025\/"]}]},{"@type":"ImageObject","inLanguage":"pt-PT","@id":"https:\/\/portaltela.pt\/noticias\/2026\/03\/06\/tribunal-dos-acores-reduz-pendentes-em-1004-em-2025\/#primaryimage","url":"https:\/\/portaltela.pt\/s.01k8rhncp4jt1\/2026\/03\/img_1500x1000uu2023-04-26-21-01-14-1334007.jpg","contentUrl":"https:\/\/portaltela.pt\/s.01k8rhncp4jt1\/2026\/03\/img_1500x1000uu2023-04-26-21-01-14-1334007.jpg","width":796,"height":448,"caption":"Oficiais de Justi\u00e7a"},{"@type":"BreadcrumbList","@id":"https:\/\/portaltela.pt\/noticias\/2026\/03\/06\/tribunal-dos-acores-reduz-pendentes-em-1004-em-2025\/#breadcrumb","itemListElement":[{"@type":"ListItem","position":1,"name":"In\u00edcio","item":"https:\/\/portaltela.pt\/"},{"@type":"ListItem","position":2,"name":"Tribunal dos A\u00e7ores reduz pendentes em 10,04% em 2025"}]},{"@type":"WebSite","@id":"https:\/\/portaltela.pt\/#website","url":"https:\/\/portaltela.pt\/","name":"Portal Tela Portugal","description":"","potentialAction":[{"@type":"SearchAction","target":{"@type":"EntryPoint","urlTemplate":"https:\/\/portaltela.pt\/?s={search_term_string}"},"query-input":{"@type":"PropertyValueSpecification","valueRequired":true,"valueName":"search_term_string"}}],"inLanguage":"pt-PT"},{"@type":"Person","@id":"https:\/\/portaltela.pt\/#\/schema\/person\/c4278d4a6028830caff9ee44b42d32ed","name":"Telinha","image":{"@type":"ImageObject","inLanguage":"pt-PT","@id":"https:\/\/portaltela.pt\/s.01k8rhncp4jt1\/2025\/11\/talking-bot-125x125.png","url":"https:\/\/portaltela.pt\/s.01k8rhncp4jt1\/2025\/11\/talking-bot-125x125.png","contentUrl":"https:\/\/portaltela.pt\/s.01k8rhncp4jt1\/2025\/11\/talking-bot-125x125.png","caption":"Telinha"},"sameAs":["https:\/\/portaltela.pt\/"],"url":"https:\/\/portaltela.pt\/por\/367410592786\/"}]}},"_links":{"self":[{"href":"https:\/\/portaltela.pt\/api\/wp\/v2\/posts\/400719","targetHints":{"allow":["GET"]}}],"collection":[{"href":"https:\/\/portaltela.pt\/api\/wp\/v2\/posts"}],"about":[{"href":"https:\/\/portaltela.pt\/api\/wp\/v2\/types\/post"}],"author":[{"embeddable":true,"href":"https:\/\/portaltela.pt\/api\/wp\/v2\/users\/2"}],"replies":[{"embeddable":true,"href":"https:\/\/portaltela.pt\/api\/wp\/v2\/comments?post=400719"}],"version-history":[{"count":0,"href":"https:\/\/portaltela.pt\/api\/wp\/v2\/posts\/400719\/revisions"}],"wp:featuredmedia":[{"embeddable":true,"href":"https:\/\/portaltela.pt\/api\/wp\/v2\/media\/400720"}],"wp:attachment":[{"href":"https:\/\/portaltela.pt\/api\/wp\/v2\/media?parent=400719"}],"wp:term":[{"taxonomy":"category","embeddable":true,"href":"https:\/\/portaltela.pt\/api\/wp\/v2\/categories?post=400719"},{"taxonomy":"post_tag","embeddable":true,"href":"https:\/\/portaltela.pt\/api\/wp\/v2\/tags?post=400719"}],"curies":[{"name":"wp","href":"https:\/\/api.w.org\/{rel}","templated":true}]}}