{"id":400709,"date":"2026-03-06T15:57:00","date_gmt":"2026-03-06T18:57:00","guid":{"rendered":"https:\/\/portaltela.pt\/noticias\/2026\/03\/06\/ciclista-joao-almeida-afirma-estar-saudavel-e-focado-nos-proximos-objetivos\/"},"modified":"2026-03-06T15:57:00","modified_gmt":"2026-03-06T18:57:00","slug":"ciclista-joao-almeida-afirma-estar-saudavel-e-focado-nos-proximos-objetivos","status":"publish","type":"post","link":"https:\/\/portaltela.pt\/desporto\/futebol\/2026\/03\/06\/ciclista-joao-almeida-afirma-estar-saudavel-e-focado-nos-proximos-objetivos\/","title":{"rendered":"Ciclista Jo\u00e3o Almeida afirma estar saud\u00e1vel e focado nos pr\u00f3ximos objetivos"},"content":{"rendered":"<p>O ciclista Jo\u00e3o Almeida afirmou sentir-se saud\u00e1vel e focado nos pr\u00f3ximos objetivos da sua carreira.<\/p>\n<p>As declara\u00e7\u00f5es foram tornadas p\u00fablicas sem indica\u00e7\u00e3o de data ou local, limitando o conhecimento sobre o contexto.<\/p>\n<p>N\u00e3o foram divulgados detalhes sobre a origem das palavras nem sobre os planos espec\u00edficos a seguir. A informa\u00e7\u00e3o, at\u00e9 ao momento, permanece sem confirma\u00e7\u00e3o oficial adicional.<\/p>\n<p>Fonte: Lusa.<\/p>\n","protected":false},"excerpt":{"rendered":"<ul>\n<li>O ciclista Jo\u00e3o Almeida afirmou j\u00e1 se sentir saud\u00e1vel.<\/li>\n<li>Disse estar focado nos pr\u00f3ximos objetivos da carreira.<\/li>\n<li>A not\u00edcia completa est\u00e1 dispon\u00edvel apenas para subscritores.<\/li>\n<li>A mat\u00e9ria foi publicada pela ag\u00eancia Lusa.<\/li>\n<li>O conte\u00fado partilhado n\u00e3o detalha novas etapas ou resultados espec\u00edficos.<\/li>\n<\/ul>\n","protected":false},"author":2,"featured_media":400710,"comment_status":"closed","ping_status":"closed","sticky":false,"template":"","format":"standard","meta":{"footnotes":""},"categories":[21,24],"tags":[923,152,6148,1014,172],"class_list":["post-400709","post","type-post","status-publish","format-standard","has-post-thumbnail","hentry","category-desporto","category-futebol","tag-ciclismo","tag-desporto","tag-joao-almeida","tag-portugal","tag-saude"],"yoast_head":"<!-- This site is optimized with the Yoast SEO plugin v27.2 - https:\/\/yoast.com\/product\/yoast-seo-wordpress\/ -->\n<title>Ciclista Jo\u00e3o Almeida afirma estar saud\u00e1vel e focado nos pr\u00f3ximos objetivos - Portal Tela Portugal<\/title>\n<meta name=\"robots\" content=\"index, follow, max-snippet:-1, max-image-preview:large, max-video-preview:-1\" \/>\n<meta property=\"og:locale\" content=\"pt_PT\" \/>\n<meta property=\"og:type\" content=\"article\" \/>\n<meta property=\"og:title\" content=\"Ciclista Jo\u00e3o Almeida afirma estar saud\u00e1vel e focado nos pr\u00f3ximos objetivos - Portal Tela Portugal\" \/>\n<meta property=\"og:description\" content=\"O ciclista Jo\u00e3o Almeida afirmou j\u00e1 se sentir saud\u00e1vel. Disse estar focado nos pr\u00f3ximos objetivos da carreira. A not\u00edcia completa est\u00e1 dispon\u00edvel apenas para subscritores. A mat\u00e9ria foi publicada pela ag\u00eancia Lusa. O conte\u00fado partilhado n\u00e3o detalha novas etapas ou resultados espec\u00edficos.\" \/>\n<meta property=\"og:url\" content=\"https:\/\/portaltela.pt\/noticias\/2026\/03\/06\/ciclista-joao-almeida-afirma-estar-saudavel-e-focado-nos-proximos-objetivos\/\" \/>\n<meta property=\"og:site_name\" content=\"Portal Tela Portugal\" \/>\n<meta property=\"article:published_time\" content=\"2026-03-06T18:57:00+00:00\" \/>\n<meta name=\"author\" content=\"Telinha\" \/>\n<meta name=\"twitter:card\" content=\"summary_large_image\" \/>\n<meta name=\"twitter:label1\" content=\"Escrito por\" \/>\n\t<meta name=\"twitter:data1\" content=\"Telinha\" \/>\n<script type=\"application\/ld+json\" class=\"yoast-schema-graph\">{\"@context\":\"https:\/\/schema.org\",\"@graph\":[{\"@type\":\"Article\",\"@id\":\"https:\/\/portaltela.pt\/noticias\/2026\/03\/06\/ciclista-joao-almeida-afirma-estar-saudavel-e-focado-nos-proximos-objetivos\/#article\",\"isPartOf\":{\"@id\":\"https:\/\/portaltela.pt\/noticias\/2026\/03\/06\/ciclista-joao-almeida-afirma-estar-saudavel-e-focado-nos-proximos-objetivos\/\"},\"author\":{\"name\":\"Telinha\",\"@id\":\"https:\/\/portaltela.pt\/#\/schema\/person\/c4278d4a6028830caff9ee44b42d32ed\"},\"headline\":\"Ciclista Jo\u00e3o Almeida afirma estar saud\u00e1vel e focado nos pr\u00f3ximos objetivos\",\"datePublished\":\"2026-03-06T18:57:00+00:00\",\"mainEntityOfPage\":{\"@id\":\"https:\/\/portaltela.pt\/noticias\/2026\/03\/06\/ciclista-joao-almeida-afirma-estar-saudavel-e-focado-nos-proximos-objetivos\/\"},\"wordCount\":84,\"image\":{\"@id\":\"https:\/\/portaltela.pt\/noticias\/2026\/03\/06\/ciclista-joao-almeida-afirma-estar-saudavel-e-focado-nos-proximos-objetivos\/#primaryimage\"},\"thumbnailUrl\":\"https:\/\/portaltela.pt\/s.01k8rhncp4jt1\/2026\/03\/CACHE_780X1200_ANALOG_WATERMARKED_46429690_1300490_26012026041739.jpg\",\"keywords\":[\"ciclismo\",\"desporto\",\"Jo\u00e3o Almeida\",\"Portugal\",\"sa\u00fade\"],\"articleSection\":[\"Desporto\",\"Futebol\"],\"inLanguage\":\"pt-PT\"},{\"@type\":\"WebPage\",\"@id\":\"https:\/\/portaltela.pt\/noticias\/2026\/03\/06\/ciclista-joao-almeida-afirma-estar-saudavel-e-focado-nos-proximos-objetivos\/\",\"url\":\"https:\/\/portaltela.pt\/noticias\/2026\/03\/06\/ciclista-joao-almeida-afirma-estar-saudavel-e-focado-nos-proximos-objetivos\/\",\"name\":\"Ciclista Jo\u00e3o Almeida afirma estar saud\u00e1vel e focado nos pr\u00f3ximos objetivos - Portal Tela Portugal\",\"isPartOf\":{\"@id\":\"https:\/\/portaltela.pt\/#website\"},\"primaryImageOfPage\":{\"@id\":\"https:\/\/portaltela.pt\/noticias\/2026\/03\/06\/ciclista-joao-almeida-afirma-estar-saudavel-e-focado-nos-proximos-objetivos\/#primaryimage\"},\"image\":{\"@id\":\"https:\/\/portaltela.pt\/noticias\/2026\/03\/06\/ciclista-joao-almeida-afirma-estar-saudavel-e-focado-nos-proximos-objetivos\/#primaryimage\"},\"thumbnailUrl\":\"https:\/\/portaltela.pt\/s.01k8rhncp4jt1\/2026\/03\/CACHE_780X1200_ANALOG_WATERMARKED_46429690_1300490_26012026041739.jpg\",\"datePublished\":\"2026-03-06T18:57:00+00:00\",\"author\":{\"@id\":\"https:\/\/portaltela.pt\/#\/schema\/person\/c4278d4a6028830caff9ee44b42d32ed\"},\"breadcrumb\":{\"@id\":\"https:\/\/portaltela.pt\/noticias\/2026\/03\/06\/ciclista-joao-almeida-afirma-estar-saudavel-e-focado-nos-proximos-objetivos\/#breadcrumb\"},\"inLanguage\":\"pt-PT\",\"potentialAction\":[{\"@type\":\"ReadAction\",\"target\":[\"https:\/\/portaltela.pt\/noticias\/2026\/03\/06\/ciclista-joao-almeida-afirma-estar-saudavel-e-focado-nos-proximos-objetivos\/\"]}]},{\"@type\":\"ImageObject\",\"inLanguage\":\"pt-PT\",\"@id\":\"https:\/\/portaltela.pt\/noticias\/2026\/03\/06\/ciclista-joao-almeida-afirma-estar-saudavel-e-focado-nos-proximos-objetivos\/#primaryimage\",\"url\":\"https:\/\/portaltela.pt\/s.01k8rhncp4jt1\/2026\/03\/CACHE_780X1200_ANALOG_WATERMARKED_46429690_1300490_26012026041739.jpg\",\"contentUrl\":\"https:\/\/portaltela.pt\/s.01k8rhncp4jt1\/2026\/03\/CACHE_780X1200_ANALOG_WATERMARKED_46429690_1300490_26012026041739.jpg\",\"width\":796,\"height\":448,\"caption\":\"Ciclista Jo\u00e3o Almeida j\u00e1 se sente saud\u00e1vel e diz-se focado nos pr\u00f3ximos objetivos\"},{\"@type\":\"BreadcrumbList\",\"@id\":\"https:\/\/portaltela.pt\/noticias\/2026\/03\/06\/ciclista-joao-almeida-afirma-estar-saudavel-e-focado-nos-proximos-objetivos\/#breadcrumb\",\"itemListElement\":[{\"@type\":\"ListItem\",\"position\":1,\"name\":\"In\u00edcio\",\"item\":\"https:\/\/portaltela.pt\/\"},{\"@type\":\"ListItem\",\"position\":2,\"name\":\"Ciclista Jo\u00e3o Almeida afirma estar saud\u00e1vel e focado nos pr\u00f3ximos objetivos\"}]},{\"@type\":\"WebSite\",\"@id\":\"https:\/\/portaltela.pt\/#website\",\"url\":\"https:\/\/portaltela.pt\/\",\"name\":\"Portal Tela Portugal\",\"description\":\"\",\"potentialAction\":[{\"@type\":\"SearchAction\",\"target\":{\"@type\":\"EntryPoint\",\"urlTemplate\":\"https:\/\/portaltela.pt\/?s={search_term_string}\"},\"query-input\":{\"@type\":\"PropertyValueSpecification\",\"valueRequired\":true,\"valueName\":\"search_term_string\"}}],\"inLanguage\":\"pt-PT\"},{\"@type\":\"Person\",\"@id\":\"https:\/\/portaltela.pt\/#\/schema\/person\/c4278d4a6028830caff9ee44b42d32ed\",\"name\":\"Telinha\",\"image\":{\"@type\":\"ImageObject\",\"inLanguage\":\"pt-PT\",\"@id\":\"https:\/\/portaltela.pt\/s.01k8rhncp4jt1\/2025\/11\/talking-bot-125x125.png\",\"url\":\"https:\/\/portaltela.pt\/s.01k8rhncp4jt1\/2025\/11\/talking-bot-125x125.png\",\"contentUrl\":\"https:\/\/portaltela.pt\/s.01k8rhncp4jt1\/2025\/11\/talking-bot-125x125.png\",\"caption\":\"Telinha\"},\"sameAs\":[\"https:\/\/portaltela.pt\/\"],\"url\":\"https:\/\/portaltela.pt\/por\/367410592786\/\"}]}<\/script>\n<!-- \/ Yoast SEO plugin. -->","yoast_head_json":{"title":"Ciclista Jo\u00e3o Almeida afirma estar saud\u00e1vel e focado nos pr\u00f3ximos objetivos - Portal Tela Portugal","robots":{"index":"index","follow":"follow","max-snippet":"max-snippet:-1","max-image-preview":"max-image-preview:large","max-video-preview":"max-video-preview:-1"},"og_locale":"pt_PT","og_type":"article","og_title":"Ciclista Jo\u00e3o Almeida afirma estar saud\u00e1vel e focado nos pr\u00f3ximos objetivos - Portal Tela Portugal","og_description":"O ciclista Jo\u00e3o Almeida afirmou j\u00e1 se sentir saud\u00e1vel. Disse estar focado nos pr\u00f3ximos objetivos da carreira. A not\u00edcia completa est\u00e1 dispon\u00edvel apenas para subscritores. A mat\u00e9ria foi publicada pela ag\u00eancia Lusa. O conte\u00fado partilhado n\u00e3o detalha novas etapas ou resultados espec\u00edficos.","og_url":"https:\/\/portaltela.pt\/noticias\/2026\/03\/06\/ciclista-joao-almeida-afirma-estar-saudavel-e-focado-nos-proximos-objetivos\/","og_site_name":"Portal Tela Portugal","article_published_time":"2026-03-06T18:57:00+00:00","author":"Telinha","twitter_card":"summary_large_image","twitter_misc":{"Escrito por":"Telinha"},"schema":{"@context":"https:\/\/schema.org","@graph":[{"@type":"Article","@id":"https:\/\/portaltela.pt\/noticias\/2026\/03\/06\/ciclista-joao-almeida-afirma-estar-saudavel-e-focado-nos-proximos-objetivos\/#article","isPartOf":{"@id":"https:\/\/portaltela.pt\/noticias\/2026\/03\/06\/ciclista-joao-almeida-afirma-estar-saudavel-e-focado-nos-proximos-objetivos\/"},"author":{"name":"Telinha","@id":"https:\/\/portaltela.pt\/#\/schema\/person\/c4278d4a6028830caff9ee44b42d32ed"},"headline":"Ciclista Jo\u00e3o Almeida afirma estar saud\u00e1vel e focado nos pr\u00f3ximos objetivos","datePublished":"2026-03-06T18:57:00+00:00","mainEntityOfPage":{"@id":"https:\/\/portaltela.pt\/noticias\/2026\/03\/06\/ciclista-joao-almeida-afirma-estar-saudavel-e-focado-nos-proximos-objetivos\/"},"wordCount":84,"image":{"@id":"https:\/\/portaltela.pt\/noticias\/2026\/03\/06\/ciclista-joao-almeida-afirma-estar-saudavel-e-focado-nos-proximos-objetivos\/#primaryimage"},"thumbnailUrl":"https:\/\/portaltela.pt\/s.01k8rhncp4jt1\/2026\/03\/CACHE_780X1200_ANALOG_WATERMARKED_46429690_1300490_26012026041739.jpg","keywords":["ciclismo","desporto","Jo\u00e3o Almeida","Portugal","sa\u00fade"],"articleSection":["Desporto","Futebol"],"inLanguage":"pt-PT"},{"@type":"WebPage","@id":"https:\/\/portaltela.pt\/noticias\/2026\/03\/06\/ciclista-joao-almeida-afirma-estar-saudavel-e-focado-nos-proximos-objetivos\/","url":"https:\/\/portaltela.pt\/noticias\/2026\/03\/06\/ciclista-joao-almeida-afirma-estar-saudavel-e-focado-nos-proximos-objetivos\/","name":"Ciclista Jo\u00e3o Almeida afirma estar saud\u00e1vel e focado nos pr\u00f3ximos objetivos - Portal Tela Portugal","isPartOf":{"@id":"https:\/\/portaltela.pt\/#website"},"primaryImageOfPage":{"@id":"https:\/\/portaltela.pt\/noticias\/2026\/03\/06\/ciclista-joao-almeida-afirma-estar-saudavel-e-focado-nos-proximos-objetivos\/#primaryimage"},"image":{"@id":"https:\/\/portaltela.pt\/noticias\/2026\/03\/06\/ciclista-joao-almeida-afirma-estar-saudavel-e-focado-nos-proximos-objetivos\/#primaryimage"},"thumbnailUrl":"https:\/\/portaltela.pt\/s.01k8rhncp4jt1\/2026\/03\/CACHE_780X1200_ANALOG_WATERMARKED_46429690_1300490_26012026041739.jpg","datePublished":"2026-03-06T18:57:00+00:00","author":{"@id":"https:\/\/portaltela.pt\/#\/schema\/person\/c4278d4a6028830caff9ee44b42d32ed"},"breadcrumb":{"@id":"https:\/\/portaltela.pt\/noticias\/2026\/03\/06\/ciclista-joao-almeida-afirma-estar-saudavel-e-focado-nos-proximos-objetivos\/#breadcrumb"},"inLanguage":"pt-PT","potentialAction":[{"@type":"ReadAction","target":["https:\/\/portaltela.pt\/noticias\/2026\/03\/06\/ciclista-joao-almeida-afirma-estar-saudavel-e-focado-nos-proximos-objetivos\/"]}]},{"@type":"ImageObject","inLanguage":"pt-PT","@id":"https:\/\/portaltela.pt\/noticias\/2026\/03\/06\/ciclista-joao-almeida-afirma-estar-saudavel-e-focado-nos-proximos-objetivos\/#primaryimage","url":"https:\/\/portaltela.pt\/s.01k8rhncp4jt1\/2026\/03\/CACHE_780X1200_ANALOG_WATERMARKED_46429690_1300490_26012026041739.jpg","contentUrl":"https:\/\/portaltela.pt\/s.01k8rhncp4jt1\/2026\/03\/CACHE_780X1200_ANALOG_WATERMARKED_46429690_1300490_26012026041739.jpg","width":796,"height":448,"caption":"Ciclista Jo\u00e3o Almeida j\u00e1 se sente saud\u00e1vel e diz-se focado nos pr\u00f3ximos objetivos"},{"@type":"BreadcrumbList","@id":"https:\/\/portaltela.pt\/noticias\/2026\/03\/06\/ciclista-joao-almeida-afirma-estar-saudavel-e-focado-nos-proximos-objetivos\/#breadcrumb","itemListElement":[{"@type":"ListItem","position":1,"name":"In\u00edcio","item":"https:\/\/portaltela.pt\/"},{"@type":"ListItem","position":2,"name":"Ciclista Jo\u00e3o Almeida afirma estar saud\u00e1vel e focado nos pr\u00f3ximos objetivos"}]},{"@type":"WebSite","@id":"https:\/\/portaltela.pt\/#website","url":"https:\/\/portaltela.pt\/","name":"Portal Tela Portugal","description":"","potentialAction":[{"@type":"SearchAction","target":{"@type":"EntryPoint","urlTemplate":"https:\/\/portaltela.pt\/?s={search_term_string}"},"query-input":{"@type":"PropertyValueSpecification","valueRequired":true,"valueName":"search_term_string"}}],"inLanguage":"pt-PT"},{"@type":"Person","@id":"https:\/\/portaltela.pt\/#\/schema\/person\/c4278d4a6028830caff9ee44b42d32ed","name":"Telinha","image":{"@type":"ImageObject","inLanguage":"pt-PT","@id":"https:\/\/portaltela.pt\/s.01k8rhncp4jt1\/2025\/11\/talking-bot-125x125.png","url":"https:\/\/portaltela.pt\/s.01k8rhncp4jt1\/2025\/11\/talking-bot-125x125.png","contentUrl":"https:\/\/portaltela.pt\/s.01k8rhncp4jt1\/2025\/11\/talking-bot-125x125.png","caption":"Telinha"},"sameAs":["https:\/\/portaltela.pt\/"],"url":"https:\/\/portaltela.pt\/por\/367410592786\/"}]}},"_links":{"self":[{"href":"https:\/\/portaltela.pt\/api\/wp\/v2\/posts\/400709","targetHints":{"allow":["GET"]}}],"collection":[{"href":"https:\/\/portaltela.pt\/api\/wp\/v2\/posts"}],"about":[{"href":"https:\/\/portaltela.pt\/api\/wp\/v2\/types\/post"}],"author":[{"embeddable":true,"href":"https:\/\/portaltela.pt\/api\/wp\/v2\/users\/2"}],"replies":[{"embeddable":true,"href":"https:\/\/portaltela.pt\/api\/wp\/v2\/comments?post=400709"}],"version-history":[{"count":0,"href":"https:\/\/portaltela.pt\/api\/wp\/v2\/posts\/400709\/revisions"}],"wp:featuredmedia":[{"embeddable":true,"href":"https:\/\/portaltela.pt\/api\/wp\/v2\/media\/400710"}],"wp:attachment":[{"href":"https:\/\/portaltela.pt\/api\/wp\/v2\/media?parent=400709"}],"wp:term":[{"taxonomy":"category","embeddable":true,"href":"https:\/\/portaltela.pt\/api\/wp\/v2\/categories?post=400709"},{"taxonomy":"post_tag","embeddable":true,"href":"https:\/\/portaltela.pt\/api\/wp\/v2\/tags?post=400709"}],"curies":[{"name":"wp","href":"https:\/\/api.w.org\/{rel}","templated":true}]}}