{"id":400697,"date":"2026-03-06T14:45:00","date_gmt":"2026-03-06T17:45:00","guid":{"rendered":"https:\/\/portaltela.pt\/noticias\/2026\/03\/06\/relatorio-aponta-riscos-inaceitaveis-na-oferta-do-consorcio-a-azores-airlines\/"},"modified":"2026-03-06T14:45:00","modified_gmt":"2026-03-06T17:45:00","slug":"relatorio-aponta-riscos-inaceitaveis-na-oferta-do-consorcio-a-azores-airlines","status":"publish","type":"post","link":"https:\/\/portaltela.pt\/noticias\/economia\/2026\/03\/06\/relatorio-aponta-riscos-inaceitaveis-na-oferta-do-consorcio-a-azores-airlines\/","title":{"rendered":"Relat\u00f3rio aponta riscos inaceit\u00e1veis na oferta do cons\u00f3rcio \u00e0 Azores Airlines"},"content":{"rendered":"<p>Um relat\u00f3rio independente aponta riscos inaceit\u00e1veis na proposta apresentada pelo cons\u00f3rcio que envolve a Azores Airlines. O estudo enfatiza quest\u00f5es t\u00e9cnicas e financeiras que, na avalia\u00e7\u00e3o dos autores, comprometem a viabilidade do projeto.<\/p>\n<p>Quem est\u00e1 envolvido fica impl\u00edcito no enunciado do relat\u00f3rio: o cons\u00f3rcio e a Azores Airlines. Detalhes adicionais sobre a composi\u00e7\u00e3o do grupo, datas ou condi\u00e7\u00f5es espec\u00edficas n\u00e3o foram disponibilizados no conte\u00fado p\u00fablico dispon\u00edvel.<\/p>\n<p>Quanto ao momento e ao local, o texto n\u00e3o especifica uma data de refer\u00eancia nem a localiza\u00e7\u00e3o do neg\u00f3cio. O acesso ao conte\u00fado completo est\u00e1 reservado a subscritores, conforme indicado pela nota de acesso.<\/p>\n","protected":false},"excerpt":{"rendered":"<ul>\n<li>Um relat\u00f3rio aponta que a proposta do cons\u00f3rcio para a Azores Airlines cont\u00e9m riscos inaceit\u00e1veis.<\/li>\n<li>A not\u00edcia completa est\u00e1 dispon\u00edvel apenas para subscritores.<\/li>\n<li>N\u00e3o foram apresentados detalhes adicionais no resumo dispon\u00edvel.<\/li>\n<\/ul>\n","protected":false},"author":2,"featured_media":400699,"comment_status":"closed","ping_status":"closed","sticky":false,"template":"","format":"standard","meta":{"footnotes":""},"categories":[2,6735],"tags":[6115,1250,6741,2584],"class_list":["post-400697","post","type-post","status-publish","format-standard","has-post-thumbnail","hentry","category-economia","category-negocios","tag-_economia","tag-azores","tag-consorcios","tag-financas"],"yoast_head":"<!-- This site is optimized with the Yoast SEO plugin v27.2 - https:\/\/yoast.com\/product\/yoast-seo-wordpress\/ -->\n<title>Relat\u00f3rio aponta riscos inaceit\u00e1veis na oferta do cons\u00f3rcio \u00e0 Azores Airlines - Portal Tela Portugal<\/title>\n<meta name=\"robots\" content=\"index, follow, max-snippet:-1, max-image-preview:large, max-video-preview:-1\" \/>\n<meta property=\"og:locale\" content=\"pt_PT\" \/>\n<meta property=\"og:type\" content=\"article\" \/>\n<meta property=\"og:title\" content=\"Relat\u00f3rio aponta riscos inaceit\u00e1veis na oferta do cons\u00f3rcio \u00e0 Azores Airlines - Portal Tela Portugal\" \/>\n<meta property=\"og:description\" content=\"Um relat\u00f3rio aponta que a proposta do cons\u00f3rcio para a Azores Airlines cont\u00e9m riscos inaceit\u00e1veis. A not\u00edcia completa est\u00e1 dispon\u00edvel apenas para subscritores. N\u00e3o foram apresentados detalhes adicionais no resumo dispon\u00edvel.\" \/>\n<meta property=\"og:url\" content=\"https:\/\/portaltela.pt\/noticias\/2026\/03\/06\/relatorio-aponta-riscos-inaceitaveis-na-oferta-do-consorcio-a-azores-airlines\/\" \/>\n<meta property=\"og:site_name\" content=\"Portal Tela Portugal\" \/>\n<meta property=\"article:published_time\" content=\"2026-03-06T17:45:00+00:00\" \/>\n<meta name=\"author\" content=\"Telinha\" \/>\n<meta name=\"twitter:card\" content=\"summary_large_image\" \/>\n<meta name=\"twitter:label1\" content=\"Escrito por\" \/>\n\t<meta name=\"twitter:data1\" content=\"Telinha\" \/>\n\t<meta name=\"twitter:label2\" content=\"Tempo estimado de leitura\" \/>\n\t<meta name=\"twitter:data2\" content=\"1 minuto\" \/>\n<script type=\"application\/ld+json\" class=\"yoast-schema-graph\">{\"@context\":\"https:\/\/schema.org\",\"@graph\":[{\"@type\":\"Article\",\"@id\":\"https:\/\/portaltela.pt\/noticias\/2026\/03\/06\/relatorio-aponta-riscos-inaceitaveis-na-oferta-do-consorcio-a-azores-airlines\/#article\",\"isPartOf\":{\"@id\":\"https:\/\/portaltela.pt\/noticias\/2026\/03\/06\/relatorio-aponta-riscos-inaceitaveis-na-oferta-do-consorcio-a-azores-airlines\/\"},\"author\":{\"name\":\"Telinha\",\"@id\":\"https:\/\/portaltela.pt\/#\/schema\/person\/c4278d4a6028830caff9ee44b42d32ed\"},\"headline\":\"Relat\u00f3rio aponta riscos inaceit\u00e1veis na oferta do cons\u00f3rcio \u00e0 Azores Airlines\",\"datePublished\":\"2026-03-06T17:45:00+00:00\",\"mainEntityOfPage\":{\"@id\":\"https:\/\/portaltela.pt\/noticias\/2026\/03\/06\/relatorio-aponta-riscos-inaceitaveis-na-oferta-do-consorcio-a-azores-airlines\/\"},\"wordCount\":134,\"image\":{\"@id\":\"https:\/\/portaltela.pt\/noticias\/2026\/03\/06\/relatorio-aponta-riscos-inaceitaveis-na-oferta-do-consorcio-a-azores-airlines\/#primaryimage\"},\"thumbnailUrl\":\"https:\/\/portaltela.pt\/s.01k8rhncp4jt1\/2026\/03\/CACHE_780X1200_ANALOG_WATERMARKED_41656334_1623954_11102023030006.jpg\",\"keywords\":[\"_economia\",\"Azores\",\"cons\u00f3rcios\",\"finan\u00e7as\"],\"articleSection\":[\"Economia\",\"Neg\u00f3cios\"],\"inLanguage\":\"pt-PT\"},{\"@type\":\"WebPage\",\"@id\":\"https:\/\/portaltela.pt\/noticias\/2026\/03\/06\/relatorio-aponta-riscos-inaceitaveis-na-oferta-do-consorcio-a-azores-airlines\/\",\"url\":\"https:\/\/portaltela.pt\/noticias\/2026\/03\/06\/relatorio-aponta-riscos-inaceitaveis-na-oferta-do-consorcio-a-azores-airlines\/\",\"name\":\"Relat\u00f3rio aponta riscos inaceit\u00e1veis na oferta do cons\u00f3rcio \u00e0 Azores Airlines - Portal Tela Portugal\",\"isPartOf\":{\"@id\":\"https:\/\/portaltela.pt\/#website\"},\"primaryImageOfPage\":{\"@id\":\"https:\/\/portaltela.pt\/noticias\/2026\/03\/06\/relatorio-aponta-riscos-inaceitaveis-na-oferta-do-consorcio-a-azores-airlines\/#primaryimage\"},\"image\":{\"@id\":\"https:\/\/portaltela.pt\/noticias\/2026\/03\/06\/relatorio-aponta-riscos-inaceitaveis-na-oferta-do-consorcio-a-azores-airlines\/#primaryimage\"},\"thumbnailUrl\":\"https:\/\/portaltela.pt\/s.01k8rhncp4jt1\/2026\/03\/CACHE_780X1200_ANALOG_WATERMARKED_41656334_1623954_11102023030006.jpg\",\"datePublished\":\"2026-03-06T17:45:00+00:00\",\"author\":{\"@id\":\"https:\/\/portaltela.pt\/#\/schema\/person\/c4278d4a6028830caff9ee44b42d32ed\"},\"breadcrumb\":{\"@id\":\"https:\/\/portaltela.pt\/noticias\/2026\/03\/06\/relatorio-aponta-riscos-inaceitaveis-na-oferta-do-consorcio-a-azores-airlines\/#breadcrumb\"},\"inLanguage\":\"pt-PT\",\"potentialAction\":[{\"@type\":\"ReadAction\",\"target\":[\"https:\/\/portaltela.pt\/noticias\/2026\/03\/06\/relatorio-aponta-riscos-inaceitaveis-na-oferta-do-consorcio-a-azores-airlines\/\"]}]},{\"@type\":\"ImageObject\",\"inLanguage\":\"pt-PT\",\"@id\":\"https:\/\/portaltela.pt\/noticias\/2026\/03\/06\/relatorio-aponta-riscos-inaceitaveis-na-oferta-do-consorcio-a-azores-airlines\/#primaryimage\",\"url\":\"https:\/\/portaltela.pt\/s.01k8rhncp4jt1\/2026\/03\/CACHE_780X1200_ANALOG_WATERMARKED_41656334_1623954_11102023030006.jpg\",\"contentUrl\":\"https:\/\/portaltela.pt\/s.01k8rhncp4jt1\/2026\/03\/CACHE_780X1200_ANALOG_WATERMARKED_41656334_1623954_11102023030006.jpg\",\"width\":796,\"height\":448,\"caption\":\"Relat\u00f3rio aponta \u201criscos inaceit\u00e1veis\u201d na proposta do cons\u00f3rcio pela Azores Airlines\"},{\"@type\":\"BreadcrumbList\",\"@id\":\"https:\/\/portaltela.pt\/noticias\/2026\/03\/06\/relatorio-aponta-riscos-inaceitaveis-na-oferta-do-consorcio-a-azores-airlines\/#breadcrumb\",\"itemListElement\":[{\"@type\":\"ListItem\",\"position\":1,\"name\":\"In\u00edcio\",\"item\":\"https:\/\/portaltela.pt\/\"},{\"@type\":\"ListItem\",\"position\":2,\"name\":\"Relat\u00f3rio aponta riscos inaceit\u00e1veis na oferta do cons\u00f3rcio \u00e0 Azores Airlines\"}]},{\"@type\":\"WebSite\",\"@id\":\"https:\/\/portaltela.pt\/#website\",\"url\":\"https:\/\/portaltela.pt\/\",\"name\":\"Portal Tela Portugal\",\"description\":\"\",\"potentialAction\":[{\"@type\":\"SearchAction\",\"target\":{\"@type\":\"EntryPoint\",\"urlTemplate\":\"https:\/\/portaltela.pt\/?s={search_term_string}\"},\"query-input\":{\"@type\":\"PropertyValueSpecification\",\"valueRequired\":true,\"valueName\":\"search_term_string\"}}],\"inLanguage\":\"pt-PT\"},{\"@type\":\"Person\",\"@id\":\"https:\/\/portaltela.pt\/#\/schema\/person\/c4278d4a6028830caff9ee44b42d32ed\",\"name\":\"Telinha\",\"image\":{\"@type\":\"ImageObject\",\"inLanguage\":\"pt-PT\",\"@id\":\"https:\/\/portaltela.pt\/s.01k8rhncp4jt1\/2025\/11\/talking-bot-125x125.png\",\"url\":\"https:\/\/portaltela.pt\/s.01k8rhncp4jt1\/2025\/11\/talking-bot-125x125.png\",\"contentUrl\":\"https:\/\/portaltela.pt\/s.01k8rhncp4jt1\/2025\/11\/talking-bot-125x125.png\",\"caption\":\"Telinha\"},\"sameAs\":[\"https:\/\/portaltela.pt\/\"],\"url\":\"https:\/\/portaltela.pt\/por\/367410592786\/\"}]}<\/script>\n<!-- \/ Yoast SEO plugin. -->","yoast_head_json":{"title":"Relat\u00f3rio aponta riscos inaceit\u00e1veis na oferta do cons\u00f3rcio \u00e0 Azores Airlines - Portal Tela Portugal","robots":{"index":"index","follow":"follow","max-snippet":"max-snippet:-1","max-image-preview":"max-image-preview:large","max-video-preview":"max-video-preview:-1"},"og_locale":"pt_PT","og_type":"article","og_title":"Relat\u00f3rio aponta riscos inaceit\u00e1veis na oferta do cons\u00f3rcio \u00e0 Azores Airlines - Portal Tela Portugal","og_description":"Um relat\u00f3rio aponta que a proposta do cons\u00f3rcio para a Azores Airlines cont\u00e9m riscos inaceit\u00e1veis. A not\u00edcia completa est\u00e1 dispon\u00edvel apenas para subscritores. N\u00e3o foram apresentados detalhes adicionais no resumo dispon\u00edvel.","og_url":"https:\/\/portaltela.pt\/noticias\/2026\/03\/06\/relatorio-aponta-riscos-inaceitaveis-na-oferta-do-consorcio-a-azores-airlines\/","og_site_name":"Portal Tela Portugal","article_published_time":"2026-03-06T17:45:00+00:00","author":"Telinha","twitter_card":"summary_large_image","twitter_misc":{"Escrito por":"Telinha","Tempo estimado de leitura":"1 minuto"},"schema":{"@context":"https:\/\/schema.org","@graph":[{"@type":"Article","@id":"https:\/\/portaltela.pt\/noticias\/2026\/03\/06\/relatorio-aponta-riscos-inaceitaveis-na-oferta-do-consorcio-a-azores-airlines\/#article","isPartOf":{"@id":"https:\/\/portaltela.pt\/noticias\/2026\/03\/06\/relatorio-aponta-riscos-inaceitaveis-na-oferta-do-consorcio-a-azores-airlines\/"},"author":{"name":"Telinha","@id":"https:\/\/portaltela.pt\/#\/schema\/person\/c4278d4a6028830caff9ee44b42d32ed"},"headline":"Relat\u00f3rio aponta riscos inaceit\u00e1veis na oferta do cons\u00f3rcio \u00e0 Azores Airlines","datePublished":"2026-03-06T17:45:00+00:00","mainEntityOfPage":{"@id":"https:\/\/portaltela.pt\/noticias\/2026\/03\/06\/relatorio-aponta-riscos-inaceitaveis-na-oferta-do-consorcio-a-azores-airlines\/"},"wordCount":134,"image":{"@id":"https:\/\/portaltela.pt\/noticias\/2026\/03\/06\/relatorio-aponta-riscos-inaceitaveis-na-oferta-do-consorcio-a-azores-airlines\/#primaryimage"},"thumbnailUrl":"https:\/\/portaltela.pt\/s.01k8rhncp4jt1\/2026\/03\/CACHE_780X1200_ANALOG_WATERMARKED_41656334_1623954_11102023030006.jpg","keywords":["_economia","Azores","cons\u00f3rcios","finan\u00e7as"],"articleSection":["Economia","Neg\u00f3cios"],"inLanguage":"pt-PT"},{"@type":"WebPage","@id":"https:\/\/portaltela.pt\/noticias\/2026\/03\/06\/relatorio-aponta-riscos-inaceitaveis-na-oferta-do-consorcio-a-azores-airlines\/","url":"https:\/\/portaltela.pt\/noticias\/2026\/03\/06\/relatorio-aponta-riscos-inaceitaveis-na-oferta-do-consorcio-a-azores-airlines\/","name":"Relat\u00f3rio aponta riscos inaceit\u00e1veis na oferta do cons\u00f3rcio \u00e0 Azores Airlines - Portal Tela Portugal","isPartOf":{"@id":"https:\/\/portaltela.pt\/#website"},"primaryImageOfPage":{"@id":"https:\/\/portaltela.pt\/noticias\/2026\/03\/06\/relatorio-aponta-riscos-inaceitaveis-na-oferta-do-consorcio-a-azores-airlines\/#primaryimage"},"image":{"@id":"https:\/\/portaltela.pt\/noticias\/2026\/03\/06\/relatorio-aponta-riscos-inaceitaveis-na-oferta-do-consorcio-a-azores-airlines\/#primaryimage"},"thumbnailUrl":"https:\/\/portaltela.pt\/s.01k8rhncp4jt1\/2026\/03\/CACHE_780X1200_ANALOG_WATERMARKED_41656334_1623954_11102023030006.jpg","datePublished":"2026-03-06T17:45:00+00:00","author":{"@id":"https:\/\/portaltela.pt\/#\/schema\/person\/c4278d4a6028830caff9ee44b42d32ed"},"breadcrumb":{"@id":"https:\/\/portaltela.pt\/noticias\/2026\/03\/06\/relatorio-aponta-riscos-inaceitaveis-na-oferta-do-consorcio-a-azores-airlines\/#breadcrumb"},"inLanguage":"pt-PT","potentialAction":[{"@type":"ReadAction","target":["https:\/\/portaltela.pt\/noticias\/2026\/03\/06\/relatorio-aponta-riscos-inaceitaveis-na-oferta-do-consorcio-a-azores-airlines\/"]}]},{"@type":"ImageObject","inLanguage":"pt-PT","@id":"https:\/\/portaltela.pt\/noticias\/2026\/03\/06\/relatorio-aponta-riscos-inaceitaveis-na-oferta-do-consorcio-a-azores-airlines\/#primaryimage","url":"https:\/\/portaltela.pt\/s.01k8rhncp4jt1\/2026\/03\/CACHE_780X1200_ANALOG_WATERMARKED_41656334_1623954_11102023030006.jpg","contentUrl":"https:\/\/portaltela.pt\/s.01k8rhncp4jt1\/2026\/03\/CACHE_780X1200_ANALOG_WATERMARKED_41656334_1623954_11102023030006.jpg","width":796,"height":448,"caption":"Relat\u00f3rio aponta \u201criscos inaceit\u00e1veis\u201d na proposta do cons\u00f3rcio pela Azores Airlines"},{"@type":"BreadcrumbList","@id":"https:\/\/portaltela.pt\/noticias\/2026\/03\/06\/relatorio-aponta-riscos-inaceitaveis-na-oferta-do-consorcio-a-azores-airlines\/#breadcrumb","itemListElement":[{"@type":"ListItem","position":1,"name":"In\u00edcio","item":"https:\/\/portaltela.pt\/"},{"@type":"ListItem","position":2,"name":"Relat\u00f3rio aponta riscos inaceit\u00e1veis na oferta do cons\u00f3rcio \u00e0 Azores Airlines"}]},{"@type":"WebSite","@id":"https:\/\/portaltela.pt\/#website","url":"https:\/\/portaltela.pt\/","name":"Portal Tela Portugal","description":"","potentialAction":[{"@type":"SearchAction","target":{"@type":"EntryPoint","urlTemplate":"https:\/\/portaltela.pt\/?s={search_term_string}"},"query-input":{"@type":"PropertyValueSpecification","valueRequired":true,"valueName":"search_term_string"}}],"inLanguage":"pt-PT"},{"@type":"Person","@id":"https:\/\/portaltela.pt\/#\/schema\/person\/c4278d4a6028830caff9ee44b42d32ed","name":"Telinha","image":{"@type":"ImageObject","inLanguage":"pt-PT","@id":"https:\/\/portaltela.pt\/s.01k8rhncp4jt1\/2025\/11\/talking-bot-125x125.png","url":"https:\/\/portaltela.pt\/s.01k8rhncp4jt1\/2025\/11\/talking-bot-125x125.png","contentUrl":"https:\/\/portaltela.pt\/s.01k8rhncp4jt1\/2025\/11\/talking-bot-125x125.png","caption":"Telinha"},"sameAs":["https:\/\/portaltela.pt\/"],"url":"https:\/\/portaltela.pt\/por\/367410592786\/"}]}},"_links":{"self":[{"href":"https:\/\/portaltela.pt\/api\/wp\/v2\/posts\/400697","targetHints":{"allow":["GET"]}}],"collection":[{"href":"https:\/\/portaltela.pt\/api\/wp\/v2\/posts"}],"about":[{"href":"https:\/\/portaltela.pt\/api\/wp\/v2\/types\/post"}],"author":[{"embeddable":true,"href":"https:\/\/portaltela.pt\/api\/wp\/v2\/users\/2"}],"replies":[{"embeddable":true,"href":"https:\/\/portaltela.pt\/api\/wp\/v2\/comments?post=400697"}],"version-history":[{"count":0,"href":"https:\/\/portaltela.pt\/api\/wp\/v2\/posts\/400697\/revisions"}],"wp:featuredmedia":[{"embeddable":true,"href":"https:\/\/portaltela.pt\/api\/wp\/v2\/media\/400699"}],"wp:attachment":[{"href":"https:\/\/portaltela.pt\/api\/wp\/v2\/media?parent=400697"}],"wp:term":[{"taxonomy":"category","embeddable":true,"href":"https:\/\/portaltela.pt\/api\/wp\/v2\/categories?post=400697"},{"taxonomy":"post_tag","embeddable":true,"href":"https:\/\/portaltela.pt\/api\/wp\/v2\/tags?post=400697"}],"curies":[{"name":"wp","href":"https:\/\/api.w.org\/{rel}","templated":true}]}}