{"id":400677,"date":"2026-03-06T15:33:00","date_gmt":"2026-03-06T18:33:00","guid":{"rendered":"https:\/\/portaltela.pt\/noticias\/2026\/03\/06\/colisao-entre-metro-e-trotinetas-condiciona-circulacao-em-matosinhos\/"},"modified":"2026-03-06T15:33:00","modified_gmt":"2026-03-06T18:33:00","slug":"colisao-entre-metro-e-trotinetas-condiciona-circulacao-em-matosinhos","status":"publish","type":"post","link":"https:\/\/portaltela.pt\/noticias\/politica\/2026\/03\/06\/colisao-entre-metro-e-trotinetas-condiciona-circulacao-em-matosinhos\/","title":{"rendered":"Colis\u00e3o entre metro e trotinetas condiciona circula\u00e7\u00e3o em Matosinhos"},"content":{"rendered":"<p>Uma colis\u00e3o entre uma trotineta e uma composi\u00e7\u00e3o do Metro do Porto condicionou a circula\u00e7\u00e3o na Avenida da Rep\u00fablica, em Matosinhos, na tarde desta sexta-feira. O incidente envolve a Linha Azul e ocorreu perto das 17h, no cruzamento com a Rua do Dr. Afonso Cordeiro.<\/p>\n<p>O condutor da trotineta conseguiu saltar a tempo de evitar o choque e saiu ileso, sem ferimentos reportados. N\u00e3o houve registo de v\u00edtima entre os passageiros da composi\u00e7\u00e3o.<\/p>\n<p>O acidente ocorreu no Matosinhos Sul, com a linha a circular no sentido Senhor de Matosinhos. A trotineta ficou sob a carruagem, o que reduziu para uma via a circula\u00e7\u00e3o naquele tro\u00e7o da via f\u00e9rrea.<\/p>\n<h3>Situa\u00e7\u00e3o da circula\u00e7\u00e3o<\/h3>\n<p>A circula\u00e7\u00e3o na Linha Azul ficou condicionada temporariamente, at\u00e9 \u00e0 normaliza\u00e7\u00e3o do servi\u00e7o. A Metro do Porto confirmou que as dialogs foram restabelecidas por volta das 17h50, sem necessidade de interromper o trajeto por completo.<\/p>\n<p>A autoridade respons\u00e1vel abre a investiga\u00e7\u00e3o para apurar as circunst\u00e2ncias do facto, incluindo como a trotineta acedeu \u00e0 linha de via. Em comunicado, n\u00e3o houve men\u00e7\u00e3o a feridos entre o equipamento do metro.<\/p>\n","protected":false},"excerpt":{"rendered":"<ul>\n<li>Uma trotineta colidiu com uma composi\u00e7\u00e3o do metro na Avenida da Rep\u00fablica, em Matosinhos, na tarde desta sexta-feira.<\/li>\n<li>O acidente ocorreu pouco depois das cinco da tarde, no cruzamento com a Rua do Dr. Afonso Cordeiro, em Matosinhos Sul, envolvendo um comboio da Linha Azul.<\/li>\n<li>A trotineta atravessava a linha e acabou por ficar sob a carruagem, condicionando a circula\u00e7\u00e3o a apenas uma via.<\/li>\n<li>O condutor da trotineta saltou a tempo e escapou ileso.<\/li>\n<li>A circula\u00e7\u00e3o na Linha Azul normalizou pelas 17h50, segundo a Metro do Porto.<\/li>\n<\/ul>\n","protected":false},"author":2,"featured_media":400686,"comment_status":"closed","ping_status":"closed","sticky":false,"template":"","format":"standard","meta":{"footnotes":""},"categories":[1,5],"tags":[5487,5795,1709,3263,363,4353],"class_list":["post-400677","post","type-post","status-publish","format-standard","has-post-thumbnail","hentry","category-noticias","category-politica","tag-acidente","tag-linha","tag-matosinhos","tag-mobilidade-urbana","tag-transportes","tag-vias-publicas"],"yoast_head":"<!-- This site is optimized with the Yoast SEO plugin v27.2 - https:\/\/yoast.com\/product\/yoast-seo-wordpress\/ -->\n<title>Colis\u00e3o entre metro e trotinetas condiciona circula\u00e7\u00e3o em Matosinhos - Portal Tela Portugal<\/title>\n<meta name=\"robots\" content=\"index, follow, max-snippet:-1, max-image-preview:large, max-video-preview:-1\" \/>\n<meta property=\"og:locale\" content=\"pt_PT\" \/>\n<meta property=\"og:type\" content=\"article\" \/>\n<meta property=\"og:title\" content=\"Colis\u00e3o entre metro e trotinetas condiciona circula\u00e7\u00e3o em Matosinhos - Portal Tela Portugal\" \/>\n<meta property=\"og:description\" content=\"Uma trotineta colidiu com uma composi\u00e7\u00e3o do metro na Avenida da Rep\u00fablica, em Matosinhos, na tarde desta sexta-feira. O acidente ocorreu pouco depois das cinco da tarde, no cruzamento com a Rua do Dr. Afonso Cordeiro, em Matosinhos Sul, envolvendo um comboio da Linha Azul. A trotineta atravessava a linha e acabou por ficar sob a carruagem, condicionando a circula\u00e7\u00e3o a apenas uma via. O condutor da trotineta saltou a tempo e escapou ileso. A circula\u00e7\u00e3o na Linha Azul normalizou pelas 17h50, segundo a Metro do Porto.\" \/>\n<meta property=\"og:url\" content=\"https:\/\/portaltela.pt\/noticias\/2026\/03\/06\/colisao-entre-metro-e-trotinetas-condiciona-circulacao-em-matosinhos\/\" \/>\n<meta property=\"og:site_name\" content=\"Portal Tela Portugal\" \/>\n<meta property=\"article:published_time\" content=\"2026-03-06T18:33:00+00:00\" \/>\n<meta name=\"author\" content=\"Telinha\" \/>\n<meta name=\"twitter:card\" content=\"summary_large_image\" \/>\n<meta name=\"twitter:label1\" content=\"Escrito por\" \/>\n\t<meta name=\"twitter:data1\" content=\"Telinha\" \/>\n\t<meta name=\"twitter:label2\" content=\"Tempo estimado de leitura\" \/>\n\t<meta name=\"twitter:data2\" content=\"1 minuto\" \/>\n<script type=\"application\/ld+json\" class=\"yoast-schema-graph\">{\"@context\":\"https:\/\/schema.org\",\"@graph\":[{\"@type\":\"Article\",\"@id\":\"https:\/\/portaltela.pt\/noticias\/2026\/03\/06\/colisao-entre-metro-e-trotinetas-condiciona-circulacao-em-matosinhos\/#article\",\"isPartOf\":{\"@id\":\"https:\/\/portaltela.pt\/noticias\/2026\/03\/06\/colisao-entre-metro-e-trotinetas-condiciona-circulacao-em-matosinhos\/\"},\"author\":{\"name\":\"Telinha\",\"@id\":\"https:\/\/portaltela.pt\/#\/schema\/person\/c4278d4a6028830caff9ee44b42d32ed\"},\"headline\":\"Colis\u00e3o entre metro e trotinetas condiciona circula\u00e7\u00e3o em Matosinhos\",\"datePublished\":\"2026-03-06T18:33:00+00:00\",\"mainEntityOfPage\":{\"@id\":\"https:\/\/portaltela.pt\/noticias\/2026\/03\/06\/colisao-entre-metro-e-trotinetas-condiciona-circulacao-em-matosinhos\/\"},\"wordCount\":208,\"image\":{\"@id\":\"https:\/\/portaltela.pt\/noticias\/2026\/03\/06\/colisao-entre-metro-e-trotinetas-condiciona-circulacao-em-matosinhos\/#primaryimage\"},\"thumbnailUrl\":\"https:\/\/portaltela.pt\/s.01k8rhncp4jt1\/2026\/03\/image-418.jpg\",\"keywords\":[\"acidente\",\"Linha\",\"Matosinhos\",\"mobilidade urbana\",\"transportes\",\"vias p\u00fablicas\"],\"articleSection\":[\"Not\u00edcias\",\"Pol\u00edtica\"],\"inLanguage\":\"pt-PT\"},{\"@type\":\"WebPage\",\"@id\":\"https:\/\/portaltela.pt\/noticias\/2026\/03\/06\/colisao-entre-metro-e-trotinetas-condiciona-circulacao-em-matosinhos\/\",\"url\":\"https:\/\/portaltela.pt\/noticias\/2026\/03\/06\/colisao-entre-metro-e-trotinetas-condiciona-circulacao-em-matosinhos\/\",\"name\":\"Colis\u00e3o entre metro e trotinetas condiciona circula\u00e7\u00e3o em Matosinhos - Portal Tela Portugal\",\"isPartOf\":{\"@id\":\"https:\/\/portaltela.pt\/#website\"},\"primaryImageOfPage\":{\"@id\":\"https:\/\/portaltela.pt\/noticias\/2026\/03\/06\/colisao-entre-metro-e-trotinetas-condiciona-circulacao-em-matosinhos\/#primaryimage\"},\"image\":{\"@id\":\"https:\/\/portaltela.pt\/noticias\/2026\/03\/06\/colisao-entre-metro-e-trotinetas-condiciona-circulacao-em-matosinhos\/#primaryimage\"},\"thumbnailUrl\":\"https:\/\/portaltela.pt\/s.01k8rhncp4jt1\/2026\/03\/image-418.jpg\",\"datePublished\":\"2026-03-06T18:33:00+00:00\",\"author\":{\"@id\":\"https:\/\/portaltela.pt\/#\/schema\/person\/c4278d4a6028830caff9ee44b42d32ed\"},\"breadcrumb\":{\"@id\":\"https:\/\/portaltela.pt\/noticias\/2026\/03\/06\/colisao-entre-metro-e-trotinetas-condiciona-circulacao-em-matosinhos\/#breadcrumb\"},\"inLanguage\":\"pt-PT\",\"potentialAction\":[{\"@type\":\"ReadAction\",\"target\":[\"https:\/\/portaltela.pt\/noticias\/2026\/03\/06\/colisao-entre-metro-e-trotinetas-condiciona-circulacao-em-matosinhos\/\"]}]},{\"@type\":\"ImageObject\",\"inLanguage\":\"pt-PT\",\"@id\":\"https:\/\/portaltela.pt\/noticias\/2026\/03\/06\/colisao-entre-metro-e-trotinetas-condiciona-circulacao-em-matosinhos\/#primaryimage\",\"url\":\"https:\/\/portaltela.pt\/s.01k8rhncp4jt1\/2026\/03\/image-418.jpg\",\"contentUrl\":\"https:\/\/portaltela.pt\/s.01k8rhncp4jt1\/2026\/03\/image-418.jpg\",\"width\":796,\"height\":448,\"caption\":\"Acidente ocorreu na Avenida da Rep\u00fablica\"},{\"@type\":\"BreadcrumbList\",\"@id\":\"https:\/\/portaltela.pt\/noticias\/2026\/03\/06\/colisao-entre-metro-e-trotinetas-condiciona-circulacao-em-matosinhos\/#breadcrumb\",\"itemListElement\":[{\"@type\":\"ListItem\",\"position\":1,\"name\":\"In\u00edcio\",\"item\":\"https:\/\/portaltela.pt\/\"},{\"@type\":\"ListItem\",\"position\":2,\"name\":\"Colis\u00e3o entre metro e trotinetas condiciona circula\u00e7\u00e3o em Matosinhos\"}]},{\"@type\":\"WebSite\",\"@id\":\"https:\/\/portaltela.pt\/#website\",\"url\":\"https:\/\/portaltela.pt\/\",\"name\":\"Portal Tela Portugal\",\"description\":\"\",\"potentialAction\":[{\"@type\":\"SearchAction\",\"target\":{\"@type\":\"EntryPoint\",\"urlTemplate\":\"https:\/\/portaltela.pt\/?s={search_term_string}\"},\"query-input\":{\"@type\":\"PropertyValueSpecification\",\"valueRequired\":true,\"valueName\":\"search_term_string\"}}],\"inLanguage\":\"pt-PT\"},{\"@type\":\"Person\",\"@id\":\"https:\/\/portaltela.pt\/#\/schema\/person\/c4278d4a6028830caff9ee44b42d32ed\",\"name\":\"Telinha\",\"image\":{\"@type\":\"ImageObject\",\"inLanguage\":\"pt-PT\",\"@id\":\"https:\/\/portaltela.pt\/s.01k8rhncp4jt1\/2025\/11\/talking-bot-125x125.png\",\"url\":\"https:\/\/portaltela.pt\/s.01k8rhncp4jt1\/2025\/11\/talking-bot-125x125.png\",\"contentUrl\":\"https:\/\/portaltela.pt\/s.01k8rhncp4jt1\/2025\/11\/talking-bot-125x125.png\",\"caption\":\"Telinha\"},\"sameAs\":[\"https:\/\/portaltela.pt\/\"],\"url\":\"https:\/\/portaltela.pt\/por\/367410592786\/\"}]}<\/script>\n<!-- \/ Yoast SEO plugin. -->","yoast_head_json":{"title":"Colis\u00e3o entre metro e trotinetas condiciona circula\u00e7\u00e3o em Matosinhos - Portal Tela Portugal","robots":{"index":"index","follow":"follow","max-snippet":"max-snippet:-1","max-image-preview":"max-image-preview:large","max-video-preview":"max-video-preview:-1"},"og_locale":"pt_PT","og_type":"article","og_title":"Colis\u00e3o entre metro e trotinetas condiciona circula\u00e7\u00e3o em Matosinhos - Portal Tela Portugal","og_description":"Uma trotineta colidiu com uma composi\u00e7\u00e3o do metro na Avenida da Rep\u00fablica, em Matosinhos, na tarde desta sexta-feira. O acidente ocorreu pouco depois das cinco da tarde, no cruzamento com a Rua do Dr. Afonso Cordeiro, em Matosinhos Sul, envolvendo um comboio da Linha Azul. A trotineta atravessava a linha e acabou por ficar sob a carruagem, condicionando a circula\u00e7\u00e3o a apenas uma via. O condutor da trotineta saltou a tempo e escapou ileso. A circula\u00e7\u00e3o na Linha Azul normalizou pelas 17h50, segundo a Metro do Porto.","og_url":"https:\/\/portaltela.pt\/noticias\/2026\/03\/06\/colisao-entre-metro-e-trotinetas-condiciona-circulacao-em-matosinhos\/","og_site_name":"Portal Tela Portugal","article_published_time":"2026-03-06T18:33:00+00:00","author":"Telinha","twitter_card":"summary_large_image","twitter_misc":{"Escrito por":"Telinha","Tempo estimado de leitura":"1 minuto"},"schema":{"@context":"https:\/\/schema.org","@graph":[{"@type":"Article","@id":"https:\/\/portaltela.pt\/noticias\/2026\/03\/06\/colisao-entre-metro-e-trotinetas-condiciona-circulacao-em-matosinhos\/#article","isPartOf":{"@id":"https:\/\/portaltela.pt\/noticias\/2026\/03\/06\/colisao-entre-metro-e-trotinetas-condiciona-circulacao-em-matosinhos\/"},"author":{"name":"Telinha","@id":"https:\/\/portaltela.pt\/#\/schema\/person\/c4278d4a6028830caff9ee44b42d32ed"},"headline":"Colis\u00e3o entre metro e trotinetas condiciona circula\u00e7\u00e3o em Matosinhos","datePublished":"2026-03-06T18:33:00+00:00","mainEntityOfPage":{"@id":"https:\/\/portaltela.pt\/noticias\/2026\/03\/06\/colisao-entre-metro-e-trotinetas-condiciona-circulacao-em-matosinhos\/"},"wordCount":208,"image":{"@id":"https:\/\/portaltela.pt\/noticias\/2026\/03\/06\/colisao-entre-metro-e-trotinetas-condiciona-circulacao-em-matosinhos\/#primaryimage"},"thumbnailUrl":"https:\/\/portaltela.pt\/s.01k8rhncp4jt1\/2026\/03\/image-418.jpg","keywords":["acidente","Linha","Matosinhos","mobilidade urbana","transportes","vias p\u00fablicas"],"articleSection":["Not\u00edcias","Pol\u00edtica"],"inLanguage":"pt-PT"},{"@type":"WebPage","@id":"https:\/\/portaltela.pt\/noticias\/2026\/03\/06\/colisao-entre-metro-e-trotinetas-condiciona-circulacao-em-matosinhos\/","url":"https:\/\/portaltela.pt\/noticias\/2026\/03\/06\/colisao-entre-metro-e-trotinetas-condiciona-circulacao-em-matosinhos\/","name":"Colis\u00e3o entre metro e trotinetas condiciona circula\u00e7\u00e3o em Matosinhos - Portal Tela Portugal","isPartOf":{"@id":"https:\/\/portaltela.pt\/#website"},"primaryImageOfPage":{"@id":"https:\/\/portaltela.pt\/noticias\/2026\/03\/06\/colisao-entre-metro-e-trotinetas-condiciona-circulacao-em-matosinhos\/#primaryimage"},"image":{"@id":"https:\/\/portaltela.pt\/noticias\/2026\/03\/06\/colisao-entre-metro-e-trotinetas-condiciona-circulacao-em-matosinhos\/#primaryimage"},"thumbnailUrl":"https:\/\/portaltela.pt\/s.01k8rhncp4jt1\/2026\/03\/image-418.jpg","datePublished":"2026-03-06T18:33:00+00:00","author":{"@id":"https:\/\/portaltela.pt\/#\/schema\/person\/c4278d4a6028830caff9ee44b42d32ed"},"breadcrumb":{"@id":"https:\/\/portaltela.pt\/noticias\/2026\/03\/06\/colisao-entre-metro-e-trotinetas-condiciona-circulacao-em-matosinhos\/#breadcrumb"},"inLanguage":"pt-PT","potentialAction":[{"@type":"ReadAction","target":["https:\/\/portaltela.pt\/noticias\/2026\/03\/06\/colisao-entre-metro-e-trotinetas-condiciona-circulacao-em-matosinhos\/"]}]},{"@type":"ImageObject","inLanguage":"pt-PT","@id":"https:\/\/portaltela.pt\/noticias\/2026\/03\/06\/colisao-entre-metro-e-trotinetas-condiciona-circulacao-em-matosinhos\/#primaryimage","url":"https:\/\/portaltela.pt\/s.01k8rhncp4jt1\/2026\/03\/image-418.jpg","contentUrl":"https:\/\/portaltela.pt\/s.01k8rhncp4jt1\/2026\/03\/image-418.jpg","width":796,"height":448,"caption":"Acidente ocorreu na Avenida da Rep\u00fablica"},{"@type":"BreadcrumbList","@id":"https:\/\/portaltela.pt\/noticias\/2026\/03\/06\/colisao-entre-metro-e-trotinetas-condiciona-circulacao-em-matosinhos\/#breadcrumb","itemListElement":[{"@type":"ListItem","position":1,"name":"In\u00edcio","item":"https:\/\/portaltela.pt\/"},{"@type":"ListItem","position":2,"name":"Colis\u00e3o entre metro e trotinetas condiciona circula\u00e7\u00e3o em Matosinhos"}]},{"@type":"WebSite","@id":"https:\/\/portaltela.pt\/#website","url":"https:\/\/portaltela.pt\/","name":"Portal Tela Portugal","description":"","potentialAction":[{"@type":"SearchAction","target":{"@type":"EntryPoint","urlTemplate":"https:\/\/portaltela.pt\/?s={search_term_string}"},"query-input":{"@type":"PropertyValueSpecification","valueRequired":true,"valueName":"search_term_string"}}],"inLanguage":"pt-PT"},{"@type":"Person","@id":"https:\/\/portaltela.pt\/#\/schema\/person\/c4278d4a6028830caff9ee44b42d32ed","name":"Telinha","image":{"@type":"ImageObject","inLanguage":"pt-PT","@id":"https:\/\/portaltela.pt\/s.01k8rhncp4jt1\/2025\/11\/talking-bot-125x125.png","url":"https:\/\/portaltela.pt\/s.01k8rhncp4jt1\/2025\/11\/talking-bot-125x125.png","contentUrl":"https:\/\/portaltela.pt\/s.01k8rhncp4jt1\/2025\/11\/talking-bot-125x125.png","caption":"Telinha"},"sameAs":["https:\/\/portaltela.pt\/"],"url":"https:\/\/portaltela.pt\/por\/367410592786\/"}]}},"_links":{"self":[{"href":"https:\/\/portaltela.pt\/api\/wp\/v2\/posts\/400677","targetHints":{"allow":["GET"]}}],"collection":[{"href":"https:\/\/portaltela.pt\/api\/wp\/v2\/posts"}],"about":[{"href":"https:\/\/portaltela.pt\/api\/wp\/v2\/types\/post"}],"author":[{"embeddable":true,"href":"https:\/\/portaltela.pt\/api\/wp\/v2\/users\/2"}],"replies":[{"embeddable":true,"href":"https:\/\/portaltela.pt\/api\/wp\/v2\/comments?post=400677"}],"version-history":[{"count":0,"href":"https:\/\/portaltela.pt\/api\/wp\/v2\/posts\/400677\/revisions"}],"wp:featuredmedia":[{"embeddable":true,"href":"https:\/\/portaltela.pt\/api\/wp\/v2\/media\/400686"}],"wp:attachment":[{"href":"https:\/\/portaltela.pt\/api\/wp\/v2\/media?parent=400677"}],"wp:term":[{"taxonomy":"category","embeddable":true,"href":"https:\/\/portaltela.pt\/api\/wp\/v2\/categories?post=400677"},{"taxonomy":"post_tag","embeddable":true,"href":"https:\/\/portaltela.pt\/api\/wp\/v2\/tags?post=400677"}],"curies":[{"name":"wp","href":"https:\/\/api.w.org\/{rel}","templated":true}]}}