{"id":400651,"date":"2026-03-06T14:16:00","date_gmt":"2026-03-06T17:16:00","guid":{"rendered":"https:\/\/portaltela.pt\/noticias\/2026\/03\/06\/polemicas-da-barbie-do-ice-cama-em-jato-estatal-publicidade-e-tiro-ao-cao\/"},"modified":"2026-03-06T14:16:00","modified_gmt":"2026-03-06T17:16:00","slug":"polemicas-da-barbie-do-ice-cama-em-jato-estatal-publicidade-e-tiro-ao-cao","status":"publish","type":"post","link":"https:\/\/portaltela.pt\/noticias\/politica\/2026\/03\/06\/polemicas-da-barbie-do-ice-cama-em-jato-estatal-publicidade-e-tiro-ao-cao\/","title":{"rendered":"Pol\u00e9micas da Barbie do ICE: cama em jato estatal, publicidade e tiro ao c\u00e3o"},"content":{"rendered":"<p>Donald Trump demitiu Kristi Noem, secret\u00e1ria de Seguran\u00e7a Interna, ap\u00f3s v\u00e1rias pol\u00e9micas que incluiu alegadas despesas com jatos de uso governamental, rumores de envolvimento pessoal com um ex-funcion\u00e1rio da Casa Branca e uma campanha publicit\u00e1ria de alto custo em que ela era figura de destaque. A decis\u00e3o ocorreu na quinta-feira, 5 de junho, num contexto de controv\u00e9rsia sobre a gest\u00e3o de fundos p\u00fablicos.<\/p>\n<p>Durante o mandato de Noem, conhecida por sermos associada ao ICE, surgiram cr\u00edticas relativas a gastos com aeronaves privadas, incluindo a compra de dois jatos Gulfstream G700 e planos para adquirir um Boeing 737 por cerca de 70 milh\u00f5es de d\u00f3lares. A imprensa tamb\u00e9m reportou a exist\u00eancia de um quarto com cama de casal num dos avi\u00f5es usados para fun\u00e7\u00f5es oficiais, surgindo novas perguntas sobre prioridades de or\u00e7amento.<\/p>\n<p>No \u00e2mbito de audi\u00eancias no Congresso, Noem teve que explicar a poss\u00edvel inclus\u00e3o de itens de luxo numa frota governamental, o que gerou debates sobre transpar\u00eancia e responsabilidade financeira. Um elemento central envolveu Corey Lewandowski, antigo assessor de Trump, que acompanhava Noem numa viagem e foi referido por deputados como figura associada a decis\u00f5es administrativas conturbadas. A liga\u00e7\u00e3o entre Noem e Lewandowski tem sido alvo de rumores, que a ex-secret\u00e1ria rejeita, classificando-os como lixo de tabloide.<\/p>\n<p>Outra frente de controv\u00e9rsia decorreu de uma campanha publicit\u00e1ria de 220 milh\u00f5es de d\u00f3lares na qual Noem aparecia como rosto principal, em vez de Trump. O an\u00fancio gerou cr\u00edticas sobre a distribui\u00e7\u00e3o de custos e protagonismo. Trump negou que tenha autorizado a campanha, ao mesmo tempo em que n\u00e3o descartou futuras reac\u00e7\u00f5es administrativas envolvendo Noem.<\/p>\n<p>Antes da demiss\u00e3o, Noem enfrentou tamb\u00e9m cr\u00edticas por epis\u00f3dios distintos envolvendo a atua\u00e7\u00e3o de for\u00e7as federais, nomeadamente as mortes de cidad\u00e3os norte-americanos no in\u00edcio e final de janeiro num incidente em Minneapolis. A resposta p\u00fablica da ent\u00e3o respons\u00e1vel do ICE suscitou controv\u00e9rsia sobre a avalia\u00e7\u00e3o de tais ocorr\u00eancias. A decis\u00e3o de demitir Noem foi comunicada numa altura em que o Presidente avaliava diferentes cen\u00e1rios de gest\u00e3o da Seguran\u00e7a Interior.<\/p>\n","protected":false},"excerpt":{"rendered":"<ul>\n<li>O presidente dos EUA, Donald Trump, demitiu a secret\u00e1ria de Seguran\u00e7a Interna, Kristi Noem, na quinta-feira, 5, ap\u00f3s uma s\u00e9rie de pol\u00e9micas, incluindo alegado caso extraconjugal e gastos com jatos privados.<\/li>\n<li>Noem, conhecida como a Barbie do ICE, enfrentou cr\u00edticas por gastos p\u00fablicos com duas aeronaves de luxo e previs\u00f5es de compra de um Boeing 737 por cerca de 70 milh\u00f5es de d\u00f3lares.<\/li>\n<li>Uma das controv\u00e9rsias envolveu a explica\u00e7\u00e3o dada ao Congresso sobre um jato com quarto de dormir; houve relatos de epis\u00f3dios de arrog\u00e2ncia e de demiss\u00f5es de pilotos, envolvendo Corey Lewandowski.<\/li>\n<li>Surgiram rumores de uma rela\u00e7\u00e3o extraconjugal entre Noem e Lewandowski, que Noem qualificou como lixo de tabloide; Lewandowski \u00e9 ex-assessor de Trump que acompanha Noem.<\/li>\n<li>O an\u00fancio de 220 milh\u00f5es de d\u00f3lares onde Noem era a estrela levou Trump a afast\u00e1-la; Noem afirmou que o an\u00fancio foi aprovado por Trump, que negou ter rejeitado a nomea\u00e7\u00e3o restante, mantendo possibilidade de futura contrata\u00e7\u00e3o. Por fim, Kristi Noem dever\u00e1 assumir o cargo de Enviada Especial para a Prote\u00e7\u00e3o das Am\u00e9ricas.<\/li>\n<\/ul>\n","protected":false},"author":2,"featured_media":400659,"comment_status":"closed","ping_status":"closed","sticky":false,"template":"","format":"standard","meta":{"footnotes":""},"categories":[1,5],"tags":[6115,5682,34,2832,250,5708],"class_list":["post-400651","post","type-post","status-publish","format-standard","has-post-thumbnail","hentry","category-noticias","category-politica","tag-_economia","tag-demissoes","tag-governo","tag-politica","tag-seguranca-publica","tag-transparencia-publica"],"yoast_head":"<!-- This site is optimized with the Yoast SEO plugin v27.2 - https:\/\/yoast.com\/product\/yoast-seo-wordpress\/ -->\n<title>Pol\u00e9micas da Barbie do ICE: cama em jato estatal, publicidade e tiro ao c\u00e3o - Portal Tela Portugal<\/title>\n<meta name=\"robots\" content=\"index, follow, max-snippet:-1, max-image-preview:large, max-video-preview:-1\" \/>\n<meta property=\"og:locale\" content=\"pt_PT\" \/>\n<meta property=\"og:type\" content=\"article\" \/>\n<meta property=\"og:title\" content=\"Pol\u00e9micas da Barbie do ICE: cama em jato estatal, publicidade e tiro ao c\u00e3o - Portal Tela Portugal\" \/>\n<meta property=\"og:description\" content=\"O presidente dos EUA, Donald Trump, demitiu a secret\u00e1ria de Seguran\u00e7a Interna, Kristi Noem, na quinta-feira, 5, ap\u00f3s uma s\u00e9rie de pol\u00e9micas, incluindo alegado caso extraconjugal e gastos com jatos privados. Noem, conhecida como a Barbie do ICE, enfrentou cr\u00edticas por gastos p\u00fablicos com duas aeronaves de luxo e previs\u00f5es de compra de um Boeing 737 por cerca de 70 milh\u00f5es de d\u00f3lares. Uma das controv\u00e9rsias envolveu a explica\u00e7\u00e3o dada ao Congresso sobre um jato com quarto de dormir; houve relatos de epis\u00f3dios de arrog\u00e2ncia e de demiss\u00f5es de pilotos, envolvendo Corey Lewandowski. Surgiram rumores de uma rela\u00e7\u00e3o extraconjugal entre Noem e Lewandowski, que Noem qualificou como lixo de tabloide; Lewandowski \u00e9 ex-assessor de Trump que acompanha Noem. O an\u00fancio de 220 milh\u00f5es de d\u00f3lares onde Noem era a estrela levou Trump a afast\u00e1-la; Noem afirmou que o an\u00fancio foi aprovado por Trump, que negou ter rejeitado a nomea\u00e7\u00e3o restante, mantendo possibilidade de futura contrata\u00e7\u00e3o. Por fim, Kristi Noem dever\u00e1 assumir o cargo de Enviada Especial para a Prote\u00e7\u00e3o das Am\u00e9ricas.\" \/>\n<meta property=\"og:url\" content=\"https:\/\/portaltela.pt\/noticias\/2026\/03\/06\/polemicas-da-barbie-do-ice-cama-em-jato-estatal-publicidade-e-tiro-ao-cao\/\" \/>\n<meta property=\"og:site_name\" content=\"Portal Tela Portugal\" \/>\n<meta property=\"article:published_time\" content=\"2026-03-06T17:16:00+00:00\" \/>\n<meta name=\"author\" content=\"Telinha\" \/>\n<meta name=\"twitter:card\" content=\"summary_large_image\" \/>\n<meta name=\"twitter:label1\" content=\"Escrito por\" \/>\n\t<meta name=\"twitter:data1\" content=\"Telinha\" \/>\n\t<meta name=\"twitter:label2\" content=\"Tempo estimado de leitura\" \/>\n\t<meta name=\"twitter:data2\" content=\"2 minutos\" \/>\n<script type=\"application\/ld+json\" class=\"yoast-schema-graph\">{\"@context\":\"https:\/\/schema.org\",\"@graph\":[{\"@type\":\"Article\",\"@id\":\"https:\/\/portaltela.pt\/noticias\/2026\/03\/06\/polemicas-da-barbie-do-ice-cama-em-jato-estatal-publicidade-e-tiro-ao-cao\/#article\",\"isPartOf\":{\"@id\":\"https:\/\/portaltela.pt\/noticias\/2026\/03\/06\/polemicas-da-barbie-do-ice-cama-em-jato-estatal-publicidade-e-tiro-ao-cao\/\"},\"author\":{\"name\":\"Telinha\",\"@id\":\"https:\/\/portaltela.pt\/#\/schema\/person\/c4278d4a6028830caff9ee44b42d32ed\"},\"headline\":\"Pol\u00e9micas da Barbie do ICE: cama em jato estatal, publicidade e tiro ao c\u00e3o\",\"datePublished\":\"2026-03-06T17:16:00+00:00\",\"mainEntityOfPage\":{\"@id\":\"https:\/\/portaltela.pt\/noticias\/2026\/03\/06\/polemicas-da-barbie-do-ice-cama-em-jato-estatal-publicidade-e-tiro-ao-cao\/\"},\"wordCount\":396,\"image\":{\"@id\":\"https:\/\/portaltela.pt\/noticias\/2026\/03\/06\/polemicas-da-barbie-do-ice-cama-em-jato-estatal-publicidade-e-tiro-ao-cao\/#primaryimage\"},\"thumbnailUrl\":\"https:\/\/portaltela.pt\/s.01k8rhncp4jt1\/2026\/03\/img_1280x718uu2026-03-06-12-14-32-2270743-im-639083961035394848.jpg\",\"keywords\":[\"_economia\",\"demiss\u00f5es\",\"governo\",\"pol\u00edtica\",\"seguran\u00e7a p\u00fablica\",\"transpar\u00eancia p\u00fablica\"],\"articleSection\":[\"Not\u00edcias\",\"Pol\u00edtica\"],\"inLanguage\":\"pt-PT\"},{\"@type\":\"WebPage\",\"@id\":\"https:\/\/portaltela.pt\/noticias\/2026\/03\/06\/polemicas-da-barbie-do-ice-cama-em-jato-estatal-publicidade-e-tiro-ao-cao\/\",\"url\":\"https:\/\/portaltela.pt\/noticias\/2026\/03\/06\/polemicas-da-barbie-do-ice-cama-em-jato-estatal-publicidade-e-tiro-ao-cao\/\",\"name\":\"Pol\u00e9micas da Barbie do ICE: cama em jato estatal, publicidade e tiro ao c\u00e3o - Portal Tela Portugal\",\"isPartOf\":{\"@id\":\"https:\/\/portaltela.pt\/#website\"},\"primaryImageOfPage\":{\"@id\":\"https:\/\/portaltela.pt\/noticias\/2026\/03\/06\/polemicas-da-barbie-do-ice-cama-em-jato-estatal-publicidade-e-tiro-ao-cao\/#primaryimage\"},\"image\":{\"@id\":\"https:\/\/portaltela.pt\/noticias\/2026\/03\/06\/polemicas-da-barbie-do-ice-cama-em-jato-estatal-publicidade-e-tiro-ao-cao\/#primaryimage\"},\"thumbnailUrl\":\"https:\/\/portaltela.pt\/s.01k8rhncp4jt1\/2026\/03\/img_1280x718uu2026-03-06-12-14-32-2270743-im-639083961035394848.jpg\",\"datePublished\":\"2026-03-06T17:16:00+00:00\",\"author\":{\"@id\":\"https:\/\/portaltela.pt\/#\/schema\/person\/c4278d4a6028830caff9ee44b42d32ed\"},\"breadcrumb\":{\"@id\":\"https:\/\/portaltela.pt\/noticias\/2026\/03\/06\/polemicas-da-barbie-do-ice-cama-em-jato-estatal-publicidade-e-tiro-ao-cao\/#breadcrumb\"},\"inLanguage\":\"pt-PT\",\"potentialAction\":[{\"@type\":\"ReadAction\",\"target\":[\"https:\/\/portaltela.pt\/noticias\/2026\/03\/06\/polemicas-da-barbie-do-ice-cama-em-jato-estatal-publicidade-e-tiro-ao-cao\/\"]}]},{\"@type\":\"ImageObject\",\"inLanguage\":\"pt-PT\",\"@id\":\"https:\/\/portaltela.pt\/noticias\/2026\/03\/06\/polemicas-da-barbie-do-ice-cama-em-jato-estatal-publicidade-e-tiro-ao-cao\/#primaryimage\",\"url\":\"https:\/\/portaltela.pt\/s.01k8rhncp4jt1\/2026\/03\/img_1280x718uu2026-03-06-12-14-32-2270743-im-639083961035394848.jpg\",\"contentUrl\":\"https:\/\/portaltela.pt\/s.01k8rhncp4jt1\/2026\/03\/img_1280x718uu2026-03-06-12-14-32-2270743-im-639083961035394848.jpg\",\"width\":796,\"height\":448,\"caption\":\"Kristi Noem\"},{\"@type\":\"BreadcrumbList\",\"@id\":\"https:\/\/portaltela.pt\/noticias\/2026\/03\/06\/polemicas-da-barbie-do-ice-cama-em-jato-estatal-publicidade-e-tiro-ao-cao\/#breadcrumb\",\"itemListElement\":[{\"@type\":\"ListItem\",\"position\":1,\"name\":\"In\u00edcio\",\"item\":\"https:\/\/portaltela.pt\/\"},{\"@type\":\"ListItem\",\"position\":2,\"name\":\"Pol\u00e9micas da Barbie do ICE: cama em jato estatal, publicidade e tiro ao c\u00e3o\"}]},{\"@type\":\"WebSite\",\"@id\":\"https:\/\/portaltela.pt\/#website\",\"url\":\"https:\/\/portaltela.pt\/\",\"name\":\"Portal Tela Portugal\",\"description\":\"\",\"potentialAction\":[{\"@type\":\"SearchAction\",\"target\":{\"@type\":\"EntryPoint\",\"urlTemplate\":\"https:\/\/portaltela.pt\/?s={search_term_string}\"},\"query-input\":{\"@type\":\"PropertyValueSpecification\",\"valueRequired\":true,\"valueName\":\"search_term_string\"}}],\"inLanguage\":\"pt-PT\"},{\"@type\":\"Person\",\"@id\":\"https:\/\/portaltela.pt\/#\/schema\/person\/c4278d4a6028830caff9ee44b42d32ed\",\"name\":\"Telinha\",\"image\":{\"@type\":\"ImageObject\",\"inLanguage\":\"pt-PT\",\"@id\":\"https:\/\/portaltela.pt\/s.01k8rhncp4jt1\/2025\/11\/talking-bot-125x125.png\",\"url\":\"https:\/\/portaltela.pt\/s.01k8rhncp4jt1\/2025\/11\/talking-bot-125x125.png\",\"contentUrl\":\"https:\/\/portaltela.pt\/s.01k8rhncp4jt1\/2025\/11\/talking-bot-125x125.png\",\"caption\":\"Telinha\"},\"sameAs\":[\"https:\/\/portaltela.pt\/\"],\"url\":\"https:\/\/portaltela.pt\/por\/367410592786\/\"}]}<\/script>\n<!-- \/ Yoast SEO plugin. -->","yoast_head_json":{"title":"Pol\u00e9micas da Barbie do ICE: cama em jato estatal, publicidade e tiro ao c\u00e3o - Portal Tela Portugal","robots":{"index":"index","follow":"follow","max-snippet":"max-snippet:-1","max-image-preview":"max-image-preview:large","max-video-preview":"max-video-preview:-1"},"og_locale":"pt_PT","og_type":"article","og_title":"Pol\u00e9micas da Barbie do ICE: cama em jato estatal, publicidade e tiro ao c\u00e3o - Portal Tela Portugal","og_description":"O presidente dos EUA, Donald Trump, demitiu a secret\u00e1ria de Seguran\u00e7a Interna, Kristi Noem, na quinta-feira, 5, ap\u00f3s uma s\u00e9rie de pol\u00e9micas, incluindo alegado caso extraconjugal e gastos com jatos privados. Noem, conhecida como a Barbie do ICE, enfrentou cr\u00edticas por gastos p\u00fablicos com duas aeronaves de luxo e previs\u00f5es de compra de um Boeing 737 por cerca de 70 milh\u00f5es de d\u00f3lares. Uma das controv\u00e9rsias envolveu a explica\u00e7\u00e3o dada ao Congresso sobre um jato com quarto de dormir; houve relatos de epis\u00f3dios de arrog\u00e2ncia e de demiss\u00f5es de pilotos, envolvendo Corey Lewandowski. Surgiram rumores de uma rela\u00e7\u00e3o extraconjugal entre Noem e Lewandowski, que Noem qualificou como lixo de tabloide; Lewandowski \u00e9 ex-assessor de Trump que acompanha Noem. O an\u00fancio de 220 milh\u00f5es de d\u00f3lares onde Noem era a estrela levou Trump a afast\u00e1-la; Noem afirmou que o an\u00fancio foi aprovado por Trump, que negou ter rejeitado a nomea\u00e7\u00e3o restante, mantendo possibilidade de futura contrata\u00e7\u00e3o. Por fim, Kristi Noem dever\u00e1 assumir o cargo de Enviada Especial para a Prote\u00e7\u00e3o das Am\u00e9ricas.","og_url":"https:\/\/portaltela.pt\/noticias\/2026\/03\/06\/polemicas-da-barbie-do-ice-cama-em-jato-estatal-publicidade-e-tiro-ao-cao\/","og_site_name":"Portal Tela Portugal","article_published_time":"2026-03-06T17:16:00+00:00","author":"Telinha","twitter_card":"summary_large_image","twitter_misc":{"Escrito por":"Telinha","Tempo estimado de leitura":"2 minutos"},"schema":{"@context":"https:\/\/schema.org","@graph":[{"@type":"Article","@id":"https:\/\/portaltela.pt\/noticias\/2026\/03\/06\/polemicas-da-barbie-do-ice-cama-em-jato-estatal-publicidade-e-tiro-ao-cao\/#article","isPartOf":{"@id":"https:\/\/portaltela.pt\/noticias\/2026\/03\/06\/polemicas-da-barbie-do-ice-cama-em-jato-estatal-publicidade-e-tiro-ao-cao\/"},"author":{"name":"Telinha","@id":"https:\/\/portaltela.pt\/#\/schema\/person\/c4278d4a6028830caff9ee44b42d32ed"},"headline":"Pol\u00e9micas da Barbie do ICE: cama em jato estatal, publicidade e tiro ao c\u00e3o","datePublished":"2026-03-06T17:16:00+00:00","mainEntityOfPage":{"@id":"https:\/\/portaltela.pt\/noticias\/2026\/03\/06\/polemicas-da-barbie-do-ice-cama-em-jato-estatal-publicidade-e-tiro-ao-cao\/"},"wordCount":396,"image":{"@id":"https:\/\/portaltela.pt\/noticias\/2026\/03\/06\/polemicas-da-barbie-do-ice-cama-em-jato-estatal-publicidade-e-tiro-ao-cao\/#primaryimage"},"thumbnailUrl":"https:\/\/portaltela.pt\/s.01k8rhncp4jt1\/2026\/03\/img_1280x718uu2026-03-06-12-14-32-2270743-im-639083961035394848.jpg","keywords":["_economia","demiss\u00f5es","governo","pol\u00edtica","seguran\u00e7a p\u00fablica","transpar\u00eancia p\u00fablica"],"articleSection":["Not\u00edcias","Pol\u00edtica"],"inLanguage":"pt-PT"},{"@type":"WebPage","@id":"https:\/\/portaltela.pt\/noticias\/2026\/03\/06\/polemicas-da-barbie-do-ice-cama-em-jato-estatal-publicidade-e-tiro-ao-cao\/","url":"https:\/\/portaltela.pt\/noticias\/2026\/03\/06\/polemicas-da-barbie-do-ice-cama-em-jato-estatal-publicidade-e-tiro-ao-cao\/","name":"Pol\u00e9micas da Barbie do ICE: cama em jato estatal, publicidade e tiro ao c\u00e3o - Portal Tela Portugal","isPartOf":{"@id":"https:\/\/portaltela.pt\/#website"},"primaryImageOfPage":{"@id":"https:\/\/portaltela.pt\/noticias\/2026\/03\/06\/polemicas-da-barbie-do-ice-cama-em-jato-estatal-publicidade-e-tiro-ao-cao\/#primaryimage"},"image":{"@id":"https:\/\/portaltela.pt\/noticias\/2026\/03\/06\/polemicas-da-barbie-do-ice-cama-em-jato-estatal-publicidade-e-tiro-ao-cao\/#primaryimage"},"thumbnailUrl":"https:\/\/portaltela.pt\/s.01k8rhncp4jt1\/2026\/03\/img_1280x718uu2026-03-06-12-14-32-2270743-im-639083961035394848.jpg","datePublished":"2026-03-06T17:16:00+00:00","author":{"@id":"https:\/\/portaltela.pt\/#\/schema\/person\/c4278d4a6028830caff9ee44b42d32ed"},"breadcrumb":{"@id":"https:\/\/portaltela.pt\/noticias\/2026\/03\/06\/polemicas-da-barbie-do-ice-cama-em-jato-estatal-publicidade-e-tiro-ao-cao\/#breadcrumb"},"inLanguage":"pt-PT","potentialAction":[{"@type":"ReadAction","target":["https:\/\/portaltela.pt\/noticias\/2026\/03\/06\/polemicas-da-barbie-do-ice-cama-em-jato-estatal-publicidade-e-tiro-ao-cao\/"]}]},{"@type":"ImageObject","inLanguage":"pt-PT","@id":"https:\/\/portaltela.pt\/noticias\/2026\/03\/06\/polemicas-da-barbie-do-ice-cama-em-jato-estatal-publicidade-e-tiro-ao-cao\/#primaryimage","url":"https:\/\/portaltela.pt\/s.01k8rhncp4jt1\/2026\/03\/img_1280x718uu2026-03-06-12-14-32-2270743-im-639083961035394848.jpg","contentUrl":"https:\/\/portaltela.pt\/s.01k8rhncp4jt1\/2026\/03\/img_1280x718uu2026-03-06-12-14-32-2270743-im-639083961035394848.jpg","width":796,"height":448,"caption":"Kristi Noem"},{"@type":"BreadcrumbList","@id":"https:\/\/portaltela.pt\/noticias\/2026\/03\/06\/polemicas-da-barbie-do-ice-cama-em-jato-estatal-publicidade-e-tiro-ao-cao\/#breadcrumb","itemListElement":[{"@type":"ListItem","position":1,"name":"In\u00edcio","item":"https:\/\/portaltela.pt\/"},{"@type":"ListItem","position":2,"name":"Pol\u00e9micas da Barbie do ICE: cama em jato estatal, publicidade e tiro ao c\u00e3o"}]},{"@type":"WebSite","@id":"https:\/\/portaltela.pt\/#website","url":"https:\/\/portaltela.pt\/","name":"Portal Tela Portugal","description":"","potentialAction":[{"@type":"SearchAction","target":{"@type":"EntryPoint","urlTemplate":"https:\/\/portaltela.pt\/?s={search_term_string}"},"query-input":{"@type":"PropertyValueSpecification","valueRequired":true,"valueName":"search_term_string"}}],"inLanguage":"pt-PT"},{"@type":"Person","@id":"https:\/\/portaltela.pt\/#\/schema\/person\/c4278d4a6028830caff9ee44b42d32ed","name":"Telinha","image":{"@type":"ImageObject","inLanguage":"pt-PT","@id":"https:\/\/portaltela.pt\/s.01k8rhncp4jt1\/2025\/11\/talking-bot-125x125.png","url":"https:\/\/portaltela.pt\/s.01k8rhncp4jt1\/2025\/11\/talking-bot-125x125.png","contentUrl":"https:\/\/portaltela.pt\/s.01k8rhncp4jt1\/2025\/11\/talking-bot-125x125.png","caption":"Telinha"},"sameAs":["https:\/\/portaltela.pt\/"],"url":"https:\/\/portaltela.pt\/por\/367410592786\/"}]}},"_links":{"self":[{"href":"https:\/\/portaltela.pt\/api\/wp\/v2\/posts\/400651","targetHints":{"allow":["GET"]}}],"collection":[{"href":"https:\/\/portaltela.pt\/api\/wp\/v2\/posts"}],"about":[{"href":"https:\/\/portaltela.pt\/api\/wp\/v2\/types\/post"}],"author":[{"embeddable":true,"href":"https:\/\/portaltela.pt\/api\/wp\/v2\/users\/2"}],"replies":[{"embeddable":true,"href":"https:\/\/portaltela.pt\/api\/wp\/v2\/comments?post=400651"}],"version-history":[{"count":0,"href":"https:\/\/portaltela.pt\/api\/wp\/v2\/posts\/400651\/revisions"}],"wp:featuredmedia":[{"embeddable":true,"href":"https:\/\/portaltela.pt\/api\/wp\/v2\/media\/400659"}],"wp:attachment":[{"href":"https:\/\/portaltela.pt\/api\/wp\/v2\/media?parent=400651"}],"wp:term":[{"taxonomy":"category","embeddable":true,"href":"https:\/\/portaltela.pt\/api\/wp\/v2\/categories?post=400651"},{"taxonomy":"post_tag","embeddable":true,"href":"https:\/\/portaltela.pt\/api\/wp\/v2\/tags?post=400651"}],"curies":[{"name":"wp","href":"https:\/\/api.w.org\/{rel}","templated":true}]}}