{"id":400645,"date":"2026-03-06T15:18:00","date_gmt":"2026-03-06T18:18:00","guid":{"rendered":"https:\/\/portaltela.pt\/noticias\/2026\/03\/06\/presidentes-de-cabo-verde-mocambique-sao-tome-e-timor-leste-na-posse-de-seguro-2\/"},"modified":"2026-03-06T15:18:00","modified_gmt":"2026-03-06T18:18:00","slug":"presidentes-de-cabo-verde-mocambique-sao-tome-e-timor-leste-na-posse-de-seguro-2","status":"publish","type":"post","link":"https:\/\/portaltela.pt\/noticias\/internacional\/2026\/03\/06\/presidentes-de-cabo-verde-mocambique-sao-tome-e-timor-leste-na-posse-de-seguro-2\/","title":{"rendered":"Presidentes de Cabo Verde, Mo\u00e7ambique, S\u00e3o Tom\u00e9 e Timor-Leste na posse de Seguro"},"content":{"rendered":"<p>Os chefes de Estado de Cabo Verde, Mo\u00e7ambique, S\u00e3o Tom\u00e9 e Pr\u00edncipe e Timor-Leste v\u00e3o marcar presen\u00e7a na tomada de posse de Ant\u00f3nio Jos\u00e9 Seguro como Presidente da Rep\u00fablica de Portugal, esta segunda-feira. A confirma\u00e7\u00e3o foi adiantada a  Lusa por fontes diplom\u00e1ticas.<\/p>\n<p>A cerim\u00f3nia decorre em Lisboa, no \u00e2mbito dos actos de investidura de Seguro, com a participa\u00e7\u00e3o prevista de altas comiss\u00f5es desses pa\u00edses africanos e asi\u00e1ticos. A presen\u00e7a dos mandat\u00e1rios \u00e9 descrita pelas fontes como uma demonstra\u00e7\u00e3o de continuidade das rela\u00e7\u00f5es entre Portugal e os seus parceiros estrat\u00e9gicos.<\/p>\n<h3>Participa\u00e7\u00e3o internacional<\/h3>\n<p>A informa\u00e7\u00e3o foi divulgada ap\u00f3s contactos entre embaixadas e o servi\u00e7o diplom\u00e1tico portugu\u00eas, sem que tenham sido detalhadas as motiva\u00e7\u00f5es pol\u00edticas da desloca\u00e7\u00e3o ou o alcance das interven\u00e7\u00f5es oficiais durante o evento.<\/p>\n","protected":false},"excerpt":{"rendered":"<ul>\n<li>Os presidentes de Cabo Verde, Mo\u00e7ambique, S\u00e3o Tom\u00e9 e Pr\u00edncipe e Timor-Leste v\u00e3o marcar presen\u00e7a na tomada de posse de Ant\u00f3nio Jos\u00e9 Seguro como Presidente da Rep\u00fablica de Portugal.<\/li>\n<li>A informa\u00e7\u00e3o foi adiantada por fontes diplom\u00e1ticas \u00e0 ag\u00eancia Lusa.<\/li>\n<li>A cerim\u00f3nia est\u00e1 prevista para esta segunda-feira.<\/li>\n<\/ul>\n","protected":false},"author":2,"featured_media":400657,"comment_status":"closed","ping_status":"closed","sticky":false,"template":"","format":"standard","meta":{"footnotes":""},"categories":[4,1],"tags":[2329,1911,1014,27,4486,2727],"class_list":["post-400645","post","type-post","status-publish","format-standard","has-post-thumbnail","hentry","category-internacional","category-noticias","tag-cabo-verde","tag-mocambique","tag-portugal","tag-relacoes-internacionais","tag-sao-tome-e-principe","tag-timor-leste"],"yoast_head":"<!-- This site is optimized with the Yoast SEO plugin v27.2 - https:\/\/yoast.com\/product\/yoast-seo-wordpress\/ -->\n<title>Presidentes de Cabo Verde, Mo\u00e7ambique, S\u00e3o Tom\u00e9 e Timor-Leste na posse de Seguro - Portal Tela Portugal<\/title>\n<meta name=\"robots\" content=\"index, follow, max-snippet:-1, max-image-preview:large, max-video-preview:-1\" \/>\n<meta property=\"og:locale\" content=\"pt_PT\" \/>\n<meta property=\"og:type\" content=\"article\" \/>\n<meta property=\"og:title\" content=\"Presidentes de Cabo Verde, Mo\u00e7ambique, S\u00e3o Tom\u00e9 e Timor-Leste na posse de Seguro - Portal Tela Portugal\" \/>\n<meta property=\"og:description\" content=\"Os presidentes de Cabo Verde, Mo\u00e7ambique, S\u00e3o Tom\u00e9 e Pr\u00edncipe e Timor-Leste v\u00e3o marcar presen\u00e7a na tomada de posse de Ant\u00f3nio Jos\u00e9 Seguro como Presidente da Rep\u00fablica de Portugal. A informa\u00e7\u00e3o foi adiantada por fontes diplom\u00e1ticas \u00e0 ag\u00eancia Lusa. A cerim\u00f3nia est\u00e1 prevista para esta segunda-feira.\" \/>\n<meta property=\"og:url\" content=\"https:\/\/portaltela.pt\/noticias\/2026\/03\/06\/presidentes-de-cabo-verde-mocambique-sao-tome-e-timor-leste-na-posse-de-seguro-2\/\" \/>\n<meta property=\"og:site_name\" content=\"Portal Tela Portugal\" \/>\n<meta property=\"article:published_time\" content=\"2026-03-06T18:18:00+00:00\" \/>\n<meta name=\"author\" content=\"Telinha\" \/>\n<meta name=\"twitter:card\" content=\"summary_large_image\" \/>\n<meta name=\"twitter:label1\" content=\"Escrito por\" \/>\n\t<meta name=\"twitter:data1\" content=\"Telinha\" \/>\n\t<meta name=\"twitter:label2\" content=\"Tempo estimado de leitura\" \/>\n\t<meta name=\"twitter:data2\" content=\"1 minuto\" \/>\n<script type=\"application\/ld+json\" class=\"yoast-schema-graph\">{\"@context\":\"https:\/\/schema.org\",\"@graph\":[{\"@type\":\"Article\",\"@id\":\"https:\/\/portaltela.pt\/noticias\/2026\/03\/06\/presidentes-de-cabo-verde-mocambique-sao-tome-e-timor-leste-na-posse-de-seguro-2\/#article\",\"isPartOf\":{\"@id\":\"https:\/\/portaltela.pt\/noticias\/2026\/03\/06\/presidentes-de-cabo-verde-mocambique-sao-tome-e-timor-leste-na-posse-de-seguro-2\/\"},\"author\":{\"name\":\"Telinha\",\"@id\":\"https:\/\/portaltela.pt\/#\/schema\/person\/c4278d4a6028830caff9ee44b42d32ed\"},\"headline\":\"Presidentes de Cabo Verde, Mo\u00e7ambique, S\u00e3o Tom\u00e9 e Timor-Leste na posse de Seguro\",\"datePublished\":\"2026-03-06T18:18:00+00:00\",\"mainEntityOfPage\":{\"@id\":\"https:\/\/portaltela.pt\/noticias\/2026\/03\/06\/presidentes-de-cabo-verde-mocambique-sao-tome-e-timor-leste-na-posse-de-seguro-2\/\"},\"wordCount\":166,\"image\":{\"@id\":\"https:\/\/portaltela.pt\/noticias\/2026\/03\/06\/presidentes-de-cabo-verde-mocambique-sao-tome-e-timor-leste-na-posse-de-seguro-2\/#primaryimage\"},\"thumbnailUrl\":\"https:\/\/portaltela.pt\/s.01k8rhncp4jt1\/2026\/03\/CACHE_780X1200_ANALOG_WATERMARKED_46633676_1814654_24022026070615.jpg\",\"keywords\":[\"Cabo Verde\",\"Mo\u00e7ambique\",\"Portugal\",\"rela\u00e7\u00f5es internacionais\",\"S\u00e3o Tom\u00e9 e Pr\u00edncipe\",\"Timor-Leste\"],\"articleSection\":[\"Internacional\",\"Not\u00edcias\"],\"inLanguage\":\"pt-PT\"},{\"@type\":\"WebPage\",\"@id\":\"https:\/\/portaltela.pt\/noticias\/2026\/03\/06\/presidentes-de-cabo-verde-mocambique-sao-tome-e-timor-leste-na-posse-de-seguro-2\/\",\"url\":\"https:\/\/portaltela.pt\/noticias\/2026\/03\/06\/presidentes-de-cabo-verde-mocambique-sao-tome-e-timor-leste-na-posse-de-seguro-2\/\",\"name\":\"Presidentes de Cabo Verde, Mo\u00e7ambique, S\u00e3o Tom\u00e9 e Timor-Leste na posse de Seguro - Portal Tela Portugal\",\"isPartOf\":{\"@id\":\"https:\/\/portaltela.pt\/#website\"},\"primaryImageOfPage\":{\"@id\":\"https:\/\/portaltela.pt\/noticias\/2026\/03\/06\/presidentes-de-cabo-verde-mocambique-sao-tome-e-timor-leste-na-posse-de-seguro-2\/#primaryimage\"},\"image\":{\"@id\":\"https:\/\/portaltela.pt\/noticias\/2026\/03\/06\/presidentes-de-cabo-verde-mocambique-sao-tome-e-timor-leste-na-posse-de-seguro-2\/#primaryimage\"},\"thumbnailUrl\":\"https:\/\/portaltela.pt\/s.01k8rhncp4jt1\/2026\/03\/CACHE_780X1200_ANALOG_WATERMARKED_46633676_1814654_24022026070615.jpg\",\"datePublished\":\"2026-03-06T18:18:00+00:00\",\"author\":{\"@id\":\"https:\/\/portaltela.pt\/#\/schema\/person\/c4278d4a6028830caff9ee44b42d32ed\"},\"breadcrumb\":{\"@id\":\"https:\/\/portaltela.pt\/noticias\/2026\/03\/06\/presidentes-de-cabo-verde-mocambique-sao-tome-e-timor-leste-na-posse-de-seguro-2\/#breadcrumb\"},\"inLanguage\":\"pt-PT\",\"potentialAction\":[{\"@type\":\"ReadAction\",\"target\":[\"https:\/\/portaltela.pt\/noticias\/2026\/03\/06\/presidentes-de-cabo-verde-mocambique-sao-tome-e-timor-leste-na-posse-de-seguro-2\/\"]}]},{\"@type\":\"ImageObject\",\"inLanguage\":\"pt-PT\",\"@id\":\"https:\/\/portaltela.pt\/noticias\/2026\/03\/06\/presidentes-de-cabo-verde-mocambique-sao-tome-e-timor-leste-na-posse-de-seguro-2\/#primaryimage\",\"url\":\"https:\/\/portaltela.pt\/s.01k8rhncp4jt1\/2026\/03\/CACHE_780X1200_ANALOG_WATERMARKED_46633676_1814654_24022026070615.jpg\",\"contentUrl\":\"https:\/\/portaltela.pt\/s.01k8rhncp4jt1\/2026\/03\/CACHE_780X1200_ANALOG_WATERMARKED_46633676_1814654_24022026070615.jpg\",\"width\":796,\"height\":448,\"caption\":\"Presidentes de Cabo Verde, Mo\u00e7ambique, S\u00e3o Tom\u00e9 e Timor-Leste na tomada de posse de Seguro\"},{\"@type\":\"BreadcrumbList\",\"@id\":\"https:\/\/portaltela.pt\/noticias\/2026\/03\/06\/presidentes-de-cabo-verde-mocambique-sao-tome-e-timor-leste-na-posse-de-seguro-2\/#breadcrumb\",\"itemListElement\":[{\"@type\":\"ListItem\",\"position\":1,\"name\":\"In\u00edcio\",\"item\":\"https:\/\/portaltela.pt\/\"},{\"@type\":\"ListItem\",\"position\":2,\"name\":\"Presidentes de Cabo Verde, Mo\u00e7ambique, S\u00e3o Tom\u00e9 e Timor-Leste na posse de Seguro\"}]},{\"@type\":\"WebSite\",\"@id\":\"https:\/\/portaltela.pt\/#website\",\"url\":\"https:\/\/portaltela.pt\/\",\"name\":\"Portal Tela Portugal\",\"description\":\"\",\"potentialAction\":[{\"@type\":\"SearchAction\",\"target\":{\"@type\":\"EntryPoint\",\"urlTemplate\":\"https:\/\/portaltela.pt\/?s={search_term_string}\"},\"query-input\":{\"@type\":\"PropertyValueSpecification\",\"valueRequired\":true,\"valueName\":\"search_term_string\"}}],\"inLanguage\":\"pt-PT\"},{\"@type\":\"Person\",\"@id\":\"https:\/\/portaltela.pt\/#\/schema\/person\/c4278d4a6028830caff9ee44b42d32ed\",\"name\":\"Telinha\",\"image\":{\"@type\":\"ImageObject\",\"inLanguage\":\"pt-PT\",\"@id\":\"https:\/\/portaltela.pt\/s.01k8rhncp4jt1\/2025\/11\/talking-bot-125x125.png\",\"url\":\"https:\/\/portaltela.pt\/s.01k8rhncp4jt1\/2025\/11\/talking-bot-125x125.png\",\"contentUrl\":\"https:\/\/portaltela.pt\/s.01k8rhncp4jt1\/2025\/11\/talking-bot-125x125.png\",\"caption\":\"Telinha\"},\"sameAs\":[\"https:\/\/portaltela.pt\/\"],\"url\":\"https:\/\/portaltela.pt\/por\/367410592786\/\"}]}<\/script>\n<!-- \/ Yoast SEO plugin. -->","yoast_head_json":{"title":"Presidentes de Cabo Verde, Mo\u00e7ambique, S\u00e3o Tom\u00e9 e Timor-Leste na posse de Seguro - Portal Tela Portugal","robots":{"index":"index","follow":"follow","max-snippet":"max-snippet:-1","max-image-preview":"max-image-preview:large","max-video-preview":"max-video-preview:-1"},"og_locale":"pt_PT","og_type":"article","og_title":"Presidentes de Cabo Verde, Mo\u00e7ambique, S\u00e3o Tom\u00e9 e Timor-Leste na posse de Seguro - Portal Tela Portugal","og_description":"Os presidentes de Cabo Verde, Mo\u00e7ambique, S\u00e3o Tom\u00e9 e Pr\u00edncipe e Timor-Leste v\u00e3o marcar presen\u00e7a na tomada de posse de Ant\u00f3nio Jos\u00e9 Seguro como Presidente da Rep\u00fablica de Portugal. A informa\u00e7\u00e3o foi adiantada por fontes diplom\u00e1ticas \u00e0 ag\u00eancia Lusa. A cerim\u00f3nia est\u00e1 prevista para esta segunda-feira.","og_url":"https:\/\/portaltela.pt\/noticias\/2026\/03\/06\/presidentes-de-cabo-verde-mocambique-sao-tome-e-timor-leste-na-posse-de-seguro-2\/","og_site_name":"Portal Tela Portugal","article_published_time":"2026-03-06T18:18:00+00:00","author":"Telinha","twitter_card":"summary_large_image","twitter_misc":{"Escrito por":"Telinha","Tempo estimado de leitura":"1 minuto"},"schema":{"@context":"https:\/\/schema.org","@graph":[{"@type":"Article","@id":"https:\/\/portaltela.pt\/noticias\/2026\/03\/06\/presidentes-de-cabo-verde-mocambique-sao-tome-e-timor-leste-na-posse-de-seguro-2\/#article","isPartOf":{"@id":"https:\/\/portaltela.pt\/noticias\/2026\/03\/06\/presidentes-de-cabo-verde-mocambique-sao-tome-e-timor-leste-na-posse-de-seguro-2\/"},"author":{"name":"Telinha","@id":"https:\/\/portaltela.pt\/#\/schema\/person\/c4278d4a6028830caff9ee44b42d32ed"},"headline":"Presidentes de Cabo Verde, Mo\u00e7ambique, S\u00e3o Tom\u00e9 e Timor-Leste na posse de Seguro","datePublished":"2026-03-06T18:18:00+00:00","mainEntityOfPage":{"@id":"https:\/\/portaltela.pt\/noticias\/2026\/03\/06\/presidentes-de-cabo-verde-mocambique-sao-tome-e-timor-leste-na-posse-de-seguro-2\/"},"wordCount":166,"image":{"@id":"https:\/\/portaltela.pt\/noticias\/2026\/03\/06\/presidentes-de-cabo-verde-mocambique-sao-tome-e-timor-leste-na-posse-de-seguro-2\/#primaryimage"},"thumbnailUrl":"https:\/\/portaltela.pt\/s.01k8rhncp4jt1\/2026\/03\/CACHE_780X1200_ANALOG_WATERMARKED_46633676_1814654_24022026070615.jpg","keywords":["Cabo Verde","Mo\u00e7ambique","Portugal","rela\u00e7\u00f5es internacionais","S\u00e3o Tom\u00e9 e Pr\u00edncipe","Timor-Leste"],"articleSection":["Internacional","Not\u00edcias"],"inLanguage":"pt-PT"},{"@type":"WebPage","@id":"https:\/\/portaltela.pt\/noticias\/2026\/03\/06\/presidentes-de-cabo-verde-mocambique-sao-tome-e-timor-leste-na-posse-de-seguro-2\/","url":"https:\/\/portaltela.pt\/noticias\/2026\/03\/06\/presidentes-de-cabo-verde-mocambique-sao-tome-e-timor-leste-na-posse-de-seguro-2\/","name":"Presidentes de Cabo Verde, Mo\u00e7ambique, S\u00e3o Tom\u00e9 e Timor-Leste na posse de Seguro - Portal Tela Portugal","isPartOf":{"@id":"https:\/\/portaltela.pt\/#website"},"primaryImageOfPage":{"@id":"https:\/\/portaltela.pt\/noticias\/2026\/03\/06\/presidentes-de-cabo-verde-mocambique-sao-tome-e-timor-leste-na-posse-de-seguro-2\/#primaryimage"},"image":{"@id":"https:\/\/portaltela.pt\/noticias\/2026\/03\/06\/presidentes-de-cabo-verde-mocambique-sao-tome-e-timor-leste-na-posse-de-seguro-2\/#primaryimage"},"thumbnailUrl":"https:\/\/portaltela.pt\/s.01k8rhncp4jt1\/2026\/03\/CACHE_780X1200_ANALOG_WATERMARKED_46633676_1814654_24022026070615.jpg","datePublished":"2026-03-06T18:18:00+00:00","author":{"@id":"https:\/\/portaltela.pt\/#\/schema\/person\/c4278d4a6028830caff9ee44b42d32ed"},"breadcrumb":{"@id":"https:\/\/portaltela.pt\/noticias\/2026\/03\/06\/presidentes-de-cabo-verde-mocambique-sao-tome-e-timor-leste-na-posse-de-seguro-2\/#breadcrumb"},"inLanguage":"pt-PT","potentialAction":[{"@type":"ReadAction","target":["https:\/\/portaltela.pt\/noticias\/2026\/03\/06\/presidentes-de-cabo-verde-mocambique-sao-tome-e-timor-leste-na-posse-de-seguro-2\/"]}]},{"@type":"ImageObject","inLanguage":"pt-PT","@id":"https:\/\/portaltela.pt\/noticias\/2026\/03\/06\/presidentes-de-cabo-verde-mocambique-sao-tome-e-timor-leste-na-posse-de-seguro-2\/#primaryimage","url":"https:\/\/portaltela.pt\/s.01k8rhncp4jt1\/2026\/03\/CACHE_780X1200_ANALOG_WATERMARKED_46633676_1814654_24022026070615.jpg","contentUrl":"https:\/\/portaltela.pt\/s.01k8rhncp4jt1\/2026\/03\/CACHE_780X1200_ANALOG_WATERMARKED_46633676_1814654_24022026070615.jpg","width":796,"height":448,"caption":"Presidentes de Cabo Verde, Mo\u00e7ambique, S\u00e3o Tom\u00e9 e Timor-Leste na tomada de posse de Seguro"},{"@type":"BreadcrumbList","@id":"https:\/\/portaltela.pt\/noticias\/2026\/03\/06\/presidentes-de-cabo-verde-mocambique-sao-tome-e-timor-leste-na-posse-de-seguro-2\/#breadcrumb","itemListElement":[{"@type":"ListItem","position":1,"name":"In\u00edcio","item":"https:\/\/portaltela.pt\/"},{"@type":"ListItem","position":2,"name":"Presidentes de Cabo Verde, Mo\u00e7ambique, S\u00e3o Tom\u00e9 e Timor-Leste na posse de Seguro"}]},{"@type":"WebSite","@id":"https:\/\/portaltela.pt\/#website","url":"https:\/\/portaltela.pt\/","name":"Portal Tela Portugal","description":"","potentialAction":[{"@type":"SearchAction","target":{"@type":"EntryPoint","urlTemplate":"https:\/\/portaltela.pt\/?s={search_term_string}"},"query-input":{"@type":"PropertyValueSpecification","valueRequired":true,"valueName":"search_term_string"}}],"inLanguage":"pt-PT"},{"@type":"Person","@id":"https:\/\/portaltela.pt\/#\/schema\/person\/c4278d4a6028830caff9ee44b42d32ed","name":"Telinha","image":{"@type":"ImageObject","inLanguage":"pt-PT","@id":"https:\/\/portaltela.pt\/s.01k8rhncp4jt1\/2025\/11\/talking-bot-125x125.png","url":"https:\/\/portaltela.pt\/s.01k8rhncp4jt1\/2025\/11\/talking-bot-125x125.png","contentUrl":"https:\/\/portaltela.pt\/s.01k8rhncp4jt1\/2025\/11\/talking-bot-125x125.png","caption":"Telinha"},"sameAs":["https:\/\/portaltela.pt\/"],"url":"https:\/\/portaltela.pt\/por\/367410592786\/"}]}},"_links":{"self":[{"href":"https:\/\/portaltela.pt\/api\/wp\/v2\/posts\/400645","targetHints":{"allow":["GET"]}}],"collection":[{"href":"https:\/\/portaltela.pt\/api\/wp\/v2\/posts"}],"about":[{"href":"https:\/\/portaltela.pt\/api\/wp\/v2\/types\/post"}],"author":[{"embeddable":true,"href":"https:\/\/portaltela.pt\/api\/wp\/v2\/users\/2"}],"replies":[{"embeddable":true,"href":"https:\/\/portaltela.pt\/api\/wp\/v2\/comments?post=400645"}],"version-history":[{"count":0,"href":"https:\/\/portaltela.pt\/api\/wp\/v2\/posts\/400645\/revisions"}],"wp:featuredmedia":[{"embeddable":true,"href":"https:\/\/portaltela.pt\/api\/wp\/v2\/media\/400657"}],"wp:attachment":[{"href":"https:\/\/portaltela.pt\/api\/wp\/v2\/media?parent=400645"}],"wp:term":[{"taxonomy":"category","embeddable":true,"href":"https:\/\/portaltela.pt\/api\/wp\/v2\/categories?post=400645"},{"taxonomy":"post_tag","embeddable":true,"href":"https:\/\/portaltela.pt\/api\/wp\/v2\/tags?post=400645"}],"curies":[{"name":"wp","href":"https:\/\/api.w.org\/{rel}","templated":true}]}}