{"id":400637,"date":"2026-03-06T15:30:23","date_gmt":"2026-03-06T18:30:23","guid":{"rendered":"https:\/\/portaltela.pt\/noticias\/2026\/03\/06\/presidentes-de-cabo-verde-mocambique-sao-tome-e-timor-leste-na-posse-de-seguro\/"},"modified":"2026-03-06T15:30:23","modified_gmt":"2026-03-06T18:30:23","slug":"presidentes-de-cabo-verde-mocambique-sao-tome-e-timor-leste-na-posse-de-seguro","status":"publish","type":"post","link":"https:\/\/portaltela.pt\/noticias\/internacional\/2026\/03\/06\/presidentes-de-cabo-verde-mocambique-sao-tome-e-timor-leste-na-posse-de-seguro\/","title":{"rendered":"Presidentes de Cabo Verde, Mo\u00e7ambique, S\u00e3o Tom\u00e9 e Timor-Leste na posse de Seguro"},"content":{"rendered":"<p>Os chefes de Estado de Cabo Verde, Mo\u00e7ambique, S\u00e3o Tom\u00e9 e Pr\u00edncipe e Timor-Leste v\u00e3o assistir \u00e0 tomada de posse de Ant\u00f3nio Jos\u00e9 Seguro como Presidente da Rep\u00fablica Portuguesa, na pr\u00f3xima segunda-feira, em Lisboa. A participa\u00e7\u00e3o foi confirmada a partir de fontes diplom\u00e1ticas contactadas pela Lusa.<\/p>\n<p>Al\u00e9m disso, o Presidente de Angola, Jo\u00e3o Louren\u00e7o, tamb\u00e9m estar\u00e1 presente na cerim\u00f3nia. Ant\u00f3nio Jos\u00e9 Seguro venceu a elei\u00e7\u00e3o para a Presid\u00eancia de Portugal na segunda volta, com mais de 3,5 milh\u00f5es de votos, num marco de recorde.<\/p>\n<p>O presidente brasileiro, In\u00e1cio Lula da Silva, e o ministro dos Neg\u00f3cios Estrangeiros, Mauro Vieira, n\u00e3o poder\u00e3o comparecer, pois estar\u00e3o em Bras\u00edlia para receber o chefe de Estado sul-africano, Cyril Ramaphosa. Lula havia j\u00e1 saudado a vit\u00f3ria de Seguro no dia da elei\u00e7\u00e3o, destacando a democracia e as rela\u00e7\u00f5es bilaterais entre Brasil e Portugal.<\/p>\n<h3>Participa\u00e7\u00e3o internacional<\/h3>\n<p>Os l\u00edderes lus\u00f3fonos que confirmar\u00e3o presen\u00e7a enviaram felicita\u00e7\u00f5es a Seguro. Cabo Verde destacou a confirma\u00e7\u00e3o de participa\u00e7\u00e3o e elogiou o voto dos portugueses em prol da democracia. Mo\u00e7ambique, S\u00e3o Tom\u00e9 e Pr\u00edncipe e Timor-Leste manifestaram igualmente o desejo de trabalhar no refor\u00e7o de rela\u00e7\u00f5es hist\u00f3ricas com Portugal.<\/p>\n<p>Ramos-Horta, de Timor-Leste, felicitou o vencedor, sublinhando o compromisso de Portugal com valores de democracia, liberdade e Estado de Direito. A imprensa lus\u00f3fona acompanha com expectativa a rece\u00e7\u00e3o diplom\u00e1tica prevista para a cerim\u00f3nia em Lisboa.<\/p>\n","protected":false},"excerpt":{"rendered":"<ul>\n<li>Chefes de Estado de Cabo Verde, Mo\u00e7ambique, S\u00e3o Tom\u00e9 e Pr\u00edncipe e Timor-Leste v\u00e3o estar presentes na tomada de posse de Ant\u00f3nio Jos\u00e9 Seguro como Presidente de Portugal.<\/li>\n<li>O Presidente de Angola, Jo\u00e3o Louren\u00e7o, tamb\u00e9m vai marcar presen\u00e7a na cerim\u00f3nia em Lisboa.<\/li>\n<li>Ant\u00f3nio Jos\u00e9 Seguro venceu o escrut\u00ednio na segunda volta com mais de 3,5 milh\u00f5es de votos, n\u00famero recorde.<\/li>\n<li>O presidente brasileiro, In\u00e1cio Lula da Silva, e o ministro das Rela\u00e7\u00f5es Exteriores, Mauro Vieira, n\u00e3o estar\u00e3o presentes, pois v\u00e3o receber o chefe de Estado sul-africano, Cyril Ramaphosa, em Bras\u00edlia.<\/li>\n<li>Diversos chefes de Estado lus\u00f3fonos felicitaram Seguro pela vit\u00f3ria, destacando o refor\u00e7o das rela\u00e7\u00f5es entre os pa\u00edses.<\/li>\n<\/ul>\n","protected":false},"author":2,"featured_media":400638,"comment_status":"closed","ping_status":"closed","sticky":false,"template":"","format":"standard","meta":{"footnotes":""},"categories":[4,1],"tags":[2329,68,1911,1014,30,2727],"class_list":["post-400637","post","type-post","status-publish","format-standard","has-post-thumbnail","hentry","category-internacional","category-noticias","tag-cabo-verde","tag-eleicoes","tag-mocambique","tag-portugal","tag-presidente","tag-timor-leste"],"yoast_head":"<!-- This site is optimized with the Yoast SEO plugin v27.2 - https:\/\/yoast.com\/product\/yoast-seo-wordpress\/ -->\n<title>Presidentes de Cabo Verde, Mo\u00e7ambique, S\u00e3o Tom\u00e9 e Timor-Leste na posse de Seguro - Portal Tela Portugal<\/title>\n<meta name=\"robots\" content=\"index, follow, max-snippet:-1, max-image-preview:large, max-video-preview:-1\" \/>\n<meta property=\"og:locale\" content=\"pt_PT\" \/>\n<meta property=\"og:type\" content=\"article\" \/>\n<meta property=\"og:title\" content=\"Presidentes de Cabo Verde, Mo\u00e7ambique, S\u00e3o Tom\u00e9 e Timor-Leste na posse de Seguro - Portal Tela Portugal\" \/>\n<meta property=\"og:description\" content=\"Chefes de Estado de Cabo Verde, Mo\u00e7ambique, S\u00e3o Tom\u00e9 e Pr\u00edncipe e Timor-Leste v\u00e3o estar presentes na tomada de posse de Ant\u00f3nio Jos\u00e9 Seguro como Presidente de Portugal. O Presidente de Angola, Jo\u00e3o Louren\u00e7o, tamb\u00e9m vai marcar presen\u00e7a na cerim\u00f3nia em Lisboa. Ant\u00f3nio Jos\u00e9 Seguro venceu o escrut\u00ednio na segunda volta com mais de 3,5 milh\u00f5es de votos, n\u00famero recorde. O presidente brasileiro, In\u00e1cio Lula da Silva, e o ministro das Rela\u00e7\u00f5es Exteriores, Mauro Vieira, n\u00e3o estar\u00e3o presentes, pois v\u00e3o receber o chefe de Estado sul-africano, Cyril Ramaphosa, em Bras\u00edlia. Diversos chefes de Estado lus\u00f3fonos felicitaram Seguro pela vit\u00f3ria, destacando o refor\u00e7o das rela\u00e7\u00f5es entre os pa\u00edses.\" \/>\n<meta property=\"og:url\" content=\"https:\/\/portaltela.pt\/noticias\/2026\/03\/06\/presidentes-de-cabo-verde-mocambique-sao-tome-e-timor-leste-na-posse-de-seguro\/\" \/>\n<meta property=\"og:site_name\" content=\"Portal Tela Portugal\" \/>\n<meta property=\"article:published_time\" content=\"2026-03-06T18:30:23+00:00\" \/>\n<meta name=\"author\" content=\"Telinha\" \/>\n<meta name=\"twitter:card\" content=\"summary_large_image\" \/>\n<meta name=\"twitter:label1\" content=\"Escrito por\" \/>\n\t<meta name=\"twitter:data1\" content=\"Telinha\" \/>\n\t<meta name=\"twitter:label2\" content=\"Tempo estimado de leitura\" \/>\n\t<meta name=\"twitter:data2\" content=\"1 minuto\" \/>\n<script type=\"application\/ld+json\" class=\"yoast-schema-graph\">{\"@context\":\"https:\/\/schema.org\",\"@graph\":[{\"@type\":\"Article\",\"@id\":\"https:\/\/portaltela.pt\/noticias\/2026\/03\/06\/presidentes-de-cabo-verde-mocambique-sao-tome-e-timor-leste-na-posse-de-seguro\/#article\",\"isPartOf\":{\"@id\":\"https:\/\/portaltela.pt\/noticias\/2026\/03\/06\/presidentes-de-cabo-verde-mocambique-sao-tome-e-timor-leste-na-posse-de-seguro\/\"},\"author\":{\"name\":\"Telinha\",\"@id\":\"https:\/\/portaltela.pt\/#\/schema\/person\/c4278d4a6028830caff9ee44b42d32ed\"},\"headline\":\"Presidentes de Cabo Verde, Mo\u00e7ambique, S\u00e3o Tom\u00e9 e Timor-Leste na posse de Seguro\",\"datePublished\":\"2026-03-06T18:30:23+00:00\",\"mainEntityOfPage\":{\"@id\":\"https:\/\/portaltela.pt\/noticias\/2026\/03\/06\/presidentes-de-cabo-verde-mocambique-sao-tome-e-timor-leste-na-posse-de-seguro\/\"},\"wordCount\":280,\"image\":{\"@id\":\"https:\/\/portaltela.pt\/noticias\/2026\/03\/06\/presidentes-de-cabo-verde-mocambique-sao-tome-e-timor-leste-na-posse-de-seguro\/#primaryimage\"},\"thumbnailUrl\":\"https:\/\/portaltela.pt\/s.01k8rhncp4jt1\/2026\/03\/img_1500x1000uu2026-02-08-23-23-52-2265759.jpg\",\"keywords\":[\"Cabo Verde\",\"elei\u00e7\u00f5es\",\"Mo\u00e7ambique\",\"Portugal\",\"presidente\",\"Timor-Leste\"],\"articleSection\":[\"Internacional\",\"Not\u00edcias\"],\"inLanguage\":\"pt-PT\"},{\"@type\":\"WebPage\",\"@id\":\"https:\/\/portaltela.pt\/noticias\/2026\/03\/06\/presidentes-de-cabo-verde-mocambique-sao-tome-e-timor-leste-na-posse-de-seguro\/\",\"url\":\"https:\/\/portaltela.pt\/noticias\/2026\/03\/06\/presidentes-de-cabo-verde-mocambique-sao-tome-e-timor-leste-na-posse-de-seguro\/\",\"name\":\"Presidentes de Cabo Verde, Mo\u00e7ambique, S\u00e3o Tom\u00e9 e Timor-Leste na posse de Seguro - Portal Tela Portugal\",\"isPartOf\":{\"@id\":\"https:\/\/portaltela.pt\/#website\"},\"primaryImageOfPage\":{\"@id\":\"https:\/\/portaltela.pt\/noticias\/2026\/03\/06\/presidentes-de-cabo-verde-mocambique-sao-tome-e-timor-leste-na-posse-de-seguro\/#primaryimage\"},\"image\":{\"@id\":\"https:\/\/portaltela.pt\/noticias\/2026\/03\/06\/presidentes-de-cabo-verde-mocambique-sao-tome-e-timor-leste-na-posse-de-seguro\/#primaryimage\"},\"thumbnailUrl\":\"https:\/\/portaltela.pt\/s.01k8rhncp4jt1\/2026\/03\/img_1500x1000uu2026-02-08-23-23-52-2265759.jpg\",\"datePublished\":\"2026-03-06T18:30:23+00:00\",\"author\":{\"@id\":\"https:\/\/portaltela.pt\/#\/schema\/person\/c4278d4a6028830caff9ee44b42d32ed\"},\"breadcrumb\":{\"@id\":\"https:\/\/portaltela.pt\/noticias\/2026\/03\/06\/presidentes-de-cabo-verde-mocambique-sao-tome-e-timor-leste-na-posse-de-seguro\/#breadcrumb\"},\"inLanguage\":\"pt-PT\",\"potentialAction\":[{\"@type\":\"ReadAction\",\"target\":[\"https:\/\/portaltela.pt\/noticias\/2026\/03\/06\/presidentes-de-cabo-verde-mocambique-sao-tome-e-timor-leste-na-posse-de-seguro\/\"]}]},{\"@type\":\"ImageObject\",\"inLanguage\":\"pt-PT\",\"@id\":\"https:\/\/portaltela.pt\/noticias\/2026\/03\/06\/presidentes-de-cabo-verde-mocambique-sao-tome-e-timor-leste-na-posse-de-seguro\/#primaryimage\",\"url\":\"https:\/\/portaltela.pt\/s.01k8rhncp4jt1\/2026\/03\/img_1500x1000uu2026-02-08-23-23-52-2265759.jpg\",\"contentUrl\":\"https:\/\/portaltela.pt\/s.01k8rhncp4jt1\/2026\/03\/img_1500x1000uu2026-02-08-23-23-52-2265759.jpg\",\"width\":796,\"height\":448,\"caption\":\"Ant\u00f3nio Jos\u00e9 Seguro \u00e9 o novo Presidente da Rep\u00fablica\"},{\"@type\":\"BreadcrumbList\",\"@id\":\"https:\/\/portaltela.pt\/noticias\/2026\/03\/06\/presidentes-de-cabo-verde-mocambique-sao-tome-e-timor-leste-na-posse-de-seguro\/#breadcrumb\",\"itemListElement\":[{\"@type\":\"ListItem\",\"position\":1,\"name\":\"In\u00edcio\",\"item\":\"https:\/\/portaltela.pt\/\"},{\"@type\":\"ListItem\",\"position\":2,\"name\":\"Presidentes de Cabo Verde, Mo\u00e7ambique, S\u00e3o Tom\u00e9 e Timor-Leste na posse de Seguro\"}]},{\"@type\":\"WebSite\",\"@id\":\"https:\/\/portaltela.pt\/#website\",\"url\":\"https:\/\/portaltela.pt\/\",\"name\":\"Portal Tela Portugal\",\"description\":\"\",\"potentialAction\":[{\"@type\":\"SearchAction\",\"target\":{\"@type\":\"EntryPoint\",\"urlTemplate\":\"https:\/\/portaltela.pt\/?s={search_term_string}\"},\"query-input\":{\"@type\":\"PropertyValueSpecification\",\"valueRequired\":true,\"valueName\":\"search_term_string\"}}],\"inLanguage\":\"pt-PT\"},{\"@type\":\"Person\",\"@id\":\"https:\/\/portaltela.pt\/#\/schema\/person\/c4278d4a6028830caff9ee44b42d32ed\",\"name\":\"Telinha\",\"image\":{\"@type\":\"ImageObject\",\"inLanguage\":\"pt-PT\",\"@id\":\"https:\/\/portaltela.pt\/s.01k8rhncp4jt1\/2025\/11\/talking-bot-125x125.png\",\"url\":\"https:\/\/portaltela.pt\/s.01k8rhncp4jt1\/2025\/11\/talking-bot-125x125.png\",\"contentUrl\":\"https:\/\/portaltela.pt\/s.01k8rhncp4jt1\/2025\/11\/talking-bot-125x125.png\",\"caption\":\"Telinha\"},\"sameAs\":[\"https:\/\/portaltela.pt\/\"],\"url\":\"https:\/\/portaltela.pt\/por\/367410592786\/\"}]}<\/script>\n<!-- \/ Yoast SEO plugin. -->","yoast_head_json":{"title":"Presidentes de Cabo Verde, Mo\u00e7ambique, S\u00e3o Tom\u00e9 e Timor-Leste na posse de Seguro - Portal Tela Portugal","robots":{"index":"index","follow":"follow","max-snippet":"max-snippet:-1","max-image-preview":"max-image-preview:large","max-video-preview":"max-video-preview:-1"},"og_locale":"pt_PT","og_type":"article","og_title":"Presidentes de Cabo Verde, Mo\u00e7ambique, S\u00e3o Tom\u00e9 e Timor-Leste na posse de Seguro - Portal Tela Portugal","og_description":"Chefes de Estado de Cabo Verde, Mo\u00e7ambique, S\u00e3o Tom\u00e9 e Pr\u00edncipe e Timor-Leste v\u00e3o estar presentes na tomada de posse de Ant\u00f3nio Jos\u00e9 Seguro como Presidente de Portugal. O Presidente de Angola, Jo\u00e3o Louren\u00e7o, tamb\u00e9m vai marcar presen\u00e7a na cerim\u00f3nia em Lisboa. Ant\u00f3nio Jos\u00e9 Seguro venceu o escrut\u00ednio na segunda volta com mais de 3,5 milh\u00f5es de votos, n\u00famero recorde. O presidente brasileiro, In\u00e1cio Lula da Silva, e o ministro das Rela\u00e7\u00f5es Exteriores, Mauro Vieira, n\u00e3o estar\u00e3o presentes, pois v\u00e3o receber o chefe de Estado sul-africano, Cyril Ramaphosa, em Bras\u00edlia. Diversos chefes de Estado lus\u00f3fonos felicitaram Seguro pela vit\u00f3ria, destacando o refor\u00e7o das rela\u00e7\u00f5es entre os pa\u00edses.","og_url":"https:\/\/portaltela.pt\/noticias\/2026\/03\/06\/presidentes-de-cabo-verde-mocambique-sao-tome-e-timor-leste-na-posse-de-seguro\/","og_site_name":"Portal Tela Portugal","article_published_time":"2026-03-06T18:30:23+00:00","author":"Telinha","twitter_card":"summary_large_image","twitter_misc":{"Escrito por":"Telinha","Tempo estimado de leitura":"1 minuto"},"schema":{"@context":"https:\/\/schema.org","@graph":[{"@type":"Article","@id":"https:\/\/portaltela.pt\/noticias\/2026\/03\/06\/presidentes-de-cabo-verde-mocambique-sao-tome-e-timor-leste-na-posse-de-seguro\/#article","isPartOf":{"@id":"https:\/\/portaltela.pt\/noticias\/2026\/03\/06\/presidentes-de-cabo-verde-mocambique-sao-tome-e-timor-leste-na-posse-de-seguro\/"},"author":{"name":"Telinha","@id":"https:\/\/portaltela.pt\/#\/schema\/person\/c4278d4a6028830caff9ee44b42d32ed"},"headline":"Presidentes de Cabo Verde, Mo\u00e7ambique, S\u00e3o Tom\u00e9 e Timor-Leste na posse de Seguro","datePublished":"2026-03-06T18:30:23+00:00","mainEntityOfPage":{"@id":"https:\/\/portaltela.pt\/noticias\/2026\/03\/06\/presidentes-de-cabo-verde-mocambique-sao-tome-e-timor-leste-na-posse-de-seguro\/"},"wordCount":280,"image":{"@id":"https:\/\/portaltela.pt\/noticias\/2026\/03\/06\/presidentes-de-cabo-verde-mocambique-sao-tome-e-timor-leste-na-posse-de-seguro\/#primaryimage"},"thumbnailUrl":"https:\/\/portaltela.pt\/s.01k8rhncp4jt1\/2026\/03\/img_1500x1000uu2026-02-08-23-23-52-2265759.jpg","keywords":["Cabo Verde","elei\u00e7\u00f5es","Mo\u00e7ambique","Portugal","presidente","Timor-Leste"],"articleSection":["Internacional","Not\u00edcias"],"inLanguage":"pt-PT"},{"@type":"WebPage","@id":"https:\/\/portaltela.pt\/noticias\/2026\/03\/06\/presidentes-de-cabo-verde-mocambique-sao-tome-e-timor-leste-na-posse-de-seguro\/","url":"https:\/\/portaltela.pt\/noticias\/2026\/03\/06\/presidentes-de-cabo-verde-mocambique-sao-tome-e-timor-leste-na-posse-de-seguro\/","name":"Presidentes de Cabo Verde, Mo\u00e7ambique, S\u00e3o Tom\u00e9 e Timor-Leste na posse de Seguro - Portal Tela Portugal","isPartOf":{"@id":"https:\/\/portaltela.pt\/#website"},"primaryImageOfPage":{"@id":"https:\/\/portaltela.pt\/noticias\/2026\/03\/06\/presidentes-de-cabo-verde-mocambique-sao-tome-e-timor-leste-na-posse-de-seguro\/#primaryimage"},"image":{"@id":"https:\/\/portaltela.pt\/noticias\/2026\/03\/06\/presidentes-de-cabo-verde-mocambique-sao-tome-e-timor-leste-na-posse-de-seguro\/#primaryimage"},"thumbnailUrl":"https:\/\/portaltela.pt\/s.01k8rhncp4jt1\/2026\/03\/img_1500x1000uu2026-02-08-23-23-52-2265759.jpg","datePublished":"2026-03-06T18:30:23+00:00","author":{"@id":"https:\/\/portaltela.pt\/#\/schema\/person\/c4278d4a6028830caff9ee44b42d32ed"},"breadcrumb":{"@id":"https:\/\/portaltela.pt\/noticias\/2026\/03\/06\/presidentes-de-cabo-verde-mocambique-sao-tome-e-timor-leste-na-posse-de-seguro\/#breadcrumb"},"inLanguage":"pt-PT","potentialAction":[{"@type":"ReadAction","target":["https:\/\/portaltela.pt\/noticias\/2026\/03\/06\/presidentes-de-cabo-verde-mocambique-sao-tome-e-timor-leste-na-posse-de-seguro\/"]}]},{"@type":"ImageObject","inLanguage":"pt-PT","@id":"https:\/\/portaltela.pt\/noticias\/2026\/03\/06\/presidentes-de-cabo-verde-mocambique-sao-tome-e-timor-leste-na-posse-de-seguro\/#primaryimage","url":"https:\/\/portaltela.pt\/s.01k8rhncp4jt1\/2026\/03\/img_1500x1000uu2026-02-08-23-23-52-2265759.jpg","contentUrl":"https:\/\/portaltela.pt\/s.01k8rhncp4jt1\/2026\/03\/img_1500x1000uu2026-02-08-23-23-52-2265759.jpg","width":796,"height":448,"caption":"Ant\u00f3nio Jos\u00e9 Seguro \u00e9 o novo Presidente da Rep\u00fablica"},{"@type":"BreadcrumbList","@id":"https:\/\/portaltela.pt\/noticias\/2026\/03\/06\/presidentes-de-cabo-verde-mocambique-sao-tome-e-timor-leste-na-posse-de-seguro\/#breadcrumb","itemListElement":[{"@type":"ListItem","position":1,"name":"In\u00edcio","item":"https:\/\/portaltela.pt\/"},{"@type":"ListItem","position":2,"name":"Presidentes de Cabo Verde, Mo\u00e7ambique, S\u00e3o Tom\u00e9 e Timor-Leste na posse de Seguro"}]},{"@type":"WebSite","@id":"https:\/\/portaltela.pt\/#website","url":"https:\/\/portaltela.pt\/","name":"Portal Tela Portugal","description":"","potentialAction":[{"@type":"SearchAction","target":{"@type":"EntryPoint","urlTemplate":"https:\/\/portaltela.pt\/?s={search_term_string}"},"query-input":{"@type":"PropertyValueSpecification","valueRequired":true,"valueName":"search_term_string"}}],"inLanguage":"pt-PT"},{"@type":"Person","@id":"https:\/\/portaltela.pt\/#\/schema\/person\/c4278d4a6028830caff9ee44b42d32ed","name":"Telinha","image":{"@type":"ImageObject","inLanguage":"pt-PT","@id":"https:\/\/portaltela.pt\/s.01k8rhncp4jt1\/2025\/11\/talking-bot-125x125.png","url":"https:\/\/portaltela.pt\/s.01k8rhncp4jt1\/2025\/11\/talking-bot-125x125.png","contentUrl":"https:\/\/portaltela.pt\/s.01k8rhncp4jt1\/2025\/11\/talking-bot-125x125.png","caption":"Telinha"},"sameAs":["https:\/\/portaltela.pt\/"],"url":"https:\/\/portaltela.pt\/por\/367410592786\/"}]}},"_links":{"self":[{"href":"https:\/\/portaltela.pt\/api\/wp\/v2\/posts\/400637","targetHints":{"allow":["GET"]}}],"collection":[{"href":"https:\/\/portaltela.pt\/api\/wp\/v2\/posts"}],"about":[{"href":"https:\/\/portaltela.pt\/api\/wp\/v2\/types\/post"}],"author":[{"embeddable":true,"href":"https:\/\/portaltela.pt\/api\/wp\/v2\/users\/2"}],"replies":[{"embeddable":true,"href":"https:\/\/portaltela.pt\/api\/wp\/v2\/comments?post=400637"}],"version-history":[{"count":0,"href":"https:\/\/portaltela.pt\/api\/wp\/v2\/posts\/400637\/revisions"}],"wp:featuredmedia":[{"embeddable":true,"href":"https:\/\/portaltela.pt\/api\/wp\/v2\/media\/400638"}],"wp:attachment":[{"href":"https:\/\/portaltela.pt\/api\/wp\/v2\/media?parent=400637"}],"wp:term":[{"taxonomy":"category","embeddable":true,"href":"https:\/\/portaltela.pt\/api\/wp\/v2\/categories?post=400637"},{"taxonomy":"post_tag","embeddable":true,"href":"https:\/\/portaltela.pt\/api\/wp\/v2\/tags?post=400637"}],"curies":[{"name":"wp","href":"https:\/\/api.w.org\/{rel}","templated":true}]}}