{"id":400635,"date":"2026-03-06T15:31:56","date_gmt":"2026-03-06T18:31:56","guid":{"rendered":"https:\/\/portaltela.pt\/noticias\/2026\/03\/06\/kosovo-convoca-eleicoes-antecipadas-pela-terceira-vez-em-menos-de-um-ano\/"},"modified":"2026-03-06T15:31:56","modified_gmt":"2026-03-06T18:31:56","slug":"kosovo-convoca-eleicoes-antecipadas-pela-terceira-vez-em-menos-de-um-ano","status":"publish","type":"post","link":"https:\/\/portaltela.pt\/noticias\/internacional\/2026\/03\/06\/kosovo-convoca-eleicoes-antecipadas-pela-terceira-vez-em-menos-de-um-ano\/","title":{"rendered":"Kosovo convoca elei\u00e7\u00f5es antecipadas pela terceira vez em menos de um ano"},"content":{"rendered":"<p>O Kosovo enfrenta elei\u00e7\u00f5es parlamentares antecipadas pela terceira vez em menos de um ano. O pa\u00eds entra neste novo ciclo ap\u00f3s o governo cair devido \u00e0 incapacidade de eleger um presidente dentro do prazo constitucional.<\/p>\n<p>Segundo a lei kosovar, a falta de elei\u00e7\u00e3o de um novo presidente determina automaticamente a marca\u00e7\u00e3o de elei\u00e7\u00f5es legislativas antecipadas. O parlamento n\u00e3o indicou um nome at\u00e9 \u00e0 meia-noite de sexta-feira, cumprindo o requisito legal.<\/p>\n<p>A presidente Vjosa Osmani dissolveu o parlamento e convocou novas elei\u00e7\u00f5es. Analistas pol\u00edticos apontam que as elei\u00e7\u00f5es servem a interesses de v\u00e1rias for\u00e7as pol\u00edticas, embora o partido de Albin Kurti tenha visto impactos na estrat\u00e9gia para afastar Osmani.<\/p>\n<p>O partido de Kurti j\u00e1 tinha conquistado a governo ap\u00f3s a segunda elei\u00e7\u00e3o legislativa, em dezembro do ano passado, num cen\u00e1rio de impasse entre os partidos para formar uma coliga\u00e7\u00e3o.<\/p>\n","protected":false},"excerpt":{"rendered":"<ul>\n<li>O Kosovo convoca elei\u00e7\u00f5es parlamentares antecipadas pela terceira vez em menos de um ano, ap\u00f3s o parlamento n\u00e3o indicar novo presidente at\u00e9 \u00e0 meia-noite.<\/li>\n<li>A lei determina elei\u00e7\u00f5es legislativas autom\u00e1ticas quando n\u00e3o h\u00e1 elei\u00e7\u00e3o de presidente; a presidente Vjosa Osmani dissolveu o parlamento e convocou o ato eleitoral.<\/li>\n<li>Analistas dizem que as elei\u00e7\u00f5es beneficiam a maioria dos partidos, exceto o de Albin Kurti, e as tentativas dele de enfraquecer Osmani voltaram-se contra ele.<\/li>\n<li>O governo caiu devido ao fracasso em eleger um presidente dentro do prazo constitucional.<\/li>\n<li>Recorda-se que o partido de Kurti formou governo em dezembro passado, \u00e0 segunda elei\u00e7\u00e3o legislativa, ap\u00f3s impasse na primeira.<\/li>\n<\/ul>\n","protected":false},"author":2,"featured_media":400636,"comment_status":"closed","ping_status":"closed","sticky":false,"template":"","format":"standard","meta":{"footnotes":""},"categories":[4,1],"tags":[68,3228,2535,2832,6266],"class_list":["post-400635","post","type-post","status-publish","format-standard","has-post-thumbnail","hentry","category-internacional","category-noticias","tag-eleicoes","tag-eleicoes-internacionais","tag-kosovo","tag-politica","tag-situacoes-internacionais"],"yoast_head":"<!-- This site is optimized with the Yoast SEO plugin v27.2 - https:\/\/yoast.com\/product\/yoast-seo-wordpress\/ -->\n<title>Kosovo convoca elei\u00e7\u00f5es antecipadas pela terceira vez em menos de um ano - Portal Tela Portugal<\/title>\n<meta name=\"robots\" content=\"index, follow, max-snippet:-1, max-image-preview:large, max-video-preview:-1\" \/>\n<meta property=\"og:locale\" content=\"pt_PT\" \/>\n<meta property=\"og:type\" content=\"article\" \/>\n<meta property=\"og:title\" content=\"Kosovo convoca elei\u00e7\u00f5es antecipadas pela terceira vez em menos de um ano - Portal Tela Portugal\" \/>\n<meta property=\"og:description\" content=\"O Kosovo convoca elei\u00e7\u00f5es parlamentares antecipadas pela terceira vez em menos de um ano, ap\u00f3s o parlamento n\u00e3o indicar novo presidente at\u00e9 \u00e0 meia-noite. A lei determina elei\u00e7\u00f5es legislativas autom\u00e1ticas quando n\u00e3o h\u00e1 elei\u00e7\u00e3o de presidente; a presidente Vjosa Osmani dissolveu o parlamento e convocou o ato eleitoral. Analistas dizem que as elei\u00e7\u00f5es beneficiam a maioria dos partidos, exceto o de Albin Kurti, e as tentativas dele de enfraquecer Osmani voltaram-se contra ele. O governo caiu devido ao fracasso em eleger um presidente dentro do prazo constitucional. Recorda-se que o partido de Kurti formou governo em dezembro passado, \u00e0 segunda elei\u00e7\u00e3o legislativa, ap\u00f3s impasse na primeira.\" \/>\n<meta property=\"og:url\" content=\"https:\/\/portaltela.pt\/noticias\/2026\/03\/06\/kosovo-convoca-eleicoes-antecipadas-pela-terceira-vez-em-menos-de-um-ano\/\" \/>\n<meta property=\"og:site_name\" content=\"Portal Tela Portugal\" \/>\n<meta property=\"article:published_time\" content=\"2026-03-06T18:31:56+00:00\" \/>\n<meta name=\"author\" content=\"Telinha\" \/>\n<meta name=\"twitter:card\" content=\"summary_large_image\" \/>\n<meta name=\"twitter:label1\" content=\"Escrito por\" \/>\n\t<meta name=\"twitter:data1\" content=\"Telinha\" \/>\n\t<meta name=\"twitter:label2\" content=\"Tempo estimado de leitura\" \/>\n\t<meta name=\"twitter:data2\" content=\"1 minuto\" \/>\n<script type=\"application\/ld+json\" class=\"yoast-schema-graph\">{\"@context\":\"https:\/\/schema.org\",\"@graph\":[{\"@type\":\"Article\",\"@id\":\"https:\/\/portaltela.pt\/noticias\/2026\/03\/06\/kosovo-convoca-eleicoes-antecipadas-pela-terceira-vez-em-menos-de-um-ano\/#article\",\"isPartOf\":{\"@id\":\"https:\/\/portaltela.pt\/noticias\/2026\/03\/06\/kosovo-convoca-eleicoes-antecipadas-pela-terceira-vez-em-menos-de-um-ano\/\"},\"author\":{\"name\":\"Telinha\",\"@id\":\"https:\/\/portaltela.pt\/#\/schema\/person\/c4278d4a6028830caff9ee44b42d32ed\"},\"headline\":\"Kosovo convoca elei\u00e7\u00f5es antecipadas pela terceira vez em menos de um ano\",\"datePublished\":\"2026-03-06T18:31:56+00:00\",\"mainEntityOfPage\":{\"@id\":\"https:\/\/portaltela.pt\/noticias\/2026\/03\/06\/kosovo-convoca-eleicoes-antecipadas-pela-terceira-vez-em-menos-de-um-ano\/\"},\"wordCount\":167,\"image\":{\"@id\":\"https:\/\/portaltela.pt\/noticias\/2026\/03\/06\/kosovo-convoca-eleicoes-antecipadas-pela-terceira-vez-em-menos-de-um-ano\/#primaryimage\"},\"thumbnailUrl\":\"https:\/\/portaltela.pt\/s.01k8rhncp4jt1\/2026\/03\/1536x864_cmsv2_b339e3ec-339f-57c0-a5b5-5a73eca7bd16-9676902.jpg\",\"keywords\":[\"elei\u00e7\u00f5es\",\"elei\u00e7\u00f5es internacionais\",\"Kosovo\",\"pol\u00edtica\",\"situa\u00e7\u00f5es internacionais\"],\"articleSection\":[\"Internacional\",\"Not\u00edcias\"],\"inLanguage\":\"pt-PT\"},{\"@type\":\"WebPage\",\"@id\":\"https:\/\/portaltela.pt\/noticias\/2026\/03\/06\/kosovo-convoca-eleicoes-antecipadas-pela-terceira-vez-em-menos-de-um-ano\/\",\"url\":\"https:\/\/portaltela.pt\/noticias\/2026\/03\/06\/kosovo-convoca-eleicoes-antecipadas-pela-terceira-vez-em-menos-de-um-ano\/\",\"name\":\"Kosovo convoca elei\u00e7\u00f5es antecipadas pela terceira vez em menos de um ano - Portal Tela Portugal\",\"isPartOf\":{\"@id\":\"https:\/\/portaltela.pt\/#website\"},\"primaryImageOfPage\":{\"@id\":\"https:\/\/portaltela.pt\/noticias\/2026\/03\/06\/kosovo-convoca-eleicoes-antecipadas-pela-terceira-vez-em-menos-de-um-ano\/#primaryimage\"},\"image\":{\"@id\":\"https:\/\/portaltela.pt\/noticias\/2026\/03\/06\/kosovo-convoca-eleicoes-antecipadas-pela-terceira-vez-em-menos-de-um-ano\/#primaryimage\"},\"thumbnailUrl\":\"https:\/\/portaltela.pt\/s.01k8rhncp4jt1\/2026\/03\/1536x864_cmsv2_b339e3ec-339f-57c0-a5b5-5a73eca7bd16-9676902.jpg\",\"datePublished\":\"2026-03-06T18:31:56+00:00\",\"author\":{\"@id\":\"https:\/\/portaltela.pt\/#\/schema\/person\/c4278d4a6028830caff9ee44b42d32ed\"},\"breadcrumb\":{\"@id\":\"https:\/\/portaltela.pt\/noticias\/2026\/03\/06\/kosovo-convoca-eleicoes-antecipadas-pela-terceira-vez-em-menos-de-um-ano\/#breadcrumb\"},\"inLanguage\":\"pt-PT\",\"potentialAction\":[{\"@type\":\"ReadAction\",\"target\":[\"https:\/\/portaltela.pt\/noticias\/2026\/03\/06\/kosovo-convoca-eleicoes-antecipadas-pela-terceira-vez-em-menos-de-um-ano\/\"]}]},{\"@type\":\"ImageObject\",\"inLanguage\":\"pt-PT\",\"@id\":\"https:\/\/portaltela.pt\/noticias\/2026\/03\/06\/kosovo-convoca-eleicoes-antecipadas-pela-terceira-vez-em-menos-de-um-ano\/#primaryimage\",\"url\":\"https:\/\/portaltela.pt\/s.01k8rhncp4jt1\/2026\/03\/1536x864_cmsv2_b339e3ec-339f-57c0-a5b5-5a73eca7bd16-9676902.jpg\",\"contentUrl\":\"https:\/\/portaltela.pt\/s.01k8rhncp4jt1\/2026\/03\/1536x864_cmsv2_b339e3ec-339f-57c0-a5b5-5a73eca7bd16-9676902.jpg\",\"width\":1536,\"height\":864,\"caption\":\"Imagem de arquivo da presidente do Kosovo, Vjosa Osmani-Sadriu\"},{\"@type\":\"BreadcrumbList\",\"@id\":\"https:\/\/portaltela.pt\/noticias\/2026\/03\/06\/kosovo-convoca-eleicoes-antecipadas-pela-terceira-vez-em-menos-de-um-ano\/#breadcrumb\",\"itemListElement\":[{\"@type\":\"ListItem\",\"position\":1,\"name\":\"In\u00edcio\",\"item\":\"https:\/\/portaltela.pt\/\"},{\"@type\":\"ListItem\",\"position\":2,\"name\":\"Kosovo convoca elei\u00e7\u00f5es antecipadas pela terceira vez em menos de um ano\"}]},{\"@type\":\"WebSite\",\"@id\":\"https:\/\/portaltela.pt\/#website\",\"url\":\"https:\/\/portaltela.pt\/\",\"name\":\"Portal Tela Portugal\",\"description\":\"\",\"potentialAction\":[{\"@type\":\"SearchAction\",\"target\":{\"@type\":\"EntryPoint\",\"urlTemplate\":\"https:\/\/portaltela.pt\/?s={search_term_string}\"},\"query-input\":{\"@type\":\"PropertyValueSpecification\",\"valueRequired\":true,\"valueName\":\"search_term_string\"}}],\"inLanguage\":\"pt-PT\"},{\"@type\":\"Person\",\"@id\":\"https:\/\/portaltela.pt\/#\/schema\/person\/c4278d4a6028830caff9ee44b42d32ed\",\"name\":\"Telinha\",\"image\":{\"@type\":\"ImageObject\",\"inLanguage\":\"pt-PT\",\"@id\":\"https:\/\/portaltela.pt\/s.01k8rhncp4jt1\/2025\/11\/talking-bot-125x125.png\",\"url\":\"https:\/\/portaltela.pt\/s.01k8rhncp4jt1\/2025\/11\/talking-bot-125x125.png\",\"contentUrl\":\"https:\/\/portaltela.pt\/s.01k8rhncp4jt1\/2025\/11\/talking-bot-125x125.png\",\"caption\":\"Telinha\"},\"sameAs\":[\"https:\/\/portaltela.pt\/\"],\"url\":\"https:\/\/portaltela.pt\/por\/367410592786\/\"}]}<\/script>\n<!-- \/ Yoast SEO plugin. -->","yoast_head_json":{"title":"Kosovo convoca elei\u00e7\u00f5es antecipadas pela terceira vez em menos de um ano - Portal Tela Portugal","robots":{"index":"index","follow":"follow","max-snippet":"max-snippet:-1","max-image-preview":"max-image-preview:large","max-video-preview":"max-video-preview:-1"},"og_locale":"pt_PT","og_type":"article","og_title":"Kosovo convoca elei\u00e7\u00f5es antecipadas pela terceira vez em menos de um ano - Portal Tela Portugal","og_description":"O Kosovo convoca elei\u00e7\u00f5es parlamentares antecipadas pela terceira vez em menos de um ano, ap\u00f3s o parlamento n\u00e3o indicar novo presidente at\u00e9 \u00e0 meia-noite. A lei determina elei\u00e7\u00f5es legislativas autom\u00e1ticas quando n\u00e3o h\u00e1 elei\u00e7\u00e3o de presidente; a presidente Vjosa Osmani dissolveu o parlamento e convocou o ato eleitoral. Analistas dizem que as elei\u00e7\u00f5es beneficiam a maioria dos partidos, exceto o de Albin Kurti, e as tentativas dele de enfraquecer Osmani voltaram-se contra ele. O governo caiu devido ao fracasso em eleger um presidente dentro do prazo constitucional. Recorda-se que o partido de Kurti formou governo em dezembro passado, \u00e0 segunda elei\u00e7\u00e3o legislativa, ap\u00f3s impasse na primeira.","og_url":"https:\/\/portaltela.pt\/noticias\/2026\/03\/06\/kosovo-convoca-eleicoes-antecipadas-pela-terceira-vez-em-menos-de-um-ano\/","og_site_name":"Portal Tela Portugal","article_published_time":"2026-03-06T18:31:56+00:00","author":"Telinha","twitter_card":"summary_large_image","twitter_misc":{"Escrito por":"Telinha","Tempo estimado de leitura":"1 minuto"},"schema":{"@context":"https:\/\/schema.org","@graph":[{"@type":"Article","@id":"https:\/\/portaltela.pt\/noticias\/2026\/03\/06\/kosovo-convoca-eleicoes-antecipadas-pela-terceira-vez-em-menos-de-um-ano\/#article","isPartOf":{"@id":"https:\/\/portaltela.pt\/noticias\/2026\/03\/06\/kosovo-convoca-eleicoes-antecipadas-pela-terceira-vez-em-menos-de-um-ano\/"},"author":{"name":"Telinha","@id":"https:\/\/portaltela.pt\/#\/schema\/person\/c4278d4a6028830caff9ee44b42d32ed"},"headline":"Kosovo convoca elei\u00e7\u00f5es antecipadas pela terceira vez em menos de um ano","datePublished":"2026-03-06T18:31:56+00:00","mainEntityOfPage":{"@id":"https:\/\/portaltela.pt\/noticias\/2026\/03\/06\/kosovo-convoca-eleicoes-antecipadas-pela-terceira-vez-em-menos-de-um-ano\/"},"wordCount":167,"image":{"@id":"https:\/\/portaltela.pt\/noticias\/2026\/03\/06\/kosovo-convoca-eleicoes-antecipadas-pela-terceira-vez-em-menos-de-um-ano\/#primaryimage"},"thumbnailUrl":"https:\/\/portaltela.pt\/s.01k8rhncp4jt1\/2026\/03\/1536x864_cmsv2_b339e3ec-339f-57c0-a5b5-5a73eca7bd16-9676902.jpg","keywords":["elei\u00e7\u00f5es","elei\u00e7\u00f5es internacionais","Kosovo","pol\u00edtica","situa\u00e7\u00f5es internacionais"],"articleSection":["Internacional","Not\u00edcias"],"inLanguage":"pt-PT"},{"@type":"WebPage","@id":"https:\/\/portaltela.pt\/noticias\/2026\/03\/06\/kosovo-convoca-eleicoes-antecipadas-pela-terceira-vez-em-menos-de-um-ano\/","url":"https:\/\/portaltela.pt\/noticias\/2026\/03\/06\/kosovo-convoca-eleicoes-antecipadas-pela-terceira-vez-em-menos-de-um-ano\/","name":"Kosovo convoca elei\u00e7\u00f5es antecipadas pela terceira vez em menos de um ano - Portal Tela Portugal","isPartOf":{"@id":"https:\/\/portaltela.pt\/#website"},"primaryImageOfPage":{"@id":"https:\/\/portaltela.pt\/noticias\/2026\/03\/06\/kosovo-convoca-eleicoes-antecipadas-pela-terceira-vez-em-menos-de-um-ano\/#primaryimage"},"image":{"@id":"https:\/\/portaltela.pt\/noticias\/2026\/03\/06\/kosovo-convoca-eleicoes-antecipadas-pela-terceira-vez-em-menos-de-um-ano\/#primaryimage"},"thumbnailUrl":"https:\/\/portaltela.pt\/s.01k8rhncp4jt1\/2026\/03\/1536x864_cmsv2_b339e3ec-339f-57c0-a5b5-5a73eca7bd16-9676902.jpg","datePublished":"2026-03-06T18:31:56+00:00","author":{"@id":"https:\/\/portaltela.pt\/#\/schema\/person\/c4278d4a6028830caff9ee44b42d32ed"},"breadcrumb":{"@id":"https:\/\/portaltela.pt\/noticias\/2026\/03\/06\/kosovo-convoca-eleicoes-antecipadas-pela-terceira-vez-em-menos-de-um-ano\/#breadcrumb"},"inLanguage":"pt-PT","potentialAction":[{"@type":"ReadAction","target":["https:\/\/portaltela.pt\/noticias\/2026\/03\/06\/kosovo-convoca-eleicoes-antecipadas-pela-terceira-vez-em-menos-de-um-ano\/"]}]},{"@type":"ImageObject","inLanguage":"pt-PT","@id":"https:\/\/portaltela.pt\/noticias\/2026\/03\/06\/kosovo-convoca-eleicoes-antecipadas-pela-terceira-vez-em-menos-de-um-ano\/#primaryimage","url":"https:\/\/portaltela.pt\/s.01k8rhncp4jt1\/2026\/03\/1536x864_cmsv2_b339e3ec-339f-57c0-a5b5-5a73eca7bd16-9676902.jpg","contentUrl":"https:\/\/portaltela.pt\/s.01k8rhncp4jt1\/2026\/03\/1536x864_cmsv2_b339e3ec-339f-57c0-a5b5-5a73eca7bd16-9676902.jpg","width":1536,"height":864,"caption":"Imagem de arquivo da presidente do Kosovo, Vjosa Osmani-Sadriu"},{"@type":"BreadcrumbList","@id":"https:\/\/portaltela.pt\/noticias\/2026\/03\/06\/kosovo-convoca-eleicoes-antecipadas-pela-terceira-vez-em-menos-de-um-ano\/#breadcrumb","itemListElement":[{"@type":"ListItem","position":1,"name":"In\u00edcio","item":"https:\/\/portaltela.pt\/"},{"@type":"ListItem","position":2,"name":"Kosovo convoca elei\u00e7\u00f5es antecipadas pela terceira vez em menos de um ano"}]},{"@type":"WebSite","@id":"https:\/\/portaltela.pt\/#website","url":"https:\/\/portaltela.pt\/","name":"Portal Tela Portugal","description":"","potentialAction":[{"@type":"SearchAction","target":{"@type":"EntryPoint","urlTemplate":"https:\/\/portaltela.pt\/?s={search_term_string}"},"query-input":{"@type":"PropertyValueSpecification","valueRequired":true,"valueName":"search_term_string"}}],"inLanguage":"pt-PT"},{"@type":"Person","@id":"https:\/\/portaltela.pt\/#\/schema\/person\/c4278d4a6028830caff9ee44b42d32ed","name":"Telinha","image":{"@type":"ImageObject","inLanguage":"pt-PT","@id":"https:\/\/portaltela.pt\/s.01k8rhncp4jt1\/2025\/11\/talking-bot-125x125.png","url":"https:\/\/portaltela.pt\/s.01k8rhncp4jt1\/2025\/11\/talking-bot-125x125.png","contentUrl":"https:\/\/portaltela.pt\/s.01k8rhncp4jt1\/2025\/11\/talking-bot-125x125.png","caption":"Telinha"},"sameAs":["https:\/\/portaltela.pt\/"],"url":"https:\/\/portaltela.pt\/por\/367410592786\/"}]}},"_links":{"self":[{"href":"https:\/\/portaltela.pt\/api\/wp\/v2\/posts\/400635","targetHints":{"allow":["GET"]}}],"collection":[{"href":"https:\/\/portaltela.pt\/api\/wp\/v2\/posts"}],"about":[{"href":"https:\/\/portaltela.pt\/api\/wp\/v2\/types\/post"}],"author":[{"embeddable":true,"href":"https:\/\/portaltela.pt\/api\/wp\/v2\/users\/2"}],"replies":[{"embeddable":true,"href":"https:\/\/portaltela.pt\/api\/wp\/v2\/comments?post=400635"}],"version-history":[{"count":0,"href":"https:\/\/portaltela.pt\/api\/wp\/v2\/posts\/400635\/revisions"}],"wp:featuredmedia":[{"embeddable":true,"href":"https:\/\/portaltela.pt\/api\/wp\/v2\/media\/400636"}],"wp:attachment":[{"href":"https:\/\/portaltela.pt\/api\/wp\/v2\/media?parent=400635"}],"wp:term":[{"taxonomy":"category","embeddable":true,"href":"https:\/\/portaltela.pt\/api\/wp\/v2\/categories?post=400635"},{"taxonomy":"post_tag","embeddable":true,"href":"https:\/\/portaltela.pt\/api\/wp\/v2\/tags?post=400635"}],"curies":[{"name":"wp","href":"https:\/\/api.w.org\/{rel}","templated":true}]}}