{"id":400623,"date":"2026-03-06T15:09:00","date_gmt":"2026-03-06T18:09:00","guid":{"rendered":"https:\/\/portaltela.pt\/noticias\/2026\/03\/06\/onuoha-e-gbomadu-ainda-sem-estreia-pelo-e-amadora\/"},"modified":"2026-03-06T15:09:00","modified_gmt":"2026-03-06T18:09:00","slug":"onuoha-e-gbomadu-ainda-sem-estreia-pelo-e-amadora","status":"publish","type":"post","link":"https:\/\/portaltela.pt\/desporto\/futebol\/2026\/03\/06\/onuoha-e-gbomadu-ainda-sem-estreia-pelo-e-amadora\/","title":{"rendered":"Onuoha e Gbomadu ainda sem estreia pelo E. Amadora"},"content":{"rendered":"<p>Dois avan\u00e7ados chegaram a Reboleira em janeiro, mas ainda n\u00e3o estrearam pela Uni\u00e3o de Leiria. Chilohem Onuoha, de 20 anos, veio do SC Verl, e Matthew Gbomadu, 21, do Ararat-Armenia. Ambos sofreram com problemas f\u00edsicos desde a contrata\u00e7\u00e3o e n\u00e3o cumpriram minutos oficiais.<\/p>\n<p>Onuoha j\u00e1 recuperou totalmente a les\u00e3o e pode ser op\u00e7\u00e3o para a rece\u00e7\u00e3o ao Gil Vicente, no domingo, pela 25.\u00aa jornada da Liga Betclic. Gbomadu, por\u00e9m, continua em recupera\u00e7\u00e3o, sem retorno prov\u00e1vel para este encontro.<\/p>\n<p>A aus\u00eancia de Gbomadu junta-se \u00e0 de van Hooijdonk, Encada e Dram\u00e9, confirmadas pelo t\u00e9cnico Jo\u00e3o Nuno. A equipa t\u00e9cnica prefere n\u00e3o arriscar os jogadores que ainda n\u00e3o est\u00e3o prontos para competir.<\/p>\n","protected":false},"excerpt":{"rendered":"<ul>\n<li>Chilohem Onuoha (20) e Matthew Gbomadu (21) chegaram em janeiro e ainda n\u00e3o estrearam pela equipa, devido a problemas f\u00edsicos.<\/li>\n<li>Onuoha j\u00e1 recuperou totalmente e pode ser chamado para a rece\u00e7\u00e3o ao Gil Vicente, no domingo, na 25.\u00aa jornada da Liga Betclic.<\/li>\n<li>Gbomadu continua em recupera\u00e7\u00e3o e \u00e9 aus\u00eancia segura para o t\u00e9cnico Jo\u00e3o Nuno.<\/li>\n<li>Al\u00e9m de Gbomadu, est\u00e3o igualmente fora van Hooijdonk, Encada e Dram\u00e9.<\/li>\n<\/ul>\n","protected":false},"author":2,"featured_media":400631,"comment_status":"closed","ping_status":"closed","sticky":false,"template":"","format":"standard","meta":{"footnotes":""},"categories":[21,24],"tags":[32,242,2538,2245,6346,3121],"class_list":["post-400623","post","type-post","status-publish","format-standard","has-post-thumbnail","hentry","category-desporto","category-futebol","tag-futebol","tag-jogadores","tag-lesoes","tag-liga-betclic","tag-recuperacao","tag-uniao-de-leiria"],"yoast_head":"<!-- This site is optimized with the Yoast SEO plugin v27.2 - https:\/\/yoast.com\/product\/yoast-seo-wordpress\/ -->\n<title>Onuoha e Gbomadu ainda sem estreia pelo E. Amadora - Portal Tela Portugal<\/title>\n<meta name=\"robots\" content=\"index, follow, max-snippet:-1, max-image-preview:large, max-video-preview:-1\" \/>\n<meta property=\"og:locale\" content=\"pt_PT\" \/>\n<meta property=\"og:type\" content=\"article\" \/>\n<meta property=\"og:title\" content=\"Onuoha e Gbomadu ainda sem estreia pelo E. Amadora - Portal Tela Portugal\" \/>\n<meta property=\"og:description\" content=\"Chilohem Onuoha (20) e Matthew Gbomadu (21) chegaram em janeiro e ainda n\u00e3o estrearam pela equipa, devido a problemas f\u00edsicos. Onuoha j\u00e1 recuperou totalmente e pode ser chamado para a rece\u00e7\u00e3o ao Gil Vicente, no domingo, na 25.\u00aa jornada da Liga Betclic. Gbomadu continua em recupera\u00e7\u00e3o e \u00e9 aus\u00eancia segura para o t\u00e9cnico Jo\u00e3o Nuno. Al\u00e9m de Gbomadu, est\u00e3o igualmente fora van Hooijdonk, Encada e Dram\u00e9.\" \/>\n<meta property=\"og:url\" content=\"https:\/\/portaltela.pt\/noticias\/2026\/03\/06\/onuoha-e-gbomadu-ainda-sem-estreia-pelo-e-amadora\/\" \/>\n<meta property=\"og:site_name\" content=\"Portal Tela Portugal\" \/>\n<meta property=\"article:published_time\" content=\"2026-03-06T18:09:00+00:00\" \/>\n<meta name=\"author\" content=\"Telinha\" \/>\n<meta name=\"twitter:card\" content=\"summary_large_image\" \/>\n<meta name=\"twitter:label1\" content=\"Escrito por\" \/>\n\t<meta name=\"twitter:data1\" content=\"Telinha\" \/>\n\t<meta name=\"twitter:label2\" content=\"Tempo estimado de leitura\" \/>\n\t<meta name=\"twitter:data2\" content=\"1 minuto\" \/>\n<script type=\"application\/ld+json\" class=\"yoast-schema-graph\">{\"@context\":\"https:\/\/schema.org\",\"@graph\":[{\"@type\":\"Article\",\"@id\":\"https:\/\/portaltela.pt\/noticias\/2026\/03\/06\/onuoha-e-gbomadu-ainda-sem-estreia-pelo-e-amadora\/#article\",\"isPartOf\":{\"@id\":\"https:\/\/portaltela.pt\/noticias\/2026\/03\/06\/onuoha-e-gbomadu-ainda-sem-estreia-pelo-e-amadora\/\"},\"author\":{\"name\":\"Telinha\",\"@id\":\"https:\/\/portaltela.pt\/#\/schema\/person\/c4278d4a6028830caff9ee44b42d32ed\"},\"headline\":\"Onuoha e Gbomadu ainda sem estreia pelo E. Amadora\",\"datePublished\":\"2026-03-06T18:09:00+00:00\",\"mainEntityOfPage\":{\"@id\":\"https:\/\/portaltela.pt\/noticias\/2026\/03\/06\/onuoha-e-gbomadu-ainda-sem-estreia-pelo-e-amadora\/\"},\"wordCount\":134,\"image\":{\"@id\":\"https:\/\/portaltela.pt\/noticias\/2026\/03\/06\/onuoha-e-gbomadu-ainda-sem-estreia-pelo-e-amadora\/#primaryimage\"},\"thumbnailUrl\":\"https:\/\/portaltela.pt\/s.01k8rhncp4jt1\/2026\/03\/img_920x518uu2026-03-06-18-08-14-2425294-im-639084173241649633.jpg\",\"keywords\":[\"futebol\",\"jogadores\",\"les\u00f5es\",\"Liga Betclic\",\"recupera\u00e7\u00e3o\",\"Uni\u00e3o de Leiria\"],\"articleSection\":[\"Desporto\",\"Futebol\"],\"inLanguage\":\"pt-PT\"},{\"@type\":\"WebPage\",\"@id\":\"https:\/\/portaltela.pt\/noticias\/2026\/03\/06\/onuoha-e-gbomadu-ainda-sem-estreia-pelo-e-amadora\/\",\"url\":\"https:\/\/portaltela.pt\/noticias\/2026\/03\/06\/onuoha-e-gbomadu-ainda-sem-estreia-pelo-e-amadora\/\",\"name\":\"Onuoha e Gbomadu ainda sem estreia pelo E. Amadora - Portal Tela Portugal\",\"isPartOf\":{\"@id\":\"https:\/\/portaltela.pt\/#website\"},\"primaryImageOfPage\":{\"@id\":\"https:\/\/portaltela.pt\/noticias\/2026\/03\/06\/onuoha-e-gbomadu-ainda-sem-estreia-pelo-e-amadora\/#primaryimage\"},\"image\":{\"@id\":\"https:\/\/portaltela.pt\/noticias\/2026\/03\/06\/onuoha-e-gbomadu-ainda-sem-estreia-pelo-e-amadora\/#primaryimage\"},\"thumbnailUrl\":\"https:\/\/portaltela.pt\/s.01k8rhncp4jt1\/2026\/03\/img_920x518uu2026-03-06-18-08-14-2425294-im-639084173241649633.jpg\",\"datePublished\":\"2026-03-06T18:09:00+00:00\",\"author\":{\"@id\":\"https:\/\/portaltela.pt\/#\/schema\/person\/c4278d4a6028830caff9ee44b42d32ed\"},\"breadcrumb\":{\"@id\":\"https:\/\/portaltela.pt\/noticias\/2026\/03\/06\/onuoha-e-gbomadu-ainda-sem-estreia-pelo-e-amadora\/#breadcrumb\"},\"inLanguage\":\"pt-PT\",\"potentialAction\":[{\"@type\":\"ReadAction\",\"target\":[\"https:\/\/portaltela.pt\/noticias\/2026\/03\/06\/onuoha-e-gbomadu-ainda-sem-estreia-pelo-e-amadora\/\"]}]},{\"@type\":\"ImageObject\",\"inLanguage\":\"pt-PT\",\"@id\":\"https:\/\/portaltela.pt\/noticias\/2026\/03\/06\/onuoha-e-gbomadu-ainda-sem-estreia-pelo-e-amadora\/#primaryimage\",\"url\":\"https:\/\/portaltela.pt\/s.01k8rhncp4jt1\/2026\/03\/img_920x518uu2026-03-06-18-08-14-2425294-im-639084173241649633.jpg\",\"contentUrl\":\"https:\/\/portaltela.pt\/s.01k8rhncp4jt1\/2026\/03\/img_920x518uu2026-03-06-18-08-14-2425294-im-639084173241649633.jpg\",\"width\":796,\"height\":448,\"caption\":\"Gbomadu (esquerda) e Onuoha (direita)\"},{\"@type\":\"BreadcrumbList\",\"@id\":\"https:\/\/portaltela.pt\/noticias\/2026\/03\/06\/onuoha-e-gbomadu-ainda-sem-estreia-pelo-e-amadora\/#breadcrumb\",\"itemListElement\":[{\"@type\":\"ListItem\",\"position\":1,\"name\":\"In\u00edcio\",\"item\":\"https:\/\/portaltela.pt\/\"},{\"@type\":\"ListItem\",\"position\":2,\"name\":\"Onuoha e Gbomadu ainda sem estreia pelo E. Amadora\"}]},{\"@type\":\"WebSite\",\"@id\":\"https:\/\/portaltela.pt\/#website\",\"url\":\"https:\/\/portaltela.pt\/\",\"name\":\"Portal Tela Portugal\",\"description\":\"\",\"potentialAction\":[{\"@type\":\"SearchAction\",\"target\":{\"@type\":\"EntryPoint\",\"urlTemplate\":\"https:\/\/portaltela.pt\/?s={search_term_string}\"},\"query-input\":{\"@type\":\"PropertyValueSpecification\",\"valueRequired\":true,\"valueName\":\"search_term_string\"}}],\"inLanguage\":\"pt-PT\"},{\"@type\":\"Person\",\"@id\":\"https:\/\/portaltela.pt\/#\/schema\/person\/c4278d4a6028830caff9ee44b42d32ed\",\"name\":\"Telinha\",\"image\":{\"@type\":\"ImageObject\",\"inLanguage\":\"pt-PT\",\"@id\":\"https:\/\/portaltela.pt\/s.01k8rhncp4jt1\/2025\/11\/talking-bot-125x125.png\",\"url\":\"https:\/\/portaltela.pt\/s.01k8rhncp4jt1\/2025\/11\/talking-bot-125x125.png\",\"contentUrl\":\"https:\/\/portaltela.pt\/s.01k8rhncp4jt1\/2025\/11\/talking-bot-125x125.png\",\"caption\":\"Telinha\"},\"sameAs\":[\"https:\/\/portaltela.pt\/\"],\"url\":\"https:\/\/portaltela.pt\/por\/367410592786\/\"}]}<\/script>\n<!-- \/ Yoast SEO plugin. -->","yoast_head_json":{"title":"Onuoha e Gbomadu ainda sem estreia pelo E. Amadora - Portal Tela Portugal","robots":{"index":"index","follow":"follow","max-snippet":"max-snippet:-1","max-image-preview":"max-image-preview:large","max-video-preview":"max-video-preview:-1"},"og_locale":"pt_PT","og_type":"article","og_title":"Onuoha e Gbomadu ainda sem estreia pelo E. Amadora - Portal Tela Portugal","og_description":"Chilohem Onuoha (20) e Matthew Gbomadu (21) chegaram em janeiro e ainda n\u00e3o estrearam pela equipa, devido a problemas f\u00edsicos. Onuoha j\u00e1 recuperou totalmente e pode ser chamado para a rece\u00e7\u00e3o ao Gil Vicente, no domingo, na 25.\u00aa jornada da Liga Betclic. Gbomadu continua em recupera\u00e7\u00e3o e \u00e9 aus\u00eancia segura para o t\u00e9cnico Jo\u00e3o Nuno. Al\u00e9m de Gbomadu, est\u00e3o igualmente fora van Hooijdonk, Encada e Dram\u00e9.","og_url":"https:\/\/portaltela.pt\/noticias\/2026\/03\/06\/onuoha-e-gbomadu-ainda-sem-estreia-pelo-e-amadora\/","og_site_name":"Portal Tela Portugal","article_published_time":"2026-03-06T18:09:00+00:00","author":"Telinha","twitter_card":"summary_large_image","twitter_misc":{"Escrito por":"Telinha","Tempo estimado de leitura":"1 minuto"},"schema":{"@context":"https:\/\/schema.org","@graph":[{"@type":"Article","@id":"https:\/\/portaltela.pt\/noticias\/2026\/03\/06\/onuoha-e-gbomadu-ainda-sem-estreia-pelo-e-amadora\/#article","isPartOf":{"@id":"https:\/\/portaltela.pt\/noticias\/2026\/03\/06\/onuoha-e-gbomadu-ainda-sem-estreia-pelo-e-amadora\/"},"author":{"name":"Telinha","@id":"https:\/\/portaltela.pt\/#\/schema\/person\/c4278d4a6028830caff9ee44b42d32ed"},"headline":"Onuoha e Gbomadu ainda sem estreia pelo E. Amadora","datePublished":"2026-03-06T18:09:00+00:00","mainEntityOfPage":{"@id":"https:\/\/portaltela.pt\/noticias\/2026\/03\/06\/onuoha-e-gbomadu-ainda-sem-estreia-pelo-e-amadora\/"},"wordCount":134,"image":{"@id":"https:\/\/portaltela.pt\/noticias\/2026\/03\/06\/onuoha-e-gbomadu-ainda-sem-estreia-pelo-e-amadora\/#primaryimage"},"thumbnailUrl":"https:\/\/portaltela.pt\/s.01k8rhncp4jt1\/2026\/03\/img_920x518uu2026-03-06-18-08-14-2425294-im-639084173241649633.jpg","keywords":["futebol","jogadores","les\u00f5es","Liga Betclic","recupera\u00e7\u00e3o","Uni\u00e3o de Leiria"],"articleSection":["Desporto","Futebol"],"inLanguage":"pt-PT"},{"@type":"WebPage","@id":"https:\/\/portaltela.pt\/noticias\/2026\/03\/06\/onuoha-e-gbomadu-ainda-sem-estreia-pelo-e-amadora\/","url":"https:\/\/portaltela.pt\/noticias\/2026\/03\/06\/onuoha-e-gbomadu-ainda-sem-estreia-pelo-e-amadora\/","name":"Onuoha e Gbomadu ainda sem estreia pelo E. Amadora - Portal Tela Portugal","isPartOf":{"@id":"https:\/\/portaltela.pt\/#website"},"primaryImageOfPage":{"@id":"https:\/\/portaltela.pt\/noticias\/2026\/03\/06\/onuoha-e-gbomadu-ainda-sem-estreia-pelo-e-amadora\/#primaryimage"},"image":{"@id":"https:\/\/portaltela.pt\/noticias\/2026\/03\/06\/onuoha-e-gbomadu-ainda-sem-estreia-pelo-e-amadora\/#primaryimage"},"thumbnailUrl":"https:\/\/portaltela.pt\/s.01k8rhncp4jt1\/2026\/03\/img_920x518uu2026-03-06-18-08-14-2425294-im-639084173241649633.jpg","datePublished":"2026-03-06T18:09:00+00:00","author":{"@id":"https:\/\/portaltela.pt\/#\/schema\/person\/c4278d4a6028830caff9ee44b42d32ed"},"breadcrumb":{"@id":"https:\/\/portaltela.pt\/noticias\/2026\/03\/06\/onuoha-e-gbomadu-ainda-sem-estreia-pelo-e-amadora\/#breadcrumb"},"inLanguage":"pt-PT","potentialAction":[{"@type":"ReadAction","target":["https:\/\/portaltela.pt\/noticias\/2026\/03\/06\/onuoha-e-gbomadu-ainda-sem-estreia-pelo-e-amadora\/"]}]},{"@type":"ImageObject","inLanguage":"pt-PT","@id":"https:\/\/portaltela.pt\/noticias\/2026\/03\/06\/onuoha-e-gbomadu-ainda-sem-estreia-pelo-e-amadora\/#primaryimage","url":"https:\/\/portaltela.pt\/s.01k8rhncp4jt1\/2026\/03\/img_920x518uu2026-03-06-18-08-14-2425294-im-639084173241649633.jpg","contentUrl":"https:\/\/portaltela.pt\/s.01k8rhncp4jt1\/2026\/03\/img_920x518uu2026-03-06-18-08-14-2425294-im-639084173241649633.jpg","width":796,"height":448,"caption":"Gbomadu (esquerda) e Onuoha (direita)"},{"@type":"BreadcrumbList","@id":"https:\/\/portaltela.pt\/noticias\/2026\/03\/06\/onuoha-e-gbomadu-ainda-sem-estreia-pelo-e-amadora\/#breadcrumb","itemListElement":[{"@type":"ListItem","position":1,"name":"In\u00edcio","item":"https:\/\/portaltela.pt\/"},{"@type":"ListItem","position":2,"name":"Onuoha e Gbomadu ainda sem estreia pelo E. Amadora"}]},{"@type":"WebSite","@id":"https:\/\/portaltela.pt\/#website","url":"https:\/\/portaltela.pt\/","name":"Portal Tela Portugal","description":"","potentialAction":[{"@type":"SearchAction","target":{"@type":"EntryPoint","urlTemplate":"https:\/\/portaltela.pt\/?s={search_term_string}"},"query-input":{"@type":"PropertyValueSpecification","valueRequired":true,"valueName":"search_term_string"}}],"inLanguage":"pt-PT"},{"@type":"Person","@id":"https:\/\/portaltela.pt\/#\/schema\/person\/c4278d4a6028830caff9ee44b42d32ed","name":"Telinha","image":{"@type":"ImageObject","inLanguage":"pt-PT","@id":"https:\/\/portaltela.pt\/s.01k8rhncp4jt1\/2025\/11\/talking-bot-125x125.png","url":"https:\/\/portaltela.pt\/s.01k8rhncp4jt1\/2025\/11\/talking-bot-125x125.png","contentUrl":"https:\/\/portaltela.pt\/s.01k8rhncp4jt1\/2025\/11\/talking-bot-125x125.png","caption":"Telinha"},"sameAs":["https:\/\/portaltela.pt\/"],"url":"https:\/\/portaltela.pt\/por\/367410592786\/"}]}},"_links":{"self":[{"href":"https:\/\/portaltela.pt\/api\/wp\/v2\/posts\/400623","targetHints":{"allow":["GET"]}}],"collection":[{"href":"https:\/\/portaltela.pt\/api\/wp\/v2\/posts"}],"about":[{"href":"https:\/\/portaltela.pt\/api\/wp\/v2\/types\/post"}],"author":[{"embeddable":true,"href":"https:\/\/portaltela.pt\/api\/wp\/v2\/users\/2"}],"replies":[{"embeddable":true,"href":"https:\/\/portaltela.pt\/api\/wp\/v2\/comments?post=400623"}],"version-history":[{"count":0,"href":"https:\/\/portaltela.pt\/api\/wp\/v2\/posts\/400623\/revisions"}],"wp:featuredmedia":[{"embeddable":true,"href":"https:\/\/portaltela.pt\/api\/wp\/v2\/media\/400631"}],"wp:attachment":[{"href":"https:\/\/portaltela.pt\/api\/wp\/v2\/media?parent=400623"}],"wp:term":[{"taxonomy":"category","embeddable":true,"href":"https:\/\/portaltela.pt\/api\/wp\/v2\/categories?post=400623"},{"taxonomy":"post_tag","embeddable":true,"href":"https:\/\/portaltela.pt\/api\/wp\/v2\/tags?post=400623"}],"curies":[{"name":"wp","href":"https:\/\/api.w.org\/{rel}","templated":true}]}}