{"id":400604,"date":"2026-03-06T15:01:57","date_gmt":"2026-03-06T18:01:57","guid":{"rendered":"https:\/\/portaltela.pt\/noticias\/2026\/03\/06\/el-salvador-vice-presidente-defende-repressao-em-massa-as-gangues\/"},"modified":"2026-03-06T15:01:57","modified_gmt":"2026-03-06T18:01:57","slug":"el-salvador-vice-presidente-defende-repressao-em-massa-as-gangues","status":"publish","type":"post","link":"https:\/\/portaltela.pt\/noticias\/internacional\/2026\/03\/06\/el-salvador-vice-presidente-defende-repressao-em-massa-as-gangues\/","title":{"rendered":"El Salvador: vice-presidente defende repress\u00e3o em massa \u00e0s gangues"},"content":{"rendered":"<p>El Salvador continua a defender a ofensiva contra as gangues, apresentada pelo governo como um marco de seguran\u00e7a. O vice-presidente F\u00e9lix Ulloa descreveu a estrat\u00e9gia como um \u201cmilagre de Bukele\u201d durante uma entrevista \u00e0 Euronews, em Bruxelas.<\/p>\n<p>A interven\u00e7\u00e3o, que ganhou forma sob Nayib Bukele, reduziu drasticamente a criminalidade no pa\u00eds. No entanto, cr\u00edticos alertam para sinais de autoritarismo e para poss\u00edveis viola\u00e7\u00f5es de direitos humanos.<\/p>\n<h3>Custo humano e institucional<\/h3>\n<p>El Salvador terminou 2024 com 114 homic\u00eddios, um m\u00ednimo hist\u00f3rico, face aos 6 656 de 2015. Em 2022 houve um dia com 62 mortes relacionadas com gangues, levando \u00e0 renova\u00e7\u00e3o do estado de exce\u00e7\u00e3o.<\/p>\n<p>Desde 2022, mais de 83 mil pessoas foram detidas no \u00e2mbito da ofensiva. Em 2023 abriu-se a megacadeia CECOT, s\u00edmbolo da transforma\u00e7\u00e3o, cuja lota\u00e7\u00e3o levou a imagens de celas superlotadas.<\/p>\n<h3>Contexto legal e controv\u00e9rsia<\/h3>\n<p>Defensores referem a restaura\u00e7\u00e3o da ordem como prioridade democr\u00e1tica, enquanto organiza\u00e7\u00f5es de direitos humanos denunciam deten\u00e7\u00f5es arbitr\u00e1rias e aplica\u00e7\u00e3o de penas sem provas.<\/p>\n<p>Bukele foi reeleito em 2024 com cerca de 85% dos votos, e tem sugerido a possibilidade de mandatos ilimitados ap\u00f3s altera\u00e7\u00f5es constitucionais. Ulula afirma que a democracia depende da sensa\u00e7\u00e3o de seguran\u00e7a das pessoas.<\/p>\n","protected":false},"excerpt":{"rendered":"<ul>\n<li>O vice-presidente de El Salvador, F\u00e9lix Ulloa, defendeu a ofensiva contra as gangues, descrevendo-a como o &#8220;milagre de Bukele&#8221; numa entrevista \u00e0 Euronews.<\/li>\n<li>El Salvador fechou 2024 com 114 homic\u00eddios, em compara\u00e7\u00e3o com 6 656 em 2015, registando uma queda acentuada na viol\u00eancia desde a implementa\u00e7\u00e3o do estado de exce\u00e7\u00e3o.<\/li>\n<li>O pa\u00eds manteve v\u00e1rias medidas de emerg\u00eancia desde 2022, ap\u00f3s uma vaga de viol\u00eancia que provocou forte repress\u00e3o \u00e0s gangues.<\/li>\n<li>Mais de 83 000 pessoas foram detidas desde 2022; a megacadeia Centro de Confinamiento del Terrorismo (CECOT) tornou-se s\u00edmbolo da transforma\u00e7\u00e3o, com imagens de celas lotadas a causar controv\u00e9rsia.<\/li>\n<li>Organiza\u00e7\u00f5es de direitos humanos questionam pris\u00f5es arbitr\u00e1rias e falta de devido processo; Ulloa afirma que a democracia depende das pessoas que se sentem seguras.<\/li>\n<\/ul>\n","protected":false},"author":2,"featured_media":400608,"comment_status":"closed","ping_status":"closed","sticky":false,"template":"","format":"standard","meta":{"footnotes":""},"categories":[4,1],"tags":[4139,2633,4343,4536,250,5854],"class_list":["post-400604","post","type-post","status-publish","format-standard","has-post-thumbnail","hentry","category-internacional","category-noticias","tag-detencao","tag-direitos-humanos","tag-prisoes","tag-seguranca","tag-seguranca-publica","tag-violacao-de-direitos-humanos"],"yoast_head":"<!-- This site is optimized with the Yoast SEO plugin v27.2 - https:\/\/yoast.com\/product\/yoast-seo-wordpress\/ -->\n<title>El Salvador: vice-presidente defende repress\u00e3o em massa \u00e0s gangues - Portal Tela Portugal<\/title>\n<meta name=\"robots\" content=\"index, follow, max-snippet:-1, max-image-preview:large, max-video-preview:-1\" \/>\n<meta property=\"og:locale\" content=\"pt_PT\" \/>\n<meta property=\"og:type\" content=\"article\" \/>\n<meta property=\"og:title\" content=\"El Salvador: vice-presidente defende repress\u00e3o em massa \u00e0s gangues - Portal Tela Portugal\" \/>\n<meta property=\"og:description\" content=\"O vice-presidente de El Salvador, F\u00e9lix Ulloa, defendeu a ofensiva contra as gangues, descrevendo-a como o &quot;milagre de Bukele&quot; numa entrevista \u00e0 Euronews. El Salvador fechou 2024 com 114 homic\u00eddios, em compara\u00e7\u00e3o com 6 656 em 2015, registando uma queda acentuada na viol\u00eancia desde a implementa\u00e7\u00e3o do estado de exce\u00e7\u00e3o. O pa\u00eds manteve v\u00e1rias medidas de emerg\u00eancia desde 2022, ap\u00f3s uma vaga de viol\u00eancia que provocou forte repress\u00e3o \u00e0s gangues. Mais de 83 000 pessoas foram detidas desde 2022; a megacadeia Centro de Confinamiento del Terrorismo (CECOT) tornou-se s\u00edmbolo da transforma\u00e7\u00e3o, com imagens de celas lotadas a causar controv\u00e9rsia. Organiza\u00e7\u00f5es de direitos humanos questionam pris\u00f5es arbitr\u00e1rias e falta de devido processo; Ulloa afirma que a democracia depende das pessoas que se sentem seguras.\" \/>\n<meta property=\"og:url\" content=\"https:\/\/portaltela.pt\/noticias\/2026\/03\/06\/el-salvador-vice-presidente-defende-repressao-em-massa-as-gangues\/\" \/>\n<meta property=\"og:site_name\" content=\"Portal Tela Portugal\" \/>\n<meta property=\"article:published_time\" content=\"2026-03-06T18:01:57+00:00\" \/>\n<meta name=\"author\" content=\"Telinha\" \/>\n<meta name=\"twitter:card\" content=\"summary_large_image\" \/>\n<meta name=\"twitter:label1\" content=\"Escrito por\" \/>\n\t<meta name=\"twitter:data1\" content=\"Telinha\" \/>\n\t<meta name=\"twitter:label2\" content=\"Tempo estimado de leitura\" \/>\n\t<meta name=\"twitter:data2\" content=\"1 minuto\" \/>\n<script type=\"application\/ld+json\" class=\"yoast-schema-graph\">{\"@context\":\"https:\/\/schema.org\",\"@graph\":[{\"@type\":\"Article\",\"@id\":\"https:\/\/portaltela.pt\/noticias\/2026\/03\/06\/el-salvador-vice-presidente-defende-repressao-em-massa-as-gangues\/#article\",\"isPartOf\":{\"@id\":\"https:\/\/portaltela.pt\/noticias\/2026\/03\/06\/el-salvador-vice-presidente-defende-repressao-em-massa-as-gangues\/\"},\"author\":{\"name\":\"Telinha\",\"@id\":\"https:\/\/portaltela.pt\/#\/schema\/person\/c4278d4a6028830caff9ee44b42d32ed\"},\"headline\":\"El Salvador: vice-presidente defende repress\u00e3o em massa \u00e0s gangues\",\"datePublished\":\"2026-03-06T18:01:57+00:00\",\"mainEntityOfPage\":{\"@id\":\"https:\/\/portaltela.pt\/noticias\/2026\/03\/06\/el-salvador-vice-presidente-defende-repressao-em-massa-as-gangues\/\"},\"wordCount\":218,\"image\":{\"@id\":\"https:\/\/portaltela.pt\/noticias\/2026\/03\/06\/el-salvador-vice-presidente-defende-repressao-em-massa-as-gangues\/#primaryimage\"},\"thumbnailUrl\":\"https:\/\/portaltela.pt\/s.01k8rhncp4jt1\/2026\/03\/1536x864_cmsv2_6663a368-18fe-5a0b-b28e-a0ae92f30a30-9661799.jpg\",\"keywords\":[\"deten\u00e7\u00e3o\",\"direitos humanos\",\"pris\u00f5es\",\"seguran\u00e7a\",\"seguran\u00e7a p\u00fablica\",\"viola\u00e7\u00e3o de direitos humanos\"],\"articleSection\":[\"Internacional\",\"Not\u00edcias\"],\"inLanguage\":\"pt-PT\"},{\"@type\":\"WebPage\",\"@id\":\"https:\/\/portaltela.pt\/noticias\/2026\/03\/06\/el-salvador-vice-presidente-defende-repressao-em-massa-as-gangues\/\",\"url\":\"https:\/\/portaltela.pt\/noticias\/2026\/03\/06\/el-salvador-vice-presidente-defende-repressao-em-massa-as-gangues\/\",\"name\":\"El Salvador: vice-presidente defende repress\u00e3o em massa \u00e0s gangues - Portal Tela Portugal\",\"isPartOf\":{\"@id\":\"https:\/\/portaltela.pt\/#website\"},\"primaryImageOfPage\":{\"@id\":\"https:\/\/portaltela.pt\/noticias\/2026\/03\/06\/el-salvador-vice-presidente-defende-repressao-em-massa-as-gangues\/#primaryimage\"},\"image\":{\"@id\":\"https:\/\/portaltela.pt\/noticias\/2026\/03\/06\/el-salvador-vice-presidente-defende-repressao-em-massa-as-gangues\/#primaryimage\"},\"thumbnailUrl\":\"https:\/\/portaltela.pt\/s.01k8rhncp4jt1\/2026\/03\/1536x864_cmsv2_6663a368-18fe-5a0b-b28e-a0ae92f30a30-9661799.jpg\",\"datePublished\":\"2026-03-06T18:01:57+00:00\",\"author\":{\"@id\":\"https:\/\/portaltela.pt\/#\/schema\/person\/c4278d4a6028830caff9ee44b42d32ed\"},\"breadcrumb\":{\"@id\":\"https:\/\/portaltela.pt\/noticias\/2026\/03\/06\/el-salvador-vice-presidente-defende-repressao-em-massa-as-gangues\/#breadcrumb\"},\"inLanguage\":\"pt-PT\",\"potentialAction\":[{\"@type\":\"ReadAction\",\"target\":[\"https:\/\/portaltela.pt\/noticias\/2026\/03\/06\/el-salvador-vice-presidente-defende-repressao-em-massa-as-gangues\/\"]}]},{\"@type\":\"ImageObject\",\"inLanguage\":\"pt-PT\",\"@id\":\"https:\/\/portaltela.pt\/noticias\/2026\/03\/06\/el-salvador-vice-presidente-defende-repressao-em-massa-as-gangues\/#primaryimage\",\"url\":\"https:\/\/portaltela.pt\/s.01k8rhncp4jt1\/2026\/03\/1536x864_cmsv2_6663a368-18fe-5a0b-b28e-a0ae92f30a30-9661799.jpg\",\"contentUrl\":\"https:\/\/portaltela.pt\/s.01k8rhncp4jt1\/2026\/03\/1536x864_cmsv2_6663a368-18fe-5a0b-b28e-a0ae92f30a30-9661799.jpg\",\"width\":796,\"height\":448,\"caption\":\"Euronews\"},{\"@type\":\"BreadcrumbList\",\"@id\":\"https:\/\/portaltela.pt\/noticias\/2026\/03\/06\/el-salvador-vice-presidente-defende-repressao-em-massa-as-gangues\/#breadcrumb\",\"itemListElement\":[{\"@type\":\"ListItem\",\"position\":1,\"name\":\"In\u00edcio\",\"item\":\"https:\/\/portaltela.pt\/\"},{\"@type\":\"ListItem\",\"position\":2,\"name\":\"El Salvador: vice-presidente defende repress\u00e3o em massa \u00e0s gangues\"}]},{\"@type\":\"WebSite\",\"@id\":\"https:\/\/portaltela.pt\/#website\",\"url\":\"https:\/\/portaltela.pt\/\",\"name\":\"Portal Tela Portugal\",\"description\":\"\",\"potentialAction\":[{\"@type\":\"SearchAction\",\"target\":{\"@type\":\"EntryPoint\",\"urlTemplate\":\"https:\/\/portaltela.pt\/?s={search_term_string}\"},\"query-input\":{\"@type\":\"PropertyValueSpecification\",\"valueRequired\":true,\"valueName\":\"search_term_string\"}}],\"inLanguage\":\"pt-PT\"},{\"@type\":\"Person\",\"@id\":\"https:\/\/portaltela.pt\/#\/schema\/person\/c4278d4a6028830caff9ee44b42d32ed\",\"name\":\"Telinha\",\"image\":{\"@type\":\"ImageObject\",\"inLanguage\":\"pt-PT\",\"@id\":\"https:\/\/portaltela.pt\/s.01k8rhncp4jt1\/2025\/11\/talking-bot-125x125.png\",\"url\":\"https:\/\/portaltela.pt\/s.01k8rhncp4jt1\/2025\/11\/talking-bot-125x125.png\",\"contentUrl\":\"https:\/\/portaltela.pt\/s.01k8rhncp4jt1\/2025\/11\/talking-bot-125x125.png\",\"caption\":\"Telinha\"},\"sameAs\":[\"https:\/\/portaltela.pt\/\"],\"url\":\"https:\/\/portaltela.pt\/por\/367410592786\/\"}]}<\/script>\n<!-- \/ Yoast SEO plugin. -->","yoast_head_json":{"title":"El Salvador: vice-presidente defende repress\u00e3o em massa \u00e0s gangues - Portal Tela Portugal","robots":{"index":"index","follow":"follow","max-snippet":"max-snippet:-1","max-image-preview":"max-image-preview:large","max-video-preview":"max-video-preview:-1"},"og_locale":"pt_PT","og_type":"article","og_title":"El Salvador: vice-presidente defende repress\u00e3o em massa \u00e0s gangues - Portal Tela Portugal","og_description":"O vice-presidente de El Salvador, F\u00e9lix Ulloa, defendeu a ofensiva contra as gangues, descrevendo-a como o \"milagre de Bukele\" numa entrevista \u00e0 Euronews. El Salvador fechou 2024 com 114 homic\u00eddios, em compara\u00e7\u00e3o com 6 656 em 2015, registando uma queda acentuada na viol\u00eancia desde a implementa\u00e7\u00e3o do estado de exce\u00e7\u00e3o. O pa\u00eds manteve v\u00e1rias medidas de emerg\u00eancia desde 2022, ap\u00f3s uma vaga de viol\u00eancia que provocou forte repress\u00e3o \u00e0s gangues. Mais de 83 000 pessoas foram detidas desde 2022; a megacadeia Centro de Confinamiento del Terrorismo (CECOT) tornou-se s\u00edmbolo da transforma\u00e7\u00e3o, com imagens de celas lotadas a causar controv\u00e9rsia. Organiza\u00e7\u00f5es de direitos humanos questionam pris\u00f5es arbitr\u00e1rias e falta de devido processo; Ulloa afirma que a democracia depende das pessoas que se sentem seguras.","og_url":"https:\/\/portaltela.pt\/noticias\/2026\/03\/06\/el-salvador-vice-presidente-defende-repressao-em-massa-as-gangues\/","og_site_name":"Portal Tela Portugal","article_published_time":"2026-03-06T18:01:57+00:00","author":"Telinha","twitter_card":"summary_large_image","twitter_misc":{"Escrito por":"Telinha","Tempo estimado de leitura":"1 minuto"},"schema":{"@context":"https:\/\/schema.org","@graph":[{"@type":"Article","@id":"https:\/\/portaltela.pt\/noticias\/2026\/03\/06\/el-salvador-vice-presidente-defende-repressao-em-massa-as-gangues\/#article","isPartOf":{"@id":"https:\/\/portaltela.pt\/noticias\/2026\/03\/06\/el-salvador-vice-presidente-defende-repressao-em-massa-as-gangues\/"},"author":{"name":"Telinha","@id":"https:\/\/portaltela.pt\/#\/schema\/person\/c4278d4a6028830caff9ee44b42d32ed"},"headline":"El Salvador: vice-presidente defende repress\u00e3o em massa \u00e0s gangues","datePublished":"2026-03-06T18:01:57+00:00","mainEntityOfPage":{"@id":"https:\/\/portaltela.pt\/noticias\/2026\/03\/06\/el-salvador-vice-presidente-defende-repressao-em-massa-as-gangues\/"},"wordCount":218,"image":{"@id":"https:\/\/portaltela.pt\/noticias\/2026\/03\/06\/el-salvador-vice-presidente-defende-repressao-em-massa-as-gangues\/#primaryimage"},"thumbnailUrl":"https:\/\/portaltela.pt\/s.01k8rhncp4jt1\/2026\/03\/1536x864_cmsv2_6663a368-18fe-5a0b-b28e-a0ae92f30a30-9661799.jpg","keywords":["deten\u00e7\u00e3o","direitos humanos","pris\u00f5es","seguran\u00e7a","seguran\u00e7a p\u00fablica","viola\u00e7\u00e3o de direitos humanos"],"articleSection":["Internacional","Not\u00edcias"],"inLanguage":"pt-PT"},{"@type":"WebPage","@id":"https:\/\/portaltela.pt\/noticias\/2026\/03\/06\/el-salvador-vice-presidente-defende-repressao-em-massa-as-gangues\/","url":"https:\/\/portaltela.pt\/noticias\/2026\/03\/06\/el-salvador-vice-presidente-defende-repressao-em-massa-as-gangues\/","name":"El Salvador: vice-presidente defende repress\u00e3o em massa \u00e0s gangues - Portal Tela Portugal","isPartOf":{"@id":"https:\/\/portaltela.pt\/#website"},"primaryImageOfPage":{"@id":"https:\/\/portaltela.pt\/noticias\/2026\/03\/06\/el-salvador-vice-presidente-defende-repressao-em-massa-as-gangues\/#primaryimage"},"image":{"@id":"https:\/\/portaltela.pt\/noticias\/2026\/03\/06\/el-salvador-vice-presidente-defende-repressao-em-massa-as-gangues\/#primaryimage"},"thumbnailUrl":"https:\/\/portaltela.pt\/s.01k8rhncp4jt1\/2026\/03\/1536x864_cmsv2_6663a368-18fe-5a0b-b28e-a0ae92f30a30-9661799.jpg","datePublished":"2026-03-06T18:01:57+00:00","author":{"@id":"https:\/\/portaltela.pt\/#\/schema\/person\/c4278d4a6028830caff9ee44b42d32ed"},"breadcrumb":{"@id":"https:\/\/portaltela.pt\/noticias\/2026\/03\/06\/el-salvador-vice-presidente-defende-repressao-em-massa-as-gangues\/#breadcrumb"},"inLanguage":"pt-PT","potentialAction":[{"@type":"ReadAction","target":["https:\/\/portaltela.pt\/noticias\/2026\/03\/06\/el-salvador-vice-presidente-defende-repressao-em-massa-as-gangues\/"]}]},{"@type":"ImageObject","inLanguage":"pt-PT","@id":"https:\/\/portaltela.pt\/noticias\/2026\/03\/06\/el-salvador-vice-presidente-defende-repressao-em-massa-as-gangues\/#primaryimage","url":"https:\/\/portaltela.pt\/s.01k8rhncp4jt1\/2026\/03\/1536x864_cmsv2_6663a368-18fe-5a0b-b28e-a0ae92f30a30-9661799.jpg","contentUrl":"https:\/\/portaltela.pt\/s.01k8rhncp4jt1\/2026\/03\/1536x864_cmsv2_6663a368-18fe-5a0b-b28e-a0ae92f30a30-9661799.jpg","width":796,"height":448,"caption":"Euronews"},{"@type":"BreadcrumbList","@id":"https:\/\/portaltela.pt\/noticias\/2026\/03\/06\/el-salvador-vice-presidente-defende-repressao-em-massa-as-gangues\/#breadcrumb","itemListElement":[{"@type":"ListItem","position":1,"name":"In\u00edcio","item":"https:\/\/portaltela.pt\/"},{"@type":"ListItem","position":2,"name":"El Salvador: vice-presidente defende repress\u00e3o em massa \u00e0s gangues"}]},{"@type":"WebSite","@id":"https:\/\/portaltela.pt\/#website","url":"https:\/\/portaltela.pt\/","name":"Portal Tela Portugal","description":"","potentialAction":[{"@type":"SearchAction","target":{"@type":"EntryPoint","urlTemplate":"https:\/\/portaltela.pt\/?s={search_term_string}"},"query-input":{"@type":"PropertyValueSpecification","valueRequired":true,"valueName":"search_term_string"}}],"inLanguage":"pt-PT"},{"@type":"Person","@id":"https:\/\/portaltela.pt\/#\/schema\/person\/c4278d4a6028830caff9ee44b42d32ed","name":"Telinha","image":{"@type":"ImageObject","inLanguage":"pt-PT","@id":"https:\/\/portaltela.pt\/s.01k8rhncp4jt1\/2025\/11\/talking-bot-125x125.png","url":"https:\/\/portaltela.pt\/s.01k8rhncp4jt1\/2025\/11\/talking-bot-125x125.png","contentUrl":"https:\/\/portaltela.pt\/s.01k8rhncp4jt1\/2025\/11\/talking-bot-125x125.png","caption":"Telinha"},"sameAs":["https:\/\/portaltela.pt\/"],"url":"https:\/\/portaltela.pt\/por\/367410592786\/"}]}},"_links":{"self":[{"href":"https:\/\/portaltela.pt\/api\/wp\/v2\/posts\/400604","targetHints":{"allow":["GET"]}}],"collection":[{"href":"https:\/\/portaltela.pt\/api\/wp\/v2\/posts"}],"about":[{"href":"https:\/\/portaltela.pt\/api\/wp\/v2\/types\/post"}],"author":[{"embeddable":true,"href":"https:\/\/portaltela.pt\/api\/wp\/v2\/users\/2"}],"replies":[{"embeddable":true,"href":"https:\/\/portaltela.pt\/api\/wp\/v2\/comments?post=400604"}],"version-history":[{"count":0,"href":"https:\/\/portaltela.pt\/api\/wp\/v2\/posts\/400604\/revisions"}],"wp:featuredmedia":[{"embeddable":true,"href":"https:\/\/portaltela.pt\/api\/wp\/v2\/media\/400608"}],"wp:attachment":[{"href":"https:\/\/portaltela.pt\/api\/wp\/v2\/media?parent=400604"}],"wp:term":[{"taxonomy":"category","embeddable":true,"href":"https:\/\/portaltela.pt\/api\/wp\/v2\/categories?post=400604"},{"taxonomy":"post_tag","embeddable":true,"href":"https:\/\/portaltela.pt\/api\/wp\/v2\/tags?post=400604"}],"curies":[{"name":"wp","href":"https:\/\/api.w.org\/{rel}","templated":true}]}}